{"id":21317,"date":"2025-05-26T18:31:06","date_gmt":"2025-05-26T18:31:06","guid":{"rendered":"https:\/\/www.africa-press.net\/guinee-equatoriale\/politique\/indicateurs-nationaux-vih-sida-2024-presentes-au-pm"},"modified":"2025-06-01T19:22:36","modified_gmt":"2025-06-01T19:22:36","slug":"indicateurs-nationaux-vih-sida-2024-presentes-au-pm","status":"publish","type":"post","link":"https:\/\/www.africa-press.net\/guinee-equatoriale\/toutes-les-actualites\/indicateurs-nationaux-vih-sida-2024-presentes-au-pm","title":{"rendered":"Indicateurs Nationaux VIH\/SIDA 2024 Pr\u00e9sent\u00e9s au PM"},"content":{"rendered":"<p><span style=\"color: #ff6600\"><strong>Africa-Press &#8211; Guinee Equatoriale. <\/strong><\/span>Le ministe\u0300re de la Sante\u0301 a pre\u0301sente\u0301 le re\u0301sume\u0301 des indicateurs nationaux du VIH\/SIDA pour l\u2019anne\u0301e 2024. Cette se\u0301ance de travail s\u2019est tenue ce lundi entre le Premier ministre Manuel Osa Nsue et les responsables du ministe\u0300re de la Sante\u0301 et du Bien-e\u0302tre social.<\/p>\n<p>Les donne\u0301es re\u0301ve\u0300lent la progression rapide de la maladie dans le pays, avec plus de 62 000 personnes vivant avec le VIH, dont pre\u0300s de mille enfants, 21 000 hommes et environ 35 000 femmes. A\u0300 cela s\u2019ajoute un taux e\u0301leve\u0301 de mortalite\u0301 dans les ho\u0302pitaux publics, avec plus de 2 500 de\u0301ce\u0300s par an, selon les responsables sanitaires. Ceux-ci ont souligne\u0301 l&rsquo;importance d&rsquo;investir dans les produits de sante\u0301 pour enrayer l&rsquo;e\u0301pide\u0301mie ge\u0301ne\u0301ralise\u0301e, avec une estimation des re\u0301actifs et me\u0301dicaments ne\u0301cessaires pour les populations cibles, selon les objectifs de couverture, afin de re\u0301duire les infections et les de\u0301ce\u0300s.<\/p>\n<p>Face a\u0300 cette situation alarmante de sante\u0301 publique, le responsable de la coordination administrative a ordonne\u0301 au ministe\u0300re de la Sante\u0301 d\u2019agir rapidement pour contrer ce fle\u0301au qui e\u0301loigne le pays de l\u2019objectif des \u00ab 95-95 \u00bb sur la cascade de traitement, et de l\u2019objectif de ze\u0301ro nouvelle infection par le VIH. Le ministe\u0300re devra adopter un plan d\u2019urgence inte\u0301grant des strate\u0301gies de pre\u0301vention et de sensibilisation de la population a\u0300 l\u2019importance du traitement et a\u0300 la lutte contre la stigmatisation lie\u0301e au VIH, a souligne\u0301 le Premier ministre. Ce plan devra renforcer les programmes e\u0301ducatifs et de sensibilisation dans les communaute\u0301s, les e\u0301coles et les zones strate\u0301giques, afin d&rsquo;accroi\u0302tre la conscience autour du VIH et de ses moyens de pre\u0301vention, ainsi que mettre en place des points de distribution de pre\u0301servatifs pour garantir leur acce\u0300s gratuit dans tout le pays.<\/p>\n<p>Le ministe\u0300re devra e\u0301galement renforcer le programme de suivi pour un de\u0301but rapide du traitement antire\u0301troviral de\u0300s le diagnostic pendant la grossesse, afin de re\u0301duire la charge virale et pre\u0301venir la transmission me\u0300re-enfant. Il devra aussi fournir des services de sante\u0301 incluant des tests re\u0301guliers du VIH, du conseil et le suivi de la sante\u0301 de la me\u0300re et de l\u2019enfant, et encourager les hommes a\u0300 se faire tester re\u0301gulie\u0300rement pour un traitement opportun.<\/p>\n<p>Sur la base de ces recommandations, le Premier ministre a convoque\u0301 une seconde re\u0301union pour le jeudi 29 mai, lors de laquelle le ministe\u0300re de la Sante\u0301 devra pre\u0301senter un plan d\u2019urgence visant a\u0300 observer rapidement des progre\u0300s concrets dans la lutte contre la propagation du VIH en Guine\u0301e e\u0301quatoriale.<\/p>\n<p><strong>Pour plus d&rsquo;informations et d&rsquo;analyses sur la <span style=\"color: #ff6600\">Guinee Equatoriale<\/span>, suivez <span style=\"color: #ff6600\">Africa-Press<\/span><\/strong><\/p>\n","protected":false},"excerpt":{"rendered":"<p>Africa-Press &#8211; Guinee Equatoriale. Le ministe\u0300re de la Sante\u0301 a pre\u0301sente\u0301 le re\u0301sume\u0301 des indicateurs nationaux du VIH\/SIDA pour l\u2019anne\u0301e 2024. Cette se\u0301ance de travail s\u2019est tenue ce lundi entre le Premier ministre Manuel Osa Nsue et les responsables du ministe\u0300re de la Sante\u0301 et du Bien-e\u0302tre social. Les donne\u0301es re\u0301ve\u0300lent la progression rapide de [&hellip;]<\/p>\n","protected":false},"author":82,"featured_media":21316,"comment_status":"open","ping_status":"closed","sticky":false,"template":"","format":"standard","meta":{"footnotes":""},"categories":[21,51,10],"tags":[50],"class_list":["post-21317","post","type-post","status-publish","format-standard","has-post-thumbnail","hentry","category-communaute","category-to-homepage","category-toutes-les-actualites","tag-guinee-equatoriale"],"yoast_head":"<!-- This site is optimized with the Yoast SEO Premium plugin v26.1 (Yoast SEO v27.0) - https:\/\/yoast.com\/product\/yoast-seo-premium-wordpress\/ -->\n<title>Indicateurs Nationaux VIH\/SIDA 2024 Pr\u00e9sent\u00e9s au PM - Guin\u00e9e \u00e9quatoriale<\/title>\n<meta name=\"description\" content=\"Le ministe\u0300re de la Sante\u0301 a pre\u0301sente\u0301 le re\u0301sume\u0301 des indicateurs nationaux du VIH\/SIDA pour l\u2019anne\u0301e 2024. Cette se\u0301a ...\" \/>\n<meta name=\"robots\" content=\"index, follow, max-snippet:-1, max-image-preview:large, max-video-preview:-1\" \/>\n<link rel=\"canonical\" href=\"https:\/\/www.africa-press.net\/guinee-equatoriale\/toutes-les-actualites\/indicateurs-nationaux-vih-sida-2024-presentes-au-pm\" \/>\n<meta property=\"og:locale\" content=\"fr_FR\" \/>\n<meta property=\"og:type\" content=\"article\" \/>\n<meta property=\"og:title\" content=\"Indicateurs Nationaux VIH\/SIDA 2024 Pr\u00e9sent\u00e9s au PM\" \/>\n<meta property=\"og:description\" content=\"Le ministe\u0300re de la Sante\u0301 a pre\u0301sente\u0301 le re\u0301sume\u0301 des indicateurs nationaux du VIH\/SIDA pour l\u2019anne\u0301e 2024. Cette se\u0301a ...\" \/>\n<meta property=\"og:url\" content=\"https:\/\/www.africa-press.net\/guinee-equatoriale\/toutes-les-actualites\/indicateurs-nationaux-vih-sida-2024-presentes-au-pm\" \/>\n<meta property=\"og:site_name\" content=\"Guin\u00e9e \u00e9quatoriale\" \/>\n<meta property=\"article:published_time\" content=\"2025-05-26T18:31:06+00:00\" \/>\n<meta property=\"article:modified_time\" content=\"2025-06-01T19:22:36+00:00\" \/>\n<meta property=\"og:image\" content=\"https:\/\/static.africa-press.net\/guinee-equatoriale\/sites\/53\/2025\/06\/sm_1748792906.37863.jpg\" \/>\n\t<meta property=\"og:image:width\" content=\"1200\" \/>\n\t<meta property=\"og:image:height\" content=\"675\" \/>\n\t<meta property=\"og:image:type\" content=\"image\/jpeg\" \/>\n<meta name=\"author\" content=\"cfeditorfr\" \/>\n<meta name=\"twitter:card\" content=\"summary_large_image\" \/>\n<meta name=\"twitter:label1\" content=\"\u00c9crit par\" \/>\n\t<meta name=\"twitter:data1\" content=\"cfeditorfr\" \/>\n\t<meta name=\"twitter:label2\" content=\"Dur\u00e9e de lecture estim\u00e9e\" \/>\n\t<meta name=\"twitter:data2\" content=\"3 minutes\" \/>\n<script type=\"application\/ld+json\" class=\"yoast-schema-graph\">{\"@context\":\"https:\/\/schema.org\",\"@graph\":[{\"@type\":\"Article\",\"@id\":\"https:\/\/www.africa-press.net\/guinee-equatoriale\/toutes-les-actualites\/indicateurs-nationaux-vih-sida-2024-presentes-au-pm#article\",\"isPartOf\":{\"@id\":\"https:\/\/www.africa-press.net\/guinee-equatoriale\/toutes-les-actualites\/indicateurs-nationaux-vih-sida-2024-presentes-au-pm\"},\"author\":{\"name\":\"cfeditorfr\",\"@id\":\"https:\/\/www.africa-press.net\/guinee-equatoriale\/#\/schema\/person\/2b1cf3cd81a31e3cd26889ca66d677f1\"},\"headline\":\"Indicateurs Nationaux VIH\/SIDA 2024 Pr\u00e9sent\u00e9s au PM\",\"datePublished\":\"2025-05-26T18:31:06+00:00\",\"dateModified\":\"2025-06-01T19:22:36+00:00\",\"mainEntityOfPage\":{\"@id\":\"https:\/\/www.africa-press.net\/guinee-equatoriale\/toutes-les-actualites\/indicateurs-nationaux-vih-sida-2024-presentes-au-pm\"},\"wordCount\":497,\"commentCount\":0,\"image\":{\"@id\":\"https:\/\/www.africa-press.net\/guinee-equatoriale\/toutes-les-actualites\/indicateurs-nationaux-vih-sida-2024-presentes-au-pm#primaryimage\"},\"thumbnailUrl\":\"https:\/\/static.africa-press.net\/guinee-equatoriale\/sites\/53\/2025\/06\/sm_1748792906.37863.jpg\",\"keywords\":[\"Guinee Equatoriale\"],\"articleSection\":[\"Communaut\u00e9\",\"to-homepage\",\"Toutes les actualit\u00e9s\"],\"inLanguage\":\"fr-FR\",\"potentialAction\":[{\"@type\":\"CommentAction\",\"name\":\"Comment\",\"target\":[\"https:\/\/www.africa-press.net\/guinee-equatoriale\/toutes-les-actualites\/indicateurs-nationaux-vih-sida-2024-presentes-au-pm#respond\"]}]},{\"@type\":\"WebPage\",\"@id\":\"https:\/\/www.africa-press.net\/guinee-equatoriale\/toutes-les-actualites\/indicateurs-nationaux-vih-sida-2024-presentes-au-pm\",\"url\":\"https:\/\/www.africa-press.net\/guinee-equatoriale\/toutes-les-actualites\/indicateurs-nationaux-vih-sida-2024-presentes-au-pm\",\"name\":\"Indicateurs Nationaux VIH\/SIDA 2024 Pr\u00e9sent\u00e9s au PM - Guin\u00e9e \u00e9quatoriale\",\"isPartOf\":{\"@id\":\"https:\/\/www.africa-press.net\/guinee-equatoriale\/#website\"},\"primaryImageOfPage\":{\"@id\":\"https:\/\/www.africa-press.net\/guinee-equatoriale\/toutes-les-actualites\/indicateurs-nationaux-vih-sida-2024-presentes-au-pm#primaryimage\"},\"image\":{\"@id\":\"https:\/\/www.africa-press.net\/guinee-equatoriale\/toutes-les-actualites\/indicateurs-nationaux-vih-sida-2024-presentes-au-pm#primaryimage\"},\"thumbnailUrl\":\"https:\/\/static.africa-press.net\/guinee-equatoriale\/sites\/53\/2025\/06\/sm_1748792906.37863.jpg\",\"datePublished\":\"2025-05-26T18:31:06+00:00\",\"dateModified\":\"2025-06-01T19:22:36+00:00\",\"author\":{\"@id\":\"https:\/\/www.africa-press.net\/guinee-equatoriale\/#\/schema\/person\/2b1cf3cd81a31e3cd26889ca66d677f1\"},\"description\":\"Le ministe\u0300re de la Sante\u0301 a pre\u0301sente\u0301 le re\u0301sume\u0301 des indicateurs nationaux du VIH\/SIDA pour l\u2019anne\u0301e 2024. Cette se\u0301a ...\",\"breadcrumb\":{\"@id\":\"https:\/\/www.africa-press.net\/guinee-equatoriale\/toutes-les-actualites\/indicateurs-nationaux-vih-sida-2024-presentes-au-pm#breadcrumb\"},\"inLanguage\":\"fr-FR\",\"potentialAction\":[{\"@type\":\"ReadAction\",\"target\":[\"https:\/\/www.africa-press.net\/guinee-equatoriale\/toutes-les-actualites\/indicateurs-nationaux-vih-sida-2024-presentes-au-pm\"]}]},{\"@type\":\"ImageObject\",\"inLanguage\":\"fr-FR\",\"@id\":\"https:\/\/www.africa-press.net\/guinee-equatoriale\/toutes-les-actualites\/indicateurs-nationaux-vih-sida-2024-presentes-au-pm#primaryimage\",\"url\":\"https:\/\/static.africa-press.net\/guinee-equatoriale\/sites\/53\/2025\/06\/sm_1748792906.37863.jpg\",\"contentUrl\":\"https:\/\/static.africa-press.net\/guinee-equatoriale\/sites\/53\/2025\/06\/sm_1748792906.37863.jpg\",\"width\":1200,\"height\":675,\"caption\":\"Indicateurs Nationaux VIH\/SIDA 2024 Pr\u00e9sent\u00e9s au PM\"},{\"@type\":\"BreadcrumbList\",\"@id\":\"https:\/\/www.africa-press.net\/guinee-equatoriale\/toutes-les-actualites\/indicateurs-nationaux-vih-sida-2024-presentes-au-pm#breadcrumb\",\"itemListElement\":[{\"@type\":\"ListItem\",\"position\":1,\"name\":\"Accueil\",\"item\":\"https:\/\/www.africa-press.net\/guinee-equatoriale\/\"},{\"@type\":\"ListItem\",\"position\":2,\"name\":\"Indicateurs Nationaux VIH\/SIDA 2024 Pr\u00e9sent\u00e9s au PM\"}]},{\"@type\":\"WebSite\",\"@id\":\"https:\/\/www.africa-press.net\/guinee-equatoriale\/#website\",\"url\":\"https:\/\/www.africa-press.net\/guinee-equatoriale\/\",\"name\":\"Guin\u00e9e \u00e9quatoriale\",\"description\":\"Just another Africa News Agency Sites site\",\"potentialAction\":[{\"@type\":\"SearchAction\",\"target\":{\"@type\":\"EntryPoint\",\"urlTemplate\":\"https:\/\/www.africa-press.net\/guinee-equatoriale\/?s={search_term_string}\"},\"query-input\":{\"@type\":\"PropertyValueSpecification\",\"valueRequired\":true,\"valueName\":\"search_term_string\"}}],\"inLanguage\":\"fr-FR\"},{\"@type\":\"Person\",\"@id\":\"https:\/\/www.africa-press.net\/guinee-equatoriale\/#\/schema\/person\/2b1cf3cd81a31e3cd26889ca66d677f1\",\"name\":\"cfeditorfr\"}]}<\/script>\n<!-- \/ Yoast SEO Premium plugin. -->","yoast_head_json":{"title":"Indicateurs Nationaux VIH\/SIDA 2024 Pr\u00e9sent\u00e9s au PM - Guin\u00e9e \u00e9quatoriale","description":"Le ministe\u0300re de la Sante\u0301 a pre\u0301sente\u0301 le re\u0301sume\u0301 des indicateurs nationaux du VIH\/SIDA pour l\u2019anne\u0301e 2024. Cette se\u0301a ...","robots":{"index":"index","follow":"follow","max-snippet":"max-snippet:-1","max-image-preview":"max-image-preview:large","max-video-preview":"max-video-preview:-1"},"canonical":"https:\/\/www.africa-press.net\/guinee-equatoriale\/toutes-les-actualites\/indicateurs-nationaux-vih-sida-2024-presentes-au-pm","og_locale":"fr_FR","og_type":"article","og_title":"Indicateurs Nationaux VIH\/SIDA 2024 Pr\u00e9sent\u00e9s au PM","og_description":"Le ministe\u0300re de la Sante\u0301 a pre\u0301sente\u0301 le re\u0301sume\u0301 des indicateurs nationaux du VIH\/SIDA pour l\u2019anne\u0301e 2024. Cette se\u0301a ...","og_url":"https:\/\/www.africa-press.net\/guinee-equatoriale\/toutes-les-actualites\/indicateurs-nationaux-vih-sida-2024-presentes-au-pm","og_site_name":"Guin\u00e9e \u00e9quatoriale","article_published_time":"2025-05-26T18:31:06+00:00","article_modified_time":"2025-06-01T19:22:36+00:00","og_image":[{"width":1200,"height":675,"url":"https:\/\/static.africa-press.net\/guinee-equatoriale\/sites\/53\/2025\/06\/sm_1748792906.37863.jpg","type":"image\/jpeg"}],"author":"cfeditorfr","twitter_card":"summary_large_image","twitter_misc":{"\u00c9crit par":"cfeditorfr","Dur\u00e9e de lecture estim\u00e9e":"3 minutes"},"schema":{"@context":"https:\/\/schema.org","@graph":[{"@type":"Article","@id":"https:\/\/www.africa-press.net\/guinee-equatoriale\/toutes-les-actualites\/indicateurs-nationaux-vih-sida-2024-presentes-au-pm#article","isPartOf":{"@id":"https:\/\/www.africa-press.net\/guinee-equatoriale\/toutes-les-actualites\/indicateurs-nationaux-vih-sida-2024-presentes-au-pm"},"author":{"name":"cfeditorfr","@id":"https:\/\/www.africa-press.net\/guinee-equatoriale\/#\/schema\/person\/2b1cf3cd81a31e3cd26889ca66d677f1"},"headline":"Indicateurs Nationaux VIH\/SIDA 2024 Pr\u00e9sent\u00e9s au PM","datePublished":"2025-05-26T18:31:06+00:00","dateModified":"2025-06-01T19:22:36+00:00","mainEntityOfPage":{"@id":"https:\/\/www.africa-press.net\/guinee-equatoriale\/toutes-les-actualites\/indicateurs-nationaux-vih-sida-2024-presentes-au-pm"},"wordCount":497,"commentCount":0,"image":{"@id":"https:\/\/www.africa-press.net\/guinee-equatoriale\/toutes-les-actualites\/indicateurs-nationaux-vih-sida-2024-presentes-au-pm#primaryimage"},"thumbnailUrl":"https:\/\/static.africa-press.net\/guinee-equatoriale\/sites\/53\/2025\/06\/sm_1748792906.37863.jpg","keywords":["Guinee Equatoriale"],"articleSection":["Communaut\u00e9","to-homepage","Toutes les actualit\u00e9s"],"inLanguage":"fr-FR","potentialAction":[{"@type":"CommentAction","name":"Comment","target":["https:\/\/www.africa-press.net\/guinee-equatoriale\/toutes-les-actualites\/indicateurs-nationaux-vih-sida-2024-presentes-au-pm#respond"]}]},{"@type":"WebPage","@id":"https:\/\/www.africa-press.net\/guinee-equatoriale\/toutes-les-actualites\/indicateurs-nationaux-vih-sida-2024-presentes-au-pm","url":"https:\/\/www.africa-press.net\/guinee-equatoriale\/toutes-les-actualites\/indicateurs-nationaux-vih-sida-2024-presentes-au-pm","name":"Indicateurs Nationaux VIH\/SIDA 2024 Pr\u00e9sent\u00e9s au PM - Guin\u00e9e \u00e9quatoriale","isPartOf":{"@id":"https:\/\/www.africa-press.net\/guinee-equatoriale\/#website"},"primaryImageOfPage":{"@id":"https:\/\/www.africa-press.net\/guinee-equatoriale\/toutes-les-actualites\/indicateurs-nationaux-vih-sida-2024-presentes-au-pm#primaryimage"},"image":{"@id":"https:\/\/www.africa-press.net\/guinee-equatoriale\/toutes-les-actualites\/indicateurs-nationaux-vih-sida-2024-presentes-au-pm#primaryimage"},"thumbnailUrl":"https:\/\/static.africa-press.net\/guinee-equatoriale\/sites\/53\/2025\/06\/sm_1748792906.37863.jpg","datePublished":"2025-05-26T18:31:06+00:00","dateModified":"2025-06-01T19:22:36+00:00","author":{"@id":"https:\/\/www.africa-press.net\/guinee-equatoriale\/#\/schema\/person\/2b1cf3cd81a31e3cd26889ca66d677f1"},"description":"Le ministe\u0300re de la Sante\u0301 a pre\u0301sente\u0301 le re\u0301sume\u0301 des indicateurs nationaux du VIH\/SIDA pour l\u2019anne\u0301e 2024. Cette se\u0301a ...","breadcrumb":{"@id":"https:\/\/www.africa-press.net\/guinee-equatoriale\/toutes-les-actualites\/indicateurs-nationaux-vih-sida-2024-presentes-au-pm#breadcrumb"},"inLanguage":"fr-FR","potentialAction":[{"@type":"ReadAction","target":["https:\/\/www.africa-press.net\/guinee-equatoriale\/toutes-les-actualites\/indicateurs-nationaux-vih-sida-2024-presentes-au-pm"]}]},{"@type":"ImageObject","inLanguage":"fr-FR","@id":"https:\/\/www.africa-press.net\/guinee-equatoriale\/toutes-les-actualites\/indicateurs-nationaux-vih-sida-2024-presentes-au-pm#primaryimage","url":"https:\/\/static.africa-press.net\/guinee-equatoriale\/sites\/53\/2025\/06\/sm_1748792906.37863.jpg","contentUrl":"https:\/\/static.africa-press.net\/guinee-equatoriale\/sites\/53\/2025\/06\/sm_1748792906.37863.jpg","width":1200,"height":675,"caption":"Indicateurs Nationaux VIH\/SIDA 2024 Pr\u00e9sent\u00e9s au PM"},{"@type":"BreadcrumbList","@id":"https:\/\/www.africa-press.net\/guinee-equatoriale\/toutes-les-actualites\/indicateurs-nationaux-vih-sida-2024-presentes-au-pm#breadcrumb","itemListElement":[{"@type":"ListItem","position":1,"name":"Accueil","item":"https:\/\/www.africa-press.net\/guinee-equatoriale\/"},{"@type":"ListItem","position":2,"name":"Indicateurs Nationaux VIH\/SIDA 2024 Pr\u00e9sent\u00e9s au PM"}]},{"@type":"WebSite","@id":"https:\/\/www.africa-press.net\/guinee-equatoriale\/#website","url":"https:\/\/www.africa-press.net\/guinee-equatoriale\/","name":"Guin\u00e9e \u00e9quatoriale","description":"Just another Africa News Agency Sites site","potentialAction":[{"@type":"SearchAction","target":{"@type":"EntryPoint","urlTemplate":"https:\/\/www.africa-press.net\/guinee-equatoriale\/?s={search_term_string}"},"query-input":{"@type":"PropertyValueSpecification","valueRequired":true,"valueName":"search_term_string"}}],"inLanguage":"fr-FR"},{"@type":"Person","@id":"https:\/\/www.africa-press.net\/guinee-equatoriale\/#\/schema\/person\/2b1cf3cd81a31e3cd26889ca66d677f1","name":"cfeditorfr"}]}},"_links":{"self":[{"href":"https:\/\/www.africa-press.net\/guinee-equatoriale\/wp-json\/wp\/v2\/posts\/21317","targetHints":{"allow":["GET"]}}],"collection":[{"href":"https:\/\/www.africa-press.net\/guinee-equatoriale\/wp-json\/wp\/v2\/posts"}],"about":[{"href":"https:\/\/www.africa-press.net\/guinee-equatoriale\/wp-json\/wp\/v2\/types\/post"}],"author":[{"embeddable":true,"href":"https:\/\/www.africa-press.net\/guinee-equatoriale\/wp-json\/wp\/v2\/users\/82"}],"replies":[{"embeddable":true,"href":"https:\/\/www.africa-press.net\/guinee-equatoriale\/wp-json\/wp\/v2\/comments?post=21317"}],"version-history":[{"count":0,"href":"https:\/\/www.africa-press.net\/guinee-equatoriale\/wp-json\/wp\/v2\/posts\/21317\/revisions"}],"wp:featuredmedia":[{"embeddable":true,"href":"https:\/\/www.africa-press.net\/guinee-equatoriale\/wp-json\/wp\/v2\/media\/21316"}],"wp:attachment":[{"href":"https:\/\/www.africa-press.net\/guinee-equatoriale\/wp-json\/wp\/v2\/media?parent=21317"}],"wp:term":[{"taxonomy":"category","embeddable":true,"href":"https:\/\/www.africa-press.net\/guinee-equatoriale\/wp-json\/wp\/v2\/categories?post=21317"},{"taxonomy":"post_tag","embeddable":true,"href":"https:\/\/www.africa-press.net\/guinee-equatoriale\/wp-json\/wp\/v2\/tags?post=21317"}],"curies":[{"name":"wp","href":"https:\/\/api.w.org\/{rel}","templated":true}]}}