{"id":1085,"date":"2021-07-23T11:31:55","date_gmt":"2021-07-23T11:31:55","guid":{"rendered":"https:\/\/www.africa-press.net\/madagascar\/?p=1085"},"modified":"2021-07-23T11:28:30","modified_gmt":"2021-07-23T11:28:30","slug":"programme-du-week-end-festivite-et-poesie-animent-la-capitale","status":"publish","type":"post","link":"https:\/\/www.africa-press.net\/madagascar\/culture-et-art\/programme-du-week-end-festivite-et-poesie-animent-la-capitale","title":{"rendered":"Programme du week-end \u2013 Festivit\u00e9 et po\u00e9sie animent la capitale"},"content":{"rendered":"<p><span style=\"color: #ff6600\"><strong><a href=\"https:\/\/www.africa-press.net\/\">Africa-Press<\/a> &#8211; <a href=\"https:\/\/www.africa-press.net\/madagascar\">Madagascar<\/a>. <\/strong><\/span>Apr\u00e8s une semaine charg\u00e9e, une \u00e9vasion musicale et artistique du<br \/>\nweek-end s\u2019annonce festive.<\/p>\n<p>Le week-end promet de belles retrouvailles et de r\u00e9jouissances. Des<br \/>\nenvol\u00e9es musicales de divers groupes, un rendez-vous avec un crooner. De<br \/>\nm\u00eame, l\u2019illustre chor\u00e9graphe et danseur contemporain Ariry<br \/>\nAndriamoratsiresy convie le public \u00e0 assister \u00e0 cette journ\u00e9e qui lui<br \/>\nest d\u00e9di\u00e9e \u00e0 l\u2019Institut fran\u00e7ais de Madagascar. Entre louanges, joie et<br \/>\nall\u00e9gresse, Iarivo art &amp; Music l\u2019Academy c\u00e9l\u00e9bre son anniversaire.<\/p>\n<p><b>Retrouvailles avec Rija Ramanantoanina<br \/>\n<\/b><br \/>\nFid\u00e8le \u00e0 lui-m\u00eame, accompagn\u00e9 de ses pairs, ces talentueux musiciens qui<br \/>\nont toujours su sublimer de leurs m\u00e9lodies sa voix de velours. Rija<br \/>\nRamanan\u00adtoanina renouera avec la sc\u00e8ne, ce soir \u00e0 partir de 19h30 au<br \/>\nPiment Caf\u00e9. Rejouant ce r\u00e9pertoire qui a forg\u00e9 sa notori\u00e9t\u00e9 et avec<br \/>\nlequel il ne cesse d\u2019envo\u00fbter depuis plus de trente ans de carri\u00e8re,<br \/>\nl\u2019infatigable crooner promet une soir\u00e9e teint\u00e9e de romantisme ce soir.<br \/>\nIl aura entre autres comme invit\u00e9s, Rivokely, Nali Rabarison, Datita<br \/>\nRabeson et Eric Rakotoary.<\/p>\n<p><b>Les m\u00e9lodies du terroir avec Masabao<br \/>\n<\/b><br \/>\nToujours dans les retrouvailles, le retour au-devant de la sc\u00e8ne de cet<br \/>\nincontournable groupe originaire de la r\u00e9gion Androy qu\u2019est Masabao<br \/>\ninsufflera aussi un vent de festivit\u00e9 dans la capitale ce soir. \u00c0 partir<br \/>\nde 19h, c\u2019est \u00e0 la Teinturerie Ampasanimalo que le groupe fond\u00e9 par<br \/>\nManambilo Zanantsoa nous embarquera \u00e0 nouveau pour une \u00e9pop\u00e9e musicale<br \/>\nexclusive de sa part. Mettant \u00e0 l\u2019honneur ce genre sp\u00e9cifique au Sud de<br \/>\nla Grande \u00eele qu\u2019est le \u00ab Taroba Beko \u00bb, une des cultures<br \/>\ntraditionnelles de la r\u00e9gion Androy \u00e9galement. Masabao se produira ce<br \/>\nsoir en affichant sa ma\u00eetrise de ces instruments qui retranscrivent le<br \/>\nfolklore du pays, tels que le Mandolina, Lokanga, Langoro, Kantsa et la<br \/>\nGuitare.<\/p>\n<p><b>Ariry Andriamoratsiresy dans tous ses \u00e9tats<br \/>\n<\/b><br \/>\nChose promise, chose due. Si le 22 mai, l\u2019Institut fran\u00e7ais de<br \/>\nMadagascar (IFM) nous a d\u00e9j\u00e0 propos\u00e9 d\u2019entrevoir via facebook les<br \/>\npr\u00e9mices de toute une journ\u00e9e consacr\u00e9e \u00e0 cet artiste hors pair qu\u2019est<br \/>\nAriry Andriamoratsiresy, d\u00e9sormais nous aurons le plaisir de l\u2019appr\u00e9cier<br \/>\nen direct sur place. \u00ab Un jour, un artiste \u00bb, c\u2019est dans le cadre de ce<br \/>\nprojet, que l\u2019illustre chor\u00e9graphe et danseur contemporain nous ouvre<br \/>\nles portes de son univers cr\u00e9atif demain \u00e0 partir de 14h \u00e0 l\u2019IFM<br \/>\nAnalakely. Accompagn\u00e9 de ses proches col laborateurs, qui se sont donc<br \/>\nd\u00e9j\u00e0 pr\u00eat\u00e9s au jeu des tournages \u00e0 huis clos au mois de mai, Ariry et<br \/>\nses pairs pr\u00e9senteront enfin au public la version int\u00e9grale de cet<br \/>\n\u00e9v\u00e9nement. Une programmation minutieuse \u00e0 l\u2019image du danseur et<br \/>\nchor\u00e9graphe promet de nous \u00e9merveiller, entre slam, th\u00e9\u00e2tre et de la<br \/>\ndanse \u00e9videmment.<\/p>\n<p><b>Iarivo Art &amp; Music Academy souffle sa premi\u00e8re bougie<br \/>\n<\/b><br \/>\nDemain matin \u00e0 partir de 10h au sein du TCC Analakely, au deuxi\u00e8me \u00e9tage<br \/>\nde l\u2019immeuble Shoprite o\u00f9 se trouvent les locaux d\u2019Iarivo Art &amp; Music<br \/>\nAcademy. Fond\u00e9 par le pianiste \u00e9m\u00e9rite Njakanirina Rakotonirainy, r\u00e9put\u00e9<br \/>\ndans le milieu du jazz et de la musique classique. Il a \u00e9t\u00e9 maintes fois<br \/>\nl\u2019une des t\u00eates d\u2019affiche du festival Madajazzcar, \u00e0 son image cette<br \/>\n\u00e9cole d\u2019art et de musique a \u00e9galement su assouvir sa r\u00e9putation.<br \/>\nComptant parmi les \u00e9coles phares dans le milieu, elle fut cr\u00e9\u00e9e tant<br \/>\nbien que mal au c\u0153ur m\u00eame du confinement et de la pand\u00e9mie l\u2019ann\u00e9e<br \/>\npass\u00e9e. Fruit d\u2019un dur labeur et repr\u00e9sentatif d\u2019un success story rempli<br \/>\nde fiert\u00e9 de la part de Njakanirina Rakotonirainy, ainsi que de ses<br \/>\nnombreux \u00e9l\u00e8ves donc, Iarivo Art &amp; Music Academy convie \u00e0 un culte de<br \/>\nlouange des plus m\u00e9lodieux de sa part demain matin.<\/p>\n","protected":false},"excerpt":{"rendered":"<p>Africa-Press &#8211; Madagascar. Apr\u00e8s une semaine charg\u00e9e, une \u00e9vasion musicale et artistique du week-end s\u2019annonce festive. Le week-end promet de belles retrouvailles et de r\u00e9jouissances. Des envol\u00e9es musicales de divers groupes, un rendez-vous avec un crooner. De m\u00eame, l\u2019illustre chor\u00e9graphe et danseur contemporain Ariry Andriamoratsiresy convie le public \u00e0 assister \u00e0 cette journ\u00e9e qui lui [&hellip;]<\/p>\n","protected":false},"author":82,"featured_media":1084,"comment_status":"open","ping_status":"closed","sticky":false,"template":"","format":"standard","meta":{"footnotes":""},"categories":[5,11,10],"tags":[36,50,181,180,49,178,179],"class_list":["post-1085","post","type-post","status-publish","format-standard","has-post-thumbnail","hentry","category-culture-et-art","category-homepage-french","category-toutes-les-actualites","tag-africa-press","tag-africa-press-madagascar","tag-festivite","tag-la-capitale","tag-madagascar","tag-masabao","tag-rija-ramanantoanina"],"yoast_head":"<!-- This site is optimized with the Yoast SEO Premium plugin v26.1 (Yoast SEO v27.0) - https:\/\/yoast.com\/product\/yoast-seo-premium-wordpress\/ -->\n<title>Programme du week-end \u2013 Festivit\u00e9 et po\u00e9sie animent la capitale - Madagascar<\/title>\n<meta name=\"description\" content=\"Apr\u00e8s une semaine charg\u00e9e, une \u00e9vasion musicale et artistique duweek-end s\u2019annonce festive. Le week-end promet de bell ...\" \/>\n<meta name=\"robots\" content=\"index, follow, max-snippet:-1, max-image-preview:large, max-video-preview:-1\" \/>\n<link rel=\"canonical\" href=\"https:\/\/www.africa-press.net\/madagascar\/culture-et-art\/programme-du-week-end-festivite-et-poesie-animent-la-capitale\" \/>\n<meta property=\"og:locale\" content=\"fr_FR\" \/>\n<meta property=\"og:type\" content=\"article\" \/>\n<meta property=\"og:title\" content=\"Programme du week-end \u2013 Festivit\u00e9 et po\u00e9sie animent la capitale\" \/>\n<meta property=\"og:description\" content=\"Apr\u00e8s une semaine charg\u00e9e, une \u00e9vasion musicale et artistique duweek-end s\u2019annonce festive. Le week-end promet de bell ...\" \/>\n<meta property=\"og:url\" content=\"https:\/\/www.africa-press.net\/madagascar\/culture-et-art\/programme-du-week-end-festivite-et-poesie-animent-la-capitale\" \/>\n<meta property=\"og:site_name\" content=\"Madagascar\" \/>\n<meta property=\"article:published_time\" content=\"2021-07-23T11:31:55+00:00\" \/>\n<meta property=\"og:image\" content=\"https:\/\/static.africa-press.net\/centrafricaine\/sites\/56\/2021\/07\/img-60faa7aa9b1e0.jpg\" \/>\n\t<meta property=\"og:image:width\" content=\"990\" \/>\n\t<meta property=\"og:image:height\" content=\"556\" \/>\n\t<meta property=\"og:image:type\" content=\"image\/jpeg\" \/>\n<meta name=\"author\" content=\"cfeditorfr\" \/>\n<meta name=\"twitter:card\" content=\"summary_large_image\" \/>\n<meta name=\"twitter:label1\" content=\"\u00c9crit par\" \/>\n\t<meta name=\"twitter:data1\" content=\"cfeditorfr\" \/>\n\t<meta name=\"twitter:label2\" content=\"Dur\u00e9e de lecture estim\u00e9e\" \/>\n\t<meta name=\"twitter:data2\" content=\"3 minutes\" \/>\n<script type=\"application\/ld+json\" class=\"yoast-schema-graph\">{\"@context\":\"https:\/\/schema.org\",\"@graph\":[{\"@type\":\"Article\",\"@id\":\"https:\/\/www.africa-press.net\/madagascar\/culture-et-art\/programme-du-week-end-festivite-et-poesie-animent-la-capitale#article\",\"isPartOf\":{\"@id\":\"https:\/\/www.africa-press.net\/madagascar\/culture-et-art\/programme-du-week-end-festivite-et-poesie-animent-la-capitale\"},\"author\":{\"name\":\"cfeditorfr\",\"@id\":\"https:\/\/www.africa-press.net\/madagascar\/#\/schema\/person\/2b1cf3cd81a31e3cd26889ca66d677f1\"},\"headline\":\"Programme du week-end \u2013 Festivit\u00e9 et po\u00e9sie animent la capitale\",\"datePublished\":\"2021-07-23T11:31:55+00:00\",\"mainEntityOfPage\":{\"@id\":\"https:\/\/www.africa-press.net\/madagascar\/culture-et-art\/programme-du-week-end-festivite-et-poesie-animent-la-capitale\"},\"wordCount\":657,\"commentCount\":0,\"image\":{\"@id\":\"https:\/\/www.africa-press.net\/madagascar\/culture-et-art\/programme-du-week-end-festivite-et-poesie-animent-la-capitale#primaryimage\"},\"thumbnailUrl\":\"https:\/\/static.africa-press.net\/centrafricaine\/sites\/56\/2021\/07\/img-60faa7aa9b1e0.jpg\",\"keywords\":[\"Africa Press\",\"Africa Press-Madagascar\",\"Festivit\u00e9\",\"la capitale\",\"Madagascar\",\"Masabao\",\"Rija Ramanantoanina\"],\"articleSection\":[\"Culture et Art\",\"homepage-french\",\"Toutes les actualit\u00e9s\"],\"inLanguage\":\"fr-FR\",\"potentialAction\":[{\"@type\":\"CommentAction\",\"name\":\"Comment\",\"target\":[\"https:\/\/www.africa-press.net\/madagascar\/culture-et-art\/programme-du-week-end-festivite-et-poesie-animent-la-capitale#respond\"]}]},{\"@type\":\"WebPage\",\"@id\":\"https:\/\/www.africa-press.net\/madagascar\/culture-et-art\/programme-du-week-end-festivite-et-poesie-animent-la-capitale\",\"url\":\"https:\/\/www.africa-press.net\/madagascar\/culture-et-art\/programme-du-week-end-festivite-et-poesie-animent-la-capitale\",\"name\":\"Programme du week-end \u2013 Festivit\u00e9 et po\u00e9sie animent la capitale - Madagascar\",\"isPartOf\":{\"@id\":\"https:\/\/www.africa-press.net\/madagascar\/#website\"},\"primaryImageOfPage\":{\"@id\":\"https:\/\/www.africa-press.net\/madagascar\/culture-et-art\/programme-du-week-end-festivite-et-poesie-animent-la-capitale#primaryimage\"},\"image\":{\"@id\":\"https:\/\/www.africa-press.net\/madagascar\/culture-et-art\/programme-du-week-end-festivite-et-poesie-animent-la-capitale#primaryimage\"},\"thumbnailUrl\":\"https:\/\/static.africa-press.net\/centrafricaine\/sites\/56\/2021\/07\/img-60faa7aa9b1e0.jpg\",\"datePublished\":\"2021-07-23T11:31:55+00:00\",\"author\":{\"@id\":\"https:\/\/www.africa-press.net\/madagascar\/#\/schema\/person\/2b1cf3cd81a31e3cd26889ca66d677f1\"},\"description\":\"Apr\u00e8s une semaine charg\u00e9e, une \u00e9vasion musicale et artistique duweek-end s\u2019annonce festive. Le week-end promet de bell ...\",\"breadcrumb\":{\"@id\":\"https:\/\/www.africa-press.net\/madagascar\/culture-et-art\/programme-du-week-end-festivite-et-poesie-animent-la-capitale#breadcrumb\"},\"inLanguage\":\"fr-FR\",\"potentialAction\":[{\"@type\":\"ReadAction\",\"target\":[\"https:\/\/www.africa-press.net\/madagascar\/culture-et-art\/programme-du-week-end-festivite-et-poesie-animent-la-capitale\"]}]},{\"@type\":\"ImageObject\",\"inLanguage\":\"fr-FR\",\"@id\":\"https:\/\/www.africa-press.net\/madagascar\/culture-et-art\/programme-du-week-end-festivite-et-poesie-animent-la-capitale#primaryimage\",\"url\":\"https:\/\/static.africa-press.net\/centrafricaine\/sites\/56\/2021\/07\/img-60faa7aa9b1e0.jpg\",\"contentUrl\":\"https:\/\/static.africa-press.net\/centrafricaine\/sites\/56\/2021\/07\/img-60faa7aa9b1e0.jpg\",\"width\":990,\"height\":556,\"caption\":\"Programme du week-end \u2013 Festivit\u00e9 et po\u00e9sie animent la capitale\"},{\"@type\":\"BreadcrumbList\",\"@id\":\"https:\/\/www.africa-press.net\/madagascar\/culture-et-art\/programme-du-week-end-festivite-et-poesie-animent-la-capitale#breadcrumb\",\"itemListElement\":[{\"@type\":\"ListItem\",\"position\":1,\"name\":\"Accueil\",\"item\":\"https:\/\/www.africa-press.net\/madagascar\/\"},{\"@type\":\"ListItem\",\"position\":2,\"name\":\"Programme du week-end \u2013 Festivit\u00e9 et po\u00e9sie animent la capitale\"}]},{\"@type\":\"WebSite\",\"@id\":\"https:\/\/www.africa-press.net\/madagascar\/#website\",\"url\":\"https:\/\/www.africa-press.net\/madagascar\/\",\"name\":\"Madagascar\",\"description\":\"Just another Africa News Agency Sites site\",\"potentialAction\":[{\"@type\":\"SearchAction\",\"target\":{\"@type\":\"EntryPoint\",\"urlTemplate\":\"https:\/\/www.africa-press.net\/madagascar\/?s={search_term_string}\"},\"query-input\":{\"@type\":\"PropertyValueSpecification\",\"valueRequired\":true,\"valueName\":\"search_term_string\"}}],\"inLanguage\":\"fr-FR\"},{\"@type\":\"Person\",\"@id\":\"https:\/\/www.africa-press.net\/madagascar\/#\/schema\/person\/2b1cf3cd81a31e3cd26889ca66d677f1\",\"name\":\"cfeditorfr\"}]}<\/script>\n<!-- \/ Yoast SEO Premium plugin. -->","yoast_head_json":{"title":"Programme du week-end \u2013 Festivit\u00e9 et po\u00e9sie animent la capitale - Madagascar","description":"Apr\u00e8s une semaine charg\u00e9e, une \u00e9vasion musicale et artistique duweek-end s\u2019annonce festive. Le week-end promet de bell ...","robots":{"index":"index","follow":"follow","max-snippet":"max-snippet:-1","max-image-preview":"max-image-preview:large","max-video-preview":"max-video-preview:-1"},"canonical":"https:\/\/www.africa-press.net\/madagascar\/culture-et-art\/programme-du-week-end-festivite-et-poesie-animent-la-capitale","og_locale":"fr_FR","og_type":"article","og_title":"Programme du week-end \u2013 Festivit\u00e9 et po\u00e9sie animent la capitale","og_description":"Apr\u00e8s une semaine charg\u00e9e, une \u00e9vasion musicale et artistique duweek-end s\u2019annonce festive. Le week-end promet de bell ...","og_url":"https:\/\/www.africa-press.net\/madagascar\/culture-et-art\/programme-du-week-end-festivite-et-poesie-animent-la-capitale","og_site_name":"Madagascar","article_published_time":"2021-07-23T11:31:55+00:00","og_image":[{"width":990,"height":556,"url":"https:\/\/static.africa-press.net\/centrafricaine\/sites\/56\/2021\/07\/img-60faa7aa9b1e0.jpg","type":"image\/jpeg"}],"author":"cfeditorfr","twitter_card":"summary_large_image","twitter_misc":{"\u00c9crit par":"cfeditorfr","Dur\u00e9e de lecture estim\u00e9e":"3 minutes"},"schema":{"@context":"https:\/\/schema.org","@graph":[{"@type":"Article","@id":"https:\/\/www.africa-press.net\/madagascar\/culture-et-art\/programme-du-week-end-festivite-et-poesie-animent-la-capitale#article","isPartOf":{"@id":"https:\/\/www.africa-press.net\/madagascar\/culture-et-art\/programme-du-week-end-festivite-et-poesie-animent-la-capitale"},"author":{"name":"cfeditorfr","@id":"https:\/\/www.africa-press.net\/madagascar\/#\/schema\/person\/2b1cf3cd81a31e3cd26889ca66d677f1"},"headline":"Programme du week-end \u2013 Festivit\u00e9 et po\u00e9sie animent la capitale","datePublished":"2021-07-23T11:31:55+00:00","mainEntityOfPage":{"@id":"https:\/\/www.africa-press.net\/madagascar\/culture-et-art\/programme-du-week-end-festivite-et-poesie-animent-la-capitale"},"wordCount":657,"commentCount":0,"image":{"@id":"https:\/\/www.africa-press.net\/madagascar\/culture-et-art\/programme-du-week-end-festivite-et-poesie-animent-la-capitale#primaryimage"},"thumbnailUrl":"https:\/\/static.africa-press.net\/centrafricaine\/sites\/56\/2021\/07\/img-60faa7aa9b1e0.jpg","keywords":["Africa Press","Africa Press-Madagascar","Festivit\u00e9","la capitale","Madagascar","Masabao","Rija Ramanantoanina"],"articleSection":["Culture et Art","homepage-french","Toutes les actualit\u00e9s"],"inLanguage":"fr-FR","potentialAction":[{"@type":"CommentAction","name":"Comment","target":["https:\/\/www.africa-press.net\/madagascar\/culture-et-art\/programme-du-week-end-festivite-et-poesie-animent-la-capitale#respond"]}]},{"@type":"WebPage","@id":"https:\/\/www.africa-press.net\/madagascar\/culture-et-art\/programme-du-week-end-festivite-et-poesie-animent-la-capitale","url":"https:\/\/www.africa-press.net\/madagascar\/culture-et-art\/programme-du-week-end-festivite-et-poesie-animent-la-capitale","name":"Programme du week-end \u2013 Festivit\u00e9 et po\u00e9sie animent la capitale - Madagascar","isPartOf":{"@id":"https:\/\/www.africa-press.net\/madagascar\/#website"},"primaryImageOfPage":{"@id":"https:\/\/www.africa-press.net\/madagascar\/culture-et-art\/programme-du-week-end-festivite-et-poesie-animent-la-capitale#primaryimage"},"image":{"@id":"https:\/\/www.africa-press.net\/madagascar\/culture-et-art\/programme-du-week-end-festivite-et-poesie-animent-la-capitale#primaryimage"},"thumbnailUrl":"https:\/\/static.africa-press.net\/centrafricaine\/sites\/56\/2021\/07\/img-60faa7aa9b1e0.jpg","datePublished":"2021-07-23T11:31:55+00:00","author":{"@id":"https:\/\/www.africa-press.net\/madagascar\/#\/schema\/person\/2b1cf3cd81a31e3cd26889ca66d677f1"},"description":"Apr\u00e8s une semaine charg\u00e9e, une \u00e9vasion musicale et artistique duweek-end s\u2019annonce festive. Le week-end promet de bell ...","breadcrumb":{"@id":"https:\/\/www.africa-press.net\/madagascar\/culture-et-art\/programme-du-week-end-festivite-et-poesie-animent-la-capitale#breadcrumb"},"inLanguage":"fr-FR","potentialAction":[{"@type":"ReadAction","target":["https:\/\/www.africa-press.net\/madagascar\/culture-et-art\/programme-du-week-end-festivite-et-poesie-animent-la-capitale"]}]},{"@type":"ImageObject","inLanguage":"fr-FR","@id":"https:\/\/www.africa-press.net\/madagascar\/culture-et-art\/programme-du-week-end-festivite-et-poesie-animent-la-capitale#primaryimage","url":"https:\/\/static.africa-press.net\/centrafricaine\/sites\/56\/2021\/07\/img-60faa7aa9b1e0.jpg","contentUrl":"https:\/\/static.africa-press.net\/centrafricaine\/sites\/56\/2021\/07\/img-60faa7aa9b1e0.jpg","width":990,"height":556,"caption":"Programme du week-end \u2013 Festivit\u00e9 et po\u00e9sie animent la capitale"},{"@type":"BreadcrumbList","@id":"https:\/\/www.africa-press.net\/madagascar\/culture-et-art\/programme-du-week-end-festivite-et-poesie-animent-la-capitale#breadcrumb","itemListElement":[{"@type":"ListItem","position":1,"name":"Accueil","item":"https:\/\/www.africa-press.net\/madagascar\/"},{"@type":"ListItem","position":2,"name":"Programme du week-end \u2013 Festivit\u00e9 et po\u00e9sie animent la capitale"}]},{"@type":"WebSite","@id":"https:\/\/www.africa-press.net\/madagascar\/#website","url":"https:\/\/www.africa-press.net\/madagascar\/","name":"Madagascar","description":"Just another Africa News Agency Sites site","potentialAction":[{"@type":"SearchAction","target":{"@type":"EntryPoint","urlTemplate":"https:\/\/www.africa-press.net\/madagascar\/?s={search_term_string}"},"query-input":{"@type":"PropertyValueSpecification","valueRequired":true,"valueName":"search_term_string"}}],"inLanguage":"fr-FR"},{"@type":"Person","@id":"https:\/\/www.africa-press.net\/madagascar\/#\/schema\/person\/2b1cf3cd81a31e3cd26889ca66d677f1","name":"cfeditorfr"}]}},"_links":{"self":[{"href":"https:\/\/www.africa-press.net\/madagascar\/wp-json\/wp\/v2\/posts\/1085","targetHints":{"allow":["GET"]}}],"collection":[{"href":"https:\/\/www.africa-press.net\/madagascar\/wp-json\/wp\/v2\/posts"}],"about":[{"href":"https:\/\/www.africa-press.net\/madagascar\/wp-json\/wp\/v2\/types\/post"}],"author":[{"embeddable":true,"href":"https:\/\/www.africa-press.net\/madagascar\/wp-json\/wp\/v2\/users\/82"}],"replies":[{"embeddable":true,"href":"https:\/\/www.africa-press.net\/madagascar\/wp-json\/wp\/v2\/comments?post=1085"}],"version-history":[{"count":0,"href":"https:\/\/www.africa-press.net\/madagascar\/wp-json\/wp\/v2\/posts\/1085\/revisions"}],"wp:featuredmedia":[{"embeddable":true,"href":"https:\/\/www.africa-press.net\/madagascar\/wp-json\/wp\/v2\/media\/1084"}],"wp:attachment":[{"href":"https:\/\/www.africa-press.net\/madagascar\/wp-json\/wp\/v2\/media?parent=1085"}],"wp:term":[{"taxonomy":"category","embeddable":true,"href":"https:\/\/www.africa-press.net\/madagascar\/wp-json\/wp\/v2\/categories?post=1085"},{"taxonomy":"post_tag","embeddable":true,"href":"https:\/\/www.africa-press.net\/madagascar\/wp-json\/wp\/v2\/tags?post=1085"}],"curies":[{"name":"wp","href":"https:\/\/api.w.org\/{rel}","templated":true}]}}