{"id":1207,"date":"2021-07-28T18:28:55","date_gmt":"2021-07-28T18:28:55","guid":{"rendered":"https:\/\/www.africa-press.net\/madagascar\/?p=1207"},"modified":"2021-07-28T18:24:31","modified_gmt":"2021-07-28T18:24:31","slug":"projet-dattentat-contre-andry-rajoelina-sareraka-et-deux-generaux-parmi-les-personnes-interpelles","status":"publish","type":"post","link":"https:\/\/www.africa-press.net\/madagascar\/politique\/projet-dattentat-contre-andry-rajoelina-sareraka-et-deux-generaux-parmi-les-personnes-interpelles","title":{"rendered":"Projet d\u2019attentat contre Andry Rajoelina : Sareraka et deux G\u00e9n\u00e9raux parmi les personnes interpell\u00e9s"},"content":{"rendered":"<p><span style=\"color: #ff6600\"><strong><a href=\"https:\/\/www.africa-press.net\/\">Africa-Press<\/a> &#8211; <a href=\"https:\/\/www.africa-press.net\/madagascar\">Madagascar<\/a>. <\/strong><\/span>Hier, le Gal Ravalomanana Richard, Secr\u00e9taire d\u2019Etat \u00e0 la Gendarmerie, a d\u00e9clar\u00e9 que 11 gendarmes en service \u00e9taient auditionn\u00e9s dans le cadre de cette affaire.<br \/>\nL\u2019arrestation hier de l\u2019artiste Sareraka a fait l\u2019effet d\u2019une bombe. T\u00f4t hier matin, des \u00e9l\u00e9ments de la Police nationale ont effectu\u00e9 une descente au domicile d\u2019Yvon Randriazanakolona. Comme ce fut le cas une semaine plus t\u00f4t lors de l\u2019arrestation de Paul Rafanoharana \u00e0 Ambohitrarahaba, une perquisition a \u00e9galement \u00e9t\u00e9 effectu\u00e9e au domicile de Sareraka. Son ordinateur, ses t\u00e9l\u00e9phones, ainsi que des documents ont \u00e9t\u00e9 saisis, selon une source proche de l\u2019enqu\u00eate. Connu comme \u00e9tant un proche collaborateur du pr\u00e9sident Andry Rajoelina, cet artiste de renom est donc le premier acteur politique \u00e0 avoir \u00e9t\u00e9 auditionn\u00e9 dans le cadre de cette affaire. Il convient de noter que Sareraka travaille aupr\u00e8s de la pr\u00e9sidence de la R\u00e9publique en tant que charg\u00e9 de mission. D\u2019apr\u00e8s les informations, apr\u00e8s son arrestation, il a \u00e9t\u00e9 amen\u00e9 dans une r\u00e9sidence de la Police nationale \u00e0 Ivato o\u00f9 il a \u00e9t\u00e9 auditionn\u00e9 pendant la journ\u00e9e d\u2019hier.<br \/>\n11 gendarmes. En tout cas, l\u2019enqu\u00eate avance \u00e0 grande vitesse. Hier, le G\u00e9n\u00e9ral Richard Ravalomanana, Secr\u00e9taire d\u2019Etat \u00e0 la Gendarmerie a fait savoir que 11 \u00e9l\u00e9ments de la Gendarmerie, encore en service, ont \u00e9t\u00e9 auditionn\u00e9s par les enqu\u00eateurs dans le cadre de cette affaire. Pour l\u2019heure, le SEG a sign\u00e9 11 autorisations de poursuite. D\u2019apr\u00e8s les informations, deux G\u00e9n\u00e9raux dont un militaire et un gendarme sont impliqu\u00e9s dans cette affaire. Les deux Officiers G\u00e9n\u00e9raux auraient \u00e9t\u00e9 en contact permanent avec Paul Rafanoharana, le pr\u00e9sum\u00e9 cerveau du projet d\u2019attentat contre le pr\u00e9sident Andry Rajoelina depuis plusieurs mois. Le premier responsable du Groupe de S\u00e9curit\u00e9 et d\u2019Interventions Sp\u00e9ciales (GSIS) figure \u00e9galement parmi les gendarmes auditionn\u00e9s. En effet, d\u2019apr\u00e8s les informations qui ont circul\u00e9 durant la journ\u00e9e d\u2019hier, quatre \u00e9l\u00e9ments sp\u00e9cialis\u00e9s du GSIS ont \u00e9galement \u00e9t\u00e9 interpell\u00e9s. Il reste \u00e0 savoir si ce sont les quatre gendarmes du GSIS qui ont \u00e9t\u00e9 mis \u00e0 la disposition et qui travaillent \u00e9troitement avec l\u2019ancien Officier fran\u00e7ais Philippe Marc Fran\u00e7ois depuis d\u00e9j\u00e0 un an. En tout cas, il s\u2019agit de savoir pourquoi un op\u00e9rateur \u00e9tranger peut b\u00e9n\u00e9ficier d\u2019un tel traitement de faveur.<br \/>\n\u00ab Grande muette \u00bb. Si le Secr\u00e9taire d\u2019Etat \u00e0 la Gendarmerie, le G\u00e9n\u00e9ral Richard Ravalomanana joue la carte de la transparence en affirmant que 11 gendarmes sont concern\u00e9s par cette affaire, du c\u00f4t\u00e9 de l\u2019Arm\u00e9e Malagasy, on choisit de rester en \u00ab Grande muette \u00bb. Aucune information officielle n\u2019a \u00e9t\u00e9 r\u00e9v\u00e9l\u00e9e en ce qui concerne leur identit\u00e9, encore moins \u00e0 propos du nombre des militaires impliqu\u00e9s. Une source proche du dossier a simplement laiss\u00e9 entendre que le nom d\u2019un responsable des armements au niveau de l\u2019Arm\u00e9e a \u00e9t\u00e9 cit\u00e9 durant les enqu\u00eates mais pour le moment, il serait impossible de l\u2019auditionner faute d\u2019autorisation de poursuite \u00e9manant du minist\u00e8re de la D\u00e9fense Nationale. Ici, le conditionnel est de rigueur. Si la v\u00e9racit\u00e9 de cette information est confirm\u00e9e, l\u2019on pourrait croire que ce responsable b\u00e9n\u00e9ficie d\u2019une protection en haut lieu. Un corporatisme malsain qui risquerait de porter pr\u00e9judice au bon d\u00e9roulement de l\u2019enqu\u00eate.<br \/>\nGroupes de discussions. Hier, le Secr\u00e9taire d\u2019Etat \u00e0 la Gendarmerie a fait savoir que mis \u00e0 part les militaires et les gendarmes, des politiciens, des op\u00e9rateurs \u00e9conomiques et des simples citoyens sont \u00e9galement cit\u00e9s dans cette affaire. A cette allure, les arrestations, les auditions et les perquisitions vont donc se poursuivre dans les jours qui viennent. Le G\u00e9n\u00e9ral Richard Ravalomanana a fait savoir qu\u2019outre les \u00e9changes de mails et les appels t\u00e9l\u00e9phoniques, des preuves par des groupes de discussions ont \u00e9galement \u00e9t\u00e9 intercept\u00e9es. Des preuves accablantes qui pourraient \u00eatre fatales pour plusieurs personnes. Une source proche du dossier a \u00e9galement r\u00e9v\u00e9l\u00e9 que le nom d\u2019un homme d\u2019\u00c9glise connu et reconnu comme \u00e9tant proche de Paul Rafanoharana est cit\u00e9 \u00e0 plusieurs reprises dans le cadre de l\u2019enqu\u00eate. Ce leader d\u2019\u00c9glise aurait eu des r\u00e9unions presque toutes les semaines avec le pr\u00e9sum\u00e9 cerveau du projet d\u2019attentat contre le chef de l\u2018Etat. Par ailleurs, ils auraient \u00e9galement \u00e9t\u00e9 aper\u00e7us lors d\u2019un d\u00e9jeuner avec un membre de la Chancellerie \u00e9trang\u00e8re. La question est donc de savoir si les enqu\u00eateurs oseront convoquer cet homme d\u2019\u00c9glise pour audition.<br \/>\nDemande de financement. Plusieurs questions se posent en tout cas au lendemain du point de presse organis\u00e9 par la Direction g\u00e9n\u00e9rale de l\u2019entreprise Madagascar Oil. Pourquoi cette soci\u00e9t\u00e9 n\u2019a pas contact\u00e9 les autorit\u00e9s \u00e0 la suite des courriels venant de Paul Rafanoharana vu la gravit\u00e9 de son projet ? Si Madagascar Oil affirme qu\u2019il n\u2019a pas donn\u00e9 suite \u00e0 la demande de financement du projet Apollo 21, comment expliquer donc la provenance de la somme d\u2019un milliard d\u2019Ariary saisie au domicile de Paul Rafanoharana ? Est-ce que ce dernier a r\u00e9ussi \u00e0 trouver d\u2019autres financements ? Est-ce que ce sont des personnes, des entreprises ou des groupes ? Qui sont-ils ? Dans les \u00e9changes de mails qui ont fuit\u00e9, Paul Rafanoharana affirme avoir contact\u00e9 \u00ab des donateurs locaux de toutes sortes, dont des groupes d\u2019indo-pakistanais, qui seraient pr\u00eats \u00e0 contribuer \u00e0 cet effort de guerre \u00bb. Qui sont-ils ? Est-ce que tous les \u00e9ventuels complices ont tous \u00e9t\u00e9 interpell\u00e9s ? La menace contre le pr\u00e9sident Andry Rajoelina est-elle r\u00e9ellement lev\u00e9e ? Les simples observateurs attendent d\u2019obtenir des \u00e9l\u00e9ments d\u2019\u00e9claircissements \u00e0 propos de toutes ces questions.<br \/>\nDavis R<\/p>\n","protected":false},"excerpt":{"rendered":"<p>Africa-Press &#8211; Madagascar. Hier, le Gal Ravalomanana Richard, Secr\u00e9taire d\u2019Etat \u00e0 la Gendarmerie, a d\u00e9clar\u00e9 que 11 gendarmes en service \u00e9taient auditionn\u00e9s dans le cadre de cette affaire. L\u2019arrestation hier de l\u2019artiste Sareraka a fait l\u2019effet d\u2019une bombe. T\u00f4t hier matin, des \u00e9l\u00e9ments de la Police nationale ont effectu\u00e9 une descente au domicile d\u2019Yvon Randriazanakolona. [&hellip;]<\/p>\n","protected":false},"author":82,"featured_media":1206,"comment_status":"open","ping_status":"closed","sticky":false,"template":"","format":"standard","meta":{"footnotes":""},"categories":[11,2,10],"tags":[36,50,53,296,49,298,297],"class_list":["post-1207","post","type-post","status-publish","format-standard","has-post-thumbnail","hentry","category-homepage-french","category-politique","category-toutes-les-actualites","tag-africa-press","tag-africa-press-madagascar","tag-andry-rajoelina","tag-les-personnes-interpelles","tag-madagascar","tag-projet-dattentat","tag-sareraka"],"yoast_head":"<!-- This site is optimized with the Yoast SEO Premium plugin v26.1 (Yoast SEO v27.0) - https:\/\/yoast.com\/product\/yoast-seo-premium-wordpress\/ -->\n<title>Projet d\u2019attentat contre Andry Rajoelina : Sareraka et deux G\u00e9n\u00e9raux parmi les personnes interpell\u00e9s - Madagascar<\/title>\n<meta name=\"description\" content=\"Hier, le Gal Ravalomanana Richard, Secr\u00e9taire d\u2019Etat \u00e0 la Gendarmerie, a d\u00e9clar\u00e9 que 11 gendarmes en service \u00e9taient aud ...\" \/>\n<meta name=\"robots\" content=\"index, follow, max-snippet:-1, max-image-preview:large, max-video-preview:-1\" \/>\n<link rel=\"canonical\" href=\"https:\/\/www.africa-press.net\/madagascar\/politique\/projet-dattentat-contre-andry-rajoelina-sareraka-et-deux-generaux-parmi-les-personnes-interpelles\" \/>\n<meta property=\"og:locale\" content=\"fr_FR\" \/>\n<meta property=\"og:type\" content=\"article\" \/>\n<meta property=\"og:title\" content=\"Projet d\u2019attentat contre Andry Rajoelina : Sareraka et deux G\u00e9n\u00e9raux parmi les personnes interpell\u00e9s\" \/>\n<meta property=\"og:description\" content=\"Hier, le Gal Ravalomanana Richard, Secr\u00e9taire d\u2019Etat \u00e0 la Gendarmerie, a d\u00e9clar\u00e9 que 11 gendarmes en service \u00e9taient aud ...\" \/>\n<meta property=\"og:url\" content=\"https:\/\/www.africa-press.net\/madagascar\/politique\/projet-dattentat-contre-andry-rajoelina-sareraka-et-deux-generaux-parmi-les-personnes-interpelles\" \/>\n<meta property=\"og:site_name\" content=\"Madagascar\" \/>\n<meta property=\"article:published_time\" content=\"2021-07-28T18:28:55+00:00\" \/>\n<meta property=\"og:image\" content=\"https:\/\/static.africa-press.net\/centrafricaine\/sites\/56\/2021\/07\/img-6101a0af273de.png\" \/>\n\t<meta property=\"og:image:width\" content=\"210\" \/>\n\t<meta property=\"og:image:height\" content=\"93\" \/>\n\t<meta property=\"og:image:type\" content=\"image\/png\" \/>\n<meta name=\"author\" content=\"cfeditorfr\" \/>\n<meta name=\"twitter:card\" content=\"summary_large_image\" \/>\n<meta name=\"twitter:label1\" content=\"\u00c9crit par\" \/>\n\t<meta name=\"twitter:data1\" content=\"cfeditorfr\" \/>\n\t<meta name=\"twitter:label2\" content=\"Dur\u00e9e de lecture estim\u00e9e\" \/>\n\t<meta name=\"twitter:data2\" content=\"5 minutes\" \/>\n<script type=\"application\/ld+json\" class=\"yoast-schema-graph\">{\"@context\":\"https:\/\/schema.org\",\"@graph\":[{\"@type\":\"Article\",\"@id\":\"https:\/\/www.africa-press.net\/madagascar\/politique\/projet-dattentat-contre-andry-rajoelina-sareraka-et-deux-generaux-parmi-les-personnes-interpelles#article\",\"isPartOf\":{\"@id\":\"https:\/\/www.africa-press.net\/madagascar\/politique\/projet-dattentat-contre-andry-rajoelina-sareraka-et-deux-generaux-parmi-les-personnes-interpelles\"},\"author\":{\"name\":\"cfeditorfr\",\"@id\":\"https:\/\/www.africa-press.net\/madagascar\/#\/schema\/person\/2b1cf3cd81a31e3cd26889ca66d677f1\"},\"headline\":\"Projet d\u2019attentat contre Andry Rajoelina : Sareraka et deux G\u00e9n\u00e9raux parmi les personnes interpell\u00e9s\",\"datePublished\":\"2021-07-28T18:28:55+00:00\",\"mainEntityOfPage\":{\"@id\":\"https:\/\/www.africa-press.net\/madagascar\/politique\/projet-dattentat-contre-andry-rajoelina-sareraka-et-deux-generaux-parmi-les-personnes-interpelles\"},\"wordCount\":1009,\"commentCount\":0,\"image\":{\"@id\":\"https:\/\/www.africa-press.net\/madagascar\/politique\/projet-dattentat-contre-andry-rajoelina-sareraka-et-deux-generaux-parmi-les-personnes-interpelles#primaryimage\"},\"thumbnailUrl\":\"https:\/\/static.africa-press.net\/centrafricaine\/sites\/56\/2021\/07\/img-6101a0af273de.png\",\"keywords\":[\"Africa Press\",\"Africa Press-Madagascar\",\"Andry Rajoelina\",\"les personnes interpell\u00e9s\",\"Madagascar\",\"Projet d\u2019attentat\",\"Sareraka\"],\"articleSection\":[\"homepage-french\",\"Politique\",\"Toutes les actualit\u00e9s\"],\"inLanguage\":\"fr-FR\",\"potentialAction\":[{\"@type\":\"CommentAction\",\"name\":\"Comment\",\"target\":[\"https:\/\/www.africa-press.net\/madagascar\/politique\/projet-dattentat-contre-andry-rajoelina-sareraka-et-deux-generaux-parmi-les-personnes-interpelles#respond\"]}]},{\"@type\":\"WebPage\",\"@id\":\"https:\/\/www.africa-press.net\/madagascar\/politique\/projet-dattentat-contre-andry-rajoelina-sareraka-et-deux-generaux-parmi-les-personnes-interpelles\",\"url\":\"https:\/\/www.africa-press.net\/madagascar\/politique\/projet-dattentat-contre-andry-rajoelina-sareraka-et-deux-generaux-parmi-les-personnes-interpelles\",\"name\":\"Projet d\u2019attentat contre Andry Rajoelina : Sareraka et deux G\u00e9n\u00e9raux parmi les personnes interpell\u00e9s - Madagascar\",\"isPartOf\":{\"@id\":\"https:\/\/www.africa-press.net\/madagascar\/#website\"},\"primaryImageOfPage\":{\"@id\":\"https:\/\/www.africa-press.net\/madagascar\/politique\/projet-dattentat-contre-andry-rajoelina-sareraka-et-deux-generaux-parmi-les-personnes-interpelles#primaryimage\"},\"image\":{\"@id\":\"https:\/\/www.africa-press.net\/madagascar\/politique\/projet-dattentat-contre-andry-rajoelina-sareraka-et-deux-generaux-parmi-les-personnes-interpelles#primaryimage\"},\"thumbnailUrl\":\"https:\/\/static.africa-press.net\/centrafricaine\/sites\/56\/2021\/07\/img-6101a0af273de.png\",\"datePublished\":\"2021-07-28T18:28:55+00:00\",\"author\":{\"@id\":\"https:\/\/www.africa-press.net\/madagascar\/#\/schema\/person\/2b1cf3cd81a31e3cd26889ca66d677f1\"},\"description\":\"Hier, le Gal Ravalomanana Richard, Secr\u00e9taire d\u2019Etat \u00e0 la Gendarmerie, a d\u00e9clar\u00e9 que 11 gendarmes en service \u00e9taient aud ...\",\"breadcrumb\":{\"@id\":\"https:\/\/www.africa-press.net\/madagascar\/politique\/projet-dattentat-contre-andry-rajoelina-sareraka-et-deux-generaux-parmi-les-personnes-interpelles#breadcrumb\"},\"inLanguage\":\"fr-FR\",\"potentialAction\":[{\"@type\":\"ReadAction\",\"target\":[\"https:\/\/www.africa-press.net\/madagascar\/politique\/projet-dattentat-contre-andry-rajoelina-sareraka-et-deux-generaux-parmi-les-personnes-interpelles\"]}]},{\"@type\":\"ImageObject\",\"inLanguage\":\"fr-FR\",\"@id\":\"https:\/\/www.africa-press.net\/madagascar\/politique\/projet-dattentat-contre-andry-rajoelina-sareraka-et-deux-generaux-parmi-les-personnes-interpelles#primaryimage\",\"url\":\"https:\/\/static.africa-press.net\/centrafricaine\/sites\/56\/2021\/07\/img-6101a0af273de.png\",\"contentUrl\":\"https:\/\/static.africa-press.net\/centrafricaine\/sites\/56\/2021\/07\/img-6101a0af273de.png\",\"width\":210,\"height\":93,\"caption\":\"Projet d\u2019attentat contre Andry Rajoelina : Sareraka et deux G\u00e9n\u00e9raux parmi les personnes interpell\u00e9s\"},{\"@type\":\"BreadcrumbList\",\"@id\":\"https:\/\/www.africa-press.net\/madagascar\/politique\/projet-dattentat-contre-andry-rajoelina-sareraka-et-deux-generaux-parmi-les-personnes-interpelles#breadcrumb\",\"itemListElement\":[{\"@type\":\"ListItem\",\"position\":1,\"name\":\"Accueil\",\"item\":\"https:\/\/www.africa-press.net\/madagascar\/\"},{\"@type\":\"ListItem\",\"position\":2,\"name\":\"Projet d\u2019attentat contre Andry Rajoelina : Sareraka et deux G\u00e9n\u00e9raux parmi les personnes interpell\u00e9s\"}]},{\"@type\":\"WebSite\",\"@id\":\"https:\/\/www.africa-press.net\/madagascar\/#website\",\"url\":\"https:\/\/www.africa-press.net\/madagascar\/\",\"name\":\"Madagascar\",\"description\":\"Just another Africa News Agency Sites site\",\"potentialAction\":[{\"@type\":\"SearchAction\",\"target\":{\"@type\":\"EntryPoint\",\"urlTemplate\":\"https:\/\/www.africa-press.net\/madagascar\/?s={search_term_string}\"},\"query-input\":{\"@type\":\"PropertyValueSpecification\",\"valueRequired\":true,\"valueName\":\"search_term_string\"}}],\"inLanguage\":\"fr-FR\"},{\"@type\":\"Person\",\"@id\":\"https:\/\/www.africa-press.net\/madagascar\/#\/schema\/person\/2b1cf3cd81a31e3cd26889ca66d677f1\",\"name\":\"cfeditorfr\"}]}<\/script>\n<!-- \/ Yoast SEO Premium plugin. -->","yoast_head_json":{"title":"Projet d\u2019attentat contre Andry Rajoelina : Sareraka et deux G\u00e9n\u00e9raux parmi les personnes interpell\u00e9s - Madagascar","description":"Hier, le Gal Ravalomanana Richard, Secr\u00e9taire d\u2019Etat \u00e0 la Gendarmerie, a d\u00e9clar\u00e9 que 11 gendarmes en service \u00e9taient aud ...","robots":{"index":"index","follow":"follow","max-snippet":"max-snippet:-1","max-image-preview":"max-image-preview:large","max-video-preview":"max-video-preview:-1"},"canonical":"https:\/\/www.africa-press.net\/madagascar\/politique\/projet-dattentat-contre-andry-rajoelina-sareraka-et-deux-generaux-parmi-les-personnes-interpelles","og_locale":"fr_FR","og_type":"article","og_title":"Projet d\u2019attentat contre Andry Rajoelina : Sareraka et deux G\u00e9n\u00e9raux parmi les personnes interpell\u00e9s","og_description":"Hier, le Gal Ravalomanana Richard, Secr\u00e9taire d\u2019Etat \u00e0 la Gendarmerie, a d\u00e9clar\u00e9 que 11 gendarmes en service \u00e9taient aud ...","og_url":"https:\/\/www.africa-press.net\/madagascar\/politique\/projet-dattentat-contre-andry-rajoelina-sareraka-et-deux-generaux-parmi-les-personnes-interpelles","og_site_name":"Madagascar","article_published_time":"2021-07-28T18:28:55+00:00","og_image":[{"width":210,"height":93,"url":"https:\/\/static.africa-press.net\/centrafricaine\/sites\/56\/2021\/07\/img-6101a0af273de.png","type":"image\/png"}],"author":"cfeditorfr","twitter_card":"summary_large_image","twitter_misc":{"\u00c9crit par":"cfeditorfr","Dur\u00e9e de lecture estim\u00e9e":"5 minutes"},"schema":{"@context":"https:\/\/schema.org","@graph":[{"@type":"Article","@id":"https:\/\/www.africa-press.net\/madagascar\/politique\/projet-dattentat-contre-andry-rajoelina-sareraka-et-deux-generaux-parmi-les-personnes-interpelles#article","isPartOf":{"@id":"https:\/\/www.africa-press.net\/madagascar\/politique\/projet-dattentat-contre-andry-rajoelina-sareraka-et-deux-generaux-parmi-les-personnes-interpelles"},"author":{"name":"cfeditorfr","@id":"https:\/\/www.africa-press.net\/madagascar\/#\/schema\/person\/2b1cf3cd81a31e3cd26889ca66d677f1"},"headline":"Projet d\u2019attentat contre Andry Rajoelina : Sareraka et deux G\u00e9n\u00e9raux parmi les personnes interpell\u00e9s","datePublished":"2021-07-28T18:28:55+00:00","mainEntityOfPage":{"@id":"https:\/\/www.africa-press.net\/madagascar\/politique\/projet-dattentat-contre-andry-rajoelina-sareraka-et-deux-generaux-parmi-les-personnes-interpelles"},"wordCount":1009,"commentCount":0,"image":{"@id":"https:\/\/www.africa-press.net\/madagascar\/politique\/projet-dattentat-contre-andry-rajoelina-sareraka-et-deux-generaux-parmi-les-personnes-interpelles#primaryimage"},"thumbnailUrl":"https:\/\/static.africa-press.net\/centrafricaine\/sites\/56\/2021\/07\/img-6101a0af273de.png","keywords":["Africa Press","Africa Press-Madagascar","Andry Rajoelina","les personnes interpell\u00e9s","Madagascar","Projet d\u2019attentat","Sareraka"],"articleSection":["homepage-french","Politique","Toutes les actualit\u00e9s"],"inLanguage":"fr-FR","potentialAction":[{"@type":"CommentAction","name":"Comment","target":["https:\/\/www.africa-press.net\/madagascar\/politique\/projet-dattentat-contre-andry-rajoelina-sareraka-et-deux-generaux-parmi-les-personnes-interpelles#respond"]}]},{"@type":"WebPage","@id":"https:\/\/www.africa-press.net\/madagascar\/politique\/projet-dattentat-contre-andry-rajoelina-sareraka-et-deux-generaux-parmi-les-personnes-interpelles","url":"https:\/\/www.africa-press.net\/madagascar\/politique\/projet-dattentat-contre-andry-rajoelina-sareraka-et-deux-generaux-parmi-les-personnes-interpelles","name":"Projet d\u2019attentat contre Andry Rajoelina : Sareraka et deux G\u00e9n\u00e9raux parmi les personnes interpell\u00e9s - Madagascar","isPartOf":{"@id":"https:\/\/www.africa-press.net\/madagascar\/#website"},"primaryImageOfPage":{"@id":"https:\/\/www.africa-press.net\/madagascar\/politique\/projet-dattentat-contre-andry-rajoelina-sareraka-et-deux-generaux-parmi-les-personnes-interpelles#primaryimage"},"image":{"@id":"https:\/\/www.africa-press.net\/madagascar\/politique\/projet-dattentat-contre-andry-rajoelina-sareraka-et-deux-generaux-parmi-les-personnes-interpelles#primaryimage"},"thumbnailUrl":"https:\/\/static.africa-press.net\/centrafricaine\/sites\/56\/2021\/07\/img-6101a0af273de.png","datePublished":"2021-07-28T18:28:55+00:00","author":{"@id":"https:\/\/www.africa-press.net\/madagascar\/#\/schema\/person\/2b1cf3cd81a31e3cd26889ca66d677f1"},"description":"Hier, le Gal Ravalomanana Richard, Secr\u00e9taire d\u2019Etat \u00e0 la Gendarmerie, a d\u00e9clar\u00e9 que 11 gendarmes en service \u00e9taient aud ...","breadcrumb":{"@id":"https:\/\/www.africa-press.net\/madagascar\/politique\/projet-dattentat-contre-andry-rajoelina-sareraka-et-deux-generaux-parmi-les-personnes-interpelles#breadcrumb"},"inLanguage":"fr-FR","potentialAction":[{"@type":"ReadAction","target":["https:\/\/www.africa-press.net\/madagascar\/politique\/projet-dattentat-contre-andry-rajoelina-sareraka-et-deux-generaux-parmi-les-personnes-interpelles"]}]},{"@type":"ImageObject","inLanguage":"fr-FR","@id":"https:\/\/www.africa-press.net\/madagascar\/politique\/projet-dattentat-contre-andry-rajoelina-sareraka-et-deux-generaux-parmi-les-personnes-interpelles#primaryimage","url":"https:\/\/static.africa-press.net\/centrafricaine\/sites\/56\/2021\/07\/img-6101a0af273de.png","contentUrl":"https:\/\/static.africa-press.net\/centrafricaine\/sites\/56\/2021\/07\/img-6101a0af273de.png","width":210,"height":93,"caption":"Projet d\u2019attentat contre Andry Rajoelina : Sareraka et deux G\u00e9n\u00e9raux parmi les personnes interpell\u00e9s"},{"@type":"BreadcrumbList","@id":"https:\/\/www.africa-press.net\/madagascar\/politique\/projet-dattentat-contre-andry-rajoelina-sareraka-et-deux-generaux-parmi-les-personnes-interpelles#breadcrumb","itemListElement":[{"@type":"ListItem","position":1,"name":"Accueil","item":"https:\/\/www.africa-press.net\/madagascar\/"},{"@type":"ListItem","position":2,"name":"Projet d\u2019attentat contre Andry Rajoelina : Sareraka et deux G\u00e9n\u00e9raux parmi les personnes interpell\u00e9s"}]},{"@type":"WebSite","@id":"https:\/\/www.africa-press.net\/madagascar\/#website","url":"https:\/\/www.africa-press.net\/madagascar\/","name":"Madagascar","description":"Just another Africa News Agency Sites site","potentialAction":[{"@type":"SearchAction","target":{"@type":"EntryPoint","urlTemplate":"https:\/\/www.africa-press.net\/madagascar\/?s={search_term_string}"},"query-input":{"@type":"PropertyValueSpecification","valueRequired":true,"valueName":"search_term_string"}}],"inLanguage":"fr-FR"},{"@type":"Person","@id":"https:\/\/www.africa-press.net\/madagascar\/#\/schema\/person\/2b1cf3cd81a31e3cd26889ca66d677f1","name":"cfeditorfr"}]}},"_links":{"self":[{"href":"https:\/\/www.africa-press.net\/madagascar\/wp-json\/wp\/v2\/posts\/1207","targetHints":{"allow":["GET"]}}],"collection":[{"href":"https:\/\/www.africa-press.net\/madagascar\/wp-json\/wp\/v2\/posts"}],"about":[{"href":"https:\/\/www.africa-press.net\/madagascar\/wp-json\/wp\/v2\/types\/post"}],"author":[{"embeddable":true,"href":"https:\/\/www.africa-press.net\/madagascar\/wp-json\/wp\/v2\/users\/82"}],"replies":[{"embeddable":true,"href":"https:\/\/www.africa-press.net\/madagascar\/wp-json\/wp\/v2\/comments?post=1207"}],"version-history":[{"count":0,"href":"https:\/\/www.africa-press.net\/madagascar\/wp-json\/wp\/v2\/posts\/1207\/revisions"}],"wp:featuredmedia":[{"embeddable":true,"href":"https:\/\/www.africa-press.net\/madagascar\/wp-json\/wp\/v2\/media\/1206"}],"wp:attachment":[{"href":"https:\/\/www.africa-press.net\/madagascar\/wp-json\/wp\/v2\/media?parent=1207"}],"wp:term":[{"taxonomy":"category","embeddable":true,"href":"https:\/\/www.africa-press.net\/madagascar\/wp-json\/wp\/v2\/categories?post=1207"},{"taxonomy":"post_tag","embeddable":true,"href":"https:\/\/www.africa-press.net\/madagascar\/wp-json\/wp\/v2\/tags?post=1207"}],"curies":[{"name":"wp","href":"https:\/\/api.w.org\/{rel}","templated":true}]}}