{"id":1299,"date":"2021-07-31T17:44:29","date_gmt":"2021-07-31T17:44:29","guid":{"rendered":"https:\/\/www.africa-press.net\/madagascar\/?p=1299"},"modified":"2021-07-31T17:43:05","modified_gmt":"2021-07-31T17:43:05","slug":"securite-presidentielle-des-generaux-fouilles","status":"publish","type":"post","link":"https:\/\/www.africa-press.net\/madagascar\/politique\/securite-presidentielle-des-generaux-fouilles","title":{"rendered":"S\u00e9curit\u00e9 pr\u00e9sidentielle : Des g\u00e9n\u00e9raux fouill\u00e9s"},"content":{"rendered":"<p><span style=\"color: #ff6600\"><strong><a href=\"https:\/\/www.africa-press.net\/\">Africa-Press<\/a> &#8211; <a href=\"https:\/\/www.africa-press.net\/madagascar\">Madagascar<\/a>. <\/strong><\/span>Le pr\u00e9sident Andry Rajoelina, chef supr\u00eame des Forces arm\u00e9es, a fait le d\u00e9placement \u00e0 Antsirabe hier pour assister \u00e0 la c\u00e9r\u00e9monie Fandresena 2021 qui marque la sortie officielle de la 42\u00e8me promotion de l\u2019Acad\u00e9mie militaire baptis\u00e9e G\u00e9n\u00e9ral de Corps d\u2019Arm\u00e9e Isma\u00ebl Mounibou. Il s\u2019agit de la premi\u00e8re sortie en public du chef de l\u2019Etat apr\u00e8s l\u2019interpellation d\u2019un groupe d\u2019individus soup\u00e7onn\u00e9s d\u2019avoir foment\u00e9 un attentat contre sa personne. Une c\u00e9r\u00e9monie qui s\u2019est d\u00e9roul\u00e9e sous tr\u00e8s haute s\u00e9curit\u00e9. En effet, face aux menaces, des dispositifs de s\u00e9curit\u00e9 particuli\u00e8re ont \u00e9t\u00e9 pris lors de cet \u00e9v\u00e8nement. Une forte \u00e9quipe de la direction de la s\u00e9curit\u00e9 pr\u00e9sidentielle a fait le d\u00e9placement dans la ville d\u2019Eaux. Les h\u00e9licopt\u00e8res de l\u2019Arm\u00e9e ont m\u00eame \u00e9t\u00e9 mobilis\u00e9s pour superviser les d\u00e9placements du pr\u00e9sident de la R\u00e9publique depuis son arriv\u00e9e \u00e0 l\u2019a\u00e9roport jusqu\u2019\u00e0 l\u2019enceinte de l\u2019ACMIL. Tous les invit\u00e9s sans exception, y compris les officiers g\u00e9n\u00e9raux, ont subi des fouilles minutieuses. La garde pr\u00e9sidentielle \u00e9tait sur le qui-vive. V\u00e9rification stricte par un \u00e9l\u00e9ment de la DST, des armes des \u00e9l\u00e8ves officiers de la 44\u00e8me promotion qui ont effectu\u00e9 une d\u00e9monstration des techniques de riposte contre les attaques des dahalo. M\u00eame protocole pour les \u00e9l\u00e8ves officiers qui ont particip\u00e9 au d\u00e9fil\u00e9 militaire. Apr\u00e8s ce projet d\u2019attentat d\u00e9jou\u00e9, l\u2019on constate que les responsables ont d\u00e9cid\u00e9 de renforcer la s\u00e9curit\u00e9 d\u2019Andry Rajoelina. A noter qu\u2019apr\u00e8s cette c\u00e9r\u00e9monie \u00e0 l\u2019ACMIL, le num\u00e9ro Un d\u2019Iavoloha a tout de suite repris le vol pour rentrer \u00e0 Antananarivo.<br \/>\nDavis R<\/p>\n","protected":false},"excerpt":{"rendered":"<p>Africa-Press &#8211; Madagascar. Le pr\u00e9sident Andry Rajoelina, chef supr\u00eame des Forces arm\u00e9es, a fait le d\u00e9placement \u00e0 Antsirabe hier pour assister \u00e0 la c\u00e9r\u00e9monie Fandresena 2021 qui marque la sortie officielle de la 42\u00e8me promotion de l\u2019Acad\u00e9mie militaire baptis\u00e9e G\u00e9n\u00e9ral de Corps d\u2019Arm\u00e9e Isma\u00ebl Mounibou. Il s\u2019agit de la premi\u00e8re sortie en public du chef [&hellip;]<\/p>\n","protected":false},"author":82,"featured_media":1298,"comment_status":"open","ping_status":"closed","sticky":false,"template":"","format":"standard","meta":{"footnotes":""},"categories":[11,2,10],"tags":[36,50,53,49,360],"class_list":["post-1299","post","type-post","status-publish","format-standard","has-post-thumbnail","hentry","category-homepage-french","category-politique","category-toutes-les-actualites","tag-africa-press","tag-africa-press-madagascar","tag-andry-rajoelina","tag-madagascar","tag-securite-presidentielle"],"yoast_head":"<!-- This site is optimized with the Yoast SEO Premium plugin v26.1 (Yoast SEO v27.0) - https:\/\/yoast.com\/product\/yoast-seo-premium-wordpress\/ -->\n<title>S\u00e9curit\u00e9 pr\u00e9sidentielle : Des g\u00e9n\u00e9raux fouill\u00e9s - Madagascar<\/title>\n<meta name=\"description\" content=\"Le pr\u00e9sident Andry Rajoelina, chef supr\u00eame des Forces arm\u00e9es, a fait le d\u00e9placement \u00e0 Antsirabe hier pour assister \u00e0 la ...\" \/>\n<meta name=\"robots\" content=\"index, follow, max-snippet:-1, max-image-preview:large, max-video-preview:-1\" \/>\n<link rel=\"canonical\" href=\"https:\/\/www.africa-press.net\/madagascar\/politique\/securite-presidentielle-des-generaux-fouilles\" \/>\n<meta property=\"og:locale\" content=\"fr_FR\" \/>\n<meta property=\"og:type\" content=\"article\" \/>\n<meta property=\"og:title\" content=\"S\u00e9curit\u00e9 pr\u00e9sidentielle : Des g\u00e9n\u00e9raux fouill\u00e9s\" \/>\n<meta property=\"og:description\" content=\"Le pr\u00e9sident Andry Rajoelina, chef supr\u00eame des Forces arm\u00e9es, a fait le d\u00e9placement \u00e0 Antsirabe hier pour assister \u00e0 la ...\" \/>\n<meta property=\"og:url\" content=\"https:\/\/www.africa-press.net\/madagascar\/politique\/securite-presidentielle-des-generaux-fouilles\" \/>\n<meta property=\"og:site_name\" content=\"Madagascar\" \/>\n<meta property=\"article:published_time\" content=\"2021-07-31T17:44:29+00:00\" \/>\n<meta property=\"og:image\" content=\"https:\/\/static.africa-press.net\/centrafricaine\/sites\/56\/2021\/07\/img-61058b7c90c12.png\" \/>\n\t<meta property=\"og:image:width\" content=\"210\" \/>\n\t<meta property=\"og:image:height\" content=\"93\" \/>\n\t<meta property=\"og:image:type\" content=\"image\/png\" \/>\n<meta name=\"author\" content=\"cfeditorfr\" \/>\n<meta name=\"twitter:card\" content=\"summary_large_image\" \/>\n<meta name=\"twitter:label1\" content=\"\u00c9crit par\" \/>\n\t<meta name=\"twitter:data1\" content=\"cfeditorfr\" \/>\n\t<meta name=\"twitter:label2\" content=\"Dur\u00e9e de lecture estim\u00e9e\" \/>\n\t<meta name=\"twitter:data2\" content=\"2 minutes\" \/>\n<script type=\"application\/ld+json\" class=\"yoast-schema-graph\">{\"@context\":\"https:\/\/schema.org\",\"@graph\":[{\"@type\":\"Article\",\"@id\":\"https:\/\/www.africa-press.net\/madagascar\/politique\/securite-presidentielle-des-generaux-fouilles#article\",\"isPartOf\":{\"@id\":\"https:\/\/www.africa-press.net\/madagascar\/politique\/securite-presidentielle-des-generaux-fouilles\"},\"author\":{\"name\":\"cfeditorfr\",\"@id\":\"https:\/\/www.africa-press.net\/madagascar\/#\/schema\/person\/2b1cf3cd81a31e3cd26889ca66d677f1\"},\"headline\":\"S\u00e9curit\u00e9 pr\u00e9sidentielle : Des g\u00e9n\u00e9raux fouill\u00e9s\",\"datePublished\":\"2021-07-31T17:44:29+00:00\",\"mainEntityOfPage\":{\"@id\":\"https:\/\/www.africa-press.net\/madagascar\/politique\/securite-presidentielle-des-generaux-fouilles\"},\"wordCount\":328,\"commentCount\":0,\"image\":{\"@id\":\"https:\/\/www.africa-press.net\/madagascar\/politique\/securite-presidentielle-des-generaux-fouilles#primaryimage\"},\"thumbnailUrl\":\"https:\/\/static.africa-press.net\/centrafricaine\/sites\/56\/2021\/07\/img-61058b7c90c12.png\",\"keywords\":[\"Africa Press\",\"Africa Press-Madagascar\",\"Andry Rajoelina\",\"Madagascar\",\"S\u00e9curit\u00e9 pr\u00e9sidentielle\"],\"articleSection\":[\"homepage-french\",\"Politique\",\"Toutes les actualit\u00e9s\"],\"inLanguage\":\"fr-FR\",\"potentialAction\":[{\"@type\":\"CommentAction\",\"name\":\"Comment\",\"target\":[\"https:\/\/www.africa-press.net\/madagascar\/politique\/securite-presidentielle-des-generaux-fouilles#respond\"]}]},{\"@type\":\"WebPage\",\"@id\":\"https:\/\/www.africa-press.net\/madagascar\/politique\/securite-presidentielle-des-generaux-fouilles\",\"url\":\"https:\/\/www.africa-press.net\/madagascar\/politique\/securite-presidentielle-des-generaux-fouilles\",\"name\":\"S\u00e9curit\u00e9 pr\u00e9sidentielle : Des g\u00e9n\u00e9raux fouill\u00e9s - Madagascar\",\"isPartOf\":{\"@id\":\"https:\/\/www.africa-press.net\/madagascar\/#website\"},\"primaryImageOfPage\":{\"@id\":\"https:\/\/www.africa-press.net\/madagascar\/politique\/securite-presidentielle-des-generaux-fouilles#primaryimage\"},\"image\":{\"@id\":\"https:\/\/www.africa-press.net\/madagascar\/politique\/securite-presidentielle-des-generaux-fouilles#primaryimage\"},\"thumbnailUrl\":\"https:\/\/static.africa-press.net\/centrafricaine\/sites\/56\/2021\/07\/img-61058b7c90c12.png\",\"datePublished\":\"2021-07-31T17:44:29+00:00\",\"author\":{\"@id\":\"https:\/\/www.africa-press.net\/madagascar\/#\/schema\/person\/2b1cf3cd81a31e3cd26889ca66d677f1\"},\"description\":\"Le pr\u00e9sident Andry Rajoelina, chef supr\u00eame des Forces arm\u00e9es, a fait le d\u00e9placement \u00e0 Antsirabe hier pour assister \u00e0 la ...\",\"breadcrumb\":{\"@id\":\"https:\/\/www.africa-press.net\/madagascar\/politique\/securite-presidentielle-des-generaux-fouilles#breadcrumb\"},\"inLanguage\":\"fr-FR\",\"potentialAction\":[{\"@type\":\"ReadAction\",\"target\":[\"https:\/\/www.africa-press.net\/madagascar\/politique\/securite-presidentielle-des-generaux-fouilles\"]}]},{\"@type\":\"ImageObject\",\"inLanguage\":\"fr-FR\",\"@id\":\"https:\/\/www.africa-press.net\/madagascar\/politique\/securite-presidentielle-des-generaux-fouilles#primaryimage\",\"url\":\"https:\/\/static.africa-press.net\/centrafricaine\/sites\/56\/2021\/07\/img-61058b7c90c12.png\",\"contentUrl\":\"https:\/\/static.africa-press.net\/centrafricaine\/sites\/56\/2021\/07\/img-61058b7c90c12.png\",\"width\":210,\"height\":93,\"caption\":\"S\u00e9curit\u00e9 pr\u00e9sidentielle : Des g\u00e9n\u00e9raux fouill\u00e9s\"},{\"@type\":\"BreadcrumbList\",\"@id\":\"https:\/\/www.africa-press.net\/madagascar\/politique\/securite-presidentielle-des-generaux-fouilles#breadcrumb\",\"itemListElement\":[{\"@type\":\"ListItem\",\"position\":1,\"name\":\"Accueil\",\"item\":\"https:\/\/www.africa-press.net\/madagascar\/\"},{\"@type\":\"ListItem\",\"position\":2,\"name\":\"S\u00e9curit\u00e9 pr\u00e9sidentielle : Des g\u00e9n\u00e9raux fouill\u00e9s\"}]},{\"@type\":\"WebSite\",\"@id\":\"https:\/\/www.africa-press.net\/madagascar\/#website\",\"url\":\"https:\/\/www.africa-press.net\/madagascar\/\",\"name\":\"Madagascar\",\"description\":\"Just another Africa News Agency Sites site\",\"potentialAction\":[{\"@type\":\"SearchAction\",\"target\":{\"@type\":\"EntryPoint\",\"urlTemplate\":\"https:\/\/www.africa-press.net\/madagascar\/?s={search_term_string}\"},\"query-input\":{\"@type\":\"PropertyValueSpecification\",\"valueRequired\":true,\"valueName\":\"search_term_string\"}}],\"inLanguage\":\"fr-FR\"},{\"@type\":\"Person\",\"@id\":\"https:\/\/www.africa-press.net\/madagascar\/#\/schema\/person\/2b1cf3cd81a31e3cd26889ca66d677f1\",\"name\":\"cfeditorfr\"}]}<\/script>\n<!-- \/ Yoast SEO Premium plugin. -->","yoast_head_json":{"title":"S\u00e9curit\u00e9 pr\u00e9sidentielle : Des g\u00e9n\u00e9raux fouill\u00e9s - Madagascar","description":"Le pr\u00e9sident Andry Rajoelina, chef supr\u00eame des Forces arm\u00e9es, a fait le d\u00e9placement \u00e0 Antsirabe hier pour assister \u00e0 la ...","robots":{"index":"index","follow":"follow","max-snippet":"max-snippet:-1","max-image-preview":"max-image-preview:large","max-video-preview":"max-video-preview:-1"},"canonical":"https:\/\/www.africa-press.net\/madagascar\/politique\/securite-presidentielle-des-generaux-fouilles","og_locale":"fr_FR","og_type":"article","og_title":"S\u00e9curit\u00e9 pr\u00e9sidentielle : Des g\u00e9n\u00e9raux fouill\u00e9s","og_description":"Le pr\u00e9sident Andry Rajoelina, chef supr\u00eame des Forces arm\u00e9es, a fait le d\u00e9placement \u00e0 Antsirabe hier pour assister \u00e0 la ...","og_url":"https:\/\/www.africa-press.net\/madagascar\/politique\/securite-presidentielle-des-generaux-fouilles","og_site_name":"Madagascar","article_published_time":"2021-07-31T17:44:29+00:00","og_image":[{"width":210,"height":93,"url":"https:\/\/static.africa-press.net\/centrafricaine\/sites\/56\/2021\/07\/img-61058b7c90c12.png","type":"image\/png"}],"author":"cfeditorfr","twitter_card":"summary_large_image","twitter_misc":{"\u00c9crit par":"cfeditorfr","Dur\u00e9e de lecture estim\u00e9e":"2 minutes"},"schema":{"@context":"https:\/\/schema.org","@graph":[{"@type":"Article","@id":"https:\/\/www.africa-press.net\/madagascar\/politique\/securite-presidentielle-des-generaux-fouilles#article","isPartOf":{"@id":"https:\/\/www.africa-press.net\/madagascar\/politique\/securite-presidentielle-des-generaux-fouilles"},"author":{"name":"cfeditorfr","@id":"https:\/\/www.africa-press.net\/madagascar\/#\/schema\/person\/2b1cf3cd81a31e3cd26889ca66d677f1"},"headline":"S\u00e9curit\u00e9 pr\u00e9sidentielle : Des g\u00e9n\u00e9raux fouill\u00e9s","datePublished":"2021-07-31T17:44:29+00:00","mainEntityOfPage":{"@id":"https:\/\/www.africa-press.net\/madagascar\/politique\/securite-presidentielle-des-generaux-fouilles"},"wordCount":328,"commentCount":0,"image":{"@id":"https:\/\/www.africa-press.net\/madagascar\/politique\/securite-presidentielle-des-generaux-fouilles#primaryimage"},"thumbnailUrl":"https:\/\/static.africa-press.net\/centrafricaine\/sites\/56\/2021\/07\/img-61058b7c90c12.png","keywords":["Africa Press","Africa Press-Madagascar","Andry Rajoelina","Madagascar","S\u00e9curit\u00e9 pr\u00e9sidentielle"],"articleSection":["homepage-french","Politique","Toutes les actualit\u00e9s"],"inLanguage":"fr-FR","potentialAction":[{"@type":"CommentAction","name":"Comment","target":["https:\/\/www.africa-press.net\/madagascar\/politique\/securite-presidentielle-des-generaux-fouilles#respond"]}]},{"@type":"WebPage","@id":"https:\/\/www.africa-press.net\/madagascar\/politique\/securite-presidentielle-des-generaux-fouilles","url":"https:\/\/www.africa-press.net\/madagascar\/politique\/securite-presidentielle-des-generaux-fouilles","name":"S\u00e9curit\u00e9 pr\u00e9sidentielle : Des g\u00e9n\u00e9raux fouill\u00e9s - Madagascar","isPartOf":{"@id":"https:\/\/www.africa-press.net\/madagascar\/#website"},"primaryImageOfPage":{"@id":"https:\/\/www.africa-press.net\/madagascar\/politique\/securite-presidentielle-des-generaux-fouilles#primaryimage"},"image":{"@id":"https:\/\/www.africa-press.net\/madagascar\/politique\/securite-presidentielle-des-generaux-fouilles#primaryimage"},"thumbnailUrl":"https:\/\/static.africa-press.net\/centrafricaine\/sites\/56\/2021\/07\/img-61058b7c90c12.png","datePublished":"2021-07-31T17:44:29+00:00","author":{"@id":"https:\/\/www.africa-press.net\/madagascar\/#\/schema\/person\/2b1cf3cd81a31e3cd26889ca66d677f1"},"description":"Le pr\u00e9sident Andry Rajoelina, chef supr\u00eame des Forces arm\u00e9es, a fait le d\u00e9placement \u00e0 Antsirabe hier pour assister \u00e0 la ...","breadcrumb":{"@id":"https:\/\/www.africa-press.net\/madagascar\/politique\/securite-presidentielle-des-generaux-fouilles#breadcrumb"},"inLanguage":"fr-FR","potentialAction":[{"@type":"ReadAction","target":["https:\/\/www.africa-press.net\/madagascar\/politique\/securite-presidentielle-des-generaux-fouilles"]}]},{"@type":"ImageObject","inLanguage":"fr-FR","@id":"https:\/\/www.africa-press.net\/madagascar\/politique\/securite-presidentielle-des-generaux-fouilles#primaryimage","url":"https:\/\/static.africa-press.net\/centrafricaine\/sites\/56\/2021\/07\/img-61058b7c90c12.png","contentUrl":"https:\/\/static.africa-press.net\/centrafricaine\/sites\/56\/2021\/07\/img-61058b7c90c12.png","width":210,"height":93,"caption":"S\u00e9curit\u00e9 pr\u00e9sidentielle : Des g\u00e9n\u00e9raux fouill\u00e9s"},{"@type":"BreadcrumbList","@id":"https:\/\/www.africa-press.net\/madagascar\/politique\/securite-presidentielle-des-generaux-fouilles#breadcrumb","itemListElement":[{"@type":"ListItem","position":1,"name":"Accueil","item":"https:\/\/www.africa-press.net\/madagascar\/"},{"@type":"ListItem","position":2,"name":"S\u00e9curit\u00e9 pr\u00e9sidentielle : Des g\u00e9n\u00e9raux fouill\u00e9s"}]},{"@type":"WebSite","@id":"https:\/\/www.africa-press.net\/madagascar\/#website","url":"https:\/\/www.africa-press.net\/madagascar\/","name":"Madagascar","description":"Just another Africa News Agency Sites site","potentialAction":[{"@type":"SearchAction","target":{"@type":"EntryPoint","urlTemplate":"https:\/\/www.africa-press.net\/madagascar\/?s={search_term_string}"},"query-input":{"@type":"PropertyValueSpecification","valueRequired":true,"valueName":"search_term_string"}}],"inLanguage":"fr-FR"},{"@type":"Person","@id":"https:\/\/www.africa-press.net\/madagascar\/#\/schema\/person\/2b1cf3cd81a31e3cd26889ca66d677f1","name":"cfeditorfr"}]}},"_links":{"self":[{"href":"https:\/\/www.africa-press.net\/madagascar\/wp-json\/wp\/v2\/posts\/1299","targetHints":{"allow":["GET"]}}],"collection":[{"href":"https:\/\/www.africa-press.net\/madagascar\/wp-json\/wp\/v2\/posts"}],"about":[{"href":"https:\/\/www.africa-press.net\/madagascar\/wp-json\/wp\/v2\/types\/post"}],"author":[{"embeddable":true,"href":"https:\/\/www.africa-press.net\/madagascar\/wp-json\/wp\/v2\/users\/82"}],"replies":[{"embeddable":true,"href":"https:\/\/www.africa-press.net\/madagascar\/wp-json\/wp\/v2\/comments?post=1299"}],"version-history":[{"count":0,"href":"https:\/\/www.africa-press.net\/madagascar\/wp-json\/wp\/v2\/posts\/1299\/revisions"}],"wp:featuredmedia":[{"embeddable":true,"href":"https:\/\/www.africa-press.net\/madagascar\/wp-json\/wp\/v2\/media\/1298"}],"wp:attachment":[{"href":"https:\/\/www.africa-press.net\/madagascar\/wp-json\/wp\/v2\/media?parent=1299"}],"wp:term":[{"taxonomy":"category","embeddable":true,"href":"https:\/\/www.africa-press.net\/madagascar\/wp-json\/wp\/v2\/categories?post=1299"},{"taxonomy":"post_tag","embeddable":true,"href":"https:\/\/www.africa-press.net\/madagascar\/wp-json\/wp\/v2\/tags?post=1299"}],"curies":[{"name":"wp","href":"https:\/\/api.w.org\/{rel}","templated":true}]}}