{"id":20110,"date":"2023-10-11T10:50:47","date_gmt":"2023-10-11T10:50:47","guid":{"rendered":"https:\/\/www.africa-press.net\/madagascar\/politique\/presidentielle-demarrage-de-la-campagne-electorale-sur-fond-de-tensions-politiques"},"modified":"2023-10-11T12:18:08","modified_gmt":"2023-10-11T12:18:08","slug":"presidentielle-demarrage-de-la-campagne-electorale-sur-fond-de-tensions-politiques","status":"publish","type":"post","link":"https:\/\/www.africa-press.net\/madagascar\/politique\/presidentielle-demarrage-de-la-campagne-electorale-sur-fond-de-tensions-politiques","title":{"rendered":"Pr\u00e9sidentielle : D\u00e9marrage de la campagne \u00e9lectorale sur fond de tensions politiques"},"content":{"rendered":"<p><span style=\"color: #ff6600\"><strong>Africa-Press &#8211; Madagascar. <\/strong><\/span>La campagne e\u0301lectorale en vue de la Pre\u0301sidentielle malgache, dont le premier tour est pre\u0301vu le 9 novembre prochain, a de\u0301marre\u0301 mardi 10 octobre a\u0300 Madagascar sur fond de tensions entre camps politiques rivaux.<\/p>\n<p>D\u2019un co\u0302te\u0301, le Pre\u0301sident sortant Andry Rajoelina, candidat a\u0300 sa propre succession, et son e\u0301quipe ont entame\u0301 cette premie\u0300re journe\u0301e de campagne par une se\u0301ance de prie\u0300re sur la colline de Mahatazana, a\u0300 Antananarivo. Le candidat portant le dossard nume\u0301ro 3 a, par la suite, rallie\u0301 la partie nord de l\u2019i\u0302le en vue d\u2019un meeting politique avec ses partisans. Pour le moment, le camp du Pre\u0301sident sortant est le seul a\u0300 faire campagne.<\/p>\n<p>\u00ab Nous respectons strictement ce qui est pre\u0301vu par la Constitution. La loi a fixe\u0301 que la campagne e\u0301lectorale de\u0301bute aujourd\u2019hui et nous nous y conformons, rien de plus \u00bb, marte\u0300le Lalatiana Rakotondrazafy, ex \u2013 Ministre de la Culture et de la Communication dans une de\u0301claration a\u0300 Anadolu. Parmi les figures emble\u0301matiques du re\u0301gime d\u2019Andry Rajoeline, elle a de\u0301pose\u0301 sa de\u0301mission de son poste de ministre hier, 09 octobre pour faire campagne aux co\u0302te\u0301s de l\u2019ancien Pre\u0301sident.<\/p>\n<p>Concernant la manifestation des candidats de l\u2019opposition, elle a affirme\u0301 qu&rsquo;\u00ab aucun texte ne stipule que si les autres candidats boycottent la campagne e\u0301lectorale, l\u2019e\u0301lection ne pourrait se tenir \u00bb.<\/p>\n<p>Le collectif des 11 candidats, qui rassemble en majorite\u0301 des chefs de partis politiques, a de\u0301cide\u0301, pour sa part, de boycotter la campagne e\u0301lectorale. Ils ont de\u0301cide\u0301 de poursuivre leur manifestation en faisant le tour des quartiers populaires comme Anosibe et Andavamamba. \u00ab Tant que nos revendications ne sont pas satisfaites, nous continuerons. Nous exigeons la recomposition de la CENI (Commission e\u0301lectorale nationale inde\u0301pendante) et du gouvernement ainsi que la mise en place d\u2019une Cour e\u0301lectorale spe\u0301ciale (CES) \u00bb, explique Jean Jacques Ratsietison un des candidats du collectifs dans une de\u0301claration a\u0300 Anadolu.<\/p>\n<p>Selon toujours ses explications, ils revendiquent e\u0301galement l\u2019exclusion du candidat Andry Rajoelina de la course pre\u0301sidentielle a\u0300 cause de son acquisition de la nationalite\u0301 franc\u0327aise.<\/p>\n<p>Les candidats du collectif ont effectue\u0301 une se\u0301rie de marches dans les rues de la Capitale depuis le lundi 02 octobre dernier et entendent poursuivre leur manifestation dans les autres re\u0301gions du pays. Un seul candidat de\u0301nomme\u0301 Raderanirina Sendrison Daniela qui n\u2019est pas issu d\u2019un parti politique est, quant a\u0300 lui, reste\u0301 silencieux.<\/p>\n<p>Depuis plusieurs jours, le Conseil \u0153cume\u0301nique des e\u0301glises chre\u0301tiennes de Madagascar (FFKM) a entame\u0301 une me\u0301diation en enchai\u0302nant les rencontres avec les deux parties mais n\u2019a pas encore de\u0301bouche\u0301 vers une entente.<\/p>\n<p>Madagascar s\u2019appre\u0302te a\u0300 e\u0301lire un nouveau Pre\u0301sident de la Re\u0301publique le 09 novembre pour un mandat de cinq ans. 13 candidats ont e\u0301te\u0301 officiellement valide\u0301s par la Haute Cour Constitutionnelle. La campagne e\u0301lectorale s\u2019e\u0301tendra sur une trentaine de jours avant une journe\u0301e de silence e\u0301lectorale qui pre\u0301ce\u0300dera le jour du scrutin.<\/p>\n<p><strong>Pour plus d&rsquo;informations et d&rsquo;analyses sur la <a href=\"https:\/\/www.africa-press.net\/madagascar\">Madagascar<\/a>, suivez <a href=\"https:\/\/www.africa-press.net\/\">Africa-Press<\/a><\/strong><\/p>\n","protected":false},"excerpt":{"rendered":"<p>Africa-Press &#8211; Madagascar. La campagne e\u0301lectorale en vue de la Pre\u0301sidentielle malgache, dont le premier tour est pre\u0301vu le 9 novembre prochain, a de\u0301marre\u0301 mardi 10 octobre a\u0300 Madagascar sur fond de tensions entre camps politiques rivaux. D\u2019un co\u0302te\u0301, le Pre\u0301sident sortant Andry Rajoelina, candidat a\u0300 sa propre succession, et son e\u0301quipe ont entame\u0301 cette [&hellip;]<\/p>\n","protected":false},"author":82,"featured_media":20109,"comment_status":"open","ping_status":"closed","sticky":false,"template":"","format":"standard","meta":{"footnotes":""},"categories":[2,10],"tags":[36,50,49,846],"class_list":["post-20110","post","type-post","status-publish","format-standard","has-post-thumbnail","hentry","category-politique","category-toutes-les-actualites","tag-africa-press","tag-africa-press-madagascar","tag-madagascar","tag-presidentielle"],"yoast_head":"<!-- This site is optimized with the Yoast SEO Premium plugin v26.1 (Yoast SEO v27.0) - https:\/\/yoast.com\/product\/yoast-seo-premium-wordpress\/ -->\n<title>Pr\u00e9sidentielle : D\u00e9marrage de la campagne \u00e9lectorale sur fond de tensions politiques - Madagascar<\/title>\n<meta name=\"description\" content=\"La campagne e\u0301lectorale en vue de la Pre\u0301sidentielle malgache, dont le premier tour est pre\u0301vu le 9 novembre prochain, a ...\" \/>\n<meta name=\"robots\" content=\"index, follow, max-snippet:-1, max-image-preview:large, max-video-preview:-1\" \/>\n<link rel=\"canonical\" href=\"https:\/\/www.africa-press.net\/madagascar\/politique\/presidentielle-demarrage-de-la-campagne-electorale-sur-fond-de-tensions-politiques\" \/>\n<meta property=\"og:locale\" content=\"fr_FR\" \/>\n<meta property=\"og:type\" content=\"article\" \/>\n<meta property=\"og:title\" content=\"Pr\u00e9sidentielle : D\u00e9marrage de la campagne \u00e9lectorale sur fond de tensions politiques\" \/>\n<meta property=\"og:description\" content=\"La campagne e\u0301lectorale en vue de la Pre\u0301sidentielle malgache, dont le premier tour est pre\u0301vu le 9 novembre prochain, a ...\" \/>\n<meta property=\"og:url\" content=\"https:\/\/www.africa-press.net\/madagascar\/politique\/presidentielle-demarrage-de-la-campagne-electorale-sur-fond-de-tensions-politiques\" \/>\n<meta property=\"og:site_name\" content=\"Madagascar\" \/>\n<meta property=\"article:published_time\" content=\"2023-10-11T10:50:47+00:00\" \/>\n<meta property=\"article:modified_time\" content=\"2023-10-11T12:18:08+00:00\" \/>\n<meta property=\"og:image\" content=\"https:\/\/static.africa-press.net\/madagascar\/sites\/56\/2023\/10\/sm_1697010370.411655.jpg\" \/>\n\t<meta property=\"og:image:width\" content=\"864\" \/>\n\t<meta property=\"og:image:height\" content=\"486\" \/>\n\t<meta property=\"og:image:type\" content=\"image\/jpeg\" \/>\n<meta name=\"author\" content=\"cfeditorfr\" \/>\n<meta name=\"twitter:card\" content=\"summary_large_image\" \/>\n<meta name=\"twitter:label1\" content=\"\u00c9crit par\" \/>\n\t<meta name=\"twitter:data1\" content=\"cfeditorfr\" \/>\n\t<meta name=\"twitter:label2\" content=\"Dur\u00e9e de lecture estim\u00e9e\" \/>\n\t<meta name=\"twitter:data2\" content=\"3 minutes\" \/>\n<script type=\"application\/ld+json\" class=\"yoast-schema-graph\">{\"@context\":\"https:\/\/schema.org\",\"@graph\":[{\"@type\":\"Article\",\"@id\":\"https:\/\/www.africa-press.net\/madagascar\/politique\/presidentielle-demarrage-de-la-campagne-electorale-sur-fond-de-tensions-politiques#article\",\"isPartOf\":{\"@id\":\"https:\/\/www.africa-press.net\/madagascar\/politique\/presidentielle-demarrage-de-la-campagne-electorale-sur-fond-de-tensions-politiques\"},\"author\":{\"name\":\"cfeditorfr\",\"@id\":\"https:\/\/www.africa-press.net\/madagascar\/#\/schema\/person\/2b1cf3cd81a31e3cd26889ca66d677f1\"},\"headline\":\"Pr\u00e9sidentielle : D\u00e9marrage de la campagne \u00e9lectorale sur fond de tensions politiques\",\"datePublished\":\"2023-10-11T10:50:47+00:00\",\"dateModified\":\"2023-10-11T12:18:08+00:00\",\"mainEntityOfPage\":{\"@id\":\"https:\/\/www.africa-press.net\/madagascar\/politique\/presidentielle-demarrage-de-la-campagne-electorale-sur-fond-de-tensions-politiques\"},\"wordCount\":557,\"commentCount\":0,\"image\":{\"@id\":\"https:\/\/www.africa-press.net\/madagascar\/politique\/presidentielle-demarrage-de-la-campagne-electorale-sur-fond-de-tensions-politiques#primaryimage\"},\"thumbnailUrl\":\"https:\/\/static.africa-press.net\/madagascar\/sites\/56\/2023\/10\/sm_1697010370.411655.jpg\",\"keywords\":[\"Africa Press\",\"Africa Press-Madagascar\",\"Madagascar\",\"Pr\u00e9sidentielle\"],\"articleSection\":[\"Politique\",\"Toutes les actualit\u00e9s\"],\"inLanguage\":\"fr-FR\",\"potentialAction\":[{\"@type\":\"CommentAction\",\"name\":\"Comment\",\"target\":[\"https:\/\/www.africa-press.net\/madagascar\/politique\/presidentielle-demarrage-de-la-campagne-electorale-sur-fond-de-tensions-politiques#respond\"]}]},{\"@type\":\"WebPage\",\"@id\":\"https:\/\/www.africa-press.net\/madagascar\/politique\/presidentielle-demarrage-de-la-campagne-electorale-sur-fond-de-tensions-politiques\",\"url\":\"https:\/\/www.africa-press.net\/madagascar\/politique\/presidentielle-demarrage-de-la-campagne-electorale-sur-fond-de-tensions-politiques\",\"name\":\"Pr\u00e9sidentielle : D\u00e9marrage de la campagne \u00e9lectorale sur fond de tensions politiques - Madagascar\",\"isPartOf\":{\"@id\":\"https:\/\/www.africa-press.net\/madagascar\/#website\"},\"primaryImageOfPage\":{\"@id\":\"https:\/\/www.africa-press.net\/madagascar\/politique\/presidentielle-demarrage-de-la-campagne-electorale-sur-fond-de-tensions-politiques#primaryimage\"},\"image\":{\"@id\":\"https:\/\/www.africa-press.net\/madagascar\/politique\/presidentielle-demarrage-de-la-campagne-electorale-sur-fond-de-tensions-politiques#primaryimage\"},\"thumbnailUrl\":\"https:\/\/static.africa-press.net\/madagascar\/sites\/56\/2023\/10\/sm_1697010370.411655.jpg\",\"datePublished\":\"2023-10-11T10:50:47+00:00\",\"dateModified\":\"2023-10-11T12:18:08+00:00\",\"author\":{\"@id\":\"https:\/\/www.africa-press.net\/madagascar\/#\/schema\/person\/2b1cf3cd81a31e3cd26889ca66d677f1\"},\"description\":\"La campagne e\u0301lectorale en vue de la Pre\u0301sidentielle malgache, dont le premier tour est pre\u0301vu le 9 novembre prochain, a ...\",\"breadcrumb\":{\"@id\":\"https:\/\/www.africa-press.net\/madagascar\/politique\/presidentielle-demarrage-de-la-campagne-electorale-sur-fond-de-tensions-politiques#breadcrumb\"},\"inLanguage\":\"fr-FR\",\"potentialAction\":[{\"@type\":\"ReadAction\",\"target\":[\"https:\/\/www.africa-press.net\/madagascar\/politique\/presidentielle-demarrage-de-la-campagne-electorale-sur-fond-de-tensions-politiques\"]}]},{\"@type\":\"ImageObject\",\"inLanguage\":\"fr-FR\",\"@id\":\"https:\/\/www.africa-press.net\/madagascar\/politique\/presidentielle-demarrage-de-la-campagne-electorale-sur-fond-de-tensions-politiques#primaryimage\",\"url\":\"https:\/\/static.africa-press.net\/madagascar\/sites\/56\/2023\/10\/sm_1697010370.411655.jpg\",\"contentUrl\":\"https:\/\/static.africa-press.net\/madagascar\/sites\/56\/2023\/10\/sm_1697010370.411655.jpg\",\"width\":864,\"height\":486,\"caption\":\"Pr\u00e9sidentielle : D\u00e9marrage de la campagne \u00e9lectorale sur fond de tensions politiques\"},{\"@type\":\"BreadcrumbList\",\"@id\":\"https:\/\/www.africa-press.net\/madagascar\/politique\/presidentielle-demarrage-de-la-campagne-electorale-sur-fond-de-tensions-politiques#breadcrumb\",\"itemListElement\":[{\"@type\":\"ListItem\",\"position\":1,\"name\":\"Accueil\",\"item\":\"https:\/\/www.africa-press.net\/madagascar\/\"},{\"@type\":\"ListItem\",\"position\":2,\"name\":\"Pr\u00e9sidentielle : D\u00e9marrage de la campagne \u00e9lectorale sur fond de tensions politiques\"}]},{\"@type\":\"WebSite\",\"@id\":\"https:\/\/www.africa-press.net\/madagascar\/#website\",\"url\":\"https:\/\/www.africa-press.net\/madagascar\/\",\"name\":\"Madagascar\",\"description\":\"Just another Africa News Agency Sites site\",\"potentialAction\":[{\"@type\":\"SearchAction\",\"target\":{\"@type\":\"EntryPoint\",\"urlTemplate\":\"https:\/\/www.africa-press.net\/madagascar\/?s={search_term_string}\"},\"query-input\":{\"@type\":\"PropertyValueSpecification\",\"valueRequired\":true,\"valueName\":\"search_term_string\"}}],\"inLanguage\":\"fr-FR\"},{\"@type\":\"Person\",\"@id\":\"https:\/\/www.africa-press.net\/madagascar\/#\/schema\/person\/2b1cf3cd81a31e3cd26889ca66d677f1\",\"name\":\"cfeditorfr\"}]}<\/script>\n<!-- \/ Yoast SEO Premium plugin. -->","yoast_head_json":{"title":"Pr\u00e9sidentielle : D\u00e9marrage de la campagne \u00e9lectorale sur fond de tensions politiques - Madagascar","description":"La campagne e\u0301lectorale en vue de la Pre\u0301sidentielle malgache, dont le premier tour est pre\u0301vu le 9 novembre prochain, a ...","robots":{"index":"index","follow":"follow","max-snippet":"max-snippet:-1","max-image-preview":"max-image-preview:large","max-video-preview":"max-video-preview:-1"},"canonical":"https:\/\/www.africa-press.net\/madagascar\/politique\/presidentielle-demarrage-de-la-campagne-electorale-sur-fond-de-tensions-politiques","og_locale":"fr_FR","og_type":"article","og_title":"Pr\u00e9sidentielle : D\u00e9marrage de la campagne \u00e9lectorale sur fond de tensions politiques","og_description":"La campagne e\u0301lectorale en vue de la Pre\u0301sidentielle malgache, dont le premier tour est pre\u0301vu le 9 novembre prochain, a ...","og_url":"https:\/\/www.africa-press.net\/madagascar\/politique\/presidentielle-demarrage-de-la-campagne-electorale-sur-fond-de-tensions-politiques","og_site_name":"Madagascar","article_published_time":"2023-10-11T10:50:47+00:00","article_modified_time":"2023-10-11T12:18:08+00:00","og_image":[{"width":864,"height":486,"url":"https:\/\/static.africa-press.net\/madagascar\/sites\/56\/2023\/10\/sm_1697010370.411655.jpg","type":"image\/jpeg"}],"author":"cfeditorfr","twitter_card":"summary_large_image","twitter_misc":{"\u00c9crit par":"cfeditorfr","Dur\u00e9e de lecture estim\u00e9e":"3 minutes"},"schema":{"@context":"https:\/\/schema.org","@graph":[{"@type":"Article","@id":"https:\/\/www.africa-press.net\/madagascar\/politique\/presidentielle-demarrage-de-la-campagne-electorale-sur-fond-de-tensions-politiques#article","isPartOf":{"@id":"https:\/\/www.africa-press.net\/madagascar\/politique\/presidentielle-demarrage-de-la-campagne-electorale-sur-fond-de-tensions-politiques"},"author":{"name":"cfeditorfr","@id":"https:\/\/www.africa-press.net\/madagascar\/#\/schema\/person\/2b1cf3cd81a31e3cd26889ca66d677f1"},"headline":"Pr\u00e9sidentielle : D\u00e9marrage de la campagne \u00e9lectorale sur fond de tensions politiques","datePublished":"2023-10-11T10:50:47+00:00","dateModified":"2023-10-11T12:18:08+00:00","mainEntityOfPage":{"@id":"https:\/\/www.africa-press.net\/madagascar\/politique\/presidentielle-demarrage-de-la-campagne-electorale-sur-fond-de-tensions-politiques"},"wordCount":557,"commentCount":0,"image":{"@id":"https:\/\/www.africa-press.net\/madagascar\/politique\/presidentielle-demarrage-de-la-campagne-electorale-sur-fond-de-tensions-politiques#primaryimage"},"thumbnailUrl":"https:\/\/static.africa-press.net\/madagascar\/sites\/56\/2023\/10\/sm_1697010370.411655.jpg","keywords":["Africa Press","Africa Press-Madagascar","Madagascar","Pr\u00e9sidentielle"],"articleSection":["Politique","Toutes les actualit\u00e9s"],"inLanguage":"fr-FR","potentialAction":[{"@type":"CommentAction","name":"Comment","target":["https:\/\/www.africa-press.net\/madagascar\/politique\/presidentielle-demarrage-de-la-campagne-electorale-sur-fond-de-tensions-politiques#respond"]}]},{"@type":"WebPage","@id":"https:\/\/www.africa-press.net\/madagascar\/politique\/presidentielle-demarrage-de-la-campagne-electorale-sur-fond-de-tensions-politiques","url":"https:\/\/www.africa-press.net\/madagascar\/politique\/presidentielle-demarrage-de-la-campagne-electorale-sur-fond-de-tensions-politiques","name":"Pr\u00e9sidentielle : D\u00e9marrage de la campagne \u00e9lectorale sur fond de tensions politiques - Madagascar","isPartOf":{"@id":"https:\/\/www.africa-press.net\/madagascar\/#website"},"primaryImageOfPage":{"@id":"https:\/\/www.africa-press.net\/madagascar\/politique\/presidentielle-demarrage-de-la-campagne-electorale-sur-fond-de-tensions-politiques#primaryimage"},"image":{"@id":"https:\/\/www.africa-press.net\/madagascar\/politique\/presidentielle-demarrage-de-la-campagne-electorale-sur-fond-de-tensions-politiques#primaryimage"},"thumbnailUrl":"https:\/\/static.africa-press.net\/madagascar\/sites\/56\/2023\/10\/sm_1697010370.411655.jpg","datePublished":"2023-10-11T10:50:47+00:00","dateModified":"2023-10-11T12:18:08+00:00","author":{"@id":"https:\/\/www.africa-press.net\/madagascar\/#\/schema\/person\/2b1cf3cd81a31e3cd26889ca66d677f1"},"description":"La campagne e\u0301lectorale en vue de la Pre\u0301sidentielle malgache, dont le premier tour est pre\u0301vu le 9 novembre prochain, a ...","breadcrumb":{"@id":"https:\/\/www.africa-press.net\/madagascar\/politique\/presidentielle-demarrage-de-la-campagne-electorale-sur-fond-de-tensions-politiques#breadcrumb"},"inLanguage":"fr-FR","potentialAction":[{"@type":"ReadAction","target":["https:\/\/www.africa-press.net\/madagascar\/politique\/presidentielle-demarrage-de-la-campagne-electorale-sur-fond-de-tensions-politiques"]}]},{"@type":"ImageObject","inLanguage":"fr-FR","@id":"https:\/\/www.africa-press.net\/madagascar\/politique\/presidentielle-demarrage-de-la-campagne-electorale-sur-fond-de-tensions-politiques#primaryimage","url":"https:\/\/static.africa-press.net\/madagascar\/sites\/56\/2023\/10\/sm_1697010370.411655.jpg","contentUrl":"https:\/\/static.africa-press.net\/madagascar\/sites\/56\/2023\/10\/sm_1697010370.411655.jpg","width":864,"height":486,"caption":"Pr\u00e9sidentielle : D\u00e9marrage de la campagne \u00e9lectorale sur fond de tensions politiques"},{"@type":"BreadcrumbList","@id":"https:\/\/www.africa-press.net\/madagascar\/politique\/presidentielle-demarrage-de-la-campagne-electorale-sur-fond-de-tensions-politiques#breadcrumb","itemListElement":[{"@type":"ListItem","position":1,"name":"Accueil","item":"https:\/\/www.africa-press.net\/madagascar\/"},{"@type":"ListItem","position":2,"name":"Pr\u00e9sidentielle : D\u00e9marrage de la campagne \u00e9lectorale sur fond de tensions politiques"}]},{"@type":"WebSite","@id":"https:\/\/www.africa-press.net\/madagascar\/#website","url":"https:\/\/www.africa-press.net\/madagascar\/","name":"Madagascar","description":"Just another Africa News Agency Sites site","potentialAction":[{"@type":"SearchAction","target":{"@type":"EntryPoint","urlTemplate":"https:\/\/www.africa-press.net\/madagascar\/?s={search_term_string}"},"query-input":{"@type":"PropertyValueSpecification","valueRequired":true,"valueName":"search_term_string"}}],"inLanguage":"fr-FR"},{"@type":"Person","@id":"https:\/\/www.africa-press.net\/madagascar\/#\/schema\/person\/2b1cf3cd81a31e3cd26889ca66d677f1","name":"cfeditorfr"}]}},"_links":{"self":[{"href":"https:\/\/www.africa-press.net\/madagascar\/wp-json\/wp\/v2\/posts\/20110","targetHints":{"allow":["GET"]}}],"collection":[{"href":"https:\/\/www.africa-press.net\/madagascar\/wp-json\/wp\/v2\/posts"}],"about":[{"href":"https:\/\/www.africa-press.net\/madagascar\/wp-json\/wp\/v2\/types\/post"}],"author":[{"embeddable":true,"href":"https:\/\/www.africa-press.net\/madagascar\/wp-json\/wp\/v2\/users\/82"}],"replies":[{"embeddable":true,"href":"https:\/\/www.africa-press.net\/madagascar\/wp-json\/wp\/v2\/comments?post=20110"}],"version-history":[{"count":0,"href":"https:\/\/www.africa-press.net\/madagascar\/wp-json\/wp\/v2\/posts\/20110\/revisions"}],"wp:featuredmedia":[{"embeddable":true,"href":"https:\/\/www.africa-press.net\/madagascar\/wp-json\/wp\/v2\/media\/20109"}],"wp:attachment":[{"href":"https:\/\/www.africa-press.net\/madagascar\/wp-json\/wp\/v2\/media?parent=20110"}],"wp:term":[{"taxonomy":"category","embeddable":true,"href":"https:\/\/www.africa-press.net\/madagascar\/wp-json\/wp\/v2\/categories?post=20110"},{"taxonomy":"post_tag","embeddable":true,"href":"https:\/\/www.africa-press.net\/madagascar\/wp-json\/wp\/v2\/tags?post=20110"}],"curies":[{"name":"wp","href":"https:\/\/api.w.org\/{rel}","templated":true}]}}