{"id":21581,"date":"2023-11-15T19:05:13","date_gmt":"2023-11-15T19:05:13","guid":{"rendered":"https:\/\/www.africa-press.net\/madagascar\/politique\/presidentielle-couvre-feu-feu-decrete-dans-la-capitale-pour-deux-nuits"},"modified":"2023-11-15T20:49:09","modified_gmt":"2023-11-15T20:49:09","slug":"presidentielle-couvre-feu-feu-decrete-dans-la-capitale-pour-deux-nuits","status":"publish","type":"post","link":"https:\/\/www.africa-press.net\/madagascar\/politique\/presidentielle-couvre-feu-feu-decrete-dans-la-capitale-pour-deux-nuits","title":{"rendered":"Pr\u00e9sidentielle : couvre-feu feu d\u00e9cr\u00e9t\u00e9 dans la Capitale pour deux nuits"},"content":{"rendered":"<p><span style=\"color: #ff6600\"><strong>Africa-Press &#8211; Madagascar. <\/strong><\/span>A moins de 24 heures du scrutin pre\u0301sidentiel pre\u0301vu a\u0300 Madagascar ce jeudi 16 novembre, les dispositifs de se\u0301curite\u0301 sont renforce\u0301s a\u0300 Antananarivo et dans l\u2019ensemble de la re\u0301gion Analamanga.<\/p>\n<p>La Pre\u0301fecture de Police d\u2019Antananarivo a e\u0301mis un arre\u0302te\u0301 visant la mise en place d\u2019un couvre-feu qui s\u2019e\u0301tendra sur deux nuits entre 21 heures a\u0300 04 heures : la nuit du 15 novembre a\u0300 la veille de l\u2019e\u0301lection et dans la nuit du 16 novembre, date du scrutin.<\/p>\n<p>Toutes circulations de personnes sont ainsi interdites dans cette plage horaire.<\/p>\n<p>\u00ab Cette de\u0301cision a e\u0301te\u0301 prise suite a\u0300 de multiples actes de sabotage qui sont survenus ces derniers temps et dans un souci de se\u0301curite\u0301 en cette pe\u0301riode e\u0301lectorale \u00bb, explique le Ge\u0301ne\u0301ral Angelo Ravelonarivo, Pre\u0301fet de Police d\u2019Antananarivo au cours d\u2019une de\u0301claration a\u0300 la presse ce mercredi.<\/p>\n<p>Il e\u0301voque les cas d\u2019incendie suspects dans trois bureaux de fokontany qui abritaient des mate\u0301riels de vote dans la nuit du 14 novembre.<\/p>\n<p>Interroge\u0301 par Anadolu, Hery Rasoamaromaka, ex-Gouverneur d\u2019Analamanga et non moins Secre\u0301taire national du parti \u00ab Tanora Malagasy Vonona \u00bb ou TGV (proche du pouvoir) approuve totalement la de\u0301cision des forces de l\u2019ordre.<\/p>\n<p>\u00ab Je pense que c\u2019est ne\u0301cessaire afin de contrecarrer les actions des fauteurs de troubles. Mieux vaut pre\u0301venir que gue\u0301rir \u00bb, affirme \u2013t\u2013 il.<\/p>\n<p>Pour sa part, Julien Andriamorasata, membre du bureau politique du parti \u00ab Tiako i Madagasikara \u00bb (opposition) a exprime\u0301 dans une de\u0301claration a\u0300 Anadolu que \u00ab l\u2019instauration d\u2019un couvre \u2013 feu montre qu\u2019il n\u2019y a pas du tout d\u2019apaisement dans le pays. Qu\u2019on le veuille ou non cela risque d\u2019avoir une re\u0301percussion sur l\u2019e\u0301lection et sur la volonte\u0301 des e\u0301lecteurs a\u0300 participer au scrutin \u00bb.<\/p>\n<p>Depuis un mois, le collectif des candidats, qui rassemble plusieurs leaders de l\u2019opposition, a tenu une se\u0301rie de manifestation dans la Capitale pour revendiquer le report de l\u2019e\u0301lection qu\u2019ils jugent non transparente.<\/p>\n<p>Le collectif a pose\u0301 plusieurs conditions pour tenir le scrutin pre\u0301sidentiel, telles que la dissolution de la Haute Cour constitutionnelle et la Commission e\u0301lectorale nationale inde\u0301pendante, entre autres.<\/p>\n<p>La Grande I\u0302le s\u2019appre\u0302te a\u0300 e\u0301lire un nouveau Pre\u0301sident de la Re\u0301publique pour un mandat de cinq ans.<\/p>\n<p>13 candidats avaient de\u0301pose\u0301 leurs dossiers de candidature, mais seulement 3 d&rsquo;entre eux ont fait campagne, dont le pre\u0301sident sortant Andry Rajoelina. Les dix autres boycottent le processus.<\/p>\n<p><strong>Pour plus d&rsquo;informations et d&rsquo;analyses sur la <a href=\"https:\/\/www.africa-press.net\/madagascar\">Madagascar<\/a>, suivez <a href=\"https:\/\/www.africa-press.net\/\">Africa-Press<\/a><\/strong><\/p>\n","protected":false},"excerpt":{"rendered":"<p>Africa-Press &#8211; Madagascar. A moins de 24 heures du scrutin pre\u0301sidentiel pre\u0301vu a\u0300 Madagascar ce jeudi 16 novembre, les dispositifs de se\u0301curite\u0301 sont renforce\u0301s a\u0300 Antananarivo et dans l\u2019ensemble de la re\u0301gion Analamanga. La Pre\u0301fecture de Police d\u2019Antananarivo a e\u0301mis un arre\u0302te\u0301 visant la mise en place d\u2019un couvre-feu qui s\u2019e\u0301tendra sur deux nuits entre [&hellip;]<\/p>\n","protected":false},"author":82,"featured_media":21580,"comment_status":"open","ping_status":"closed","sticky":false,"template":"","format":"standard","meta":{"footnotes":""},"categories":[2,52,20,10],"tags":[36,50,978,42,49],"class_list":["post-21581","post","type-post","status-publish","format-standard","has-post-thumbnail","hentry","category-politique","category-to-homepage","category-top-nouvelles","category-toutes-les-actualites","tag-africa-press","tag-africa-press-madagascar","tag-couvre-feu","tag-election-presidentielle","tag-madagascar"],"yoast_head":"<!-- This site is optimized with the Yoast SEO Premium plugin v26.1 (Yoast SEO v27.0) - https:\/\/yoast.com\/product\/yoast-seo-premium-wordpress\/ -->\n<title>Pr\u00e9sidentielle : couvre-feu feu d\u00e9cr\u00e9t\u00e9 dans la Capitale pour deux nuits - Madagascar<\/title>\n<meta name=\"description\" content=\"A moins de 24 heures du scrutin pre\u0301sidentiel pre\u0301vu a\u0300 Madagascar ce jeudi 16 novembre, les dispositifs de se\u0301curite\u0301 s ...\" \/>\n<meta name=\"robots\" content=\"index, follow, max-snippet:-1, max-image-preview:large, max-video-preview:-1\" \/>\n<link rel=\"canonical\" href=\"https:\/\/www.africa-press.net\/madagascar\/politique\/presidentielle-couvre-feu-feu-decrete-dans-la-capitale-pour-deux-nuits\" \/>\n<meta property=\"og:locale\" content=\"fr_FR\" \/>\n<meta property=\"og:type\" content=\"article\" \/>\n<meta property=\"og:title\" content=\"Pr\u00e9sidentielle : couvre-feu feu d\u00e9cr\u00e9t\u00e9 dans la Capitale pour deux nuits\" \/>\n<meta property=\"og:description\" content=\"A moins de 24 heures du scrutin pre\u0301sidentiel pre\u0301vu a\u0300 Madagascar ce jeudi 16 novembre, les dispositifs de se\u0301curite\u0301 s ...\" \/>\n<meta property=\"og:url\" content=\"https:\/\/www.africa-press.net\/madagascar\/politique\/presidentielle-couvre-feu-feu-decrete-dans-la-capitale-pour-deux-nuits\" \/>\n<meta property=\"og:site_name\" content=\"Madagascar\" \/>\n<meta property=\"article:published_time\" content=\"2023-11-15T19:05:13+00:00\" \/>\n<meta property=\"article:modified_time\" content=\"2023-11-15T20:49:09+00:00\" \/>\n<meta property=\"og:image\" content=\"https:\/\/static.africa-press.net\/madagascar\/sites\/56\/2023\/11\/sm_1700065076.115388.jpg\" \/>\n\t<meta property=\"og:image:width\" content=\"720\" \/>\n\t<meta property=\"og:image:height\" content=\"405\" \/>\n\t<meta property=\"og:image:type\" content=\"image\/jpeg\" \/>\n<meta name=\"author\" content=\"cfeditorfr\" \/>\n<meta name=\"twitter:card\" content=\"summary_large_image\" \/>\n<meta name=\"twitter:label1\" content=\"\u00c9crit par\" \/>\n\t<meta name=\"twitter:data1\" content=\"cfeditorfr\" \/>\n\t<meta name=\"twitter:label2\" content=\"Dur\u00e9e de lecture estim\u00e9e\" \/>\n\t<meta name=\"twitter:data2\" content=\"2 minutes\" \/>\n<script type=\"application\/ld+json\" class=\"yoast-schema-graph\">{\"@context\":\"https:\/\/schema.org\",\"@graph\":[{\"@type\":\"Article\",\"@id\":\"https:\/\/www.africa-press.net\/madagascar\/politique\/presidentielle-couvre-feu-feu-decrete-dans-la-capitale-pour-deux-nuits#article\",\"isPartOf\":{\"@id\":\"https:\/\/www.africa-press.net\/madagascar\/politique\/presidentielle-couvre-feu-feu-decrete-dans-la-capitale-pour-deux-nuits\"},\"author\":{\"name\":\"cfeditorfr\",\"@id\":\"https:\/\/www.africa-press.net\/madagascar\/#\/schema\/person\/2b1cf3cd81a31e3cd26889ca66d677f1\"},\"headline\":\"Pr\u00e9sidentielle : couvre-feu feu d\u00e9cr\u00e9t\u00e9 dans la Capitale pour deux nuits\",\"datePublished\":\"2023-11-15T19:05:13+00:00\",\"dateModified\":\"2023-11-15T20:49:09+00:00\",\"mainEntityOfPage\":{\"@id\":\"https:\/\/www.africa-press.net\/madagascar\/politique\/presidentielle-couvre-feu-feu-decrete-dans-la-capitale-pour-deux-nuits\"},\"wordCount\":460,\"commentCount\":0,\"image\":{\"@id\":\"https:\/\/www.africa-press.net\/madagascar\/politique\/presidentielle-couvre-feu-feu-decrete-dans-la-capitale-pour-deux-nuits#primaryimage\"},\"thumbnailUrl\":\"https:\/\/static.africa-press.net\/madagascar\/sites\/56\/2023\/11\/sm_1700065076.115388.jpg\",\"keywords\":[\"Africa Press\",\"Africa Press-Madagascar\",\"Couvre-feu\",\"\u00c9lection pr\u00e9sidentielle\",\"Madagascar\"],\"articleSection\":[\"Politique\",\"to-homepage\",\"Top Nouvelles\",\"Toutes les actualit\u00e9s\"],\"inLanguage\":\"fr-FR\",\"potentialAction\":[{\"@type\":\"CommentAction\",\"name\":\"Comment\",\"target\":[\"https:\/\/www.africa-press.net\/madagascar\/politique\/presidentielle-couvre-feu-feu-decrete-dans-la-capitale-pour-deux-nuits#respond\"]}]},{\"@type\":\"WebPage\",\"@id\":\"https:\/\/www.africa-press.net\/madagascar\/politique\/presidentielle-couvre-feu-feu-decrete-dans-la-capitale-pour-deux-nuits\",\"url\":\"https:\/\/www.africa-press.net\/madagascar\/politique\/presidentielle-couvre-feu-feu-decrete-dans-la-capitale-pour-deux-nuits\",\"name\":\"Pr\u00e9sidentielle : couvre-feu feu d\u00e9cr\u00e9t\u00e9 dans la Capitale pour deux nuits - Madagascar\",\"isPartOf\":{\"@id\":\"https:\/\/www.africa-press.net\/madagascar\/#website\"},\"primaryImageOfPage\":{\"@id\":\"https:\/\/www.africa-press.net\/madagascar\/politique\/presidentielle-couvre-feu-feu-decrete-dans-la-capitale-pour-deux-nuits#primaryimage\"},\"image\":{\"@id\":\"https:\/\/www.africa-press.net\/madagascar\/politique\/presidentielle-couvre-feu-feu-decrete-dans-la-capitale-pour-deux-nuits#primaryimage\"},\"thumbnailUrl\":\"https:\/\/static.africa-press.net\/madagascar\/sites\/56\/2023\/11\/sm_1700065076.115388.jpg\",\"datePublished\":\"2023-11-15T19:05:13+00:00\",\"dateModified\":\"2023-11-15T20:49:09+00:00\",\"author\":{\"@id\":\"https:\/\/www.africa-press.net\/madagascar\/#\/schema\/person\/2b1cf3cd81a31e3cd26889ca66d677f1\"},\"description\":\"A moins de 24 heures du scrutin pre\u0301sidentiel pre\u0301vu a\u0300 Madagascar ce jeudi 16 novembre, les dispositifs de se\u0301curite\u0301 s ...\",\"breadcrumb\":{\"@id\":\"https:\/\/www.africa-press.net\/madagascar\/politique\/presidentielle-couvre-feu-feu-decrete-dans-la-capitale-pour-deux-nuits#breadcrumb\"},\"inLanguage\":\"fr-FR\",\"potentialAction\":[{\"@type\":\"ReadAction\",\"target\":[\"https:\/\/www.africa-press.net\/madagascar\/politique\/presidentielle-couvre-feu-feu-decrete-dans-la-capitale-pour-deux-nuits\"]}]},{\"@type\":\"ImageObject\",\"inLanguage\":\"fr-FR\",\"@id\":\"https:\/\/www.africa-press.net\/madagascar\/politique\/presidentielle-couvre-feu-feu-decrete-dans-la-capitale-pour-deux-nuits#primaryimage\",\"url\":\"https:\/\/static.africa-press.net\/madagascar\/sites\/56\/2023\/11\/sm_1700065076.115388.jpg\",\"contentUrl\":\"https:\/\/static.africa-press.net\/madagascar\/sites\/56\/2023\/11\/sm_1700065076.115388.jpg\",\"width\":720,\"height\":405,\"caption\":\"Pr\u00e9sidentielle : couvre-feu feu d\u00e9cr\u00e9t\u00e9 dans la Capitale pour deux nuits\"},{\"@type\":\"BreadcrumbList\",\"@id\":\"https:\/\/www.africa-press.net\/madagascar\/politique\/presidentielle-couvre-feu-feu-decrete-dans-la-capitale-pour-deux-nuits#breadcrumb\",\"itemListElement\":[{\"@type\":\"ListItem\",\"position\":1,\"name\":\"Accueil\",\"item\":\"https:\/\/www.africa-press.net\/madagascar\/\"},{\"@type\":\"ListItem\",\"position\":2,\"name\":\"Pr\u00e9sidentielle : couvre-feu feu d\u00e9cr\u00e9t\u00e9 dans la Capitale pour deux nuits\"}]},{\"@type\":\"WebSite\",\"@id\":\"https:\/\/www.africa-press.net\/madagascar\/#website\",\"url\":\"https:\/\/www.africa-press.net\/madagascar\/\",\"name\":\"Madagascar\",\"description\":\"Just another Africa News Agency Sites site\",\"potentialAction\":[{\"@type\":\"SearchAction\",\"target\":{\"@type\":\"EntryPoint\",\"urlTemplate\":\"https:\/\/www.africa-press.net\/madagascar\/?s={search_term_string}\"},\"query-input\":{\"@type\":\"PropertyValueSpecification\",\"valueRequired\":true,\"valueName\":\"search_term_string\"}}],\"inLanguage\":\"fr-FR\"},{\"@type\":\"Person\",\"@id\":\"https:\/\/www.africa-press.net\/madagascar\/#\/schema\/person\/2b1cf3cd81a31e3cd26889ca66d677f1\",\"name\":\"cfeditorfr\"}]}<\/script>\n<!-- \/ Yoast SEO Premium plugin. -->","yoast_head_json":{"title":"Pr\u00e9sidentielle : couvre-feu feu d\u00e9cr\u00e9t\u00e9 dans la Capitale pour deux nuits - Madagascar","description":"A moins de 24 heures du scrutin pre\u0301sidentiel pre\u0301vu a\u0300 Madagascar ce jeudi 16 novembre, les dispositifs de se\u0301curite\u0301 s ...","robots":{"index":"index","follow":"follow","max-snippet":"max-snippet:-1","max-image-preview":"max-image-preview:large","max-video-preview":"max-video-preview:-1"},"canonical":"https:\/\/www.africa-press.net\/madagascar\/politique\/presidentielle-couvre-feu-feu-decrete-dans-la-capitale-pour-deux-nuits","og_locale":"fr_FR","og_type":"article","og_title":"Pr\u00e9sidentielle : couvre-feu feu d\u00e9cr\u00e9t\u00e9 dans la Capitale pour deux nuits","og_description":"A moins de 24 heures du scrutin pre\u0301sidentiel pre\u0301vu a\u0300 Madagascar ce jeudi 16 novembre, les dispositifs de se\u0301curite\u0301 s ...","og_url":"https:\/\/www.africa-press.net\/madagascar\/politique\/presidentielle-couvre-feu-feu-decrete-dans-la-capitale-pour-deux-nuits","og_site_name":"Madagascar","article_published_time":"2023-11-15T19:05:13+00:00","article_modified_time":"2023-11-15T20:49:09+00:00","og_image":[{"width":720,"height":405,"url":"https:\/\/static.africa-press.net\/madagascar\/sites\/56\/2023\/11\/sm_1700065076.115388.jpg","type":"image\/jpeg"}],"author":"cfeditorfr","twitter_card":"summary_large_image","twitter_misc":{"\u00c9crit par":"cfeditorfr","Dur\u00e9e de lecture estim\u00e9e":"2 minutes"},"schema":{"@context":"https:\/\/schema.org","@graph":[{"@type":"Article","@id":"https:\/\/www.africa-press.net\/madagascar\/politique\/presidentielle-couvre-feu-feu-decrete-dans-la-capitale-pour-deux-nuits#article","isPartOf":{"@id":"https:\/\/www.africa-press.net\/madagascar\/politique\/presidentielle-couvre-feu-feu-decrete-dans-la-capitale-pour-deux-nuits"},"author":{"name":"cfeditorfr","@id":"https:\/\/www.africa-press.net\/madagascar\/#\/schema\/person\/2b1cf3cd81a31e3cd26889ca66d677f1"},"headline":"Pr\u00e9sidentielle : couvre-feu feu d\u00e9cr\u00e9t\u00e9 dans la Capitale pour deux nuits","datePublished":"2023-11-15T19:05:13+00:00","dateModified":"2023-11-15T20:49:09+00:00","mainEntityOfPage":{"@id":"https:\/\/www.africa-press.net\/madagascar\/politique\/presidentielle-couvre-feu-feu-decrete-dans-la-capitale-pour-deux-nuits"},"wordCount":460,"commentCount":0,"image":{"@id":"https:\/\/www.africa-press.net\/madagascar\/politique\/presidentielle-couvre-feu-feu-decrete-dans-la-capitale-pour-deux-nuits#primaryimage"},"thumbnailUrl":"https:\/\/static.africa-press.net\/madagascar\/sites\/56\/2023\/11\/sm_1700065076.115388.jpg","keywords":["Africa Press","Africa Press-Madagascar","Couvre-feu","\u00c9lection pr\u00e9sidentielle","Madagascar"],"articleSection":["Politique","to-homepage","Top Nouvelles","Toutes les actualit\u00e9s"],"inLanguage":"fr-FR","potentialAction":[{"@type":"CommentAction","name":"Comment","target":["https:\/\/www.africa-press.net\/madagascar\/politique\/presidentielle-couvre-feu-feu-decrete-dans-la-capitale-pour-deux-nuits#respond"]}]},{"@type":"WebPage","@id":"https:\/\/www.africa-press.net\/madagascar\/politique\/presidentielle-couvre-feu-feu-decrete-dans-la-capitale-pour-deux-nuits","url":"https:\/\/www.africa-press.net\/madagascar\/politique\/presidentielle-couvre-feu-feu-decrete-dans-la-capitale-pour-deux-nuits","name":"Pr\u00e9sidentielle : couvre-feu feu d\u00e9cr\u00e9t\u00e9 dans la Capitale pour deux nuits - Madagascar","isPartOf":{"@id":"https:\/\/www.africa-press.net\/madagascar\/#website"},"primaryImageOfPage":{"@id":"https:\/\/www.africa-press.net\/madagascar\/politique\/presidentielle-couvre-feu-feu-decrete-dans-la-capitale-pour-deux-nuits#primaryimage"},"image":{"@id":"https:\/\/www.africa-press.net\/madagascar\/politique\/presidentielle-couvre-feu-feu-decrete-dans-la-capitale-pour-deux-nuits#primaryimage"},"thumbnailUrl":"https:\/\/static.africa-press.net\/madagascar\/sites\/56\/2023\/11\/sm_1700065076.115388.jpg","datePublished":"2023-11-15T19:05:13+00:00","dateModified":"2023-11-15T20:49:09+00:00","author":{"@id":"https:\/\/www.africa-press.net\/madagascar\/#\/schema\/person\/2b1cf3cd81a31e3cd26889ca66d677f1"},"description":"A moins de 24 heures du scrutin pre\u0301sidentiel pre\u0301vu a\u0300 Madagascar ce jeudi 16 novembre, les dispositifs de se\u0301curite\u0301 s ...","breadcrumb":{"@id":"https:\/\/www.africa-press.net\/madagascar\/politique\/presidentielle-couvre-feu-feu-decrete-dans-la-capitale-pour-deux-nuits#breadcrumb"},"inLanguage":"fr-FR","potentialAction":[{"@type":"ReadAction","target":["https:\/\/www.africa-press.net\/madagascar\/politique\/presidentielle-couvre-feu-feu-decrete-dans-la-capitale-pour-deux-nuits"]}]},{"@type":"ImageObject","inLanguage":"fr-FR","@id":"https:\/\/www.africa-press.net\/madagascar\/politique\/presidentielle-couvre-feu-feu-decrete-dans-la-capitale-pour-deux-nuits#primaryimage","url":"https:\/\/static.africa-press.net\/madagascar\/sites\/56\/2023\/11\/sm_1700065076.115388.jpg","contentUrl":"https:\/\/static.africa-press.net\/madagascar\/sites\/56\/2023\/11\/sm_1700065076.115388.jpg","width":720,"height":405,"caption":"Pr\u00e9sidentielle : couvre-feu feu d\u00e9cr\u00e9t\u00e9 dans la Capitale pour deux nuits"},{"@type":"BreadcrumbList","@id":"https:\/\/www.africa-press.net\/madagascar\/politique\/presidentielle-couvre-feu-feu-decrete-dans-la-capitale-pour-deux-nuits#breadcrumb","itemListElement":[{"@type":"ListItem","position":1,"name":"Accueil","item":"https:\/\/www.africa-press.net\/madagascar\/"},{"@type":"ListItem","position":2,"name":"Pr\u00e9sidentielle : couvre-feu feu d\u00e9cr\u00e9t\u00e9 dans la Capitale pour deux nuits"}]},{"@type":"WebSite","@id":"https:\/\/www.africa-press.net\/madagascar\/#website","url":"https:\/\/www.africa-press.net\/madagascar\/","name":"Madagascar","description":"Just another Africa News Agency Sites site","potentialAction":[{"@type":"SearchAction","target":{"@type":"EntryPoint","urlTemplate":"https:\/\/www.africa-press.net\/madagascar\/?s={search_term_string}"},"query-input":{"@type":"PropertyValueSpecification","valueRequired":true,"valueName":"search_term_string"}}],"inLanguage":"fr-FR"},{"@type":"Person","@id":"https:\/\/www.africa-press.net\/madagascar\/#\/schema\/person\/2b1cf3cd81a31e3cd26889ca66d677f1","name":"cfeditorfr"}]}},"_links":{"self":[{"href":"https:\/\/www.africa-press.net\/madagascar\/wp-json\/wp\/v2\/posts\/21581","targetHints":{"allow":["GET"]}}],"collection":[{"href":"https:\/\/www.africa-press.net\/madagascar\/wp-json\/wp\/v2\/posts"}],"about":[{"href":"https:\/\/www.africa-press.net\/madagascar\/wp-json\/wp\/v2\/types\/post"}],"author":[{"embeddable":true,"href":"https:\/\/www.africa-press.net\/madagascar\/wp-json\/wp\/v2\/users\/82"}],"replies":[{"embeddable":true,"href":"https:\/\/www.africa-press.net\/madagascar\/wp-json\/wp\/v2\/comments?post=21581"}],"version-history":[{"count":0,"href":"https:\/\/www.africa-press.net\/madagascar\/wp-json\/wp\/v2\/posts\/21581\/revisions"}],"wp:featuredmedia":[{"embeddable":true,"href":"https:\/\/www.africa-press.net\/madagascar\/wp-json\/wp\/v2\/media\/21580"}],"wp:attachment":[{"href":"https:\/\/www.africa-press.net\/madagascar\/wp-json\/wp\/v2\/media?parent=21581"}],"wp:term":[{"taxonomy":"category","embeddable":true,"href":"https:\/\/www.africa-press.net\/madagascar\/wp-json\/wp\/v2\/categories?post=21581"},{"taxonomy":"post_tag","embeddable":true,"href":"https:\/\/www.africa-press.net\/madagascar\/wp-json\/wp\/v2\/tags?post=21581"}],"curies":[{"name":"wp","href":"https:\/\/api.w.org\/{rel}","templated":true}]}}