{"id":21626,"date":"2023-11-16T06:00:41","date_gmt":"2023-11-16T06:00:41","guid":{"rendered":"https:\/\/www.africa-press.net\/madagascar\/politique\/le-premier-tour-de-la-presidentielle-demarre-dans-le-calme"},"modified":"2023-11-16T21:37:52","modified_gmt":"2023-11-16T21:37:52","slug":"le-premier-tour-de-la-presidentielle-demarre-dans-le-calme","status":"publish","type":"post","link":"https:\/\/www.africa-press.net\/madagascar\/politique\/le-premier-tour-de-la-presidentielle-demarre-dans-le-calme","title":{"rendered":"Le premier tour de la pr\u00e9sidentielle d\u00e9marre dans le calme"},"content":{"rendered":"<p><span style=\"color: #ff6600\"><strong>Africa-Press &#8211; Madagascar. <\/strong><\/span>Jour J pour le premier tour de l\u2019e\u0301lection pre\u0301sidentielle a\u0300 Madagascar. Plus de 11 millions d\u2019e\u0301lecteurs inscrits dans la liste e\u0301lectorale, selon les chiffres de la Commission e\u0301lectorale nationale inde\u0301pendante (CENI), sont appele\u0301s aux urnes. A priori, le scrutin se de\u0301roule dans le calme en cette matine\u0301e du 16 novembre afin d\u2019e\u0301lire un nouveau pre\u0301sident pour un mandat de cinq ans. Plusieurs e\u0301le\u0301ments des forces de l\u2019ordre e\u0301taient discre\u0300tement poste\u0301s aux alentours des bureaux de vote.<\/p>\n<p>Au bureau de vote de Tsimbazaza, a\u0300 Antananarivo, ou\u0300 la correspondante d&rsquo;Anadolu s&rsquo;est rendue, des e\u0301lecteurs ont choisi de s\u2019acquitter de leur devoir tre\u0300s to\u0302t dans la matine\u0301e.<\/p>\n<p>\u00ab Je suis venu tre\u0300s to\u0302t car je ne veux pas faire la queue \u00bb, confie a\u0300 Anadolu Rajaona, un pe\u0300re de famille de 75 ans. Arrive\u0301 sur les lieux a\u0300 6h15 du matin, il figure parmi les premiers venus a\u0300 ce bureau de vote de Tsimbazaza ou\u0300 une petite file commenc\u0327ait de\u0301ja\u0300 a\u0300 se former.<\/p>\n<p>\u00ab Je tenais absolument a\u0300 voter car c\u2019est mon droit, sinon je me conside\u0300rerais comme les de\u0301tenus qui n\u2019ont pas le droit de voter \u00bb, affirme, pour sa part, Noeline, une me\u0300re de famille de 50 ans.<\/p>\n<p>La jeune Emmanuella, 21 ans, quant a\u0300 elle, vote pour la premie\u0300re fois depuis sa majorite\u0301. \u00ab J\u2019avais ha\u0302te de venir voter et d\u2019exercer mon droit pour la premie\u0300re fois \u00bb, se re\u0301jouit-elle.<\/p>\n<p>Plusieurs observateurs de la CENI font e\u0301galement des allers-retours au niveau de ce bureau de vote.<\/p>\n<p>Treize candidats ont e\u0301te\u0301 valide\u0301s par la Haute Cour Constitutionnelle dans le cadre de cette e\u0301lection pre\u0301sidentielle a\u0300 Madagascar. Dix candidats rassemble\u0301s au sein d\u2019un collectif ont boycotte\u0301 la campagne e\u0301lectorale contre trois autres candidats qui ont fait campagne. Plusieurs partisans du mouvement du collectif des candidats ont affiche\u0301, sur les re\u0301seaux sociaux, leur choix de ne pas prendre part a\u0300 l\u2019e\u0301lection avec la mention \u00ab Tsy hifidy aho \u00bb (Je ne vais pas voter).<\/p>\n<p>En ce jour du scrutin, deux candidats, a\u0300 savoir le pre\u0301sident sortant Andry Rajoelina et un autre concurrent de\u0301nomme\u0301 Raderanirina Sendrison Daniela se sont de\u0301ja\u0300 acquitte\u0301s de leur devoir respectivement a\u0300 Ambatobe et a\u0300 Ambositra (Fianarantsoa).<\/p>\n<p>Andry Rajoelina, 49 ans, qui se dit confiant de remporter la victoire de\u0300s le premier tour, fait face notamment a\u0300 son rival et ancien chef d&rsquo;Etat, Marc Ravalomanana.<\/p>\n<p><strong>Pour plus d&rsquo;informations et d&rsquo;analyses sur la <a href=\"https:\/\/www.africa-press.net\/madagascar\">Madagascar<\/a>, suivez <a href=\"https:\/\/www.africa-press.net\/\">Africa-Press<\/a><\/strong><\/p>\n","protected":false},"excerpt":{"rendered":"<p>Africa-Press &#8211; Madagascar. Jour J pour le premier tour de l\u2019e\u0301lection pre\u0301sidentielle a\u0300 Madagascar. Plus de 11 millions d\u2019e\u0301lecteurs inscrits dans la liste e\u0301lectorale, selon les chiffres de la Commission e\u0301lectorale nationale inde\u0301pendante (CENI), sont appele\u0301s aux urnes. A priori, le scrutin se de\u0301roule dans le calme en cette matine\u0301e du 16 novembre afin d\u2019e\u0301lire [&hellip;]<\/p>\n","protected":false},"author":82,"featured_media":21625,"comment_status":"open","ping_status":"closed","sticky":false,"template":"","format":"standard","meta":{"footnotes":""},"categories":[2,52,20,10],"tags":[36,50,53,49,979,846],"class_list":["post-21626","post","type-post","status-publish","format-standard","has-post-thumbnail","hentry","category-politique","category-to-homepage","category-top-nouvelles","category-toutes-les-actualites","tag-africa-press","tag-africa-press-madagascar","tag-andry-rajoelina","tag-madagascar","tag-premier-tour","tag-presidentielle"],"yoast_head":"<!-- This site is optimized with the Yoast SEO Premium plugin v26.1 (Yoast SEO v27.0) - https:\/\/yoast.com\/product\/yoast-seo-premium-wordpress\/ -->\n<title>Le premier tour de la pr\u00e9sidentielle d\u00e9marre dans le calme - Madagascar<\/title>\n<meta name=\"description\" content=\"Jour J pour le premier tour de l\u2019e\u0301lection pre\u0301sidentielle a\u0300 Madagascar. Plus de 11 millions d\u2019e\u0301lecteurs inscrits dans ...\" \/>\n<meta name=\"robots\" content=\"index, follow, max-snippet:-1, max-image-preview:large, max-video-preview:-1\" \/>\n<link rel=\"canonical\" href=\"https:\/\/www.africa-press.net\/madagascar\/politique\/le-premier-tour-de-la-presidentielle-demarre-dans-le-calme\" \/>\n<meta property=\"og:locale\" content=\"fr_FR\" \/>\n<meta property=\"og:type\" content=\"article\" \/>\n<meta property=\"og:title\" content=\"Le premier tour de la pr\u00e9sidentielle d\u00e9marre dans le calme\" \/>\n<meta property=\"og:description\" content=\"Jour J pour le premier tour de l\u2019e\u0301lection pre\u0301sidentielle a\u0300 Madagascar. Plus de 11 millions d\u2019e\u0301lecteurs inscrits dans ...\" \/>\n<meta property=\"og:url\" content=\"https:\/\/www.africa-press.net\/madagascar\/politique\/le-premier-tour-de-la-presidentielle-demarre-dans-le-calme\" \/>\n<meta property=\"og:site_name\" content=\"Madagascar\" \/>\n<meta property=\"article:published_time\" content=\"2023-11-16T06:00:41+00:00\" \/>\n<meta property=\"article:modified_time\" content=\"2023-11-16T21:37:52+00:00\" \/>\n<meta property=\"og:image\" content=\"https:\/\/static.africa-press.net\/madagascar\/sites\/56\/2023\/11\/sm_1700154219.886495.jpg\" \/>\n\t<meta property=\"og:image:width\" content=\"863\" \/>\n\t<meta property=\"og:image:height\" content=\"486\" \/>\n\t<meta property=\"og:image:type\" content=\"image\/jpeg\" \/>\n<meta name=\"author\" content=\"cfeditorfr\" \/>\n<meta name=\"twitter:card\" content=\"summary_large_image\" \/>\n<meta name=\"twitter:label1\" content=\"\u00c9crit par\" \/>\n\t<meta name=\"twitter:data1\" content=\"cfeditorfr\" \/>\n\t<meta name=\"twitter:label2\" content=\"Dur\u00e9e de lecture estim\u00e9e\" \/>\n\t<meta name=\"twitter:data2\" content=\"2 minutes\" \/>\n<script type=\"application\/ld+json\" class=\"yoast-schema-graph\">{\"@context\":\"https:\/\/schema.org\",\"@graph\":[{\"@type\":\"Article\",\"@id\":\"https:\/\/www.africa-press.net\/madagascar\/politique\/le-premier-tour-de-la-presidentielle-demarre-dans-le-calme#article\",\"isPartOf\":{\"@id\":\"https:\/\/www.africa-press.net\/madagascar\/politique\/le-premier-tour-de-la-presidentielle-demarre-dans-le-calme\"},\"author\":{\"name\":\"cfeditorfr\",\"@id\":\"https:\/\/www.africa-press.net\/madagascar\/#\/schema\/person\/2b1cf3cd81a31e3cd26889ca66d677f1\"},\"headline\":\"Le premier tour de la pr\u00e9sidentielle d\u00e9marre dans le calme\",\"datePublished\":\"2023-11-16T06:00:41+00:00\",\"dateModified\":\"2023-11-16T21:37:52+00:00\",\"mainEntityOfPage\":{\"@id\":\"https:\/\/www.africa-press.net\/madagascar\/politique\/le-premier-tour-de-la-presidentielle-demarre-dans-le-calme\"},\"wordCount\":458,\"commentCount\":0,\"image\":{\"@id\":\"https:\/\/www.africa-press.net\/madagascar\/politique\/le-premier-tour-de-la-presidentielle-demarre-dans-le-calme#primaryimage\"},\"thumbnailUrl\":\"https:\/\/static.africa-press.net\/madagascar\/sites\/56\/2023\/11\/sm_1700154219.886495.jpg\",\"keywords\":[\"Africa Press\",\"Africa Press-Madagascar\",\"Andry Rajoelina\",\"Madagascar\",\"Premier tour\",\"Pr\u00e9sidentielle\"],\"articleSection\":[\"Politique\",\"to-homepage\",\"Top Nouvelles\",\"Toutes les actualit\u00e9s\"],\"inLanguage\":\"fr-FR\",\"potentialAction\":[{\"@type\":\"CommentAction\",\"name\":\"Comment\",\"target\":[\"https:\/\/www.africa-press.net\/madagascar\/politique\/le-premier-tour-de-la-presidentielle-demarre-dans-le-calme#respond\"]}]},{\"@type\":\"WebPage\",\"@id\":\"https:\/\/www.africa-press.net\/madagascar\/politique\/le-premier-tour-de-la-presidentielle-demarre-dans-le-calme\",\"url\":\"https:\/\/www.africa-press.net\/madagascar\/politique\/le-premier-tour-de-la-presidentielle-demarre-dans-le-calme\",\"name\":\"Le premier tour de la pr\u00e9sidentielle d\u00e9marre dans le calme - Madagascar\",\"isPartOf\":{\"@id\":\"https:\/\/www.africa-press.net\/madagascar\/#website\"},\"primaryImageOfPage\":{\"@id\":\"https:\/\/www.africa-press.net\/madagascar\/politique\/le-premier-tour-de-la-presidentielle-demarre-dans-le-calme#primaryimage\"},\"image\":{\"@id\":\"https:\/\/www.africa-press.net\/madagascar\/politique\/le-premier-tour-de-la-presidentielle-demarre-dans-le-calme#primaryimage\"},\"thumbnailUrl\":\"https:\/\/static.africa-press.net\/madagascar\/sites\/56\/2023\/11\/sm_1700154219.886495.jpg\",\"datePublished\":\"2023-11-16T06:00:41+00:00\",\"dateModified\":\"2023-11-16T21:37:52+00:00\",\"author\":{\"@id\":\"https:\/\/www.africa-press.net\/madagascar\/#\/schema\/person\/2b1cf3cd81a31e3cd26889ca66d677f1\"},\"description\":\"Jour J pour le premier tour de l\u2019e\u0301lection pre\u0301sidentielle a\u0300 Madagascar. Plus de 11 millions d\u2019e\u0301lecteurs inscrits dans ...\",\"breadcrumb\":{\"@id\":\"https:\/\/www.africa-press.net\/madagascar\/politique\/le-premier-tour-de-la-presidentielle-demarre-dans-le-calme#breadcrumb\"},\"inLanguage\":\"fr-FR\",\"potentialAction\":[{\"@type\":\"ReadAction\",\"target\":[\"https:\/\/www.africa-press.net\/madagascar\/politique\/le-premier-tour-de-la-presidentielle-demarre-dans-le-calme\"]}]},{\"@type\":\"ImageObject\",\"inLanguage\":\"fr-FR\",\"@id\":\"https:\/\/www.africa-press.net\/madagascar\/politique\/le-premier-tour-de-la-presidentielle-demarre-dans-le-calme#primaryimage\",\"url\":\"https:\/\/static.africa-press.net\/madagascar\/sites\/56\/2023\/11\/sm_1700154219.886495.jpg\",\"contentUrl\":\"https:\/\/static.africa-press.net\/madagascar\/sites\/56\/2023\/11\/sm_1700154219.886495.jpg\",\"width\":863,\"height\":486,\"caption\":\"Le premier tour de la pr\u00e9sidentielle d\u00e9marre dans le calme\"},{\"@type\":\"BreadcrumbList\",\"@id\":\"https:\/\/www.africa-press.net\/madagascar\/politique\/le-premier-tour-de-la-presidentielle-demarre-dans-le-calme#breadcrumb\",\"itemListElement\":[{\"@type\":\"ListItem\",\"position\":1,\"name\":\"Accueil\",\"item\":\"https:\/\/www.africa-press.net\/madagascar\/\"},{\"@type\":\"ListItem\",\"position\":2,\"name\":\"Le premier tour de la pr\u00e9sidentielle d\u00e9marre dans le calme\"}]},{\"@type\":\"WebSite\",\"@id\":\"https:\/\/www.africa-press.net\/madagascar\/#website\",\"url\":\"https:\/\/www.africa-press.net\/madagascar\/\",\"name\":\"Madagascar\",\"description\":\"Just another Africa News Agency Sites site\",\"potentialAction\":[{\"@type\":\"SearchAction\",\"target\":{\"@type\":\"EntryPoint\",\"urlTemplate\":\"https:\/\/www.africa-press.net\/madagascar\/?s={search_term_string}\"},\"query-input\":{\"@type\":\"PropertyValueSpecification\",\"valueRequired\":true,\"valueName\":\"search_term_string\"}}],\"inLanguage\":\"fr-FR\"},{\"@type\":\"Person\",\"@id\":\"https:\/\/www.africa-press.net\/madagascar\/#\/schema\/person\/2b1cf3cd81a31e3cd26889ca66d677f1\",\"name\":\"cfeditorfr\"}]}<\/script>\n<!-- \/ Yoast SEO Premium plugin. -->","yoast_head_json":{"title":"Le premier tour de la pr\u00e9sidentielle d\u00e9marre dans le calme - Madagascar","description":"Jour J pour le premier tour de l\u2019e\u0301lection pre\u0301sidentielle a\u0300 Madagascar. Plus de 11 millions d\u2019e\u0301lecteurs inscrits dans ...","robots":{"index":"index","follow":"follow","max-snippet":"max-snippet:-1","max-image-preview":"max-image-preview:large","max-video-preview":"max-video-preview:-1"},"canonical":"https:\/\/www.africa-press.net\/madagascar\/politique\/le-premier-tour-de-la-presidentielle-demarre-dans-le-calme","og_locale":"fr_FR","og_type":"article","og_title":"Le premier tour de la pr\u00e9sidentielle d\u00e9marre dans le calme","og_description":"Jour J pour le premier tour de l\u2019e\u0301lection pre\u0301sidentielle a\u0300 Madagascar. Plus de 11 millions d\u2019e\u0301lecteurs inscrits dans ...","og_url":"https:\/\/www.africa-press.net\/madagascar\/politique\/le-premier-tour-de-la-presidentielle-demarre-dans-le-calme","og_site_name":"Madagascar","article_published_time":"2023-11-16T06:00:41+00:00","article_modified_time":"2023-11-16T21:37:52+00:00","og_image":[{"width":863,"height":486,"url":"https:\/\/static.africa-press.net\/madagascar\/sites\/56\/2023\/11\/sm_1700154219.886495.jpg","type":"image\/jpeg"}],"author":"cfeditorfr","twitter_card":"summary_large_image","twitter_misc":{"\u00c9crit par":"cfeditorfr","Dur\u00e9e de lecture estim\u00e9e":"2 minutes"},"schema":{"@context":"https:\/\/schema.org","@graph":[{"@type":"Article","@id":"https:\/\/www.africa-press.net\/madagascar\/politique\/le-premier-tour-de-la-presidentielle-demarre-dans-le-calme#article","isPartOf":{"@id":"https:\/\/www.africa-press.net\/madagascar\/politique\/le-premier-tour-de-la-presidentielle-demarre-dans-le-calme"},"author":{"name":"cfeditorfr","@id":"https:\/\/www.africa-press.net\/madagascar\/#\/schema\/person\/2b1cf3cd81a31e3cd26889ca66d677f1"},"headline":"Le premier tour de la pr\u00e9sidentielle d\u00e9marre dans le calme","datePublished":"2023-11-16T06:00:41+00:00","dateModified":"2023-11-16T21:37:52+00:00","mainEntityOfPage":{"@id":"https:\/\/www.africa-press.net\/madagascar\/politique\/le-premier-tour-de-la-presidentielle-demarre-dans-le-calme"},"wordCount":458,"commentCount":0,"image":{"@id":"https:\/\/www.africa-press.net\/madagascar\/politique\/le-premier-tour-de-la-presidentielle-demarre-dans-le-calme#primaryimage"},"thumbnailUrl":"https:\/\/static.africa-press.net\/madagascar\/sites\/56\/2023\/11\/sm_1700154219.886495.jpg","keywords":["Africa Press","Africa Press-Madagascar","Andry Rajoelina","Madagascar","Premier tour","Pr\u00e9sidentielle"],"articleSection":["Politique","to-homepage","Top Nouvelles","Toutes les actualit\u00e9s"],"inLanguage":"fr-FR","potentialAction":[{"@type":"CommentAction","name":"Comment","target":["https:\/\/www.africa-press.net\/madagascar\/politique\/le-premier-tour-de-la-presidentielle-demarre-dans-le-calme#respond"]}]},{"@type":"WebPage","@id":"https:\/\/www.africa-press.net\/madagascar\/politique\/le-premier-tour-de-la-presidentielle-demarre-dans-le-calme","url":"https:\/\/www.africa-press.net\/madagascar\/politique\/le-premier-tour-de-la-presidentielle-demarre-dans-le-calme","name":"Le premier tour de la pr\u00e9sidentielle d\u00e9marre dans le calme - Madagascar","isPartOf":{"@id":"https:\/\/www.africa-press.net\/madagascar\/#website"},"primaryImageOfPage":{"@id":"https:\/\/www.africa-press.net\/madagascar\/politique\/le-premier-tour-de-la-presidentielle-demarre-dans-le-calme#primaryimage"},"image":{"@id":"https:\/\/www.africa-press.net\/madagascar\/politique\/le-premier-tour-de-la-presidentielle-demarre-dans-le-calme#primaryimage"},"thumbnailUrl":"https:\/\/static.africa-press.net\/madagascar\/sites\/56\/2023\/11\/sm_1700154219.886495.jpg","datePublished":"2023-11-16T06:00:41+00:00","dateModified":"2023-11-16T21:37:52+00:00","author":{"@id":"https:\/\/www.africa-press.net\/madagascar\/#\/schema\/person\/2b1cf3cd81a31e3cd26889ca66d677f1"},"description":"Jour J pour le premier tour de l\u2019e\u0301lection pre\u0301sidentielle a\u0300 Madagascar. Plus de 11 millions d\u2019e\u0301lecteurs inscrits dans ...","breadcrumb":{"@id":"https:\/\/www.africa-press.net\/madagascar\/politique\/le-premier-tour-de-la-presidentielle-demarre-dans-le-calme#breadcrumb"},"inLanguage":"fr-FR","potentialAction":[{"@type":"ReadAction","target":["https:\/\/www.africa-press.net\/madagascar\/politique\/le-premier-tour-de-la-presidentielle-demarre-dans-le-calme"]}]},{"@type":"ImageObject","inLanguage":"fr-FR","@id":"https:\/\/www.africa-press.net\/madagascar\/politique\/le-premier-tour-de-la-presidentielle-demarre-dans-le-calme#primaryimage","url":"https:\/\/static.africa-press.net\/madagascar\/sites\/56\/2023\/11\/sm_1700154219.886495.jpg","contentUrl":"https:\/\/static.africa-press.net\/madagascar\/sites\/56\/2023\/11\/sm_1700154219.886495.jpg","width":863,"height":486,"caption":"Le premier tour de la pr\u00e9sidentielle d\u00e9marre dans le calme"},{"@type":"BreadcrumbList","@id":"https:\/\/www.africa-press.net\/madagascar\/politique\/le-premier-tour-de-la-presidentielle-demarre-dans-le-calme#breadcrumb","itemListElement":[{"@type":"ListItem","position":1,"name":"Accueil","item":"https:\/\/www.africa-press.net\/madagascar\/"},{"@type":"ListItem","position":2,"name":"Le premier tour de la pr\u00e9sidentielle d\u00e9marre dans le calme"}]},{"@type":"WebSite","@id":"https:\/\/www.africa-press.net\/madagascar\/#website","url":"https:\/\/www.africa-press.net\/madagascar\/","name":"Madagascar","description":"Just another Africa News Agency Sites site","potentialAction":[{"@type":"SearchAction","target":{"@type":"EntryPoint","urlTemplate":"https:\/\/www.africa-press.net\/madagascar\/?s={search_term_string}"},"query-input":{"@type":"PropertyValueSpecification","valueRequired":true,"valueName":"search_term_string"}}],"inLanguage":"fr-FR"},{"@type":"Person","@id":"https:\/\/www.africa-press.net\/madagascar\/#\/schema\/person\/2b1cf3cd81a31e3cd26889ca66d677f1","name":"cfeditorfr"}]}},"_links":{"self":[{"href":"https:\/\/www.africa-press.net\/madagascar\/wp-json\/wp\/v2\/posts\/21626","targetHints":{"allow":["GET"]}}],"collection":[{"href":"https:\/\/www.africa-press.net\/madagascar\/wp-json\/wp\/v2\/posts"}],"about":[{"href":"https:\/\/www.africa-press.net\/madagascar\/wp-json\/wp\/v2\/types\/post"}],"author":[{"embeddable":true,"href":"https:\/\/www.africa-press.net\/madagascar\/wp-json\/wp\/v2\/users\/82"}],"replies":[{"embeddable":true,"href":"https:\/\/www.africa-press.net\/madagascar\/wp-json\/wp\/v2\/comments?post=21626"}],"version-history":[{"count":0,"href":"https:\/\/www.africa-press.net\/madagascar\/wp-json\/wp\/v2\/posts\/21626\/revisions"}],"wp:featuredmedia":[{"embeddable":true,"href":"https:\/\/www.africa-press.net\/madagascar\/wp-json\/wp\/v2\/media\/21625"}],"wp:attachment":[{"href":"https:\/\/www.africa-press.net\/madagascar\/wp-json\/wp\/v2\/media?parent=21626"}],"wp:term":[{"taxonomy":"category","embeddable":true,"href":"https:\/\/www.africa-press.net\/madagascar\/wp-json\/wp\/v2\/categories?post=21626"},{"taxonomy":"post_tag","embeddable":true,"href":"https:\/\/www.africa-press.net\/madagascar\/wp-json\/wp\/v2\/tags?post=21626"}],"curies":[{"name":"wp","href":"https:\/\/api.w.org\/{rel}","templated":true}]}}