{"id":21734,"date":"2023-11-19T07:23:59","date_gmt":"2023-11-19T07:23:59","guid":{"rendered":"https:\/\/www.africa-press.net\/madagascar\/politique\/madagascar-presidentielle-andry-rajoelina-provisoirement-en-tete-le-taux-de-participation-estime-a-4315"},"modified":"2023-11-19T21:12:29","modified_gmt":"2023-11-19T21:12:29","slug":"madagascar-presidentielle-andry-rajoelina-provisoirement-en-tete-le-taux-de-participation-estime-a-4315","status":"publish","type":"post","link":"https:\/\/www.africa-press.net\/madagascar\/politique\/madagascar-presidentielle-andry-rajoelina-provisoirement-en-tete-le-taux-de-participation-estime-a-4315","title":{"rendered":"Madagascar\/Pr\u00e9sidentielle : Andry Rajoelina provisoirement en t\u00eate, le taux de participation estim\u00e9 \u00e0 43,15%"},"content":{"rendered":"<p><span style=\"color: #ff6600\"><strong>Africa-Press &#8211; Madagascar. <\/strong><\/span>Trois jour apre\u0300s l\u2019e\u0301lection pre\u0301sidentielle qui s\u2019est tenue a\u0300 Madagascar le jeudi 16 novembre, la Commission e\u0301lectorale nationale inde\u0301pendante (CENI) est encore en plein traitement des re\u0301sultats. Pre\u0300s de 10 107 bureaux de vote sur les 27 375 re\u0301partis dans toute l\u2019i\u0302le ont pu faire parvenir les re\u0301sultats. Le taux de participation est estime\u0301 a\u0300 43,15%.<\/p>\n<p>D\u2019apre\u0300s les statistiques provisoire publie\u0301es par la CENI ce dimanche 19 novembre a\u0300 19h (heure locale), le pre\u0301sident sortant Andry Rajoelina se situe provisoirement en te\u0302te en obtenant 62,39% des voix, suivi du candidat Siteny Randrianasoliniaiko en deuxie\u0300me position avec 12,21% tandis que l\u2019ancien pre\u0301sident Marc Ravalomanana arrive en troisie\u0300me position avec 11,22% des voix.<\/p>\n<p>L\u2019opposition pointe du doigt un faible taux de participation a\u0300 ce premier tour de la pre\u0301sidentielle et continue d\u2019appeler ses partisans a\u0300 \u00ab encore se mobiliser pour poursuivre le combat \u00bb.<\/p>\n<p>Samedi, la mission d\u2019observation e\u0301lectorale compose\u0301e des e\u0301quipes de la Communaute\u0301 de de\u0301veloppement de l\u2019Afrique Australe (SADC) a fait une de\u0301claration pre\u0301liminaire lie\u0301e au premier tour de l\u2019e\u0301lection pre\u0301sidentielle a\u0300 Madagascar. La mission qui a de\u0301ploye\u0301 des observateurs dans les six ex \u2013 chef-lieu de province de la Grande I\u0302le a notamment constate\u0301 que le jour du scrutin s\u2019est de\u0301roule\u0301 \u00ab de manie\u0300re pacifique et exempt d\u2019irre\u0301gularite\u0301s \u00bb. Concernant le taux de participation relativement faible, la SADC pre\u0301fe\u0300re attendre son rapport final afin de livrer les donne\u0301es re\u0301elles dans ce sens. Elle a e\u0301galement lance\u0301 un appel a\u0300 l\u2019attention de toutes les parties prenantes \u00ab a\u0300 faire tout ce qui est en leur pouvoir pour pre\u0301server jalousement la paix et la stabilite\u0301 de Madagascar \u00bb.<\/p>\n<p>De son co\u0302te\u0301, la CENI a annonce\u0301 que les re\u0301sultats officiels provisoires seront annonce\u0301s au plus tard le 24 novembre avant que la Haute Cour Constitutionnelle ne se prononce, le 30 novembre.<\/p>\n<p><strong>Pour plus d&rsquo;informations et d&rsquo;analyses sur la <a href=\"https:\/\/www.africa-press.net\/madagascar\">Madagascar<\/a>, suivez <a href=\"https:\/\/www.africa-press.net\/\">Africa-Press<\/a><\/strong><\/p>\n","protected":false},"excerpt":{"rendered":"<p>Africa-Press &#8211; Madagascar. Trois jour apre\u0300s l\u2019e\u0301lection pre\u0301sidentielle qui s\u2019est tenue a\u0300 Madagascar le jeudi 16 novembre, la Commission e\u0301lectorale nationale inde\u0301pendante (CENI) est encore en plein traitement des re\u0301sultats. Pre\u0300s de 10 107 bureaux de vote sur les 27 375 re\u0301partis dans toute l\u2019i\u0302le ont pu faire parvenir les re\u0301sultats. Le taux de participation [&hellip;]<\/p>\n","protected":false},"author":82,"featured_media":21733,"comment_status":"open","ping_status":"closed","sticky":false,"template":"","format":"standard","meta":{"footnotes":""},"categories":[2,52,20,10],"tags":[36,50,53,847,49,846,980],"class_list":["post-21734","post","type-post","status-publish","format-standard","has-post-thumbnail","hentry","category-politique","category-to-homepage","category-top-nouvelles","category-toutes-les-actualites","tag-africa-press","tag-africa-press-madagascar","tag-andry-rajoelina","tag-ceni","tag-madagascar","tag-presidentielle","tag-taux-de-participation"],"yoast_head":"<!-- This site is optimized with the Yoast SEO Premium plugin v26.1 (Yoast SEO v27.0) - https:\/\/yoast.com\/product\/yoast-seo-premium-wordpress\/ -->\n<title>Madagascar\/Pr\u00e9sidentielle : Andry Rajoelina provisoirement en t\u00eate, le taux de participation estim\u00e9 \u00e0 43,15% - Madagascar<\/title>\n<meta name=\"description\" content=\"Trois jour apre\u0300s l\u2019e\u0301lection pre\u0301sidentielle qui s\u2019est tenue a\u0300 Madagascar le jeudi 16 novembre, la Commission e\u0301lector ...\" \/>\n<meta name=\"robots\" content=\"index, follow, max-snippet:-1, max-image-preview:large, max-video-preview:-1\" \/>\n<link rel=\"canonical\" href=\"https:\/\/www.africa-press.net\/madagascar\/politique\/madagascar-presidentielle-andry-rajoelina-provisoirement-en-tete-le-taux-de-participation-estime-a-4315\" \/>\n<meta property=\"og:locale\" content=\"fr_FR\" \/>\n<meta property=\"og:type\" content=\"article\" \/>\n<meta property=\"og:title\" content=\"Madagascar\/Pr\u00e9sidentielle : Andry Rajoelina provisoirement en t\u00eate, le taux de participation estim\u00e9 \u00e0 43,15%\" \/>\n<meta property=\"og:description\" content=\"Trois jour apre\u0300s l\u2019e\u0301lection pre\u0301sidentielle qui s\u2019est tenue a\u0300 Madagascar le jeudi 16 novembre, la Commission e\u0301lector ...\" \/>\n<meta property=\"og:url\" content=\"https:\/\/www.africa-press.net\/madagascar\/politique\/madagascar-presidentielle-andry-rajoelina-provisoirement-en-tete-le-taux-de-participation-estime-a-4315\" \/>\n<meta property=\"og:site_name\" content=\"Madagascar\" \/>\n<meta property=\"article:published_time\" content=\"2023-11-19T07:23:59+00:00\" \/>\n<meta property=\"article:modified_time\" content=\"2023-11-19T21:12:29+00:00\" \/>\n<meta property=\"og:image\" content=\"https:\/\/static.africa-press.net\/madagascar\/sites\/56\/2023\/11\/sm_1700412007.529993.jpg\" \/>\n\t<meta property=\"og:image:width\" content=\"864\" \/>\n\t<meta property=\"og:image:height\" content=\"486\" \/>\n\t<meta property=\"og:image:type\" content=\"image\/jpeg\" \/>\n<meta name=\"author\" content=\"cfeditorfr\" \/>\n<meta name=\"twitter:card\" content=\"summary_large_image\" \/>\n<meta name=\"twitter:label1\" content=\"\u00c9crit par\" \/>\n\t<meta name=\"twitter:data1\" content=\"cfeditorfr\" \/>\n\t<meta name=\"twitter:label2\" content=\"Dur\u00e9e de lecture estim\u00e9e\" \/>\n\t<meta name=\"twitter:data2\" content=\"2 minutes\" \/>\n<script type=\"application\/ld+json\" class=\"yoast-schema-graph\">{\"@context\":\"https:\/\/schema.org\",\"@graph\":[{\"@type\":\"Article\",\"@id\":\"https:\/\/www.africa-press.net\/madagascar\/politique\/madagascar-presidentielle-andry-rajoelina-provisoirement-en-tete-le-taux-de-participation-estime-a-4315#article\",\"isPartOf\":{\"@id\":\"https:\/\/www.africa-press.net\/madagascar\/politique\/madagascar-presidentielle-andry-rajoelina-provisoirement-en-tete-le-taux-de-participation-estime-a-4315\"},\"author\":{\"name\":\"cfeditorfr\",\"@id\":\"https:\/\/www.africa-press.net\/madagascar\/#\/schema\/person\/2b1cf3cd81a31e3cd26889ca66d677f1\"},\"headline\":\"Madagascar\/Pr\u00e9sidentielle : Andry Rajoelina provisoirement en t\u00eate, le taux de participation estim\u00e9 \u00e0 43,15%\",\"datePublished\":\"2023-11-19T07:23:59+00:00\",\"dateModified\":\"2023-11-19T21:12:29+00:00\",\"mainEntityOfPage\":{\"@id\":\"https:\/\/www.africa-press.net\/madagascar\/politique\/madagascar-presidentielle-andry-rajoelina-provisoirement-en-tete-le-taux-de-participation-estime-a-4315\"},\"wordCount\":364,\"commentCount\":0,\"image\":{\"@id\":\"https:\/\/www.africa-press.net\/madagascar\/politique\/madagascar-presidentielle-andry-rajoelina-provisoirement-en-tete-le-taux-de-participation-estime-a-4315#primaryimage\"},\"thumbnailUrl\":\"https:\/\/static.africa-press.net\/madagascar\/sites\/56\/2023\/11\/sm_1700412007.529993.jpg\",\"keywords\":[\"Africa Press\",\"Africa Press-Madagascar\",\"Andry Rajoelina\",\"CENI\",\"Madagascar\",\"Pr\u00e9sidentielle\",\"Taux de participation\"],\"articleSection\":[\"Politique\",\"to-homepage\",\"Top Nouvelles\",\"Toutes les actualit\u00e9s\"],\"inLanguage\":\"fr-FR\",\"potentialAction\":[{\"@type\":\"CommentAction\",\"name\":\"Comment\",\"target\":[\"https:\/\/www.africa-press.net\/madagascar\/politique\/madagascar-presidentielle-andry-rajoelina-provisoirement-en-tete-le-taux-de-participation-estime-a-4315#respond\"]}]},{\"@type\":\"WebPage\",\"@id\":\"https:\/\/www.africa-press.net\/madagascar\/politique\/madagascar-presidentielle-andry-rajoelina-provisoirement-en-tete-le-taux-de-participation-estime-a-4315\",\"url\":\"https:\/\/www.africa-press.net\/madagascar\/politique\/madagascar-presidentielle-andry-rajoelina-provisoirement-en-tete-le-taux-de-participation-estime-a-4315\",\"name\":\"Madagascar\/Pr\u00e9sidentielle : Andry Rajoelina provisoirement en t\u00eate, le taux de participation estim\u00e9 \u00e0 43,15% - Madagascar\",\"isPartOf\":{\"@id\":\"https:\/\/www.africa-press.net\/madagascar\/#website\"},\"primaryImageOfPage\":{\"@id\":\"https:\/\/www.africa-press.net\/madagascar\/politique\/madagascar-presidentielle-andry-rajoelina-provisoirement-en-tete-le-taux-de-participation-estime-a-4315#primaryimage\"},\"image\":{\"@id\":\"https:\/\/www.africa-press.net\/madagascar\/politique\/madagascar-presidentielle-andry-rajoelina-provisoirement-en-tete-le-taux-de-participation-estime-a-4315#primaryimage\"},\"thumbnailUrl\":\"https:\/\/static.africa-press.net\/madagascar\/sites\/56\/2023\/11\/sm_1700412007.529993.jpg\",\"datePublished\":\"2023-11-19T07:23:59+00:00\",\"dateModified\":\"2023-11-19T21:12:29+00:00\",\"author\":{\"@id\":\"https:\/\/www.africa-press.net\/madagascar\/#\/schema\/person\/2b1cf3cd81a31e3cd26889ca66d677f1\"},\"description\":\"Trois jour apre\u0300s l\u2019e\u0301lection pre\u0301sidentielle qui s\u2019est tenue a\u0300 Madagascar le jeudi 16 novembre, la Commission e\u0301lector ...\",\"breadcrumb\":{\"@id\":\"https:\/\/www.africa-press.net\/madagascar\/politique\/madagascar-presidentielle-andry-rajoelina-provisoirement-en-tete-le-taux-de-participation-estime-a-4315#breadcrumb\"},\"inLanguage\":\"fr-FR\",\"potentialAction\":[{\"@type\":\"ReadAction\",\"target\":[\"https:\/\/www.africa-press.net\/madagascar\/politique\/madagascar-presidentielle-andry-rajoelina-provisoirement-en-tete-le-taux-de-participation-estime-a-4315\"]}]},{\"@type\":\"ImageObject\",\"inLanguage\":\"fr-FR\",\"@id\":\"https:\/\/www.africa-press.net\/madagascar\/politique\/madagascar-presidentielle-andry-rajoelina-provisoirement-en-tete-le-taux-de-participation-estime-a-4315#primaryimage\",\"url\":\"https:\/\/static.africa-press.net\/madagascar\/sites\/56\/2023\/11\/sm_1700412007.529993.jpg\",\"contentUrl\":\"https:\/\/static.africa-press.net\/madagascar\/sites\/56\/2023\/11\/sm_1700412007.529993.jpg\",\"width\":864,\"height\":486,\"caption\":\"Madagascar\/Pr\u00e9sidentielle : Andry Rajoelina provisoirement en t\u00eate, le taux de participation estim\u00e9 \u00e0 43,15%\"},{\"@type\":\"BreadcrumbList\",\"@id\":\"https:\/\/www.africa-press.net\/madagascar\/politique\/madagascar-presidentielle-andry-rajoelina-provisoirement-en-tete-le-taux-de-participation-estime-a-4315#breadcrumb\",\"itemListElement\":[{\"@type\":\"ListItem\",\"position\":1,\"name\":\"Accueil\",\"item\":\"https:\/\/www.africa-press.net\/madagascar\/\"},{\"@type\":\"ListItem\",\"position\":2,\"name\":\"Madagascar\/Pr\u00e9sidentielle : Andry Rajoelina provisoirement en t\u00eate, le taux de participation estim\u00e9 \u00e0 43,15%\"}]},{\"@type\":\"WebSite\",\"@id\":\"https:\/\/www.africa-press.net\/madagascar\/#website\",\"url\":\"https:\/\/www.africa-press.net\/madagascar\/\",\"name\":\"Madagascar\",\"description\":\"Just another Africa News Agency Sites site\",\"potentialAction\":[{\"@type\":\"SearchAction\",\"target\":{\"@type\":\"EntryPoint\",\"urlTemplate\":\"https:\/\/www.africa-press.net\/madagascar\/?s={search_term_string}\"},\"query-input\":{\"@type\":\"PropertyValueSpecification\",\"valueRequired\":true,\"valueName\":\"search_term_string\"}}],\"inLanguage\":\"fr-FR\"},{\"@type\":\"Person\",\"@id\":\"https:\/\/www.africa-press.net\/madagascar\/#\/schema\/person\/2b1cf3cd81a31e3cd26889ca66d677f1\",\"name\":\"cfeditorfr\"}]}<\/script>\n<!-- \/ Yoast SEO Premium plugin. -->","yoast_head_json":{"title":"Madagascar\/Pr\u00e9sidentielle : Andry Rajoelina provisoirement en t\u00eate, le taux de participation estim\u00e9 \u00e0 43,15% - Madagascar","description":"Trois jour apre\u0300s l\u2019e\u0301lection pre\u0301sidentielle qui s\u2019est tenue a\u0300 Madagascar le jeudi 16 novembre, la Commission e\u0301lector ...","robots":{"index":"index","follow":"follow","max-snippet":"max-snippet:-1","max-image-preview":"max-image-preview:large","max-video-preview":"max-video-preview:-1"},"canonical":"https:\/\/www.africa-press.net\/madagascar\/politique\/madagascar-presidentielle-andry-rajoelina-provisoirement-en-tete-le-taux-de-participation-estime-a-4315","og_locale":"fr_FR","og_type":"article","og_title":"Madagascar\/Pr\u00e9sidentielle : Andry Rajoelina provisoirement en t\u00eate, le taux de participation estim\u00e9 \u00e0 43,15%","og_description":"Trois jour apre\u0300s l\u2019e\u0301lection pre\u0301sidentielle qui s\u2019est tenue a\u0300 Madagascar le jeudi 16 novembre, la Commission e\u0301lector ...","og_url":"https:\/\/www.africa-press.net\/madagascar\/politique\/madagascar-presidentielle-andry-rajoelina-provisoirement-en-tete-le-taux-de-participation-estime-a-4315","og_site_name":"Madagascar","article_published_time":"2023-11-19T07:23:59+00:00","article_modified_time":"2023-11-19T21:12:29+00:00","og_image":[{"width":864,"height":486,"url":"https:\/\/static.africa-press.net\/madagascar\/sites\/56\/2023\/11\/sm_1700412007.529993.jpg","type":"image\/jpeg"}],"author":"cfeditorfr","twitter_card":"summary_large_image","twitter_misc":{"\u00c9crit par":"cfeditorfr","Dur\u00e9e de lecture estim\u00e9e":"2 minutes"},"schema":{"@context":"https:\/\/schema.org","@graph":[{"@type":"Article","@id":"https:\/\/www.africa-press.net\/madagascar\/politique\/madagascar-presidentielle-andry-rajoelina-provisoirement-en-tete-le-taux-de-participation-estime-a-4315#article","isPartOf":{"@id":"https:\/\/www.africa-press.net\/madagascar\/politique\/madagascar-presidentielle-andry-rajoelina-provisoirement-en-tete-le-taux-de-participation-estime-a-4315"},"author":{"name":"cfeditorfr","@id":"https:\/\/www.africa-press.net\/madagascar\/#\/schema\/person\/2b1cf3cd81a31e3cd26889ca66d677f1"},"headline":"Madagascar\/Pr\u00e9sidentielle : Andry Rajoelina provisoirement en t\u00eate, le taux de participation estim\u00e9 \u00e0 43,15%","datePublished":"2023-11-19T07:23:59+00:00","dateModified":"2023-11-19T21:12:29+00:00","mainEntityOfPage":{"@id":"https:\/\/www.africa-press.net\/madagascar\/politique\/madagascar-presidentielle-andry-rajoelina-provisoirement-en-tete-le-taux-de-participation-estime-a-4315"},"wordCount":364,"commentCount":0,"image":{"@id":"https:\/\/www.africa-press.net\/madagascar\/politique\/madagascar-presidentielle-andry-rajoelina-provisoirement-en-tete-le-taux-de-participation-estime-a-4315#primaryimage"},"thumbnailUrl":"https:\/\/static.africa-press.net\/madagascar\/sites\/56\/2023\/11\/sm_1700412007.529993.jpg","keywords":["Africa Press","Africa Press-Madagascar","Andry Rajoelina","CENI","Madagascar","Pr\u00e9sidentielle","Taux de participation"],"articleSection":["Politique","to-homepage","Top Nouvelles","Toutes les actualit\u00e9s"],"inLanguage":"fr-FR","potentialAction":[{"@type":"CommentAction","name":"Comment","target":["https:\/\/www.africa-press.net\/madagascar\/politique\/madagascar-presidentielle-andry-rajoelina-provisoirement-en-tete-le-taux-de-participation-estime-a-4315#respond"]}]},{"@type":"WebPage","@id":"https:\/\/www.africa-press.net\/madagascar\/politique\/madagascar-presidentielle-andry-rajoelina-provisoirement-en-tete-le-taux-de-participation-estime-a-4315","url":"https:\/\/www.africa-press.net\/madagascar\/politique\/madagascar-presidentielle-andry-rajoelina-provisoirement-en-tete-le-taux-de-participation-estime-a-4315","name":"Madagascar\/Pr\u00e9sidentielle : Andry Rajoelina provisoirement en t\u00eate, le taux de participation estim\u00e9 \u00e0 43,15% - Madagascar","isPartOf":{"@id":"https:\/\/www.africa-press.net\/madagascar\/#website"},"primaryImageOfPage":{"@id":"https:\/\/www.africa-press.net\/madagascar\/politique\/madagascar-presidentielle-andry-rajoelina-provisoirement-en-tete-le-taux-de-participation-estime-a-4315#primaryimage"},"image":{"@id":"https:\/\/www.africa-press.net\/madagascar\/politique\/madagascar-presidentielle-andry-rajoelina-provisoirement-en-tete-le-taux-de-participation-estime-a-4315#primaryimage"},"thumbnailUrl":"https:\/\/static.africa-press.net\/madagascar\/sites\/56\/2023\/11\/sm_1700412007.529993.jpg","datePublished":"2023-11-19T07:23:59+00:00","dateModified":"2023-11-19T21:12:29+00:00","author":{"@id":"https:\/\/www.africa-press.net\/madagascar\/#\/schema\/person\/2b1cf3cd81a31e3cd26889ca66d677f1"},"description":"Trois jour apre\u0300s l\u2019e\u0301lection pre\u0301sidentielle qui s\u2019est tenue a\u0300 Madagascar le jeudi 16 novembre, la Commission e\u0301lector ...","breadcrumb":{"@id":"https:\/\/www.africa-press.net\/madagascar\/politique\/madagascar-presidentielle-andry-rajoelina-provisoirement-en-tete-le-taux-de-participation-estime-a-4315#breadcrumb"},"inLanguage":"fr-FR","potentialAction":[{"@type":"ReadAction","target":["https:\/\/www.africa-press.net\/madagascar\/politique\/madagascar-presidentielle-andry-rajoelina-provisoirement-en-tete-le-taux-de-participation-estime-a-4315"]}]},{"@type":"ImageObject","inLanguage":"fr-FR","@id":"https:\/\/www.africa-press.net\/madagascar\/politique\/madagascar-presidentielle-andry-rajoelina-provisoirement-en-tete-le-taux-de-participation-estime-a-4315#primaryimage","url":"https:\/\/static.africa-press.net\/madagascar\/sites\/56\/2023\/11\/sm_1700412007.529993.jpg","contentUrl":"https:\/\/static.africa-press.net\/madagascar\/sites\/56\/2023\/11\/sm_1700412007.529993.jpg","width":864,"height":486,"caption":"Madagascar\/Pr\u00e9sidentielle : Andry Rajoelina provisoirement en t\u00eate, le taux de participation estim\u00e9 \u00e0 43,15%"},{"@type":"BreadcrumbList","@id":"https:\/\/www.africa-press.net\/madagascar\/politique\/madagascar-presidentielle-andry-rajoelina-provisoirement-en-tete-le-taux-de-participation-estime-a-4315#breadcrumb","itemListElement":[{"@type":"ListItem","position":1,"name":"Accueil","item":"https:\/\/www.africa-press.net\/madagascar\/"},{"@type":"ListItem","position":2,"name":"Madagascar\/Pr\u00e9sidentielle : Andry Rajoelina provisoirement en t\u00eate, le taux de participation estim\u00e9 \u00e0 43,15%"}]},{"@type":"WebSite","@id":"https:\/\/www.africa-press.net\/madagascar\/#website","url":"https:\/\/www.africa-press.net\/madagascar\/","name":"Madagascar","description":"Just another Africa News Agency Sites site","potentialAction":[{"@type":"SearchAction","target":{"@type":"EntryPoint","urlTemplate":"https:\/\/www.africa-press.net\/madagascar\/?s={search_term_string}"},"query-input":{"@type":"PropertyValueSpecification","valueRequired":true,"valueName":"search_term_string"}}],"inLanguage":"fr-FR"},{"@type":"Person","@id":"https:\/\/www.africa-press.net\/madagascar\/#\/schema\/person\/2b1cf3cd81a31e3cd26889ca66d677f1","name":"cfeditorfr"}]}},"_links":{"self":[{"href":"https:\/\/www.africa-press.net\/madagascar\/wp-json\/wp\/v2\/posts\/21734","targetHints":{"allow":["GET"]}}],"collection":[{"href":"https:\/\/www.africa-press.net\/madagascar\/wp-json\/wp\/v2\/posts"}],"about":[{"href":"https:\/\/www.africa-press.net\/madagascar\/wp-json\/wp\/v2\/types\/post"}],"author":[{"embeddable":true,"href":"https:\/\/www.africa-press.net\/madagascar\/wp-json\/wp\/v2\/users\/82"}],"replies":[{"embeddable":true,"href":"https:\/\/www.africa-press.net\/madagascar\/wp-json\/wp\/v2\/comments?post=21734"}],"version-history":[{"count":0,"href":"https:\/\/www.africa-press.net\/madagascar\/wp-json\/wp\/v2\/posts\/21734\/revisions"}],"wp:featuredmedia":[{"embeddable":true,"href":"https:\/\/www.africa-press.net\/madagascar\/wp-json\/wp\/v2\/media\/21733"}],"wp:attachment":[{"href":"https:\/\/www.africa-press.net\/madagascar\/wp-json\/wp\/v2\/media?parent=21734"}],"wp:term":[{"taxonomy":"category","embeddable":true,"href":"https:\/\/www.africa-press.net\/madagascar\/wp-json\/wp\/v2\/categories?post=21734"},{"taxonomy":"post_tag","embeddable":true,"href":"https:\/\/www.africa-press.net\/madagascar\/wp-json\/wp\/v2\/tags?post=21734"}],"curies":[{"name":"wp","href":"https:\/\/api.w.org\/{rel}","templated":true}]}}