{"id":21961,"date":"2023-11-25T17:04:57","date_gmt":"2023-11-25T17:04:57","guid":{"rendered":"https:\/\/www.africa-press.net\/madagascar\/politique\/andry-rajoelina-reelu-president-au-premier-tour"},"modified":"2023-11-25T19:22:50","modified_gmt":"2023-11-25T19:22:50","slug":"andry-rajoelina-reelu-president-au-premier-tour","status":"publish","type":"post","link":"https:\/\/www.africa-press.net\/madagascar\/politique\/andry-rajoelina-reelu-president-au-premier-tour","title":{"rendered":"Andry Rajoelina r\u00e9\u00e9lu pr\u00e9sident au premier tour"},"content":{"rendered":"<p><span style=\"color: #ff6600\"><strong>Africa-Press &#8211; Madagascar. <\/strong><\/span>La commission e\u0301lectorale malgache a annonce\u0301, samedi, la re\u0301e\u0301lection d&rsquo;Andry Rajoelina a\u0300 l&rsquo;issue du premier tour de la pre\u0301sidentielle du 16 novembre, ont rapporte\u0301 des me\u0301dias africaisn et franc\u0327ais.<\/p>\n<p>Andry Rajoelina a remporte\u0301 58,95% des voix lors du premier tour du scrutin qui s&rsquo;est tenu le 16 novembre, selon les re\u0301sultats pre\u0301sente\u0301s lors d&rsquo;une confe\u0301rence de presse a\u0300 Antananarivo, pre\u0301cise France 24.<\/p>\n<p>E\u0301lu depuis 2018, il avait acce\u0301de\u0301 une premie\u0300re fois au pouvoir en 2009 a\u0300 la faveur d&rsquo;une mutinerie chassant l&rsquo;ex-pre\u0301sident Marc Ravalomanana, rappelle le me\u0301dia franc\u0327ais.<\/p>\n<p>Quelque onze millions de Malgaches inscrits sur les listes e\u0301lectorales e\u0301taient appele\u0301s aux urnes le 16 novembre. Ils devaient choisir entre le pre\u0301sident sortant et douze autres candidats officiels.<\/p>\n<p>Le taux de participation au scrutin est a\u0300 peine au-dessus des 46%, en baisse par rapport a\u0300 la pre\u0301ce\u0301dente pre\u0301sidentielle en 2018.<\/p>\n<p>Mais dix candidats de l&rsquo;opposition dont deux anciens pre\u0301sidents, rassemble\u0301s dans un collectif, avaient appele\u0301 les e\u0301lecteurs a\u0300 \u00ab\u00a0conside\u0301rer que ces e\u0301lections n&rsquo;existent pas\u00a0\u00bb. Ils ont me\u0302me refuse\u0301 de faire campagne, souligne France 24.<\/p>\n<p><strong>Pour plus d&rsquo;informations et d&rsquo;analyses sur la <a href=\"https:\/\/www.africa-press.net\/madagascar\">Madagascar<\/a>, suivez <a href=\"https:\/\/www.africa-press.net\/\">Africa-Press<\/a><\/strong><\/p>\n","protected":false},"excerpt":{"rendered":"<p>Africa-Press &#8211; Madagascar. La commission e\u0301lectorale malgache a annonce\u0301, samedi, la re\u0301e\u0301lection d&rsquo;Andry Rajoelina a\u0300 l&rsquo;issue du premier tour de la pre\u0301sidentielle du 16 novembre, ont rapporte\u0301 des me\u0301dias africaisn et franc\u0327ais. Andry Rajoelina a remporte\u0301 58,95% des voix lors du premier tour du scrutin qui s&rsquo;est tenu le 16 novembre, selon les re\u0301sultats pre\u0301sente\u0301s [&hellip;]<\/p>\n","protected":false},"author":82,"featured_media":21960,"comment_status":"open","ping_status":"closed","sticky":false,"template":"","format":"standard","meta":{"footnotes":""},"categories":[2,52,20,10],"tags":[36,50,49,846],"class_list":["post-21961","post","type-post","status-publish","format-standard","has-post-thumbnail","hentry","category-politique","category-to-homepage","category-top-nouvelles","category-toutes-les-actualites","tag-africa-press","tag-africa-press-madagascar","tag-madagascar","tag-presidentielle"],"yoast_head":"<!-- This site is optimized with the Yoast SEO Premium plugin v26.1 (Yoast SEO v27.0) - https:\/\/yoast.com\/product\/yoast-seo-premium-wordpress\/ -->\n<title>Andry Rajoelina r\u00e9\u00e9lu pr\u00e9sident au premier tour - Madagascar<\/title>\n<meta name=\"description\" content=\"La commission e\u0301lectorale malgache a annonce\u0301, samedi, la re\u0301e\u0301lection d&#039;Andry Rajoelina a\u0300 l&#039;issue du premier tour de l ...\" \/>\n<meta name=\"robots\" content=\"index, follow, max-snippet:-1, max-image-preview:large, max-video-preview:-1\" \/>\n<link rel=\"canonical\" href=\"https:\/\/www.africa-press.net\/madagascar\/politique\/andry-rajoelina-reelu-president-au-premier-tour\" \/>\n<meta property=\"og:locale\" content=\"fr_FR\" \/>\n<meta property=\"og:type\" content=\"article\" \/>\n<meta property=\"og:title\" content=\"Andry Rajoelina r\u00e9\u00e9lu pr\u00e9sident au premier tour\" \/>\n<meta property=\"og:description\" content=\"La commission e\u0301lectorale malgache a annonce\u0301, samedi, la re\u0301e\u0301lection d&#039;Andry Rajoelina a\u0300 l&#039;issue du premier tour de l ...\" \/>\n<meta property=\"og:url\" content=\"https:\/\/www.africa-press.net\/madagascar\/politique\/andry-rajoelina-reelu-president-au-premier-tour\" \/>\n<meta property=\"og:site_name\" content=\"Madagascar\" \/>\n<meta property=\"article:published_time\" content=\"2023-11-25T17:04:57+00:00\" \/>\n<meta property=\"article:modified_time\" content=\"2023-11-25T19:22:50+00:00\" \/>\n<meta property=\"og:image\" content=\"https:\/\/static.africa-press.net\/madagascar\/sites\/56\/2023\/11\/sm_1700923822.83395.jpg\" \/>\n\t<meta property=\"og:image:width\" content=\"864\" \/>\n\t<meta property=\"og:image:height\" content=\"486\" \/>\n\t<meta property=\"og:image:type\" content=\"image\/jpeg\" \/>\n<meta name=\"author\" content=\"cfeditorfr\" \/>\n<meta name=\"twitter:card\" content=\"summary_large_image\" \/>\n<meta name=\"twitter:label1\" content=\"\u00c9crit par\" \/>\n\t<meta name=\"twitter:data1\" content=\"cfeditorfr\" \/>\n\t<meta name=\"twitter:label2\" content=\"Dur\u00e9e de lecture estim\u00e9e\" \/>\n\t<meta name=\"twitter:data2\" content=\"1 minute\" \/>\n<script type=\"application\/ld+json\" class=\"yoast-schema-graph\">{\"@context\":\"https:\/\/schema.org\",\"@graph\":[{\"@type\":\"Article\",\"@id\":\"https:\/\/www.africa-press.net\/madagascar\/politique\/andry-rajoelina-reelu-president-au-premier-tour#article\",\"isPartOf\":{\"@id\":\"https:\/\/www.africa-press.net\/madagascar\/politique\/andry-rajoelina-reelu-president-au-premier-tour\"},\"author\":{\"name\":\"cfeditorfr\",\"@id\":\"https:\/\/www.africa-press.net\/madagascar\/#\/schema\/person\/2b1cf3cd81a31e3cd26889ca66d677f1\"},\"headline\":\"Andry Rajoelina r\u00e9\u00e9lu pr\u00e9sident au premier tour\",\"datePublished\":\"2023-11-25T17:04:57+00:00\",\"dateModified\":\"2023-11-25T19:22:50+00:00\",\"mainEntityOfPage\":{\"@id\":\"https:\/\/www.africa-press.net\/madagascar\/politique\/andry-rajoelina-reelu-president-au-premier-tour\"},\"wordCount\":225,\"commentCount\":0,\"image\":{\"@id\":\"https:\/\/www.africa-press.net\/madagascar\/politique\/andry-rajoelina-reelu-president-au-premier-tour#primaryimage\"},\"thumbnailUrl\":\"https:\/\/static.africa-press.net\/madagascar\/sites\/56\/2023\/11\/sm_1700923822.83395.jpg\",\"keywords\":[\"Africa Press\",\"Africa Press-Madagascar\",\"Madagascar\",\"Pr\u00e9sidentielle\"],\"articleSection\":[\"Politique\",\"to-homepage\",\"Top Nouvelles\",\"Toutes les actualit\u00e9s\"],\"inLanguage\":\"fr-FR\",\"potentialAction\":[{\"@type\":\"CommentAction\",\"name\":\"Comment\",\"target\":[\"https:\/\/www.africa-press.net\/madagascar\/politique\/andry-rajoelina-reelu-president-au-premier-tour#respond\"]}]},{\"@type\":\"WebPage\",\"@id\":\"https:\/\/www.africa-press.net\/madagascar\/politique\/andry-rajoelina-reelu-president-au-premier-tour\",\"url\":\"https:\/\/www.africa-press.net\/madagascar\/politique\/andry-rajoelina-reelu-president-au-premier-tour\",\"name\":\"Andry Rajoelina r\u00e9\u00e9lu pr\u00e9sident au premier tour - Madagascar\",\"isPartOf\":{\"@id\":\"https:\/\/www.africa-press.net\/madagascar\/#website\"},\"primaryImageOfPage\":{\"@id\":\"https:\/\/www.africa-press.net\/madagascar\/politique\/andry-rajoelina-reelu-president-au-premier-tour#primaryimage\"},\"image\":{\"@id\":\"https:\/\/www.africa-press.net\/madagascar\/politique\/andry-rajoelina-reelu-president-au-premier-tour#primaryimage\"},\"thumbnailUrl\":\"https:\/\/static.africa-press.net\/madagascar\/sites\/56\/2023\/11\/sm_1700923822.83395.jpg\",\"datePublished\":\"2023-11-25T17:04:57+00:00\",\"dateModified\":\"2023-11-25T19:22:50+00:00\",\"author\":{\"@id\":\"https:\/\/www.africa-press.net\/madagascar\/#\/schema\/person\/2b1cf3cd81a31e3cd26889ca66d677f1\"},\"description\":\"La commission e\u0301lectorale malgache a annonce\u0301, samedi, la re\u0301e\u0301lection d'Andry Rajoelina a\u0300 l'issue du premier tour de l ...\",\"breadcrumb\":{\"@id\":\"https:\/\/www.africa-press.net\/madagascar\/politique\/andry-rajoelina-reelu-president-au-premier-tour#breadcrumb\"},\"inLanguage\":\"fr-FR\",\"potentialAction\":[{\"@type\":\"ReadAction\",\"target\":[\"https:\/\/www.africa-press.net\/madagascar\/politique\/andry-rajoelina-reelu-president-au-premier-tour\"]}]},{\"@type\":\"ImageObject\",\"inLanguage\":\"fr-FR\",\"@id\":\"https:\/\/www.africa-press.net\/madagascar\/politique\/andry-rajoelina-reelu-president-au-premier-tour#primaryimage\",\"url\":\"https:\/\/static.africa-press.net\/madagascar\/sites\/56\/2023\/11\/sm_1700923822.83395.jpg\",\"contentUrl\":\"https:\/\/static.africa-press.net\/madagascar\/sites\/56\/2023\/11\/sm_1700923822.83395.jpg\",\"width\":864,\"height\":486,\"caption\":\"Andry Rajoelina r\u00e9\u00e9lu pr\u00e9sident au premier tour\"},{\"@type\":\"BreadcrumbList\",\"@id\":\"https:\/\/www.africa-press.net\/madagascar\/politique\/andry-rajoelina-reelu-president-au-premier-tour#breadcrumb\",\"itemListElement\":[{\"@type\":\"ListItem\",\"position\":1,\"name\":\"Accueil\",\"item\":\"https:\/\/www.africa-press.net\/madagascar\/\"},{\"@type\":\"ListItem\",\"position\":2,\"name\":\"Andry Rajoelina r\u00e9\u00e9lu pr\u00e9sident au premier tour\"}]},{\"@type\":\"WebSite\",\"@id\":\"https:\/\/www.africa-press.net\/madagascar\/#website\",\"url\":\"https:\/\/www.africa-press.net\/madagascar\/\",\"name\":\"Madagascar\",\"description\":\"Just another Africa News Agency Sites site\",\"potentialAction\":[{\"@type\":\"SearchAction\",\"target\":{\"@type\":\"EntryPoint\",\"urlTemplate\":\"https:\/\/www.africa-press.net\/madagascar\/?s={search_term_string}\"},\"query-input\":{\"@type\":\"PropertyValueSpecification\",\"valueRequired\":true,\"valueName\":\"search_term_string\"}}],\"inLanguage\":\"fr-FR\"},{\"@type\":\"Person\",\"@id\":\"https:\/\/www.africa-press.net\/madagascar\/#\/schema\/person\/2b1cf3cd81a31e3cd26889ca66d677f1\",\"name\":\"cfeditorfr\"}]}<\/script>\n<!-- \/ Yoast SEO Premium plugin. -->","yoast_head_json":{"title":"Andry Rajoelina r\u00e9\u00e9lu pr\u00e9sident au premier tour - Madagascar","description":"La commission e\u0301lectorale malgache a annonce\u0301, samedi, la re\u0301e\u0301lection d'Andry Rajoelina a\u0300 l'issue du premier tour de l ...","robots":{"index":"index","follow":"follow","max-snippet":"max-snippet:-1","max-image-preview":"max-image-preview:large","max-video-preview":"max-video-preview:-1"},"canonical":"https:\/\/www.africa-press.net\/madagascar\/politique\/andry-rajoelina-reelu-president-au-premier-tour","og_locale":"fr_FR","og_type":"article","og_title":"Andry Rajoelina r\u00e9\u00e9lu pr\u00e9sident au premier tour","og_description":"La commission e\u0301lectorale malgache a annonce\u0301, samedi, la re\u0301e\u0301lection d'Andry Rajoelina a\u0300 l'issue du premier tour de l ...","og_url":"https:\/\/www.africa-press.net\/madagascar\/politique\/andry-rajoelina-reelu-president-au-premier-tour","og_site_name":"Madagascar","article_published_time":"2023-11-25T17:04:57+00:00","article_modified_time":"2023-11-25T19:22:50+00:00","og_image":[{"width":864,"height":486,"url":"https:\/\/static.africa-press.net\/madagascar\/sites\/56\/2023\/11\/sm_1700923822.83395.jpg","type":"image\/jpeg"}],"author":"cfeditorfr","twitter_card":"summary_large_image","twitter_misc":{"\u00c9crit par":"cfeditorfr","Dur\u00e9e de lecture estim\u00e9e":"1 minute"},"schema":{"@context":"https:\/\/schema.org","@graph":[{"@type":"Article","@id":"https:\/\/www.africa-press.net\/madagascar\/politique\/andry-rajoelina-reelu-president-au-premier-tour#article","isPartOf":{"@id":"https:\/\/www.africa-press.net\/madagascar\/politique\/andry-rajoelina-reelu-president-au-premier-tour"},"author":{"name":"cfeditorfr","@id":"https:\/\/www.africa-press.net\/madagascar\/#\/schema\/person\/2b1cf3cd81a31e3cd26889ca66d677f1"},"headline":"Andry Rajoelina r\u00e9\u00e9lu pr\u00e9sident au premier tour","datePublished":"2023-11-25T17:04:57+00:00","dateModified":"2023-11-25T19:22:50+00:00","mainEntityOfPage":{"@id":"https:\/\/www.africa-press.net\/madagascar\/politique\/andry-rajoelina-reelu-president-au-premier-tour"},"wordCount":225,"commentCount":0,"image":{"@id":"https:\/\/www.africa-press.net\/madagascar\/politique\/andry-rajoelina-reelu-president-au-premier-tour#primaryimage"},"thumbnailUrl":"https:\/\/static.africa-press.net\/madagascar\/sites\/56\/2023\/11\/sm_1700923822.83395.jpg","keywords":["Africa Press","Africa Press-Madagascar","Madagascar","Pr\u00e9sidentielle"],"articleSection":["Politique","to-homepage","Top Nouvelles","Toutes les actualit\u00e9s"],"inLanguage":"fr-FR","potentialAction":[{"@type":"CommentAction","name":"Comment","target":["https:\/\/www.africa-press.net\/madagascar\/politique\/andry-rajoelina-reelu-president-au-premier-tour#respond"]}]},{"@type":"WebPage","@id":"https:\/\/www.africa-press.net\/madagascar\/politique\/andry-rajoelina-reelu-president-au-premier-tour","url":"https:\/\/www.africa-press.net\/madagascar\/politique\/andry-rajoelina-reelu-president-au-premier-tour","name":"Andry Rajoelina r\u00e9\u00e9lu pr\u00e9sident au premier tour - Madagascar","isPartOf":{"@id":"https:\/\/www.africa-press.net\/madagascar\/#website"},"primaryImageOfPage":{"@id":"https:\/\/www.africa-press.net\/madagascar\/politique\/andry-rajoelina-reelu-president-au-premier-tour#primaryimage"},"image":{"@id":"https:\/\/www.africa-press.net\/madagascar\/politique\/andry-rajoelina-reelu-president-au-premier-tour#primaryimage"},"thumbnailUrl":"https:\/\/static.africa-press.net\/madagascar\/sites\/56\/2023\/11\/sm_1700923822.83395.jpg","datePublished":"2023-11-25T17:04:57+00:00","dateModified":"2023-11-25T19:22:50+00:00","author":{"@id":"https:\/\/www.africa-press.net\/madagascar\/#\/schema\/person\/2b1cf3cd81a31e3cd26889ca66d677f1"},"description":"La commission e\u0301lectorale malgache a annonce\u0301, samedi, la re\u0301e\u0301lection d'Andry Rajoelina a\u0300 l'issue du premier tour de l ...","breadcrumb":{"@id":"https:\/\/www.africa-press.net\/madagascar\/politique\/andry-rajoelina-reelu-president-au-premier-tour#breadcrumb"},"inLanguage":"fr-FR","potentialAction":[{"@type":"ReadAction","target":["https:\/\/www.africa-press.net\/madagascar\/politique\/andry-rajoelina-reelu-president-au-premier-tour"]}]},{"@type":"ImageObject","inLanguage":"fr-FR","@id":"https:\/\/www.africa-press.net\/madagascar\/politique\/andry-rajoelina-reelu-president-au-premier-tour#primaryimage","url":"https:\/\/static.africa-press.net\/madagascar\/sites\/56\/2023\/11\/sm_1700923822.83395.jpg","contentUrl":"https:\/\/static.africa-press.net\/madagascar\/sites\/56\/2023\/11\/sm_1700923822.83395.jpg","width":864,"height":486,"caption":"Andry Rajoelina r\u00e9\u00e9lu pr\u00e9sident au premier tour"},{"@type":"BreadcrumbList","@id":"https:\/\/www.africa-press.net\/madagascar\/politique\/andry-rajoelina-reelu-president-au-premier-tour#breadcrumb","itemListElement":[{"@type":"ListItem","position":1,"name":"Accueil","item":"https:\/\/www.africa-press.net\/madagascar\/"},{"@type":"ListItem","position":2,"name":"Andry Rajoelina r\u00e9\u00e9lu pr\u00e9sident au premier tour"}]},{"@type":"WebSite","@id":"https:\/\/www.africa-press.net\/madagascar\/#website","url":"https:\/\/www.africa-press.net\/madagascar\/","name":"Madagascar","description":"Just another Africa News Agency Sites site","potentialAction":[{"@type":"SearchAction","target":{"@type":"EntryPoint","urlTemplate":"https:\/\/www.africa-press.net\/madagascar\/?s={search_term_string}"},"query-input":{"@type":"PropertyValueSpecification","valueRequired":true,"valueName":"search_term_string"}}],"inLanguage":"fr-FR"},{"@type":"Person","@id":"https:\/\/www.africa-press.net\/madagascar\/#\/schema\/person\/2b1cf3cd81a31e3cd26889ca66d677f1","name":"cfeditorfr"}]}},"_links":{"self":[{"href":"https:\/\/www.africa-press.net\/madagascar\/wp-json\/wp\/v2\/posts\/21961","targetHints":{"allow":["GET"]}}],"collection":[{"href":"https:\/\/www.africa-press.net\/madagascar\/wp-json\/wp\/v2\/posts"}],"about":[{"href":"https:\/\/www.africa-press.net\/madagascar\/wp-json\/wp\/v2\/types\/post"}],"author":[{"embeddable":true,"href":"https:\/\/www.africa-press.net\/madagascar\/wp-json\/wp\/v2\/users\/82"}],"replies":[{"embeddable":true,"href":"https:\/\/www.africa-press.net\/madagascar\/wp-json\/wp\/v2\/comments?post=21961"}],"version-history":[{"count":0,"href":"https:\/\/www.africa-press.net\/madagascar\/wp-json\/wp\/v2\/posts\/21961\/revisions"}],"wp:featuredmedia":[{"embeddable":true,"href":"https:\/\/www.africa-press.net\/madagascar\/wp-json\/wp\/v2\/media\/21960"}],"wp:attachment":[{"href":"https:\/\/www.africa-press.net\/madagascar\/wp-json\/wp\/v2\/media?parent=21961"}],"wp:term":[{"taxonomy":"category","embeddable":true,"href":"https:\/\/www.africa-press.net\/madagascar\/wp-json\/wp\/v2\/categories?post=21961"},{"taxonomy":"post_tag","embeddable":true,"href":"https:\/\/www.africa-press.net\/madagascar\/wp-json\/wp\/v2\/tags?post=21961"}],"curies":[{"name":"wp","href":"https:\/\/api.w.org\/{rel}","templated":true}]}}