{"id":22550,"date":"2023-12-10T16:14:58","date_gmt":"2023-12-10T16:14:58","guid":{"rendered":"https:\/\/www.africa-press.net\/madagascar\/politique\/andry-rajoelina-sengage-a-construire-une-nouvelle-ville-pour-les-plus-defavorises"},"modified":"2023-12-10T17:56:20","modified_gmt":"2023-12-10T17:56:20","slug":"andry-rajoelina-sengage-a-construire-une-nouvelle-ville-pour-les-plus-defavorises","status":"publish","type":"post","link":"https:\/\/www.africa-press.net\/madagascar\/politique\/andry-rajoelina-sengage-a-construire-une-nouvelle-ville-pour-les-plus-defavorises","title":{"rendered":"Andry Rajoelina s\u2019engage \u00e0 construire une nouvelle ville pour les plus d\u00e9favoris\u00e9s"},"content":{"rendered":"<p><span style=\"color: #ff6600\"><strong>Africa-Press &#8211; Madagascar. <\/strong><\/span>Au cours d\u2019une tourne\u0301e dans les quartiers de\u0301favorise\u0301s d\u2019Antananarivo, le pre\u0301sident re\u0301e\u0301lu, Andry Rajoelina, a annonce\u0301 un nouveau projet.<\/p>\n<p>Andry Rajoelina, actuellement en tourne\u0301e dans les quartiers de\u0301favorise\u0301s d\u2019Antananarivo, ne se contente pas de distribuer des lanternes solaires. Le pre\u0301sident re\u0301e\u0301lu a de\u0301voile\u0301 un nouveau projet : la cre\u0301ation d\u2019une nouvelle ville de\u0301die\u0301e aux plus de\u0301munis, avec des logements de\u0301cents et des infrastructures essentielles.<\/p>\n<p>\u00ab\u00a0Avant de faire TanaMasoandro, je vous promets ici que je vais faire une nouvelle ville, une ville qui ne sera pas pour les riches mais pour le peuple du pre\u0301sident\u00a0\u00bb, a-t-il de\u0301clare\u0301 aux habitants d\u2019Ambohimanarina. Le pre\u0301sident a l\u2019intention d\u2019offrir aux habitants des opportunite\u0301s telles que des terrains pour cultiver et pratiquer des e\u0301levages.<\/p>\n<p>Cette nouvelle ville comprendra e\u0301galement des e\u0301coles, des routes, un centre de sante\u0301 de base, de l\u2019e\u0301lectricite\u0301, et un marche\u0301 local. Rajoelina ambitionne de cre\u0301er une ville moderne en Afrique.<\/p>\n<p>Le pre\u0301sident a exprime\u0301 sa tristesse en de\u0301couvrant les conditions de vie difficiles des plus de\u0301munis lors de sa tourne\u0301e. Il a de\u0301clare\u0301 : \u00ab\u00a0La majorite\u0301 de nos maisons sont en bois sans e\u0301lectricite\u0301 (&#8230;) Vous ne vivrez plus dans des poulaillers. La population de Andry Rajoelina ne vivra plus dans des cages pour poulets. Je vais vous donner les maisons que vous me\u0301ritez.\u00a0\u00bb<\/p>\n<p>Andry Rajoelina a e\u0301galement pre\u0301cise\u0301 que ce projet de nouvelle ville serait mis en \u0153uvre en partenariat avec le gouvernement ame\u0301ricain dans le cadre d\u2019un programme spe\u0301cial, citant des exemples de re\u0301ussite similaires au Rwanda et au Zimbabwe.<\/p>\n<p><strong>Pour plus d&rsquo;informations et d&rsquo;analyses sur la <a href=\"https:\/\/www.africa-press.net\/madagascar\">Madagascar<\/a>, suivez <a href=\"https:\/\/www.africa-press.net\/\">Africa-Press<\/a><\/strong><\/p>\n","protected":false},"excerpt":{"rendered":"<p>Africa-Press &#8211; Madagascar. Au cours d\u2019une tourne\u0301e dans les quartiers de\u0301favorise\u0301s d\u2019Antananarivo, le pre\u0301sident re\u0301e\u0301lu, Andry Rajoelina, a annonce\u0301 un nouveau projet. Andry Rajoelina, actuellement en tourne\u0301e dans les quartiers de\u0301favorise\u0301s d\u2019Antananarivo, ne se contente pas de distribuer des lanternes solaires. Le pre\u0301sident re\u0301e\u0301lu a de\u0301voile\u0301 un nouveau projet : la cre\u0301ation d\u2019une nouvelle ville [&hellip;]<\/p>\n","protected":false},"author":82,"featured_media":22549,"comment_status":"open","ping_status":"closed","sticky":false,"template":"","format":"standard","meta":{"footnotes":""},"categories":[2,20,10],"tags":[36,50,49],"class_list":["post-22550","post","type-post","status-publish","format-standard","has-post-thumbnail","hentry","category-politique","category-top-nouvelles","category-toutes-les-actualites","tag-africa-press","tag-africa-press-madagascar","tag-madagascar"],"yoast_head":"<!-- This site is optimized with the Yoast SEO Premium plugin v26.1 (Yoast SEO v27.0) - https:\/\/yoast.com\/product\/yoast-seo-premium-wordpress\/ -->\n<title>Andry Rajoelina s\u2019engage \u00e0 construire une nouvelle ville pour les plus d\u00e9favoris\u00e9s - Madagascar<\/title>\n<meta name=\"description\" content=\"Au cours d\u2019une tourne\u0301e dans les quartiers de\u0301favorise\u0301s d\u2019Antananarivo, le pre\u0301sident re\u0301e\u0301lu, Andry Rajoelina, a annon ...\" \/>\n<meta name=\"robots\" content=\"index, follow, max-snippet:-1, max-image-preview:large, max-video-preview:-1\" \/>\n<link rel=\"canonical\" href=\"https:\/\/www.africa-press.net\/madagascar\/politique\/andry-rajoelina-sengage-a-construire-une-nouvelle-ville-pour-les-plus-defavorises\" \/>\n<meta property=\"og:locale\" content=\"fr_FR\" \/>\n<meta property=\"og:type\" content=\"article\" \/>\n<meta property=\"og:title\" content=\"Andry Rajoelina s\u2019engage \u00e0 construire une nouvelle ville pour les plus d\u00e9favoris\u00e9s\" \/>\n<meta property=\"og:description\" content=\"Au cours d\u2019une tourne\u0301e dans les quartiers de\u0301favorise\u0301s d\u2019Antananarivo, le pre\u0301sident re\u0301e\u0301lu, Andry Rajoelina, a annon ...\" \/>\n<meta property=\"og:url\" content=\"https:\/\/www.africa-press.net\/madagascar\/politique\/andry-rajoelina-sengage-a-construire-une-nouvelle-ville-pour-les-plus-defavorises\" \/>\n<meta property=\"og:site_name\" content=\"Madagascar\" \/>\n<meta property=\"article:published_time\" content=\"2023-12-10T16:14:58+00:00\" \/>\n<meta property=\"article:modified_time\" content=\"2023-12-10T17:56:20+00:00\" \/>\n<meta property=\"og:image\" content=\"https:\/\/static.africa-press.net\/madagascar\/sites\/56\/2023\/12\/sm_1702214541.496189.jpg\" \/>\n\t<meta property=\"og:image:width\" content=\"620\" \/>\n\t<meta property=\"og:image:height\" content=\"350\" \/>\n\t<meta property=\"og:image:type\" content=\"image\/jpeg\" \/>\n<meta name=\"author\" content=\"cfeditorfr\" \/>\n<meta name=\"twitter:card\" content=\"summary_large_image\" \/>\n<meta name=\"twitter:label1\" content=\"\u00c9crit par\" \/>\n\t<meta name=\"twitter:data1\" content=\"cfeditorfr\" \/>\n\t<meta name=\"twitter:label2\" content=\"Dur\u00e9e de lecture estim\u00e9e\" \/>\n\t<meta name=\"twitter:data2\" content=\"2 minutes\" \/>\n<script type=\"application\/ld+json\" class=\"yoast-schema-graph\">{\"@context\":\"https:\/\/schema.org\",\"@graph\":[{\"@type\":\"Article\",\"@id\":\"https:\/\/www.africa-press.net\/madagascar\/politique\/andry-rajoelina-sengage-a-construire-une-nouvelle-ville-pour-les-plus-defavorises#article\",\"isPartOf\":{\"@id\":\"https:\/\/www.africa-press.net\/madagascar\/politique\/andry-rajoelina-sengage-a-construire-une-nouvelle-ville-pour-les-plus-defavorises\"},\"author\":{\"name\":\"cfeditorfr\",\"@id\":\"https:\/\/www.africa-press.net\/madagascar\/#\/schema\/person\/2b1cf3cd81a31e3cd26889ca66d677f1\"},\"headline\":\"Andry Rajoelina s\u2019engage \u00e0 construire une nouvelle ville pour les plus d\u00e9favoris\u00e9s\",\"datePublished\":\"2023-12-10T16:14:58+00:00\",\"dateModified\":\"2023-12-10T17:56:20+00:00\",\"mainEntityOfPage\":{\"@id\":\"https:\/\/www.africa-press.net\/madagascar\/politique\/andry-rajoelina-sengage-a-construire-une-nouvelle-ville-pour-les-plus-defavorises\"},\"wordCount\":324,\"commentCount\":0,\"image\":{\"@id\":\"https:\/\/www.africa-press.net\/madagascar\/politique\/andry-rajoelina-sengage-a-construire-une-nouvelle-ville-pour-les-plus-defavorises#primaryimage\"},\"thumbnailUrl\":\"https:\/\/static.africa-press.net\/madagascar\/sites\/56\/2023\/12\/sm_1702214541.496189.jpg\",\"keywords\":[\"Africa Press\",\"Africa Press-Madagascar\",\"Madagascar\"],\"articleSection\":[\"Politique\",\"Top Nouvelles\",\"Toutes les actualit\u00e9s\"],\"inLanguage\":\"fr-FR\",\"potentialAction\":[{\"@type\":\"CommentAction\",\"name\":\"Comment\",\"target\":[\"https:\/\/www.africa-press.net\/madagascar\/politique\/andry-rajoelina-sengage-a-construire-une-nouvelle-ville-pour-les-plus-defavorises#respond\"]}]},{\"@type\":\"WebPage\",\"@id\":\"https:\/\/www.africa-press.net\/madagascar\/politique\/andry-rajoelina-sengage-a-construire-une-nouvelle-ville-pour-les-plus-defavorises\",\"url\":\"https:\/\/www.africa-press.net\/madagascar\/politique\/andry-rajoelina-sengage-a-construire-une-nouvelle-ville-pour-les-plus-defavorises\",\"name\":\"Andry Rajoelina s\u2019engage \u00e0 construire une nouvelle ville pour les plus d\u00e9favoris\u00e9s - Madagascar\",\"isPartOf\":{\"@id\":\"https:\/\/www.africa-press.net\/madagascar\/#website\"},\"primaryImageOfPage\":{\"@id\":\"https:\/\/www.africa-press.net\/madagascar\/politique\/andry-rajoelina-sengage-a-construire-une-nouvelle-ville-pour-les-plus-defavorises#primaryimage\"},\"image\":{\"@id\":\"https:\/\/www.africa-press.net\/madagascar\/politique\/andry-rajoelina-sengage-a-construire-une-nouvelle-ville-pour-les-plus-defavorises#primaryimage\"},\"thumbnailUrl\":\"https:\/\/static.africa-press.net\/madagascar\/sites\/56\/2023\/12\/sm_1702214541.496189.jpg\",\"datePublished\":\"2023-12-10T16:14:58+00:00\",\"dateModified\":\"2023-12-10T17:56:20+00:00\",\"author\":{\"@id\":\"https:\/\/www.africa-press.net\/madagascar\/#\/schema\/person\/2b1cf3cd81a31e3cd26889ca66d677f1\"},\"description\":\"Au cours d\u2019une tourne\u0301e dans les quartiers de\u0301favorise\u0301s d\u2019Antananarivo, le pre\u0301sident re\u0301e\u0301lu, Andry Rajoelina, a annon ...\",\"breadcrumb\":{\"@id\":\"https:\/\/www.africa-press.net\/madagascar\/politique\/andry-rajoelina-sengage-a-construire-une-nouvelle-ville-pour-les-plus-defavorises#breadcrumb\"},\"inLanguage\":\"fr-FR\",\"potentialAction\":[{\"@type\":\"ReadAction\",\"target\":[\"https:\/\/www.africa-press.net\/madagascar\/politique\/andry-rajoelina-sengage-a-construire-une-nouvelle-ville-pour-les-plus-defavorises\"]}]},{\"@type\":\"ImageObject\",\"inLanguage\":\"fr-FR\",\"@id\":\"https:\/\/www.africa-press.net\/madagascar\/politique\/andry-rajoelina-sengage-a-construire-une-nouvelle-ville-pour-les-plus-defavorises#primaryimage\",\"url\":\"https:\/\/static.africa-press.net\/madagascar\/sites\/56\/2023\/12\/sm_1702214541.496189.jpg\",\"contentUrl\":\"https:\/\/static.africa-press.net\/madagascar\/sites\/56\/2023\/12\/sm_1702214541.496189.jpg\",\"width\":620,\"height\":350,\"caption\":\"Andry Rajoelina s\u2019engage \u00e0 construire une nouvelle ville pour les plus d\u00e9favoris\u00e9s\"},{\"@type\":\"BreadcrumbList\",\"@id\":\"https:\/\/www.africa-press.net\/madagascar\/politique\/andry-rajoelina-sengage-a-construire-une-nouvelle-ville-pour-les-plus-defavorises#breadcrumb\",\"itemListElement\":[{\"@type\":\"ListItem\",\"position\":1,\"name\":\"Accueil\",\"item\":\"https:\/\/www.africa-press.net\/madagascar\/\"},{\"@type\":\"ListItem\",\"position\":2,\"name\":\"Andry Rajoelina s\u2019engage \u00e0 construire une nouvelle ville pour les plus d\u00e9favoris\u00e9s\"}]},{\"@type\":\"WebSite\",\"@id\":\"https:\/\/www.africa-press.net\/madagascar\/#website\",\"url\":\"https:\/\/www.africa-press.net\/madagascar\/\",\"name\":\"Madagascar\",\"description\":\"Just another Africa News Agency Sites site\",\"potentialAction\":[{\"@type\":\"SearchAction\",\"target\":{\"@type\":\"EntryPoint\",\"urlTemplate\":\"https:\/\/www.africa-press.net\/madagascar\/?s={search_term_string}\"},\"query-input\":{\"@type\":\"PropertyValueSpecification\",\"valueRequired\":true,\"valueName\":\"search_term_string\"}}],\"inLanguage\":\"fr-FR\"},{\"@type\":\"Person\",\"@id\":\"https:\/\/www.africa-press.net\/madagascar\/#\/schema\/person\/2b1cf3cd81a31e3cd26889ca66d677f1\",\"name\":\"cfeditorfr\"}]}<\/script>\n<!-- \/ Yoast SEO Premium plugin. -->","yoast_head_json":{"title":"Andry Rajoelina s\u2019engage \u00e0 construire une nouvelle ville pour les plus d\u00e9favoris\u00e9s - Madagascar","description":"Au cours d\u2019une tourne\u0301e dans les quartiers de\u0301favorise\u0301s d\u2019Antananarivo, le pre\u0301sident re\u0301e\u0301lu, Andry Rajoelina, a annon ...","robots":{"index":"index","follow":"follow","max-snippet":"max-snippet:-1","max-image-preview":"max-image-preview:large","max-video-preview":"max-video-preview:-1"},"canonical":"https:\/\/www.africa-press.net\/madagascar\/politique\/andry-rajoelina-sengage-a-construire-une-nouvelle-ville-pour-les-plus-defavorises","og_locale":"fr_FR","og_type":"article","og_title":"Andry Rajoelina s\u2019engage \u00e0 construire une nouvelle ville pour les plus d\u00e9favoris\u00e9s","og_description":"Au cours d\u2019une tourne\u0301e dans les quartiers de\u0301favorise\u0301s d\u2019Antananarivo, le pre\u0301sident re\u0301e\u0301lu, Andry Rajoelina, a annon ...","og_url":"https:\/\/www.africa-press.net\/madagascar\/politique\/andry-rajoelina-sengage-a-construire-une-nouvelle-ville-pour-les-plus-defavorises","og_site_name":"Madagascar","article_published_time":"2023-12-10T16:14:58+00:00","article_modified_time":"2023-12-10T17:56:20+00:00","og_image":[{"width":620,"height":350,"url":"https:\/\/static.africa-press.net\/madagascar\/sites\/56\/2023\/12\/sm_1702214541.496189.jpg","type":"image\/jpeg"}],"author":"cfeditorfr","twitter_card":"summary_large_image","twitter_misc":{"\u00c9crit par":"cfeditorfr","Dur\u00e9e de lecture estim\u00e9e":"2 minutes"},"schema":{"@context":"https:\/\/schema.org","@graph":[{"@type":"Article","@id":"https:\/\/www.africa-press.net\/madagascar\/politique\/andry-rajoelina-sengage-a-construire-une-nouvelle-ville-pour-les-plus-defavorises#article","isPartOf":{"@id":"https:\/\/www.africa-press.net\/madagascar\/politique\/andry-rajoelina-sengage-a-construire-une-nouvelle-ville-pour-les-plus-defavorises"},"author":{"name":"cfeditorfr","@id":"https:\/\/www.africa-press.net\/madagascar\/#\/schema\/person\/2b1cf3cd81a31e3cd26889ca66d677f1"},"headline":"Andry Rajoelina s\u2019engage \u00e0 construire une nouvelle ville pour les plus d\u00e9favoris\u00e9s","datePublished":"2023-12-10T16:14:58+00:00","dateModified":"2023-12-10T17:56:20+00:00","mainEntityOfPage":{"@id":"https:\/\/www.africa-press.net\/madagascar\/politique\/andry-rajoelina-sengage-a-construire-une-nouvelle-ville-pour-les-plus-defavorises"},"wordCount":324,"commentCount":0,"image":{"@id":"https:\/\/www.africa-press.net\/madagascar\/politique\/andry-rajoelina-sengage-a-construire-une-nouvelle-ville-pour-les-plus-defavorises#primaryimage"},"thumbnailUrl":"https:\/\/static.africa-press.net\/madagascar\/sites\/56\/2023\/12\/sm_1702214541.496189.jpg","keywords":["Africa Press","Africa Press-Madagascar","Madagascar"],"articleSection":["Politique","Top Nouvelles","Toutes les actualit\u00e9s"],"inLanguage":"fr-FR","potentialAction":[{"@type":"CommentAction","name":"Comment","target":["https:\/\/www.africa-press.net\/madagascar\/politique\/andry-rajoelina-sengage-a-construire-une-nouvelle-ville-pour-les-plus-defavorises#respond"]}]},{"@type":"WebPage","@id":"https:\/\/www.africa-press.net\/madagascar\/politique\/andry-rajoelina-sengage-a-construire-une-nouvelle-ville-pour-les-plus-defavorises","url":"https:\/\/www.africa-press.net\/madagascar\/politique\/andry-rajoelina-sengage-a-construire-une-nouvelle-ville-pour-les-plus-defavorises","name":"Andry Rajoelina s\u2019engage \u00e0 construire une nouvelle ville pour les plus d\u00e9favoris\u00e9s - Madagascar","isPartOf":{"@id":"https:\/\/www.africa-press.net\/madagascar\/#website"},"primaryImageOfPage":{"@id":"https:\/\/www.africa-press.net\/madagascar\/politique\/andry-rajoelina-sengage-a-construire-une-nouvelle-ville-pour-les-plus-defavorises#primaryimage"},"image":{"@id":"https:\/\/www.africa-press.net\/madagascar\/politique\/andry-rajoelina-sengage-a-construire-une-nouvelle-ville-pour-les-plus-defavorises#primaryimage"},"thumbnailUrl":"https:\/\/static.africa-press.net\/madagascar\/sites\/56\/2023\/12\/sm_1702214541.496189.jpg","datePublished":"2023-12-10T16:14:58+00:00","dateModified":"2023-12-10T17:56:20+00:00","author":{"@id":"https:\/\/www.africa-press.net\/madagascar\/#\/schema\/person\/2b1cf3cd81a31e3cd26889ca66d677f1"},"description":"Au cours d\u2019une tourne\u0301e dans les quartiers de\u0301favorise\u0301s d\u2019Antananarivo, le pre\u0301sident re\u0301e\u0301lu, Andry Rajoelina, a annon ...","breadcrumb":{"@id":"https:\/\/www.africa-press.net\/madagascar\/politique\/andry-rajoelina-sengage-a-construire-une-nouvelle-ville-pour-les-plus-defavorises#breadcrumb"},"inLanguage":"fr-FR","potentialAction":[{"@type":"ReadAction","target":["https:\/\/www.africa-press.net\/madagascar\/politique\/andry-rajoelina-sengage-a-construire-une-nouvelle-ville-pour-les-plus-defavorises"]}]},{"@type":"ImageObject","inLanguage":"fr-FR","@id":"https:\/\/www.africa-press.net\/madagascar\/politique\/andry-rajoelina-sengage-a-construire-une-nouvelle-ville-pour-les-plus-defavorises#primaryimage","url":"https:\/\/static.africa-press.net\/madagascar\/sites\/56\/2023\/12\/sm_1702214541.496189.jpg","contentUrl":"https:\/\/static.africa-press.net\/madagascar\/sites\/56\/2023\/12\/sm_1702214541.496189.jpg","width":620,"height":350,"caption":"Andry Rajoelina s\u2019engage \u00e0 construire une nouvelle ville pour les plus d\u00e9favoris\u00e9s"},{"@type":"BreadcrumbList","@id":"https:\/\/www.africa-press.net\/madagascar\/politique\/andry-rajoelina-sengage-a-construire-une-nouvelle-ville-pour-les-plus-defavorises#breadcrumb","itemListElement":[{"@type":"ListItem","position":1,"name":"Accueil","item":"https:\/\/www.africa-press.net\/madagascar\/"},{"@type":"ListItem","position":2,"name":"Andry Rajoelina s\u2019engage \u00e0 construire une nouvelle ville pour les plus d\u00e9favoris\u00e9s"}]},{"@type":"WebSite","@id":"https:\/\/www.africa-press.net\/madagascar\/#website","url":"https:\/\/www.africa-press.net\/madagascar\/","name":"Madagascar","description":"Just another Africa News Agency Sites site","potentialAction":[{"@type":"SearchAction","target":{"@type":"EntryPoint","urlTemplate":"https:\/\/www.africa-press.net\/madagascar\/?s={search_term_string}"},"query-input":{"@type":"PropertyValueSpecification","valueRequired":true,"valueName":"search_term_string"}}],"inLanguage":"fr-FR"},{"@type":"Person","@id":"https:\/\/www.africa-press.net\/madagascar\/#\/schema\/person\/2b1cf3cd81a31e3cd26889ca66d677f1","name":"cfeditorfr"}]}},"_links":{"self":[{"href":"https:\/\/www.africa-press.net\/madagascar\/wp-json\/wp\/v2\/posts\/22550","targetHints":{"allow":["GET"]}}],"collection":[{"href":"https:\/\/www.africa-press.net\/madagascar\/wp-json\/wp\/v2\/posts"}],"about":[{"href":"https:\/\/www.africa-press.net\/madagascar\/wp-json\/wp\/v2\/types\/post"}],"author":[{"embeddable":true,"href":"https:\/\/www.africa-press.net\/madagascar\/wp-json\/wp\/v2\/users\/82"}],"replies":[{"embeddable":true,"href":"https:\/\/www.africa-press.net\/madagascar\/wp-json\/wp\/v2\/comments?post=22550"}],"version-history":[{"count":0,"href":"https:\/\/www.africa-press.net\/madagascar\/wp-json\/wp\/v2\/posts\/22550\/revisions"}],"wp:featuredmedia":[{"embeddable":true,"href":"https:\/\/www.africa-press.net\/madagascar\/wp-json\/wp\/v2\/media\/22549"}],"wp:attachment":[{"href":"https:\/\/www.africa-press.net\/madagascar\/wp-json\/wp\/v2\/media?parent=22550"}],"wp:term":[{"taxonomy":"category","embeddable":true,"href":"https:\/\/www.africa-press.net\/madagascar\/wp-json\/wp\/v2\/categories?post=22550"},{"taxonomy":"post_tag","embeddable":true,"href":"https:\/\/www.africa-press.net\/madagascar\/wp-json\/wp\/v2\/tags?post=22550"}],"curies":[{"name":"wp","href":"https:\/\/api.w.org\/{rel}","templated":true}]}}