{"id":22585,"date":"2023-12-11T18:05:38","date_gmt":"2023-12-11T18:05:38","guid":{"rendered":"https:\/\/www.africa-press.net\/madagascar\/politique\/patrimoine-mondial-la-reconnaissance-du-hira-gasy-celebree"},"modified":"2023-12-11T19:38:06","modified_gmt":"2023-12-11T19:38:06","slug":"patrimoine-mondial-la-reconnaissance-du-hira-gasy-celebree","status":"publish","type":"post","link":"https:\/\/www.africa-press.net\/madagascar\/culture-et-art\/patrimoine-mondial-la-reconnaissance-du-hira-gasy-celebree","title":{"rendered":"PATRIMOINE MONDIAL &#8211; La reconnaissance du Hira Gasy c\u00e9l\u00e9br\u00e9e"},"content":{"rendered":"<p><span style=\"color: #ff6600\"><strong>Africa-Press &#8211; Madagascar. <\/strong><\/span>Une page historique s\u2019est tourne\u0301e. Le drapeau de l\u2019Unesco flottait a\u0300 Anosy pour officialiser la reconnaissance du Hira Gasy en tant que patrimoine culturel immate\u0301riel de l\u2019humanite\u0301, a\u0300 l\u2019image des autres sites inscrits sur la liste des patrimoines mondiaux. La ce\u0301re\u0301monie solennelle s\u2019est de\u0301roule\u0301e au Kianjan\u2019ny Hira Gasy a\u0300 Anosy.<\/p>\n<p>\u00abLe Hira Gasy est un e\u0301le\u0301ment central de notre fierte\u0301, car il allie e\u0301ducation et divertissement. Me\u0302me a\u0300 travers des tenues simples mais modestes, le Hira Gasy transmet une e\u0301ducation pre\u0301cieuse aux jeunes Malgaches. Actuellement reconnu comme patrimoine mondial, le Hira Gasy be\u0301ne\u0301ficie d\u2019une reconnaissance internationale. Cependant, puisque les paroles ne sont pas toujours comprises par les non-locuteurs, il est de notre devoir de faire connai\u0302tre cette culture exceptionnelle a\u0300 l\u2019e\u0301chelle mondiale\u00bb, souligne Richard Ravalomanana, Pre\u0301sident par inte\u0301rim.<\/p>\n<p>En 2019, l\u2019e\u0301quipe du ministe\u0300re de la Communication et de la culture, dirige\u0301e par Lalatiana Rakotondrazafy, a compile\u0301 tous les documents ne\u0301cessaires pour inscrire le Hira Gasy sur la liste des patrimoines mondiaux de l\u2019Unesco. Le 5 de\u0301cembre, les efforts ont porte\u0301 leurs fruits, confe\u0301rant ainsi une valeur officielle au Hira Gasy. La ce\u0301le\u0301bration s\u2019est conclue avec une remarquable performance offerte par Marie-Louise Anivorano en face de la troupe Fredikely.<\/p>\n<p><strong>Pour plus d&rsquo;informations et d&rsquo;analyses sur la <a href=\"https:\/\/www.africa-press.net\/madagascar\">Madagascar<\/a>, suivez <a href=\"https:\/\/www.africa-press.net\/\">Africa-Press<\/a><\/strong><\/p>\n","protected":false},"excerpt":{"rendered":"<p>Africa-Press &#8211; Madagascar. Une page historique s\u2019est tourne\u0301e. Le drapeau de l\u2019Unesco flottait a\u0300 Anosy pour officialiser la reconnaissance du Hira Gasy en tant que patrimoine culturel immate\u0301riel de l\u2019humanite\u0301, a\u0300 l\u2019image des autres sites inscrits sur la liste des patrimoines mondiaux. La ce\u0301re\u0301monie solennelle s\u2019est de\u0301roule\u0301e au Kianjan\u2019ny Hira Gasy a\u0300 Anosy. \u00abLe Hira [&hellip;]<\/p>\n","protected":false},"author":82,"featured_media":22584,"comment_status":"open","ping_status":"closed","sticky":false,"template":"","format":"standard","meta":{"footnotes":""},"categories":[5,10],"tags":[36,50,49],"class_list":["post-22585","post","type-post","status-publish","format-standard","has-post-thumbnail","hentry","category-culture-et-art","category-toutes-les-actualites","tag-africa-press","tag-africa-press-madagascar","tag-madagascar"],"yoast_head":"<!-- This site is optimized with the Yoast SEO Premium plugin v26.1 (Yoast SEO v27.0) - https:\/\/yoast.com\/product\/yoast-seo-premium-wordpress\/ -->\n<title>PATRIMOINE MONDIAL - La reconnaissance du Hira Gasy c\u00e9l\u00e9br\u00e9e - Madagascar<\/title>\n<meta name=\"description\" content=\"Une page historique s\u2019est tourne\u0301e. Le drapeau de l\u2019Unesco flottait a\u0300 Anosy pour officialiser la reconnaissance du Hira ...\" \/>\n<meta name=\"robots\" content=\"index, follow, max-snippet:-1, max-image-preview:large, max-video-preview:-1\" \/>\n<link rel=\"canonical\" href=\"https:\/\/www.africa-press.net\/madagascar\/culture-et-art\/patrimoine-mondial-la-reconnaissance-du-hira-gasy-celebree\" \/>\n<meta property=\"og:locale\" content=\"fr_FR\" \/>\n<meta property=\"og:type\" content=\"article\" \/>\n<meta property=\"og:title\" content=\"PATRIMOINE MONDIAL - La reconnaissance du Hira Gasy c\u00e9l\u00e9br\u00e9e\" \/>\n<meta property=\"og:description\" content=\"Une page historique s\u2019est tourne\u0301e. Le drapeau de l\u2019Unesco flottait a\u0300 Anosy pour officialiser la reconnaissance du Hira ...\" \/>\n<meta property=\"og:url\" content=\"https:\/\/www.africa-press.net\/madagascar\/culture-et-art\/patrimoine-mondial-la-reconnaissance-du-hira-gasy-celebree\" \/>\n<meta property=\"og:site_name\" content=\"Madagascar\" \/>\n<meta property=\"article:published_time\" content=\"2023-12-11T18:05:38+00:00\" \/>\n<meta property=\"article:modified_time\" content=\"2023-12-11T19:38:06+00:00\" \/>\n<meta property=\"og:image\" content=\"https:\/\/static.africa-press.net\/madagascar\/sites\/56\/2023\/12\/sm_1702307149.028258.jpg\" \/>\n\t<meta property=\"og:image:width\" content=\"949\" \/>\n\t<meta property=\"og:image:height\" content=\"627\" \/>\n\t<meta property=\"og:image:type\" content=\"image\/jpeg\" \/>\n<meta name=\"author\" content=\"cfeditorfr\" \/>\n<meta name=\"twitter:card\" content=\"summary_large_image\" \/>\n<meta name=\"twitter:label1\" content=\"\u00c9crit par\" \/>\n\t<meta name=\"twitter:data1\" content=\"cfeditorfr\" \/>\n\t<meta name=\"twitter:label2\" content=\"Dur\u00e9e de lecture estim\u00e9e\" \/>\n\t<meta name=\"twitter:data2\" content=\"1 minute\" \/>\n<script type=\"application\/ld+json\" class=\"yoast-schema-graph\">{\"@context\":\"https:\/\/schema.org\",\"@graph\":[{\"@type\":\"Article\",\"@id\":\"https:\/\/www.africa-press.net\/madagascar\/culture-et-art\/patrimoine-mondial-la-reconnaissance-du-hira-gasy-celebree#article\",\"isPartOf\":{\"@id\":\"https:\/\/www.africa-press.net\/madagascar\/culture-et-art\/patrimoine-mondial-la-reconnaissance-du-hira-gasy-celebree\"},\"author\":{\"name\":\"cfeditorfr\",\"@id\":\"https:\/\/www.africa-press.net\/madagascar\/#\/schema\/person\/2b1cf3cd81a31e3cd26889ca66d677f1\"},\"headline\":\"PATRIMOINE MONDIAL &#8211; La reconnaissance du Hira Gasy c\u00e9l\u00e9br\u00e9e\",\"datePublished\":\"2023-12-11T18:05:38+00:00\",\"dateModified\":\"2023-12-11T19:38:06+00:00\",\"mainEntityOfPage\":{\"@id\":\"https:\/\/www.africa-press.net\/madagascar\/culture-et-art\/patrimoine-mondial-la-reconnaissance-du-hira-gasy-celebree\"},\"wordCount\":260,\"commentCount\":0,\"image\":{\"@id\":\"https:\/\/www.africa-press.net\/madagascar\/culture-et-art\/patrimoine-mondial-la-reconnaissance-du-hira-gasy-celebree#primaryimage\"},\"thumbnailUrl\":\"https:\/\/static.africa-press.net\/madagascar\/sites\/56\/2023\/12\/sm_1702307149.028258.jpg\",\"keywords\":[\"Africa Press\",\"Africa Press-Madagascar\",\"Madagascar\"],\"articleSection\":[\"Culture et Art\",\"Toutes les actualit\u00e9s\"],\"inLanguage\":\"fr-FR\",\"potentialAction\":[{\"@type\":\"CommentAction\",\"name\":\"Comment\",\"target\":[\"https:\/\/www.africa-press.net\/madagascar\/culture-et-art\/patrimoine-mondial-la-reconnaissance-du-hira-gasy-celebree#respond\"]}]},{\"@type\":\"WebPage\",\"@id\":\"https:\/\/www.africa-press.net\/madagascar\/culture-et-art\/patrimoine-mondial-la-reconnaissance-du-hira-gasy-celebree\",\"url\":\"https:\/\/www.africa-press.net\/madagascar\/culture-et-art\/patrimoine-mondial-la-reconnaissance-du-hira-gasy-celebree\",\"name\":\"PATRIMOINE MONDIAL - La reconnaissance du Hira Gasy c\u00e9l\u00e9br\u00e9e - Madagascar\",\"isPartOf\":{\"@id\":\"https:\/\/www.africa-press.net\/madagascar\/#website\"},\"primaryImageOfPage\":{\"@id\":\"https:\/\/www.africa-press.net\/madagascar\/culture-et-art\/patrimoine-mondial-la-reconnaissance-du-hira-gasy-celebree#primaryimage\"},\"image\":{\"@id\":\"https:\/\/www.africa-press.net\/madagascar\/culture-et-art\/patrimoine-mondial-la-reconnaissance-du-hira-gasy-celebree#primaryimage\"},\"thumbnailUrl\":\"https:\/\/static.africa-press.net\/madagascar\/sites\/56\/2023\/12\/sm_1702307149.028258.jpg\",\"datePublished\":\"2023-12-11T18:05:38+00:00\",\"dateModified\":\"2023-12-11T19:38:06+00:00\",\"author\":{\"@id\":\"https:\/\/www.africa-press.net\/madagascar\/#\/schema\/person\/2b1cf3cd81a31e3cd26889ca66d677f1\"},\"description\":\"Une page historique s\u2019est tourne\u0301e. Le drapeau de l\u2019Unesco flottait a\u0300 Anosy pour officialiser la reconnaissance du Hira ...\",\"breadcrumb\":{\"@id\":\"https:\/\/www.africa-press.net\/madagascar\/culture-et-art\/patrimoine-mondial-la-reconnaissance-du-hira-gasy-celebree#breadcrumb\"},\"inLanguage\":\"fr-FR\",\"potentialAction\":[{\"@type\":\"ReadAction\",\"target\":[\"https:\/\/www.africa-press.net\/madagascar\/culture-et-art\/patrimoine-mondial-la-reconnaissance-du-hira-gasy-celebree\"]}]},{\"@type\":\"ImageObject\",\"inLanguage\":\"fr-FR\",\"@id\":\"https:\/\/www.africa-press.net\/madagascar\/culture-et-art\/patrimoine-mondial-la-reconnaissance-du-hira-gasy-celebree#primaryimage\",\"url\":\"https:\/\/static.africa-press.net\/madagascar\/sites\/56\/2023\/12\/sm_1702307149.028258.jpg\",\"contentUrl\":\"https:\/\/static.africa-press.net\/madagascar\/sites\/56\/2023\/12\/sm_1702307149.028258.jpg\",\"width\":949,\"height\":627,\"caption\":\"PATRIMOINE MONDIAL - La reconnaissance du Hira Gasy c\u00e9l\u00e9br\u00e9e\"},{\"@type\":\"BreadcrumbList\",\"@id\":\"https:\/\/www.africa-press.net\/madagascar\/culture-et-art\/patrimoine-mondial-la-reconnaissance-du-hira-gasy-celebree#breadcrumb\",\"itemListElement\":[{\"@type\":\"ListItem\",\"position\":1,\"name\":\"Accueil\",\"item\":\"https:\/\/www.africa-press.net\/madagascar\/\"},{\"@type\":\"ListItem\",\"position\":2,\"name\":\"PATRIMOINE MONDIAL &#8211; La reconnaissance du Hira Gasy c\u00e9l\u00e9br\u00e9e\"}]},{\"@type\":\"WebSite\",\"@id\":\"https:\/\/www.africa-press.net\/madagascar\/#website\",\"url\":\"https:\/\/www.africa-press.net\/madagascar\/\",\"name\":\"Madagascar\",\"description\":\"Just another Africa News Agency Sites site\",\"potentialAction\":[{\"@type\":\"SearchAction\",\"target\":{\"@type\":\"EntryPoint\",\"urlTemplate\":\"https:\/\/www.africa-press.net\/madagascar\/?s={search_term_string}\"},\"query-input\":{\"@type\":\"PropertyValueSpecification\",\"valueRequired\":true,\"valueName\":\"search_term_string\"}}],\"inLanguage\":\"fr-FR\"},{\"@type\":\"Person\",\"@id\":\"https:\/\/www.africa-press.net\/madagascar\/#\/schema\/person\/2b1cf3cd81a31e3cd26889ca66d677f1\",\"name\":\"cfeditorfr\"}]}<\/script>\n<!-- \/ Yoast SEO Premium plugin. -->","yoast_head_json":{"title":"PATRIMOINE MONDIAL - La reconnaissance du Hira Gasy c\u00e9l\u00e9br\u00e9e - Madagascar","description":"Une page historique s\u2019est tourne\u0301e. Le drapeau de l\u2019Unesco flottait a\u0300 Anosy pour officialiser la reconnaissance du Hira ...","robots":{"index":"index","follow":"follow","max-snippet":"max-snippet:-1","max-image-preview":"max-image-preview:large","max-video-preview":"max-video-preview:-1"},"canonical":"https:\/\/www.africa-press.net\/madagascar\/culture-et-art\/patrimoine-mondial-la-reconnaissance-du-hira-gasy-celebree","og_locale":"fr_FR","og_type":"article","og_title":"PATRIMOINE MONDIAL - La reconnaissance du Hira Gasy c\u00e9l\u00e9br\u00e9e","og_description":"Une page historique s\u2019est tourne\u0301e. Le drapeau de l\u2019Unesco flottait a\u0300 Anosy pour officialiser la reconnaissance du Hira ...","og_url":"https:\/\/www.africa-press.net\/madagascar\/culture-et-art\/patrimoine-mondial-la-reconnaissance-du-hira-gasy-celebree","og_site_name":"Madagascar","article_published_time":"2023-12-11T18:05:38+00:00","article_modified_time":"2023-12-11T19:38:06+00:00","og_image":[{"width":949,"height":627,"url":"https:\/\/static.africa-press.net\/madagascar\/sites\/56\/2023\/12\/sm_1702307149.028258.jpg","type":"image\/jpeg"}],"author":"cfeditorfr","twitter_card":"summary_large_image","twitter_misc":{"\u00c9crit par":"cfeditorfr","Dur\u00e9e de lecture estim\u00e9e":"1 minute"},"schema":{"@context":"https:\/\/schema.org","@graph":[{"@type":"Article","@id":"https:\/\/www.africa-press.net\/madagascar\/culture-et-art\/patrimoine-mondial-la-reconnaissance-du-hira-gasy-celebree#article","isPartOf":{"@id":"https:\/\/www.africa-press.net\/madagascar\/culture-et-art\/patrimoine-mondial-la-reconnaissance-du-hira-gasy-celebree"},"author":{"name":"cfeditorfr","@id":"https:\/\/www.africa-press.net\/madagascar\/#\/schema\/person\/2b1cf3cd81a31e3cd26889ca66d677f1"},"headline":"PATRIMOINE MONDIAL &#8211; La reconnaissance du Hira Gasy c\u00e9l\u00e9br\u00e9e","datePublished":"2023-12-11T18:05:38+00:00","dateModified":"2023-12-11T19:38:06+00:00","mainEntityOfPage":{"@id":"https:\/\/www.africa-press.net\/madagascar\/culture-et-art\/patrimoine-mondial-la-reconnaissance-du-hira-gasy-celebree"},"wordCount":260,"commentCount":0,"image":{"@id":"https:\/\/www.africa-press.net\/madagascar\/culture-et-art\/patrimoine-mondial-la-reconnaissance-du-hira-gasy-celebree#primaryimage"},"thumbnailUrl":"https:\/\/static.africa-press.net\/madagascar\/sites\/56\/2023\/12\/sm_1702307149.028258.jpg","keywords":["Africa Press","Africa Press-Madagascar","Madagascar"],"articleSection":["Culture et Art","Toutes les actualit\u00e9s"],"inLanguage":"fr-FR","potentialAction":[{"@type":"CommentAction","name":"Comment","target":["https:\/\/www.africa-press.net\/madagascar\/culture-et-art\/patrimoine-mondial-la-reconnaissance-du-hira-gasy-celebree#respond"]}]},{"@type":"WebPage","@id":"https:\/\/www.africa-press.net\/madagascar\/culture-et-art\/patrimoine-mondial-la-reconnaissance-du-hira-gasy-celebree","url":"https:\/\/www.africa-press.net\/madagascar\/culture-et-art\/patrimoine-mondial-la-reconnaissance-du-hira-gasy-celebree","name":"PATRIMOINE MONDIAL - La reconnaissance du Hira Gasy c\u00e9l\u00e9br\u00e9e - Madagascar","isPartOf":{"@id":"https:\/\/www.africa-press.net\/madagascar\/#website"},"primaryImageOfPage":{"@id":"https:\/\/www.africa-press.net\/madagascar\/culture-et-art\/patrimoine-mondial-la-reconnaissance-du-hira-gasy-celebree#primaryimage"},"image":{"@id":"https:\/\/www.africa-press.net\/madagascar\/culture-et-art\/patrimoine-mondial-la-reconnaissance-du-hira-gasy-celebree#primaryimage"},"thumbnailUrl":"https:\/\/static.africa-press.net\/madagascar\/sites\/56\/2023\/12\/sm_1702307149.028258.jpg","datePublished":"2023-12-11T18:05:38+00:00","dateModified":"2023-12-11T19:38:06+00:00","author":{"@id":"https:\/\/www.africa-press.net\/madagascar\/#\/schema\/person\/2b1cf3cd81a31e3cd26889ca66d677f1"},"description":"Une page historique s\u2019est tourne\u0301e. Le drapeau de l\u2019Unesco flottait a\u0300 Anosy pour officialiser la reconnaissance du Hira ...","breadcrumb":{"@id":"https:\/\/www.africa-press.net\/madagascar\/culture-et-art\/patrimoine-mondial-la-reconnaissance-du-hira-gasy-celebree#breadcrumb"},"inLanguage":"fr-FR","potentialAction":[{"@type":"ReadAction","target":["https:\/\/www.africa-press.net\/madagascar\/culture-et-art\/patrimoine-mondial-la-reconnaissance-du-hira-gasy-celebree"]}]},{"@type":"ImageObject","inLanguage":"fr-FR","@id":"https:\/\/www.africa-press.net\/madagascar\/culture-et-art\/patrimoine-mondial-la-reconnaissance-du-hira-gasy-celebree#primaryimage","url":"https:\/\/static.africa-press.net\/madagascar\/sites\/56\/2023\/12\/sm_1702307149.028258.jpg","contentUrl":"https:\/\/static.africa-press.net\/madagascar\/sites\/56\/2023\/12\/sm_1702307149.028258.jpg","width":949,"height":627,"caption":"PATRIMOINE MONDIAL - La reconnaissance du Hira Gasy c\u00e9l\u00e9br\u00e9e"},{"@type":"BreadcrumbList","@id":"https:\/\/www.africa-press.net\/madagascar\/culture-et-art\/patrimoine-mondial-la-reconnaissance-du-hira-gasy-celebree#breadcrumb","itemListElement":[{"@type":"ListItem","position":1,"name":"Accueil","item":"https:\/\/www.africa-press.net\/madagascar\/"},{"@type":"ListItem","position":2,"name":"PATRIMOINE MONDIAL &#8211; La reconnaissance du Hira Gasy c\u00e9l\u00e9br\u00e9e"}]},{"@type":"WebSite","@id":"https:\/\/www.africa-press.net\/madagascar\/#website","url":"https:\/\/www.africa-press.net\/madagascar\/","name":"Madagascar","description":"Just another Africa News Agency Sites site","potentialAction":[{"@type":"SearchAction","target":{"@type":"EntryPoint","urlTemplate":"https:\/\/www.africa-press.net\/madagascar\/?s={search_term_string}"},"query-input":{"@type":"PropertyValueSpecification","valueRequired":true,"valueName":"search_term_string"}}],"inLanguage":"fr-FR"},{"@type":"Person","@id":"https:\/\/www.africa-press.net\/madagascar\/#\/schema\/person\/2b1cf3cd81a31e3cd26889ca66d677f1","name":"cfeditorfr"}]}},"_links":{"self":[{"href":"https:\/\/www.africa-press.net\/madagascar\/wp-json\/wp\/v2\/posts\/22585","targetHints":{"allow":["GET"]}}],"collection":[{"href":"https:\/\/www.africa-press.net\/madagascar\/wp-json\/wp\/v2\/posts"}],"about":[{"href":"https:\/\/www.africa-press.net\/madagascar\/wp-json\/wp\/v2\/types\/post"}],"author":[{"embeddable":true,"href":"https:\/\/www.africa-press.net\/madagascar\/wp-json\/wp\/v2\/users\/82"}],"replies":[{"embeddable":true,"href":"https:\/\/www.africa-press.net\/madagascar\/wp-json\/wp\/v2\/comments?post=22585"}],"version-history":[{"count":0,"href":"https:\/\/www.africa-press.net\/madagascar\/wp-json\/wp\/v2\/posts\/22585\/revisions"}],"wp:featuredmedia":[{"embeddable":true,"href":"https:\/\/www.africa-press.net\/madagascar\/wp-json\/wp\/v2\/media\/22584"}],"wp:attachment":[{"href":"https:\/\/www.africa-press.net\/madagascar\/wp-json\/wp\/v2\/media?parent=22585"}],"wp:term":[{"taxonomy":"category","embeddable":true,"href":"https:\/\/www.africa-press.net\/madagascar\/wp-json\/wp\/v2\/categories?post=22585"},{"taxonomy":"post_tag","embeddable":true,"href":"https:\/\/www.africa-press.net\/madagascar\/wp-json\/wp\/v2\/tags?post=22585"}],"curies":[{"name":"wp","href":"https:\/\/api.w.org\/{rel}","templated":true}]}}