{"id":22808,"date":"2023-12-15T14:32:09","date_gmt":"2023-12-15T14:32:09","guid":{"rendered":"https:\/\/www.africa-press.net\/madagascar\/politique\/patrimoine-le-rapatriement-du-crane-du-roi-toera-progresse"},"modified":"2023-12-15T16:16:27","modified_gmt":"2023-12-15T16:16:27","slug":"patrimoine-le-rapatriement-du-crane-du-roi-toera-progresse","status":"publish","type":"post","link":"https:\/\/www.africa-press.net\/madagascar\/culture-et-art\/patrimoine-le-rapatriement-du-crane-du-roi-toera-progresse","title":{"rendered":"PATRIMOINE &#8211; Le rapatriement du cr\u00e2ne du Roi Toera progresse"},"content":{"rendered":"<p><span style=\"color: #ff6600\"><strong>Africa-Press &#8211; Madagascar. <\/strong><\/span>L\u2019adoption de la proposition de loi sur la restitution des restes humains par l\u2019Assemble\u0301e nationale franc\u0327aise le 12 de\u0301cembre marque une avance\u0301e significative dans les de\u0301marches en vue de restituer le cra\u0302ne du Roi sakalava Toera, et de ses deux autres guerriers sakalava.<\/p>\n<p>Une histoire sacre\u0301e. Le 12 de\u0301cembre, l\u2019Assemble\u0301e nationale franc\u0327aise a approuve\u0301 une proposition de loi concernant la restitution des restes humains faisant partie des collections publiques. Cette proposition prend en compte le Kabeso de l\u2019Ampanjaka Toera, et les cra\u0302nes de deux autres guerriers sakalava, actuellement conserve\u0301s au Muse\u0301e de l\u2019Homme a\u0300 Paris, qui appartiennent a\u0300 Madagascar.<\/p>\n<p>Selon l\u2019article L. 115-6 de cette proposition, la sortie du domaine public de restes humains identifie\u0301s et provenant du territoire d\u2019un E\u0301tat e\u0301tranger peut e\u0302tre de\u0301cide\u0301e, si certaines conditions sont remplies. Ces conditions incluent le de\u0301ce\u0300s des personnes apre\u0300s l\u2019an 1 500, la conservation de leurs restes dans les collections devant aller a\u0300 l\u2019encontre du respect de la culture et des traditions du groupe, et d\u2019autres crite\u0300res.<\/p>\n<p><b>De\u0301signation<\/b><\/p>\n<p>Concernant le dossier du Roi sakalava Toera et ses deux guerriers, toutes les conditions requises sont comple\u0300tes.<\/p>\n<p>\u00ab Confronte\u0301es a\u0300 la complexite\u0301 de la proce\u0301dure le\u0301gislative, les parties franc\u0327aise et malgache ont convenu de cre\u0301er une commission mixte franco-malgache charge\u0301e d\u2019e\u0301tablir la documentation scientifique et historique relative au Kabeso du Roi Toera et aux cra\u0302nes des deux autres guerriers sakalava. La partie franc\u0327aise a de\u0301ja\u0300 nomme\u0301 ses repre\u0301sentants dans cette commission mixte, par le biais d\u2019une lettre de la ministre de la Culture en aou\u0302t 2023. Du co\u0302te\u0301 malgache, le ministe\u0300re de la Communication et de la culture (MCC) attend la de\u0301signation de repre\u0301sentants d\u2019autres de\u0301partements ministe\u0301riels concerne\u0301s, afin d\u2019identifier les spe\u0301cialistes appele\u0301s a\u0300 sie\u0301ger au sein de ladite commission \u00bb, pre\u0301cise le communique\u0301 de presse du MCC, publie\u0301 hier. Le gouvernement attend avec impatience l\u2019adoption de la proposition de loi par le Se\u0301nat franc\u0327ais, dans les semaines qui suivent.<\/p>\n<p>\u00abLes ne\u0301gociations concernant la restitution de ces restes humains sakalava se poursuivent actuellement par le biais d\u2019e\u0301changes re\u0301guliers de correspondance avec la ministre de la Culture franc\u0327aise Rima Abdul Malak\u00bb, souligne le MCC. En novembre 2020, le gouvernement a\u0300 travers le MCC, a pris les mesures ne\u0301cessaires aupre\u0300s des autorite\u0301s franc\u0327aises pour la restitution du Kabeso de l\u2019Ampanjaka sakalava Toera, et des cra\u0302nes de ses deux guerriers actuellement expose\u0301s au Muse\u0301e de l\u2019Homme a\u0300 Paris.<\/p>\n<p><strong>Pour plus d&rsquo;informations et d&rsquo;analyses sur la <a href=\"https:\/\/www.africa-press.net\/madagascar\">Madagascar<\/a>, suivez <a href=\"https:\/\/www.africa-press.net\/\">Africa-Press<\/a><\/strong><\/p>\n","protected":false},"excerpt":{"rendered":"<p>Africa-Press &#8211; Madagascar. L\u2019adoption de la proposition de loi sur la restitution des restes humains par l\u2019Assemble\u0301e nationale franc\u0327aise le 12 de\u0301cembre marque une avance\u0301e significative dans les de\u0301marches en vue de restituer le cra\u0302ne du Roi sakalava Toera, et de ses deux autres guerriers sakalava. Une histoire sacre\u0301e. Le 12 de\u0301cembre, l\u2019Assemble\u0301e nationale franc\u0327aise [&hellip;]<\/p>\n","protected":false},"author":82,"featured_media":22807,"comment_status":"open","ping_status":"closed","sticky":false,"template":"","format":"standard","meta":{"footnotes":""},"categories":[5,10],"tags":[36,50,49],"class_list":["post-22808","post","type-post","status-publish","format-standard","has-post-thumbnail","hentry","category-culture-et-art","category-toutes-les-actualites","tag-africa-press","tag-africa-press-madagascar","tag-madagascar"],"yoast_head":"<!-- This site is optimized with the Yoast SEO Premium plugin v26.1 (Yoast SEO v27.0) - https:\/\/yoast.com\/product\/yoast-seo-premium-wordpress\/ -->\n<title>PATRIMOINE - Le rapatriement du cr\u00e2ne du Roi Toera progresse - Madagascar<\/title>\n<meta name=\"description\" content=\"L\u2019adoption de la proposition de loi sur la restitution des restes humains par l\u2019Assemble\u0301e nationale franc\u0327aise le 12 de ...\" \/>\n<meta name=\"robots\" content=\"index, follow, max-snippet:-1, max-image-preview:large, max-video-preview:-1\" \/>\n<link rel=\"canonical\" href=\"https:\/\/www.africa-press.net\/madagascar\/culture-et-art\/patrimoine-le-rapatriement-du-crane-du-roi-toera-progresse\" \/>\n<meta property=\"og:locale\" content=\"fr_FR\" \/>\n<meta property=\"og:type\" content=\"article\" \/>\n<meta property=\"og:title\" content=\"PATRIMOINE - Le rapatriement du cr\u00e2ne du Roi Toera progresse\" \/>\n<meta property=\"og:description\" content=\"L\u2019adoption de la proposition de loi sur la restitution des restes humains par l\u2019Assemble\u0301e nationale franc\u0327aise le 12 de ...\" \/>\n<meta property=\"og:url\" content=\"https:\/\/www.africa-press.net\/madagascar\/culture-et-art\/patrimoine-le-rapatriement-du-crane-du-roi-toera-progresse\" \/>\n<meta property=\"og:site_name\" content=\"Madagascar\" \/>\n<meta property=\"article:published_time\" content=\"2023-12-15T14:32:09+00:00\" \/>\n<meta property=\"article:modified_time\" content=\"2023-12-15T16:16:27+00:00\" \/>\n<meta property=\"og:image\" content=\"https:\/\/static.africa-press.net\/madagascar\/sites\/56\/2023\/12\/sm_1702640664.31573.jpg\" \/>\n\t<meta property=\"og:image:width\" content=\"1280\" \/>\n\t<meta property=\"og:image:height\" content=\"720\" \/>\n\t<meta property=\"og:image:type\" content=\"image\/jpeg\" \/>\n<meta name=\"author\" content=\"cfeditorfr\" \/>\n<meta name=\"twitter:card\" content=\"summary_large_image\" \/>\n<meta name=\"twitter:label1\" content=\"\u00c9crit par\" \/>\n\t<meta name=\"twitter:data1\" content=\"cfeditorfr\" \/>\n\t<meta name=\"twitter:label2\" content=\"Dur\u00e9e de lecture estim\u00e9e\" \/>\n\t<meta name=\"twitter:data2\" content=\"2 minutes\" \/>\n<script type=\"application\/ld+json\" class=\"yoast-schema-graph\">{\"@context\":\"https:\/\/schema.org\",\"@graph\":[{\"@type\":\"Article\",\"@id\":\"https:\/\/www.africa-press.net\/madagascar\/culture-et-art\/patrimoine-le-rapatriement-du-crane-du-roi-toera-progresse#article\",\"isPartOf\":{\"@id\":\"https:\/\/www.africa-press.net\/madagascar\/culture-et-art\/patrimoine-le-rapatriement-du-crane-du-roi-toera-progresse\"},\"author\":{\"name\":\"cfeditorfr\",\"@id\":\"https:\/\/www.africa-press.net\/madagascar\/#\/schema\/person\/2b1cf3cd81a31e3cd26889ca66d677f1\"},\"headline\":\"PATRIMOINE &#8211; Le rapatriement du cr\u00e2ne du Roi Toera progresse\",\"datePublished\":\"2023-12-15T14:32:09+00:00\",\"dateModified\":\"2023-12-15T16:16:27+00:00\",\"mainEntityOfPage\":{\"@id\":\"https:\/\/www.africa-press.net\/madagascar\/culture-et-art\/patrimoine-le-rapatriement-du-crane-du-roi-toera-progresse\"},\"wordCount\":489,\"commentCount\":0,\"image\":{\"@id\":\"https:\/\/www.africa-press.net\/madagascar\/culture-et-art\/patrimoine-le-rapatriement-du-crane-du-roi-toera-progresse#primaryimage\"},\"thumbnailUrl\":\"https:\/\/static.africa-press.net\/madagascar\/sites\/56\/2023\/12\/sm_1702640664.31573.jpg\",\"keywords\":[\"Africa Press\",\"Africa Press-Madagascar\",\"Madagascar\"],\"articleSection\":[\"Culture et Art\",\"Toutes les actualit\u00e9s\"],\"inLanguage\":\"fr-FR\",\"potentialAction\":[{\"@type\":\"CommentAction\",\"name\":\"Comment\",\"target\":[\"https:\/\/www.africa-press.net\/madagascar\/culture-et-art\/patrimoine-le-rapatriement-du-crane-du-roi-toera-progresse#respond\"]}]},{\"@type\":\"WebPage\",\"@id\":\"https:\/\/www.africa-press.net\/madagascar\/culture-et-art\/patrimoine-le-rapatriement-du-crane-du-roi-toera-progresse\",\"url\":\"https:\/\/www.africa-press.net\/madagascar\/culture-et-art\/patrimoine-le-rapatriement-du-crane-du-roi-toera-progresse\",\"name\":\"PATRIMOINE - Le rapatriement du cr\u00e2ne du Roi Toera progresse - Madagascar\",\"isPartOf\":{\"@id\":\"https:\/\/www.africa-press.net\/madagascar\/#website\"},\"primaryImageOfPage\":{\"@id\":\"https:\/\/www.africa-press.net\/madagascar\/culture-et-art\/patrimoine-le-rapatriement-du-crane-du-roi-toera-progresse#primaryimage\"},\"image\":{\"@id\":\"https:\/\/www.africa-press.net\/madagascar\/culture-et-art\/patrimoine-le-rapatriement-du-crane-du-roi-toera-progresse#primaryimage\"},\"thumbnailUrl\":\"https:\/\/static.africa-press.net\/madagascar\/sites\/56\/2023\/12\/sm_1702640664.31573.jpg\",\"datePublished\":\"2023-12-15T14:32:09+00:00\",\"dateModified\":\"2023-12-15T16:16:27+00:00\",\"author\":{\"@id\":\"https:\/\/www.africa-press.net\/madagascar\/#\/schema\/person\/2b1cf3cd81a31e3cd26889ca66d677f1\"},\"description\":\"L\u2019adoption de la proposition de loi sur la restitution des restes humains par l\u2019Assemble\u0301e nationale franc\u0327aise le 12 de ...\",\"breadcrumb\":{\"@id\":\"https:\/\/www.africa-press.net\/madagascar\/culture-et-art\/patrimoine-le-rapatriement-du-crane-du-roi-toera-progresse#breadcrumb\"},\"inLanguage\":\"fr-FR\",\"potentialAction\":[{\"@type\":\"ReadAction\",\"target\":[\"https:\/\/www.africa-press.net\/madagascar\/culture-et-art\/patrimoine-le-rapatriement-du-crane-du-roi-toera-progresse\"]}]},{\"@type\":\"ImageObject\",\"inLanguage\":\"fr-FR\",\"@id\":\"https:\/\/www.africa-press.net\/madagascar\/culture-et-art\/patrimoine-le-rapatriement-du-crane-du-roi-toera-progresse#primaryimage\",\"url\":\"https:\/\/static.africa-press.net\/madagascar\/sites\/56\/2023\/12\/sm_1702640664.31573.jpg\",\"contentUrl\":\"https:\/\/static.africa-press.net\/madagascar\/sites\/56\/2023\/12\/sm_1702640664.31573.jpg\",\"width\":1280,\"height\":720,\"caption\":\"PATRIMOINE - Le rapatriement du cr\u00e2ne du Roi Toera progresse\"},{\"@type\":\"BreadcrumbList\",\"@id\":\"https:\/\/www.africa-press.net\/madagascar\/culture-et-art\/patrimoine-le-rapatriement-du-crane-du-roi-toera-progresse#breadcrumb\",\"itemListElement\":[{\"@type\":\"ListItem\",\"position\":1,\"name\":\"Accueil\",\"item\":\"https:\/\/www.africa-press.net\/madagascar\/\"},{\"@type\":\"ListItem\",\"position\":2,\"name\":\"PATRIMOINE &#8211; Le rapatriement du cr\u00e2ne du Roi Toera progresse\"}]},{\"@type\":\"WebSite\",\"@id\":\"https:\/\/www.africa-press.net\/madagascar\/#website\",\"url\":\"https:\/\/www.africa-press.net\/madagascar\/\",\"name\":\"Madagascar\",\"description\":\"Just another Africa News Agency Sites site\",\"potentialAction\":[{\"@type\":\"SearchAction\",\"target\":{\"@type\":\"EntryPoint\",\"urlTemplate\":\"https:\/\/www.africa-press.net\/madagascar\/?s={search_term_string}\"},\"query-input\":{\"@type\":\"PropertyValueSpecification\",\"valueRequired\":true,\"valueName\":\"search_term_string\"}}],\"inLanguage\":\"fr-FR\"},{\"@type\":\"Person\",\"@id\":\"https:\/\/www.africa-press.net\/madagascar\/#\/schema\/person\/2b1cf3cd81a31e3cd26889ca66d677f1\",\"name\":\"cfeditorfr\"}]}<\/script>\n<!-- \/ Yoast SEO Premium plugin. -->","yoast_head_json":{"title":"PATRIMOINE - Le rapatriement du cr\u00e2ne du Roi Toera progresse - Madagascar","description":"L\u2019adoption de la proposition de loi sur la restitution des restes humains par l\u2019Assemble\u0301e nationale franc\u0327aise le 12 de ...","robots":{"index":"index","follow":"follow","max-snippet":"max-snippet:-1","max-image-preview":"max-image-preview:large","max-video-preview":"max-video-preview:-1"},"canonical":"https:\/\/www.africa-press.net\/madagascar\/culture-et-art\/patrimoine-le-rapatriement-du-crane-du-roi-toera-progresse","og_locale":"fr_FR","og_type":"article","og_title":"PATRIMOINE - Le rapatriement du cr\u00e2ne du Roi Toera progresse","og_description":"L\u2019adoption de la proposition de loi sur la restitution des restes humains par l\u2019Assemble\u0301e nationale franc\u0327aise le 12 de ...","og_url":"https:\/\/www.africa-press.net\/madagascar\/culture-et-art\/patrimoine-le-rapatriement-du-crane-du-roi-toera-progresse","og_site_name":"Madagascar","article_published_time":"2023-12-15T14:32:09+00:00","article_modified_time":"2023-12-15T16:16:27+00:00","og_image":[{"width":1280,"height":720,"url":"https:\/\/static.africa-press.net\/madagascar\/sites\/56\/2023\/12\/sm_1702640664.31573.jpg","type":"image\/jpeg"}],"author":"cfeditorfr","twitter_card":"summary_large_image","twitter_misc":{"\u00c9crit par":"cfeditorfr","Dur\u00e9e de lecture estim\u00e9e":"2 minutes"},"schema":{"@context":"https:\/\/schema.org","@graph":[{"@type":"Article","@id":"https:\/\/www.africa-press.net\/madagascar\/culture-et-art\/patrimoine-le-rapatriement-du-crane-du-roi-toera-progresse#article","isPartOf":{"@id":"https:\/\/www.africa-press.net\/madagascar\/culture-et-art\/patrimoine-le-rapatriement-du-crane-du-roi-toera-progresse"},"author":{"name":"cfeditorfr","@id":"https:\/\/www.africa-press.net\/madagascar\/#\/schema\/person\/2b1cf3cd81a31e3cd26889ca66d677f1"},"headline":"PATRIMOINE &#8211; Le rapatriement du cr\u00e2ne du Roi Toera progresse","datePublished":"2023-12-15T14:32:09+00:00","dateModified":"2023-12-15T16:16:27+00:00","mainEntityOfPage":{"@id":"https:\/\/www.africa-press.net\/madagascar\/culture-et-art\/patrimoine-le-rapatriement-du-crane-du-roi-toera-progresse"},"wordCount":489,"commentCount":0,"image":{"@id":"https:\/\/www.africa-press.net\/madagascar\/culture-et-art\/patrimoine-le-rapatriement-du-crane-du-roi-toera-progresse#primaryimage"},"thumbnailUrl":"https:\/\/static.africa-press.net\/madagascar\/sites\/56\/2023\/12\/sm_1702640664.31573.jpg","keywords":["Africa Press","Africa Press-Madagascar","Madagascar"],"articleSection":["Culture et Art","Toutes les actualit\u00e9s"],"inLanguage":"fr-FR","potentialAction":[{"@type":"CommentAction","name":"Comment","target":["https:\/\/www.africa-press.net\/madagascar\/culture-et-art\/patrimoine-le-rapatriement-du-crane-du-roi-toera-progresse#respond"]}]},{"@type":"WebPage","@id":"https:\/\/www.africa-press.net\/madagascar\/culture-et-art\/patrimoine-le-rapatriement-du-crane-du-roi-toera-progresse","url":"https:\/\/www.africa-press.net\/madagascar\/culture-et-art\/patrimoine-le-rapatriement-du-crane-du-roi-toera-progresse","name":"PATRIMOINE - Le rapatriement du cr\u00e2ne du Roi Toera progresse - Madagascar","isPartOf":{"@id":"https:\/\/www.africa-press.net\/madagascar\/#website"},"primaryImageOfPage":{"@id":"https:\/\/www.africa-press.net\/madagascar\/culture-et-art\/patrimoine-le-rapatriement-du-crane-du-roi-toera-progresse#primaryimage"},"image":{"@id":"https:\/\/www.africa-press.net\/madagascar\/culture-et-art\/patrimoine-le-rapatriement-du-crane-du-roi-toera-progresse#primaryimage"},"thumbnailUrl":"https:\/\/static.africa-press.net\/madagascar\/sites\/56\/2023\/12\/sm_1702640664.31573.jpg","datePublished":"2023-12-15T14:32:09+00:00","dateModified":"2023-12-15T16:16:27+00:00","author":{"@id":"https:\/\/www.africa-press.net\/madagascar\/#\/schema\/person\/2b1cf3cd81a31e3cd26889ca66d677f1"},"description":"L\u2019adoption de la proposition de loi sur la restitution des restes humains par l\u2019Assemble\u0301e nationale franc\u0327aise le 12 de ...","breadcrumb":{"@id":"https:\/\/www.africa-press.net\/madagascar\/culture-et-art\/patrimoine-le-rapatriement-du-crane-du-roi-toera-progresse#breadcrumb"},"inLanguage":"fr-FR","potentialAction":[{"@type":"ReadAction","target":["https:\/\/www.africa-press.net\/madagascar\/culture-et-art\/patrimoine-le-rapatriement-du-crane-du-roi-toera-progresse"]}]},{"@type":"ImageObject","inLanguage":"fr-FR","@id":"https:\/\/www.africa-press.net\/madagascar\/culture-et-art\/patrimoine-le-rapatriement-du-crane-du-roi-toera-progresse#primaryimage","url":"https:\/\/static.africa-press.net\/madagascar\/sites\/56\/2023\/12\/sm_1702640664.31573.jpg","contentUrl":"https:\/\/static.africa-press.net\/madagascar\/sites\/56\/2023\/12\/sm_1702640664.31573.jpg","width":1280,"height":720,"caption":"PATRIMOINE - Le rapatriement du cr\u00e2ne du Roi Toera progresse"},{"@type":"BreadcrumbList","@id":"https:\/\/www.africa-press.net\/madagascar\/culture-et-art\/patrimoine-le-rapatriement-du-crane-du-roi-toera-progresse#breadcrumb","itemListElement":[{"@type":"ListItem","position":1,"name":"Accueil","item":"https:\/\/www.africa-press.net\/madagascar\/"},{"@type":"ListItem","position":2,"name":"PATRIMOINE &#8211; Le rapatriement du cr\u00e2ne du Roi Toera progresse"}]},{"@type":"WebSite","@id":"https:\/\/www.africa-press.net\/madagascar\/#website","url":"https:\/\/www.africa-press.net\/madagascar\/","name":"Madagascar","description":"Just another Africa News Agency Sites site","potentialAction":[{"@type":"SearchAction","target":{"@type":"EntryPoint","urlTemplate":"https:\/\/www.africa-press.net\/madagascar\/?s={search_term_string}"},"query-input":{"@type":"PropertyValueSpecification","valueRequired":true,"valueName":"search_term_string"}}],"inLanguage":"fr-FR"},{"@type":"Person","@id":"https:\/\/www.africa-press.net\/madagascar\/#\/schema\/person\/2b1cf3cd81a31e3cd26889ca66d677f1","name":"cfeditorfr"}]}},"_links":{"self":[{"href":"https:\/\/www.africa-press.net\/madagascar\/wp-json\/wp\/v2\/posts\/22808","targetHints":{"allow":["GET"]}}],"collection":[{"href":"https:\/\/www.africa-press.net\/madagascar\/wp-json\/wp\/v2\/posts"}],"about":[{"href":"https:\/\/www.africa-press.net\/madagascar\/wp-json\/wp\/v2\/types\/post"}],"author":[{"embeddable":true,"href":"https:\/\/www.africa-press.net\/madagascar\/wp-json\/wp\/v2\/users\/82"}],"replies":[{"embeddable":true,"href":"https:\/\/www.africa-press.net\/madagascar\/wp-json\/wp\/v2\/comments?post=22808"}],"version-history":[{"count":0,"href":"https:\/\/www.africa-press.net\/madagascar\/wp-json\/wp\/v2\/posts\/22808\/revisions"}],"wp:featuredmedia":[{"embeddable":true,"href":"https:\/\/www.africa-press.net\/madagascar\/wp-json\/wp\/v2\/media\/22807"}],"wp:attachment":[{"href":"https:\/\/www.africa-press.net\/madagascar\/wp-json\/wp\/v2\/media?parent=22808"}],"wp:term":[{"taxonomy":"category","embeddable":true,"href":"https:\/\/www.africa-press.net\/madagascar\/wp-json\/wp\/v2\/categories?post=22808"},{"taxonomy":"post_tag","embeddable":true,"href":"https:\/\/www.africa-press.net\/madagascar\/wp-json\/wp\/v2\/tags?post=22808"}],"curies":[{"name":"wp","href":"https:\/\/api.w.org\/{rel}","templated":true}]}}