{"id":22840,"date":"2023-12-16T16:44:44","date_gmt":"2023-12-16T16:44:44","guid":{"rendered":"https:\/\/www.africa-press.net\/madagascar\/politique\/le-president-andry-rajoelina-prete-serment-pour-un-second-mandat"},"modified":"2023-12-16T18:16:07","modified_gmt":"2023-12-16T18:16:07","slug":"le-president-andry-rajoelina-prete-serment-pour-un-second-mandat","status":"publish","type":"post","link":"https:\/\/www.africa-press.net\/madagascar\/politique\/le-president-andry-rajoelina-prete-serment-pour-un-second-mandat","title":{"rendered":"Le Pr\u00e9sident Andry Rajoelina pr\u00eate serment pour un second mandat"},"content":{"rendered":"<p><span style=\"color: #ff6600\"><strong>Africa-Press &#8211; Madagascar. <\/strong><\/span>Andry Rajoelina est de\u0301sormais officiellement Pre\u0301sident de la Re\u0301publique de Madagascar pour un second mandat. Elu avec 58,96% des voix lors du premier tour de l\u2019e\u0301lection pre\u0301sidentielle du 16 novembre dernier, il a pre\u0302te\u0301 serment au cours d\u2019une ce\u0301re\u0301monie d\u2019investiture, tenue samedi matin, au grand stade de Mahamasina a\u0300 Antananarivo.<\/p>\n<p>Sa prestation de serment a e\u0301te\u0301 effectue\u0301e pendant une ce\u0301re\u0301monie solennelle devant les membres de la Haute Cour Constitutionnelle (HCC), dirige\u0301e par le Pre\u0301sident de la Cour, Florent Rakotoarisoa et devant une assistance compose\u0301e majoritairement de ses partisans venus de plusieurs re\u0301gions. Apre\u0300s le serment, le Pre\u0301sident s\u2019est vu remettre l\u2019insigne de Grand Croix de premie\u0300re classe ainsi que le collier de Grand Mai\u0302tre de l\u2019Ordre national par le Grand Chancelier, le Ge\u0301ne\u0301ral retraite\u0301 Marcel Ranjeva.<\/p>\n<p>Dans son discours, Andry Rajoelina a remercie\u0301 tous ceux qui ont vote\u0301 pour lui et l\u2019a reconduit au pouvoir pour entamer un second quinquennat. \u00ab Cette victoire est celle du peuple malgache (&#8230;) De\u0301sormais, nous serons victorieux sur tous les plans. Mon attachement a\u0300 Madagascar guiderons chacune de mes actions \u00bb, a-t-il de\u0301clare\u0301. Pour les cinq prochaines anne\u0301es, il promet de poursuivre les chantiers de de\u0301veloppement qu\u2019il a entame\u0301 durant son premier mandat comme la construction d\u2019infrastructures routie\u0300res, scolaires et sanitaires.<\/p>\n<p>Il annonce une politique base\u0301e sur trois piliers fondamentaux: le capital humain, l\u2019industrialisation et la bonne gouvernance. Il annonce des sanctions strictes contre les auteurs de corruption et annonce qu\u2019il sera intransigeant sur le respect de l\u2019inte\u0301grite\u0301. Il a e\u0301galement lance\u0301 un message a\u0300 l\u2019endroit de tous les acteurs et forces vives du pays.<\/p>\n<p>\u00abJe suis ouvert a\u0300 tous ceux qui souhaitent servir le peuple. Je n\u2019exclus personne. Marchons ensemble pour l\u2019inte\u0301re\u0302t de la Nation \u00bb, a affirme\u0301 le Pre\u0301sident e\u0301lu.<\/p>\n<p>La ce\u0301re\u0301monie a vu la pre\u0301sence de plusieurs Chefs d\u2019Etat africains dont le pre\u0301sident de la Zambie, le Pre\u0301sident du Zimbabwe, le Pre\u0301sident de l\u2019Union des Comores, le Pre\u0301sident de la Banque Africaine de de\u0301veloppement (BAD), le Pre\u0301sident de la Guine\u0301e Bissau, le Pre\u0301sident de la Re\u0301publique de Mozambique, le Pre\u0301sident de l\u2019Angola. Bien qu\u2019invite\u0301s, les membres du collectif des candidats ont boycotte\u0301 la ce\u0301re\u0301monie d\u2019investiture.<\/p>\n<p><strong>Pour plus d&rsquo;informations et d&rsquo;analyses sur la <a href=\"https:\/\/www.africa-press.net\/madagascar\">Madagascar<\/a>, suivez <a href=\"https:\/\/www.africa-press.net\/\">Africa-Press<\/a><\/strong><\/p>\n","protected":false},"excerpt":{"rendered":"<p>Africa-Press &#8211; Madagascar. Andry Rajoelina est de\u0301sormais officiellement Pre\u0301sident de la Re\u0301publique de Madagascar pour un second mandat. Elu avec 58,96% des voix lors du premier tour de l\u2019e\u0301lection pre\u0301sidentielle du 16 novembre dernier, il a pre\u0302te\u0301 serment au cours d\u2019une ce\u0301re\u0301monie d\u2019investiture, tenue samedi matin, au grand stade de Mahamasina a\u0300 Antananarivo. Sa prestation [&hellip;]<\/p>\n","protected":false},"author":82,"featured_media":22839,"comment_status":"open","ping_status":"closed","sticky":false,"template":"","format":"standard","meta":{"footnotes":""},"categories":[2,52,20,10],"tags":[36,50,985,49],"class_list":["post-22840","post","type-post","status-publish","format-standard","has-post-thumbnail","hentry","category-politique","category-to-homepage","category-top-nouvelles","category-toutes-les-actualites","tag-africa-press","tag-africa-press-madagascar","tag-investiture","tag-madagascar"],"yoast_head":"<!-- This site is optimized with the Yoast SEO Premium plugin v26.1 (Yoast SEO v27.0) - https:\/\/yoast.com\/product\/yoast-seo-premium-wordpress\/ -->\n<title>Le Pr\u00e9sident Andry Rajoelina pr\u00eate serment pour un second mandat - Madagascar<\/title>\n<meta name=\"description\" content=\"Andry Rajoelina est de\u0301sormais officiellement Pre\u0301sident de la Re\u0301publique de Madagascar pour un second mandat. Elu avec ...\" \/>\n<meta name=\"robots\" content=\"index, follow, max-snippet:-1, max-image-preview:large, max-video-preview:-1\" \/>\n<link rel=\"canonical\" href=\"https:\/\/www.africa-press.net\/madagascar\/politique\/le-president-andry-rajoelina-prete-serment-pour-un-second-mandat\" \/>\n<meta property=\"og:locale\" content=\"fr_FR\" \/>\n<meta property=\"og:type\" content=\"article\" \/>\n<meta property=\"og:title\" content=\"Le Pr\u00e9sident Andry Rajoelina pr\u00eate serment pour un second mandat\" \/>\n<meta property=\"og:description\" content=\"Andry Rajoelina est de\u0301sormais officiellement Pre\u0301sident de la Re\u0301publique de Madagascar pour un second mandat. Elu avec ...\" \/>\n<meta property=\"og:url\" content=\"https:\/\/www.africa-press.net\/madagascar\/politique\/le-president-andry-rajoelina-prete-serment-pour-un-second-mandat\" \/>\n<meta property=\"og:site_name\" content=\"Madagascar\" \/>\n<meta property=\"article:published_time\" content=\"2023-12-16T16:44:44+00:00\" \/>\n<meta property=\"article:modified_time\" content=\"2023-12-16T18:16:07+00:00\" \/>\n<meta property=\"og:image\" content=\"https:\/\/static.africa-press.net\/madagascar\/sites\/56\/2023\/12\/sm_1702734222.603044.jpg\" \/>\n\t<meta property=\"og:image:width\" content=\"864\" \/>\n\t<meta property=\"og:image:height\" content=\"486\" \/>\n\t<meta property=\"og:image:type\" content=\"image\/jpeg\" \/>\n<meta name=\"author\" content=\"cfeditorfr\" \/>\n<meta name=\"twitter:card\" content=\"summary_large_image\" \/>\n<meta name=\"twitter:label1\" content=\"\u00c9crit par\" \/>\n\t<meta name=\"twitter:data1\" content=\"cfeditorfr\" \/>\n\t<meta name=\"twitter:label2\" content=\"Dur\u00e9e de lecture estim\u00e9e\" \/>\n\t<meta name=\"twitter:data2\" content=\"2 minutes\" \/>\n<script type=\"application\/ld+json\" class=\"yoast-schema-graph\">{\"@context\":\"https:\/\/schema.org\",\"@graph\":[{\"@type\":\"Article\",\"@id\":\"https:\/\/www.africa-press.net\/madagascar\/politique\/le-president-andry-rajoelina-prete-serment-pour-un-second-mandat#article\",\"isPartOf\":{\"@id\":\"https:\/\/www.africa-press.net\/madagascar\/politique\/le-president-andry-rajoelina-prete-serment-pour-un-second-mandat\"},\"author\":{\"name\":\"cfeditorfr\",\"@id\":\"https:\/\/www.africa-press.net\/madagascar\/#\/schema\/person\/2b1cf3cd81a31e3cd26889ca66d677f1\"},\"headline\":\"Le Pr\u00e9sident Andry Rajoelina pr\u00eate serment pour un second mandat\",\"datePublished\":\"2023-12-16T16:44:44+00:00\",\"dateModified\":\"2023-12-16T18:16:07+00:00\",\"mainEntityOfPage\":{\"@id\":\"https:\/\/www.africa-press.net\/madagascar\/politique\/le-president-andry-rajoelina-prete-serment-pour-un-second-mandat\"},\"wordCount\":445,\"commentCount\":0,\"image\":{\"@id\":\"https:\/\/www.africa-press.net\/madagascar\/politique\/le-president-andry-rajoelina-prete-serment-pour-un-second-mandat#primaryimage\"},\"thumbnailUrl\":\"https:\/\/static.africa-press.net\/madagascar\/sites\/56\/2023\/12\/sm_1702734222.603044.jpg\",\"keywords\":[\"Africa Press\",\"Africa Press-Madagascar\",\"Investiture\",\"Madagascar\"],\"articleSection\":[\"Politique\",\"to-homepage\",\"Top Nouvelles\",\"Toutes les actualit\u00e9s\"],\"inLanguage\":\"fr-FR\",\"potentialAction\":[{\"@type\":\"CommentAction\",\"name\":\"Comment\",\"target\":[\"https:\/\/www.africa-press.net\/madagascar\/politique\/le-president-andry-rajoelina-prete-serment-pour-un-second-mandat#respond\"]}]},{\"@type\":\"WebPage\",\"@id\":\"https:\/\/www.africa-press.net\/madagascar\/politique\/le-president-andry-rajoelina-prete-serment-pour-un-second-mandat\",\"url\":\"https:\/\/www.africa-press.net\/madagascar\/politique\/le-president-andry-rajoelina-prete-serment-pour-un-second-mandat\",\"name\":\"Le Pr\u00e9sident Andry Rajoelina pr\u00eate serment pour un second mandat - Madagascar\",\"isPartOf\":{\"@id\":\"https:\/\/www.africa-press.net\/madagascar\/#website\"},\"primaryImageOfPage\":{\"@id\":\"https:\/\/www.africa-press.net\/madagascar\/politique\/le-president-andry-rajoelina-prete-serment-pour-un-second-mandat#primaryimage\"},\"image\":{\"@id\":\"https:\/\/www.africa-press.net\/madagascar\/politique\/le-president-andry-rajoelina-prete-serment-pour-un-second-mandat#primaryimage\"},\"thumbnailUrl\":\"https:\/\/static.africa-press.net\/madagascar\/sites\/56\/2023\/12\/sm_1702734222.603044.jpg\",\"datePublished\":\"2023-12-16T16:44:44+00:00\",\"dateModified\":\"2023-12-16T18:16:07+00:00\",\"author\":{\"@id\":\"https:\/\/www.africa-press.net\/madagascar\/#\/schema\/person\/2b1cf3cd81a31e3cd26889ca66d677f1\"},\"description\":\"Andry Rajoelina est de\u0301sormais officiellement Pre\u0301sident de la Re\u0301publique de Madagascar pour un second mandat. Elu avec ...\",\"breadcrumb\":{\"@id\":\"https:\/\/www.africa-press.net\/madagascar\/politique\/le-president-andry-rajoelina-prete-serment-pour-un-second-mandat#breadcrumb\"},\"inLanguage\":\"fr-FR\",\"potentialAction\":[{\"@type\":\"ReadAction\",\"target\":[\"https:\/\/www.africa-press.net\/madagascar\/politique\/le-president-andry-rajoelina-prete-serment-pour-un-second-mandat\"]}]},{\"@type\":\"ImageObject\",\"inLanguage\":\"fr-FR\",\"@id\":\"https:\/\/www.africa-press.net\/madagascar\/politique\/le-president-andry-rajoelina-prete-serment-pour-un-second-mandat#primaryimage\",\"url\":\"https:\/\/static.africa-press.net\/madagascar\/sites\/56\/2023\/12\/sm_1702734222.603044.jpg\",\"contentUrl\":\"https:\/\/static.africa-press.net\/madagascar\/sites\/56\/2023\/12\/sm_1702734222.603044.jpg\",\"width\":864,\"height\":486,\"caption\":\"Le Pr\u00e9sident Andry Rajoelina pr\u00eate serment pour un second mandat\"},{\"@type\":\"BreadcrumbList\",\"@id\":\"https:\/\/www.africa-press.net\/madagascar\/politique\/le-president-andry-rajoelina-prete-serment-pour-un-second-mandat#breadcrumb\",\"itemListElement\":[{\"@type\":\"ListItem\",\"position\":1,\"name\":\"Accueil\",\"item\":\"https:\/\/www.africa-press.net\/madagascar\/\"},{\"@type\":\"ListItem\",\"position\":2,\"name\":\"Le Pr\u00e9sident Andry Rajoelina pr\u00eate serment pour un second mandat\"}]},{\"@type\":\"WebSite\",\"@id\":\"https:\/\/www.africa-press.net\/madagascar\/#website\",\"url\":\"https:\/\/www.africa-press.net\/madagascar\/\",\"name\":\"Madagascar\",\"description\":\"Just another Africa News Agency Sites site\",\"potentialAction\":[{\"@type\":\"SearchAction\",\"target\":{\"@type\":\"EntryPoint\",\"urlTemplate\":\"https:\/\/www.africa-press.net\/madagascar\/?s={search_term_string}\"},\"query-input\":{\"@type\":\"PropertyValueSpecification\",\"valueRequired\":true,\"valueName\":\"search_term_string\"}}],\"inLanguage\":\"fr-FR\"},{\"@type\":\"Person\",\"@id\":\"https:\/\/www.africa-press.net\/madagascar\/#\/schema\/person\/2b1cf3cd81a31e3cd26889ca66d677f1\",\"name\":\"cfeditorfr\"}]}<\/script>\n<!-- \/ Yoast SEO Premium plugin. -->","yoast_head_json":{"title":"Le Pr\u00e9sident Andry Rajoelina pr\u00eate serment pour un second mandat - Madagascar","description":"Andry Rajoelina est de\u0301sormais officiellement Pre\u0301sident de la Re\u0301publique de Madagascar pour un second mandat. Elu avec ...","robots":{"index":"index","follow":"follow","max-snippet":"max-snippet:-1","max-image-preview":"max-image-preview:large","max-video-preview":"max-video-preview:-1"},"canonical":"https:\/\/www.africa-press.net\/madagascar\/politique\/le-president-andry-rajoelina-prete-serment-pour-un-second-mandat","og_locale":"fr_FR","og_type":"article","og_title":"Le Pr\u00e9sident Andry Rajoelina pr\u00eate serment pour un second mandat","og_description":"Andry Rajoelina est de\u0301sormais officiellement Pre\u0301sident de la Re\u0301publique de Madagascar pour un second mandat. Elu avec ...","og_url":"https:\/\/www.africa-press.net\/madagascar\/politique\/le-president-andry-rajoelina-prete-serment-pour-un-second-mandat","og_site_name":"Madagascar","article_published_time":"2023-12-16T16:44:44+00:00","article_modified_time":"2023-12-16T18:16:07+00:00","og_image":[{"width":864,"height":486,"url":"https:\/\/static.africa-press.net\/madagascar\/sites\/56\/2023\/12\/sm_1702734222.603044.jpg","type":"image\/jpeg"}],"author":"cfeditorfr","twitter_card":"summary_large_image","twitter_misc":{"\u00c9crit par":"cfeditorfr","Dur\u00e9e de lecture estim\u00e9e":"2 minutes"},"schema":{"@context":"https:\/\/schema.org","@graph":[{"@type":"Article","@id":"https:\/\/www.africa-press.net\/madagascar\/politique\/le-president-andry-rajoelina-prete-serment-pour-un-second-mandat#article","isPartOf":{"@id":"https:\/\/www.africa-press.net\/madagascar\/politique\/le-president-andry-rajoelina-prete-serment-pour-un-second-mandat"},"author":{"name":"cfeditorfr","@id":"https:\/\/www.africa-press.net\/madagascar\/#\/schema\/person\/2b1cf3cd81a31e3cd26889ca66d677f1"},"headline":"Le Pr\u00e9sident Andry Rajoelina pr\u00eate serment pour un second mandat","datePublished":"2023-12-16T16:44:44+00:00","dateModified":"2023-12-16T18:16:07+00:00","mainEntityOfPage":{"@id":"https:\/\/www.africa-press.net\/madagascar\/politique\/le-president-andry-rajoelina-prete-serment-pour-un-second-mandat"},"wordCount":445,"commentCount":0,"image":{"@id":"https:\/\/www.africa-press.net\/madagascar\/politique\/le-president-andry-rajoelina-prete-serment-pour-un-second-mandat#primaryimage"},"thumbnailUrl":"https:\/\/static.africa-press.net\/madagascar\/sites\/56\/2023\/12\/sm_1702734222.603044.jpg","keywords":["Africa Press","Africa Press-Madagascar","Investiture","Madagascar"],"articleSection":["Politique","to-homepage","Top Nouvelles","Toutes les actualit\u00e9s"],"inLanguage":"fr-FR","potentialAction":[{"@type":"CommentAction","name":"Comment","target":["https:\/\/www.africa-press.net\/madagascar\/politique\/le-president-andry-rajoelina-prete-serment-pour-un-second-mandat#respond"]}]},{"@type":"WebPage","@id":"https:\/\/www.africa-press.net\/madagascar\/politique\/le-president-andry-rajoelina-prete-serment-pour-un-second-mandat","url":"https:\/\/www.africa-press.net\/madagascar\/politique\/le-president-andry-rajoelina-prete-serment-pour-un-second-mandat","name":"Le Pr\u00e9sident Andry Rajoelina pr\u00eate serment pour un second mandat - Madagascar","isPartOf":{"@id":"https:\/\/www.africa-press.net\/madagascar\/#website"},"primaryImageOfPage":{"@id":"https:\/\/www.africa-press.net\/madagascar\/politique\/le-president-andry-rajoelina-prete-serment-pour-un-second-mandat#primaryimage"},"image":{"@id":"https:\/\/www.africa-press.net\/madagascar\/politique\/le-president-andry-rajoelina-prete-serment-pour-un-second-mandat#primaryimage"},"thumbnailUrl":"https:\/\/static.africa-press.net\/madagascar\/sites\/56\/2023\/12\/sm_1702734222.603044.jpg","datePublished":"2023-12-16T16:44:44+00:00","dateModified":"2023-12-16T18:16:07+00:00","author":{"@id":"https:\/\/www.africa-press.net\/madagascar\/#\/schema\/person\/2b1cf3cd81a31e3cd26889ca66d677f1"},"description":"Andry Rajoelina est de\u0301sormais officiellement Pre\u0301sident de la Re\u0301publique de Madagascar pour un second mandat. Elu avec ...","breadcrumb":{"@id":"https:\/\/www.africa-press.net\/madagascar\/politique\/le-president-andry-rajoelina-prete-serment-pour-un-second-mandat#breadcrumb"},"inLanguage":"fr-FR","potentialAction":[{"@type":"ReadAction","target":["https:\/\/www.africa-press.net\/madagascar\/politique\/le-president-andry-rajoelina-prete-serment-pour-un-second-mandat"]}]},{"@type":"ImageObject","inLanguage":"fr-FR","@id":"https:\/\/www.africa-press.net\/madagascar\/politique\/le-president-andry-rajoelina-prete-serment-pour-un-second-mandat#primaryimage","url":"https:\/\/static.africa-press.net\/madagascar\/sites\/56\/2023\/12\/sm_1702734222.603044.jpg","contentUrl":"https:\/\/static.africa-press.net\/madagascar\/sites\/56\/2023\/12\/sm_1702734222.603044.jpg","width":864,"height":486,"caption":"Le Pr\u00e9sident Andry Rajoelina pr\u00eate serment pour un second mandat"},{"@type":"BreadcrumbList","@id":"https:\/\/www.africa-press.net\/madagascar\/politique\/le-president-andry-rajoelina-prete-serment-pour-un-second-mandat#breadcrumb","itemListElement":[{"@type":"ListItem","position":1,"name":"Accueil","item":"https:\/\/www.africa-press.net\/madagascar\/"},{"@type":"ListItem","position":2,"name":"Le Pr\u00e9sident Andry Rajoelina pr\u00eate serment pour un second mandat"}]},{"@type":"WebSite","@id":"https:\/\/www.africa-press.net\/madagascar\/#website","url":"https:\/\/www.africa-press.net\/madagascar\/","name":"Madagascar","description":"Just another Africa News Agency Sites site","potentialAction":[{"@type":"SearchAction","target":{"@type":"EntryPoint","urlTemplate":"https:\/\/www.africa-press.net\/madagascar\/?s={search_term_string}"},"query-input":{"@type":"PropertyValueSpecification","valueRequired":true,"valueName":"search_term_string"}}],"inLanguage":"fr-FR"},{"@type":"Person","@id":"https:\/\/www.africa-press.net\/madagascar\/#\/schema\/person\/2b1cf3cd81a31e3cd26889ca66d677f1","name":"cfeditorfr"}]}},"_links":{"self":[{"href":"https:\/\/www.africa-press.net\/madagascar\/wp-json\/wp\/v2\/posts\/22840","targetHints":{"allow":["GET"]}}],"collection":[{"href":"https:\/\/www.africa-press.net\/madagascar\/wp-json\/wp\/v2\/posts"}],"about":[{"href":"https:\/\/www.africa-press.net\/madagascar\/wp-json\/wp\/v2\/types\/post"}],"author":[{"embeddable":true,"href":"https:\/\/www.africa-press.net\/madagascar\/wp-json\/wp\/v2\/users\/82"}],"replies":[{"embeddable":true,"href":"https:\/\/www.africa-press.net\/madagascar\/wp-json\/wp\/v2\/comments?post=22840"}],"version-history":[{"count":0,"href":"https:\/\/www.africa-press.net\/madagascar\/wp-json\/wp\/v2\/posts\/22840\/revisions"}],"wp:featuredmedia":[{"embeddable":true,"href":"https:\/\/www.africa-press.net\/madagascar\/wp-json\/wp\/v2\/media\/22839"}],"wp:attachment":[{"href":"https:\/\/www.africa-press.net\/madagascar\/wp-json\/wp\/v2\/media?parent=22840"}],"wp:term":[{"taxonomy":"category","embeddable":true,"href":"https:\/\/www.africa-press.net\/madagascar\/wp-json\/wp\/v2\/categories?post=22840"},{"taxonomy":"post_tag","embeddable":true,"href":"https:\/\/www.africa-press.net\/madagascar\/wp-json\/wp\/v2\/tags?post=22840"}],"curies":[{"name":"wp","href":"https:\/\/api.w.org\/{rel}","templated":true}]}}