{"id":22842,"date":"2023-12-16T16:00:51","date_gmt":"2023-12-16T16:00:51","guid":{"rendered":"https:\/\/www.africa-press.net\/madagascar\/politique\/le-president-malgache-prete-serment-pour-un-troisieme-mandat"},"modified":"2023-12-16T18:16:58","modified_gmt":"2023-12-16T18:16:58","slug":"le-president-malgache-prete-serment-pour-un-troisieme-mandat","status":"publish","type":"post","link":"https:\/\/www.africa-press.net\/madagascar\/politique\/le-president-malgache-prete-serment-pour-un-troisieme-mandat","title":{"rendered":"Le Pr\u00e9sident malgache pr\u00eate serment pour un troisi\u00e8me mandat"},"content":{"rendered":"<p><span style=\"color: #ff6600\"><strong>Africa-Press &#8211; Madagascar. <\/strong><\/span>La ce\u0301re\u0301monie d&rsquo;investiture du Pre\u0301sident malgache s&rsquo;est de\u0301roule\u0301e a\u0300 Antananarivo. Andry Rajoelina a pre\u0302te\u0301 serment pour un troisie\u0300me mandat devant des milliers de ses partisans et en pre\u0301sence de six chefs d&rsquo;E\u0301tat.<\/p>\n<p>Andry Rajoelina, a pre\u0302te\u0301 serment, ce samedi 16 de\u0301cembre, pour un troisie\u0300me mandat pre\u0301sidentiel a\u0300 la te\u0302te de Madagascar apre\u0300s avoir e\u0301te\u0301 de\u0301clare\u0301 vainqueur de l&rsquo;e\u0301lection pre\u0301sidentielle du 16 novembre.<\/p>\n<p>\u00ab\u00a0Je serai le Pre\u0301sident qui unit tous les Malgaches\u00a0\u00bb, a de\u0301clare\u0301 M.Rajoelina a\u0300 des milliers de ses partisans lors de la ce\u0301re\u0301monie d&rsquo;investiture dans la capitale Antananarivo, a\u0300 laquelle ont e\u0301galement assiste\u0301 six chefs d&rsquo;E\u0301tat.<\/p>\n<p><b>Pre\u0301sidentielle malgache<\/b><\/p>\n<p>Andry Rajoelina avait obtenu 58,96% des suffrages exprime\u0301s. Le de\u0301pute\u0301 Siteny Randrianasoloniaiko en avait obtenu 14,39%, selon la Haute Cour constitutionnelle du pays qui proclame les re\u0301sultats de\u0301finitifs de la pre\u0301sidentielle.<\/p>\n<p>Cette anne\u0301e, la Cour constitutionnelle avait reporte\u0301 les e\u0301lections d\u2019une semaine, du 9 au 16 novembre, a\u0300 la demande d\u2019un candidat blesse\u0301 lors d\u2019une manifestation.<\/p>\n<p><strong>Pour plus d&rsquo;informations et d&rsquo;analyses sur la <a href=\"https:\/\/www.africa-press.net\/madagascar\">Madagascar<\/a>, suivez <a href=\"https:\/\/www.africa-press.net\/\">Africa-Press<\/a><\/strong><\/p>\n","protected":false},"excerpt":{"rendered":"<p>Africa-Press &#8211; Madagascar. La ce\u0301re\u0301monie d&rsquo;investiture du Pre\u0301sident malgache s&rsquo;est de\u0301roule\u0301e a\u0300 Antananarivo. Andry Rajoelina a pre\u0302te\u0301 serment pour un troisie\u0300me mandat devant des milliers de ses partisans et en pre\u0301sence de six chefs d&rsquo;E\u0301tat. Andry Rajoelina, a pre\u0302te\u0301 serment, ce samedi 16 de\u0301cembre, pour un troisie\u0300me mandat pre\u0301sidentiel a\u0300 la te\u0302te de Madagascar apre\u0300s [&hellip;]<\/p>\n","protected":false},"author":82,"featured_media":22841,"comment_status":"open","ping_status":"closed","sticky":false,"template":"","format":"standard","meta":{"footnotes":""},"categories":[2,20,10],"tags":[36,50,49],"class_list":["post-22842","post","type-post","status-publish","format-standard","has-post-thumbnail","hentry","category-politique","category-top-nouvelles","category-toutes-les-actualites","tag-africa-press","tag-africa-press-madagascar","tag-madagascar"],"yoast_head":"<!-- This site is optimized with the Yoast SEO Premium plugin v26.1 (Yoast SEO v27.0) - https:\/\/yoast.com\/product\/yoast-seo-premium-wordpress\/ -->\n<title>Le Pr\u00e9sident malgache pr\u00eate serment pour un troisi\u00e8me mandat - Madagascar<\/title>\n<meta name=\"description\" content=\"La ce\u0301re\u0301monie d&#039;investiture du Pre\u0301sident malgache s&#039;est de\u0301roule\u0301e a\u0300 Antananarivo. Andry Rajoelina a pre\u0302te\u0301 serment ...\" \/>\n<meta name=\"robots\" content=\"index, follow, max-snippet:-1, max-image-preview:large, max-video-preview:-1\" \/>\n<link rel=\"canonical\" href=\"https:\/\/www.africa-press.net\/madagascar\/politique\/le-president-malgache-prete-serment-pour-un-troisieme-mandat\" \/>\n<meta property=\"og:locale\" content=\"fr_FR\" \/>\n<meta property=\"og:type\" content=\"article\" \/>\n<meta property=\"og:title\" content=\"Le Pr\u00e9sident malgache pr\u00eate serment pour un troisi\u00e8me mandat\" \/>\n<meta property=\"og:description\" content=\"La ce\u0301re\u0301monie d&#039;investiture du Pre\u0301sident malgache s&#039;est de\u0301roule\u0301e a\u0300 Antananarivo. Andry Rajoelina a pre\u0302te\u0301 serment ...\" \/>\n<meta property=\"og:url\" content=\"https:\/\/www.africa-press.net\/madagascar\/politique\/le-president-malgache-prete-serment-pour-un-troisieme-mandat\" \/>\n<meta property=\"og:site_name\" content=\"Madagascar\" \/>\n<meta property=\"article:published_time\" content=\"2023-12-16T16:00:51+00:00\" \/>\n<meta property=\"article:modified_time\" content=\"2023-12-16T18:16:58+00:00\" \/>\n<meta property=\"og:image\" content=\"https:\/\/static.africa-press.net\/madagascar\/sites\/56\/2023\/12\/sm_1702734271.464144.jpg\" \/>\n\t<meta property=\"og:image:width\" content=\"1140\" \/>\n\t<meta property=\"og:image:height\" content=\"480\" \/>\n\t<meta property=\"og:image:type\" content=\"image\/jpeg\" \/>\n<meta name=\"author\" content=\"cfeditorfr\" \/>\n<meta name=\"twitter:card\" content=\"summary_large_image\" \/>\n<meta name=\"twitter:label1\" content=\"\u00c9crit par\" \/>\n\t<meta name=\"twitter:data1\" content=\"cfeditorfr\" \/>\n\t<meta name=\"twitter:label2\" content=\"Dur\u00e9e de lecture estim\u00e9e\" \/>\n\t<meta name=\"twitter:data2\" content=\"1 minute\" \/>\n<script type=\"application\/ld+json\" class=\"yoast-schema-graph\">{\"@context\":\"https:\/\/schema.org\",\"@graph\":[{\"@type\":\"Article\",\"@id\":\"https:\/\/www.africa-press.net\/madagascar\/politique\/le-president-malgache-prete-serment-pour-un-troisieme-mandat#article\",\"isPartOf\":{\"@id\":\"https:\/\/www.africa-press.net\/madagascar\/politique\/le-president-malgache-prete-serment-pour-un-troisieme-mandat\"},\"author\":{\"name\":\"cfeditorfr\",\"@id\":\"https:\/\/www.africa-press.net\/madagascar\/#\/schema\/person\/2b1cf3cd81a31e3cd26889ca66d677f1\"},\"headline\":\"Le Pr\u00e9sident malgache pr\u00eate serment pour un troisi\u00e8me mandat\",\"datePublished\":\"2023-12-16T16:00:51+00:00\",\"dateModified\":\"2023-12-16T18:16:58+00:00\",\"mainEntityOfPage\":{\"@id\":\"https:\/\/www.africa-press.net\/madagascar\/politique\/le-president-malgache-prete-serment-pour-un-troisieme-mandat\"},\"wordCount\":219,\"commentCount\":0,\"image\":{\"@id\":\"https:\/\/www.africa-press.net\/madagascar\/politique\/le-president-malgache-prete-serment-pour-un-troisieme-mandat#primaryimage\"},\"thumbnailUrl\":\"https:\/\/static.africa-press.net\/madagascar\/sites\/56\/2023\/12\/sm_1702734271.464144.jpg\",\"keywords\":[\"Africa Press\",\"Africa Press-Madagascar\",\"Madagascar\"],\"articleSection\":[\"Politique\",\"Top Nouvelles\",\"Toutes les actualit\u00e9s\"],\"inLanguage\":\"fr-FR\",\"potentialAction\":[{\"@type\":\"CommentAction\",\"name\":\"Comment\",\"target\":[\"https:\/\/www.africa-press.net\/madagascar\/politique\/le-president-malgache-prete-serment-pour-un-troisieme-mandat#respond\"]}]},{\"@type\":\"WebPage\",\"@id\":\"https:\/\/www.africa-press.net\/madagascar\/politique\/le-president-malgache-prete-serment-pour-un-troisieme-mandat\",\"url\":\"https:\/\/www.africa-press.net\/madagascar\/politique\/le-president-malgache-prete-serment-pour-un-troisieme-mandat\",\"name\":\"Le Pr\u00e9sident malgache pr\u00eate serment pour un troisi\u00e8me mandat - Madagascar\",\"isPartOf\":{\"@id\":\"https:\/\/www.africa-press.net\/madagascar\/#website\"},\"primaryImageOfPage\":{\"@id\":\"https:\/\/www.africa-press.net\/madagascar\/politique\/le-president-malgache-prete-serment-pour-un-troisieme-mandat#primaryimage\"},\"image\":{\"@id\":\"https:\/\/www.africa-press.net\/madagascar\/politique\/le-president-malgache-prete-serment-pour-un-troisieme-mandat#primaryimage\"},\"thumbnailUrl\":\"https:\/\/static.africa-press.net\/madagascar\/sites\/56\/2023\/12\/sm_1702734271.464144.jpg\",\"datePublished\":\"2023-12-16T16:00:51+00:00\",\"dateModified\":\"2023-12-16T18:16:58+00:00\",\"author\":{\"@id\":\"https:\/\/www.africa-press.net\/madagascar\/#\/schema\/person\/2b1cf3cd81a31e3cd26889ca66d677f1\"},\"description\":\"La ce\u0301re\u0301monie d'investiture du Pre\u0301sident malgache s'est de\u0301roule\u0301e a\u0300 Antananarivo. Andry Rajoelina a pre\u0302te\u0301 serment ...\",\"breadcrumb\":{\"@id\":\"https:\/\/www.africa-press.net\/madagascar\/politique\/le-president-malgache-prete-serment-pour-un-troisieme-mandat#breadcrumb\"},\"inLanguage\":\"fr-FR\",\"potentialAction\":[{\"@type\":\"ReadAction\",\"target\":[\"https:\/\/www.africa-press.net\/madagascar\/politique\/le-president-malgache-prete-serment-pour-un-troisieme-mandat\"]}]},{\"@type\":\"ImageObject\",\"inLanguage\":\"fr-FR\",\"@id\":\"https:\/\/www.africa-press.net\/madagascar\/politique\/le-president-malgache-prete-serment-pour-un-troisieme-mandat#primaryimage\",\"url\":\"https:\/\/static.africa-press.net\/madagascar\/sites\/56\/2023\/12\/sm_1702734271.464144.jpg\",\"contentUrl\":\"https:\/\/static.africa-press.net\/madagascar\/sites\/56\/2023\/12\/sm_1702734271.464144.jpg\",\"width\":1140,\"height\":480,\"caption\":\"Le Pr\u00e9sident malgache pr\u00eate serment pour un troisi\u00e8me mandat\"},{\"@type\":\"BreadcrumbList\",\"@id\":\"https:\/\/www.africa-press.net\/madagascar\/politique\/le-president-malgache-prete-serment-pour-un-troisieme-mandat#breadcrumb\",\"itemListElement\":[{\"@type\":\"ListItem\",\"position\":1,\"name\":\"Accueil\",\"item\":\"https:\/\/www.africa-press.net\/madagascar\/\"},{\"@type\":\"ListItem\",\"position\":2,\"name\":\"Le Pr\u00e9sident malgache pr\u00eate serment pour un troisi\u00e8me mandat\"}]},{\"@type\":\"WebSite\",\"@id\":\"https:\/\/www.africa-press.net\/madagascar\/#website\",\"url\":\"https:\/\/www.africa-press.net\/madagascar\/\",\"name\":\"Madagascar\",\"description\":\"Just another Africa News Agency Sites site\",\"potentialAction\":[{\"@type\":\"SearchAction\",\"target\":{\"@type\":\"EntryPoint\",\"urlTemplate\":\"https:\/\/www.africa-press.net\/madagascar\/?s={search_term_string}\"},\"query-input\":{\"@type\":\"PropertyValueSpecification\",\"valueRequired\":true,\"valueName\":\"search_term_string\"}}],\"inLanguage\":\"fr-FR\"},{\"@type\":\"Person\",\"@id\":\"https:\/\/www.africa-press.net\/madagascar\/#\/schema\/person\/2b1cf3cd81a31e3cd26889ca66d677f1\",\"name\":\"cfeditorfr\"}]}<\/script>\n<!-- \/ Yoast SEO Premium plugin. -->","yoast_head_json":{"title":"Le Pr\u00e9sident malgache pr\u00eate serment pour un troisi\u00e8me mandat - Madagascar","description":"La ce\u0301re\u0301monie d'investiture du Pre\u0301sident malgache s'est de\u0301roule\u0301e a\u0300 Antananarivo. Andry Rajoelina a pre\u0302te\u0301 serment ...","robots":{"index":"index","follow":"follow","max-snippet":"max-snippet:-1","max-image-preview":"max-image-preview:large","max-video-preview":"max-video-preview:-1"},"canonical":"https:\/\/www.africa-press.net\/madagascar\/politique\/le-president-malgache-prete-serment-pour-un-troisieme-mandat","og_locale":"fr_FR","og_type":"article","og_title":"Le Pr\u00e9sident malgache pr\u00eate serment pour un troisi\u00e8me mandat","og_description":"La ce\u0301re\u0301monie d'investiture du Pre\u0301sident malgache s'est de\u0301roule\u0301e a\u0300 Antananarivo. Andry Rajoelina a pre\u0302te\u0301 serment ...","og_url":"https:\/\/www.africa-press.net\/madagascar\/politique\/le-president-malgache-prete-serment-pour-un-troisieme-mandat","og_site_name":"Madagascar","article_published_time":"2023-12-16T16:00:51+00:00","article_modified_time":"2023-12-16T18:16:58+00:00","og_image":[{"width":1140,"height":480,"url":"https:\/\/static.africa-press.net\/madagascar\/sites\/56\/2023\/12\/sm_1702734271.464144.jpg","type":"image\/jpeg"}],"author":"cfeditorfr","twitter_card":"summary_large_image","twitter_misc":{"\u00c9crit par":"cfeditorfr","Dur\u00e9e de lecture estim\u00e9e":"1 minute"},"schema":{"@context":"https:\/\/schema.org","@graph":[{"@type":"Article","@id":"https:\/\/www.africa-press.net\/madagascar\/politique\/le-president-malgache-prete-serment-pour-un-troisieme-mandat#article","isPartOf":{"@id":"https:\/\/www.africa-press.net\/madagascar\/politique\/le-president-malgache-prete-serment-pour-un-troisieme-mandat"},"author":{"name":"cfeditorfr","@id":"https:\/\/www.africa-press.net\/madagascar\/#\/schema\/person\/2b1cf3cd81a31e3cd26889ca66d677f1"},"headline":"Le Pr\u00e9sident malgache pr\u00eate serment pour un troisi\u00e8me mandat","datePublished":"2023-12-16T16:00:51+00:00","dateModified":"2023-12-16T18:16:58+00:00","mainEntityOfPage":{"@id":"https:\/\/www.africa-press.net\/madagascar\/politique\/le-president-malgache-prete-serment-pour-un-troisieme-mandat"},"wordCount":219,"commentCount":0,"image":{"@id":"https:\/\/www.africa-press.net\/madagascar\/politique\/le-president-malgache-prete-serment-pour-un-troisieme-mandat#primaryimage"},"thumbnailUrl":"https:\/\/static.africa-press.net\/madagascar\/sites\/56\/2023\/12\/sm_1702734271.464144.jpg","keywords":["Africa Press","Africa Press-Madagascar","Madagascar"],"articleSection":["Politique","Top Nouvelles","Toutes les actualit\u00e9s"],"inLanguage":"fr-FR","potentialAction":[{"@type":"CommentAction","name":"Comment","target":["https:\/\/www.africa-press.net\/madagascar\/politique\/le-president-malgache-prete-serment-pour-un-troisieme-mandat#respond"]}]},{"@type":"WebPage","@id":"https:\/\/www.africa-press.net\/madagascar\/politique\/le-president-malgache-prete-serment-pour-un-troisieme-mandat","url":"https:\/\/www.africa-press.net\/madagascar\/politique\/le-president-malgache-prete-serment-pour-un-troisieme-mandat","name":"Le Pr\u00e9sident malgache pr\u00eate serment pour un troisi\u00e8me mandat - Madagascar","isPartOf":{"@id":"https:\/\/www.africa-press.net\/madagascar\/#website"},"primaryImageOfPage":{"@id":"https:\/\/www.africa-press.net\/madagascar\/politique\/le-president-malgache-prete-serment-pour-un-troisieme-mandat#primaryimage"},"image":{"@id":"https:\/\/www.africa-press.net\/madagascar\/politique\/le-president-malgache-prete-serment-pour-un-troisieme-mandat#primaryimage"},"thumbnailUrl":"https:\/\/static.africa-press.net\/madagascar\/sites\/56\/2023\/12\/sm_1702734271.464144.jpg","datePublished":"2023-12-16T16:00:51+00:00","dateModified":"2023-12-16T18:16:58+00:00","author":{"@id":"https:\/\/www.africa-press.net\/madagascar\/#\/schema\/person\/2b1cf3cd81a31e3cd26889ca66d677f1"},"description":"La ce\u0301re\u0301monie d'investiture du Pre\u0301sident malgache s'est de\u0301roule\u0301e a\u0300 Antananarivo. Andry Rajoelina a pre\u0302te\u0301 serment ...","breadcrumb":{"@id":"https:\/\/www.africa-press.net\/madagascar\/politique\/le-president-malgache-prete-serment-pour-un-troisieme-mandat#breadcrumb"},"inLanguage":"fr-FR","potentialAction":[{"@type":"ReadAction","target":["https:\/\/www.africa-press.net\/madagascar\/politique\/le-president-malgache-prete-serment-pour-un-troisieme-mandat"]}]},{"@type":"ImageObject","inLanguage":"fr-FR","@id":"https:\/\/www.africa-press.net\/madagascar\/politique\/le-president-malgache-prete-serment-pour-un-troisieme-mandat#primaryimage","url":"https:\/\/static.africa-press.net\/madagascar\/sites\/56\/2023\/12\/sm_1702734271.464144.jpg","contentUrl":"https:\/\/static.africa-press.net\/madagascar\/sites\/56\/2023\/12\/sm_1702734271.464144.jpg","width":1140,"height":480,"caption":"Le Pr\u00e9sident malgache pr\u00eate serment pour un troisi\u00e8me mandat"},{"@type":"BreadcrumbList","@id":"https:\/\/www.africa-press.net\/madagascar\/politique\/le-president-malgache-prete-serment-pour-un-troisieme-mandat#breadcrumb","itemListElement":[{"@type":"ListItem","position":1,"name":"Accueil","item":"https:\/\/www.africa-press.net\/madagascar\/"},{"@type":"ListItem","position":2,"name":"Le Pr\u00e9sident malgache pr\u00eate serment pour un troisi\u00e8me mandat"}]},{"@type":"WebSite","@id":"https:\/\/www.africa-press.net\/madagascar\/#website","url":"https:\/\/www.africa-press.net\/madagascar\/","name":"Madagascar","description":"Just another Africa News Agency Sites site","potentialAction":[{"@type":"SearchAction","target":{"@type":"EntryPoint","urlTemplate":"https:\/\/www.africa-press.net\/madagascar\/?s={search_term_string}"},"query-input":{"@type":"PropertyValueSpecification","valueRequired":true,"valueName":"search_term_string"}}],"inLanguage":"fr-FR"},{"@type":"Person","@id":"https:\/\/www.africa-press.net\/madagascar\/#\/schema\/person\/2b1cf3cd81a31e3cd26889ca66d677f1","name":"cfeditorfr"}]}},"_links":{"self":[{"href":"https:\/\/www.africa-press.net\/madagascar\/wp-json\/wp\/v2\/posts\/22842","targetHints":{"allow":["GET"]}}],"collection":[{"href":"https:\/\/www.africa-press.net\/madagascar\/wp-json\/wp\/v2\/posts"}],"about":[{"href":"https:\/\/www.africa-press.net\/madagascar\/wp-json\/wp\/v2\/types\/post"}],"author":[{"embeddable":true,"href":"https:\/\/www.africa-press.net\/madagascar\/wp-json\/wp\/v2\/users\/82"}],"replies":[{"embeddable":true,"href":"https:\/\/www.africa-press.net\/madagascar\/wp-json\/wp\/v2\/comments?post=22842"}],"version-history":[{"count":0,"href":"https:\/\/www.africa-press.net\/madagascar\/wp-json\/wp\/v2\/posts\/22842\/revisions"}],"wp:featuredmedia":[{"embeddable":true,"href":"https:\/\/www.africa-press.net\/madagascar\/wp-json\/wp\/v2\/media\/22841"}],"wp:attachment":[{"href":"https:\/\/www.africa-press.net\/madagascar\/wp-json\/wp\/v2\/media?parent=22842"}],"wp:term":[{"taxonomy":"category","embeddable":true,"href":"https:\/\/www.africa-press.net\/madagascar\/wp-json\/wp\/v2\/categories?post=22842"},{"taxonomy":"post_tag","embeddable":true,"href":"https:\/\/www.africa-press.net\/madagascar\/wp-json\/wp\/v2\/tags?post=22842"}],"curies":[{"name":"wp","href":"https:\/\/api.w.org\/{rel}","templated":true}]}}