{"id":22899,"date":"2023-12-18T10:55:53","date_gmt":"2023-12-18T10:55:53","guid":{"rendered":"https:\/\/www.africa-press.net\/madagascar\/politique\/musique-reko-band-partage-ses-cinq-ans-avec-ses-fans"},"modified":"2023-12-18T12:36:20","modified_gmt":"2023-12-18T12:36:20","slug":"musique-reko-band-partage-ses-cinq-ans-avec-ses-fans","status":"publish","type":"post","link":"https:\/\/www.africa-press.net\/madagascar\/culture-et-art\/musique-reko-band-partage-ses-cinq-ans-avec-ses-fans","title":{"rendered":"MUSIQUE &#8211; Reko Band partage ses cinq ans avec ses fans"},"content":{"rendered":"<p><span style=\"color: #ff6600\"><strong>Africa-Press &#8211; Madagascar. <\/strong><\/span>Hier, le Ccesca Antanimena a vibre\u0301 au son du grand concert marquant le 5e anniversaire sur sce\u0300ne du groupe Reko Band. Le spectacle a de\u0301bute\u0301 en beaute\u0301 avec une projection retrac\u0327ant l\u2019e\u0301volution exceptionnelle du groupe au cours de ces cinq anne\u0301es. La premie\u0300re partie a e\u0301te\u0301 ouverte par Hosea Marlyn, un artiste qui occupe une place spe\u0301ciale au sein du Reko Band en tant qu\u2019artiste pre\u0301fe\u0301re\u0301 du groupe. Ensuite, les trois musiciens du groupe ont fait leur apparition sur sce\u0300ne, mai\u0302trisant avec virtuosite\u0301 la guitare et la batterie, avant que le charismatique leader vocal, Fy Rasoloniaina, n\u2019emporte les spectateurs avec un florile\u0300ge de trente-quatre titres emble\u0301matiques produits au cours de leur parcours, tels que \u00abTongasoa\u00bb, \u00abAndao\u00bb, \u00abMitonia\u00bb, \u00abHafa mihitsy\u00bb, et bien d\u2019autres.<\/p>\n<p>L\u2019ambiance e\u0301tait e\u0301lectrique, accentue\u0301e par des lumie\u0300res e\u0301blouissantes, des tenues exceptionnelles et une qualite\u0301 sonore remarquable, de\u0301marquant ce spectacle des autres re\u0301alise\u0301s par le groupe. Ces e\u0301le\u0301ments spe\u0301ciaux e\u0301taient de\u0301ploye\u0301s en l\u2019honneur de ce moment unique, ce\u0301le\u0301brant les cinq ans de succe\u0300s sur sce\u0300ne. Le groupe Reko Band pre\u0301voit de partager cette joie avec son public a\u0300 travers Madagascar et a\u0300 l\u2019e\u0301tranger tout au long de l\u2019anne\u0301e prochaine. Une ce\u0301le\u0301bration me\u0301morable pour un groupe qui continue a\u0300 marquer de son empreinte l\u2019industrie musicale.<\/p>\n<p><strong>Pour plus d&rsquo;informations et d&rsquo;analyses sur la <a href=\"https:\/\/www.africa-press.net\/madagascar\">Madagascar<\/a>, suivez <a href=\"https:\/\/www.africa-press.net\/\">Africa-Press<\/a><\/strong><\/p>\n","protected":false},"excerpt":{"rendered":"<p>Africa-Press &#8211; Madagascar. Hier, le Ccesca Antanimena a vibre\u0301 au son du grand concert marquant le 5e anniversaire sur sce\u0300ne du groupe Reko Band. Le spectacle a de\u0301bute\u0301 en beaute\u0301 avec une projection retrac\u0327ant l\u2019e\u0301volution exceptionnelle du groupe au cours de ces cinq anne\u0301es. La premie\u0300re partie a e\u0301te\u0301 ouverte par Hosea Marlyn, un artiste [&hellip;]<\/p>\n","protected":false},"author":82,"featured_media":22897,"comment_status":"open","ping_status":"closed","sticky":false,"template":"","format":"standard","meta":{"footnotes":""},"categories":[5,10],"tags":[36,50,49],"class_list":["post-22899","post","type-post","status-publish","format-standard","has-post-thumbnail","hentry","category-culture-et-art","category-toutes-les-actualites","tag-africa-press","tag-africa-press-madagascar","tag-madagascar"],"yoast_head":"<!-- This site is optimized with the Yoast SEO Premium plugin v26.1 (Yoast SEO v27.0) - https:\/\/yoast.com\/product\/yoast-seo-premium-wordpress\/ -->\n<title>MUSIQUE - Reko Band partage ses cinq ans avec ses fans - Madagascar<\/title>\n<meta name=\"description\" content=\"Hier, le Ccesca Antanimena a vibre\u0301 au son du grand concert marquant le 5e anniversaire sur sce\u0300ne du groupe Reko Band. ...\" \/>\n<meta name=\"robots\" content=\"index, follow, max-snippet:-1, max-image-preview:large, max-video-preview:-1\" \/>\n<link rel=\"canonical\" href=\"https:\/\/www.africa-press.net\/madagascar\/culture-et-art\/musique-reko-band-partage-ses-cinq-ans-avec-ses-fans\" \/>\n<meta property=\"og:locale\" content=\"fr_FR\" \/>\n<meta property=\"og:type\" content=\"article\" \/>\n<meta property=\"og:title\" content=\"MUSIQUE - Reko Band partage ses cinq ans avec ses fans\" \/>\n<meta property=\"og:description\" content=\"Hier, le Ccesca Antanimena a vibre\u0301 au son du grand concert marquant le 5e anniversaire sur sce\u0300ne du groupe Reko Band. ...\" \/>\n<meta property=\"og:url\" content=\"https:\/\/www.africa-press.net\/madagascar\/culture-et-art\/musique-reko-band-partage-ses-cinq-ans-avec-ses-fans\" \/>\n<meta property=\"og:site_name\" content=\"Madagascar\" \/>\n<meta property=\"article:published_time\" content=\"2023-12-18T10:55:53+00:00\" \/>\n<meta property=\"article:modified_time\" content=\"2023-12-18T12:36:20+00:00\" \/>\n<meta property=\"og:image\" content=\"https:\/\/static.africa-press.net\/madagascar\/sites\/56\/2023\/12\/sm_1702886723.984769.jpg\" \/>\n\t<meta property=\"og:image:width\" content=\"932\" \/>\n\t<meta property=\"og:image:height\" content=\"622\" \/>\n\t<meta property=\"og:image:type\" content=\"image\/jpeg\" \/>\n<meta name=\"author\" content=\"cfeditorfr\" \/>\n<meta name=\"twitter:card\" content=\"summary_large_image\" \/>\n<meta name=\"twitter:label1\" content=\"\u00c9crit par\" \/>\n\t<meta name=\"twitter:data1\" content=\"cfeditorfr\" \/>\n\t<meta name=\"twitter:label2\" content=\"Dur\u00e9e de lecture estim\u00e9e\" \/>\n\t<meta name=\"twitter:data2\" content=\"1 minute\" \/>\n<script type=\"application\/ld+json\" class=\"yoast-schema-graph\">{\"@context\":\"https:\/\/schema.org\",\"@graph\":[{\"@type\":\"Article\",\"@id\":\"https:\/\/www.africa-press.net\/madagascar\/culture-et-art\/musique-reko-band-partage-ses-cinq-ans-avec-ses-fans#article\",\"isPartOf\":{\"@id\":\"https:\/\/www.africa-press.net\/madagascar\/culture-et-art\/musique-reko-band-partage-ses-cinq-ans-avec-ses-fans\"},\"author\":{\"name\":\"cfeditorfr\",\"@id\":\"https:\/\/www.africa-press.net\/madagascar\/#\/schema\/person\/2b1cf3cd81a31e3cd26889ca66d677f1\"},\"headline\":\"MUSIQUE &#8211; Reko Band partage ses cinq ans avec ses fans\",\"datePublished\":\"2023-12-18T10:55:53+00:00\",\"dateModified\":\"2023-12-18T12:36:20+00:00\",\"mainEntityOfPage\":{\"@id\":\"https:\/\/www.africa-press.net\/madagascar\/culture-et-art\/musique-reko-band-partage-ses-cinq-ans-avec-ses-fans\"},\"wordCount\":278,\"commentCount\":0,\"image\":{\"@id\":\"https:\/\/www.africa-press.net\/madagascar\/culture-et-art\/musique-reko-band-partage-ses-cinq-ans-avec-ses-fans#primaryimage\"},\"thumbnailUrl\":\"https:\/\/static.africa-press.net\/madagascar\/sites\/56\/2023\/12\/sm_1702886723.984769.jpg\",\"keywords\":[\"Africa Press\",\"Africa Press-Madagascar\",\"Madagascar\"],\"articleSection\":[\"Culture et Art\",\"Toutes les actualit\u00e9s\"],\"inLanguage\":\"fr-FR\",\"potentialAction\":[{\"@type\":\"CommentAction\",\"name\":\"Comment\",\"target\":[\"https:\/\/www.africa-press.net\/madagascar\/culture-et-art\/musique-reko-band-partage-ses-cinq-ans-avec-ses-fans#respond\"]}]},{\"@type\":\"WebPage\",\"@id\":\"https:\/\/www.africa-press.net\/madagascar\/culture-et-art\/musique-reko-band-partage-ses-cinq-ans-avec-ses-fans\",\"url\":\"https:\/\/www.africa-press.net\/madagascar\/culture-et-art\/musique-reko-band-partage-ses-cinq-ans-avec-ses-fans\",\"name\":\"MUSIQUE - Reko Band partage ses cinq ans avec ses fans - Madagascar\",\"isPartOf\":{\"@id\":\"https:\/\/www.africa-press.net\/madagascar\/#website\"},\"primaryImageOfPage\":{\"@id\":\"https:\/\/www.africa-press.net\/madagascar\/culture-et-art\/musique-reko-band-partage-ses-cinq-ans-avec-ses-fans#primaryimage\"},\"image\":{\"@id\":\"https:\/\/www.africa-press.net\/madagascar\/culture-et-art\/musique-reko-band-partage-ses-cinq-ans-avec-ses-fans#primaryimage\"},\"thumbnailUrl\":\"https:\/\/static.africa-press.net\/madagascar\/sites\/56\/2023\/12\/sm_1702886723.984769.jpg\",\"datePublished\":\"2023-12-18T10:55:53+00:00\",\"dateModified\":\"2023-12-18T12:36:20+00:00\",\"author\":{\"@id\":\"https:\/\/www.africa-press.net\/madagascar\/#\/schema\/person\/2b1cf3cd81a31e3cd26889ca66d677f1\"},\"description\":\"Hier, le Ccesca Antanimena a vibre\u0301 au son du grand concert marquant le 5e anniversaire sur sce\u0300ne du groupe Reko Band. ...\",\"breadcrumb\":{\"@id\":\"https:\/\/www.africa-press.net\/madagascar\/culture-et-art\/musique-reko-band-partage-ses-cinq-ans-avec-ses-fans#breadcrumb\"},\"inLanguage\":\"fr-FR\",\"potentialAction\":[{\"@type\":\"ReadAction\",\"target\":[\"https:\/\/www.africa-press.net\/madagascar\/culture-et-art\/musique-reko-band-partage-ses-cinq-ans-avec-ses-fans\"]}]},{\"@type\":\"ImageObject\",\"inLanguage\":\"fr-FR\",\"@id\":\"https:\/\/www.africa-press.net\/madagascar\/culture-et-art\/musique-reko-band-partage-ses-cinq-ans-avec-ses-fans#primaryimage\",\"url\":\"https:\/\/static.africa-press.net\/madagascar\/sites\/56\/2023\/12\/sm_1702886723.984769.jpg\",\"contentUrl\":\"https:\/\/static.africa-press.net\/madagascar\/sites\/56\/2023\/12\/sm_1702886723.984769.jpg\",\"width\":932,\"height\":622,\"caption\":\"MUSIQUE - Reko Band partage ses cinq ans avec ses fans\"},{\"@type\":\"BreadcrumbList\",\"@id\":\"https:\/\/www.africa-press.net\/madagascar\/culture-et-art\/musique-reko-band-partage-ses-cinq-ans-avec-ses-fans#breadcrumb\",\"itemListElement\":[{\"@type\":\"ListItem\",\"position\":1,\"name\":\"Accueil\",\"item\":\"https:\/\/www.africa-press.net\/madagascar\/\"},{\"@type\":\"ListItem\",\"position\":2,\"name\":\"MUSIQUE &#8211; Reko Band partage ses cinq ans avec ses fans\"}]},{\"@type\":\"WebSite\",\"@id\":\"https:\/\/www.africa-press.net\/madagascar\/#website\",\"url\":\"https:\/\/www.africa-press.net\/madagascar\/\",\"name\":\"Madagascar\",\"description\":\"Just another Africa News Agency Sites site\",\"potentialAction\":[{\"@type\":\"SearchAction\",\"target\":{\"@type\":\"EntryPoint\",\"urlTemplate\":\"https:\/\/www.africa-press.net\/madagascar\/?s={search_term_string}\"},\"query-input\":{\"@type\":\"PropertyValueSpecification\",\"valueRequired\":true,\"valueName\":\"search_term_string\"}}],\"inLanguage\":\"fr-FR\"},{\"@type\":\"Person\",\"@id\":\"https:\/\/www.africa-press.net\/madagascar\/#\/schema\/person\/2b1cf3cd81a31e3cd26889ca66d677f1\",\"name\":\"cfeditorfr\"}]}<\/script>\n<!-- \/ Yoast SEO Premium plugin. -->","yoast_head_json":{"title":"MUSIQUE - Reko Band partage ses cinq ans avec ses fans - Madagascar","description":"Hier, le Ccesca Antanimena a vibre\u0301 au son du grand concert marquant le 5e anniversaire sur sce\u0300ne du groupe Reko Band. ...","robots":{"index":"index","follow":"follow","max-snippet":"max-snippet:-1","max-image-preview":"max-image-preview:large","max-video-preview":"max-video-preview:-1"},"canonical":"https:\/\/www.africa-press.net\/madagascar\/culture-et-art\/musique-reko-band-partage-ses-cinq-ans-avec-ses-fans","og_locale":"fr_FR","og_type":"article","og_title":"MUSIQUE - Reko Band partage ses cinq ans avec ses fans","og_description":"Hier, le Ccesca Antanimena a vibre\u0301 au son du grand concert marquant le 5e anniversaire sur sce\u0300ne du groupe Reko Band. ...","og_url":"https:\/\/www.africa-press.net\/madagascar\/culture-et-art\/musique-reko-band-partage-ses-cinq-ans-avec-ses-fans","og_site_name":"Madagascar","article_published_time":"2023-12-18T10:55:53+00:00","article_modified_time":"2023-12-18T12:36:20+00:00","og_image":[{"width":932,"height":622,"url":"https:\/\/static.africa-press.net\/madagascar\/sites\/56\/2023\/12\/sm_1702886723.984769.jpg","type":"image\/jpeg"}],"author":"cfeditorfr","twitter_card":"summary_large_image","twitter_misc":{"\u00c9crit par":"cfeditorfr","Dur\u00e9e de lecture estim\u00e9e":"1 minute"},"schema":{"@context":"https:\/\/schema.org","@graph":[{"@type":"Article","@id":"https:\/\/www.africa-press.net\/madagascar\/culture-et-art\/musique-reko-band-partage-ses-cinq-ans-avec-ses-fans#article","isPartOf":{"@id":"https:\/\/www.africa-press.net\/madagascar\/culture-et-art\/musique-reko-band-partage-ses-cinq-ans-avec-ses-fans"},"author":{"name":"cfeditorfr","@id":"https:\/\/www.africa-press.net\/madagascar\/#\/schema\/person\/2b1cf3cd81a31e3cd26889ca66d677f1"},"headline":"MUSIQUE &#8211; Reko Band partage ses cinq ans avec ses fans","datePublished":"2023-12-18T10:55:53+00:00","dateModified":"2023-12-18T12:36:20+00:00","mainEntityOfPage":{"@id":"https:\/\/www.africa-press.net\/madagascar\/culture-et-art\/musique-reko-band-partage-ses-cinq-ans-avec-ses-fans"},"wordCount":278,"commentCount":0,"image":{"@id":"https:\/\/www.africa-press.net\/madagascar\/culture-et-art\/musique-reko-band-partage-ses-cinq-ans-avec-ses-fans#primaryimage"},"thumbnailUrl":"https:\/\/static.africa-press.net\/madagascar\/sites\/56\/2023\/12\/sm_1702886723.984769.jpg","keywords":["Africa Press","Africa Press-Madagascar","Madagascar"],"articleSection":["Culture et Art","Toutes les actualit\u00e9s"],"inLanguage":"fr-FR","potentialAction":[{"@type":"CommentAction","name":"Comment","target":["https:\/\/www.africa-press.net\/madagascar\/culture-et-art\/musique-reko-band-partage-ses-cinq-ans-avec-ses-fans#respond"]}]},{"@type":"WebPage","@id":"https:\/\/www.africa-press.net\/madagascar\/culture-et-art\/musique-reko-band-partage-ses-cinq-ans-avec-ses-fans","url":"https:\/\/www.africa-press.net\/madagascar\/culture-et-art\/musique-reko-band-partage-ses-cinq-ans-avec-ses-fans","name":"MUSIQUE - Reko Band partage ses cinq ans avec ses fans - Madagascar","isPartOf":{"@id":"https:\/\/www.africa-press.net\/madagascar\/#website"},"primaryImageOfPage":{"@id":"https:\/\/www.africa-press.net\/madagascar\/culture-et-art\/musique-reko-band-partage-ses-cinq-ans-avec-ses-fans#primaryimage"},"image":{"@id":"https:\/\/www.africa-press.net\/madagascar\/culture-et-art\/musique-reko-band-partage-ses-cinq-ans-avec-ses-fans#primaryimage"},"thumbnailUrl":"https:\/\/static.africa-press.net\/madagascar\/sites\/56\/2023\/12\/sm_1702886723.984769.jpg","datePublished":"2023-12-18T10:55:53+00:00","dateModified":"2023-12-18T12:36:20+00:00","author":{"@id":"https:\/\/www.africa-press.net\/madagascar\/#\/schema\/person\/2b1cf3cd81a31e3cd26889ca66d677f1"},"description":"Hier, le Ccesca Antanimena a vibre\u0301 au son du grand concert marquant le 5e anniversaire sur sce\u0300ne du groupe Reko Band. ...","breadcrumb":{"@id":"https:\/\/www.africa-press.net\/madagascar\/culture-et-art\/musique-reko-band-partage-ses-cinq-ans-avec-ses-fans#breadcrumb"},"inLanguage":"fr-FR","potentialAction":[{"@type":"ReadAction","target":["https:\/\/www.africa-press.net\/madagascar\/culture-et-art\/musique-reko-band-partage-ses-cinq-ans-avec-ses-fans"]}]},{"@type":"ImageObject","inLanguage":"fr-FR","@id":"https:\/\/www.africa-press.net\/madagascar\/culture-et-art\/musique-reko-band-partage-ses-cinq-ans-avec-ses-fans#primaryimage","url":"https:\/\/static.africa-press.net\/madagascar\/sites\/56\/2023\/12\/sm_1702886723.984769.jpg","contentUrl":"https:\/\/static.africa-press.net\/madagascar\/sites\/56\/2023\/12\/sm_1702886723.984769.jpg","width":932,"height":622,"caption":"MUSIQUE - Reko Band partage ses cinq ans avec ses fans"},{"@type":"BreadcrumbList","@id":"https:\/\/www.africa-press.net\/madagascar\/culture-et-art\/musique-reko-band-partage-ses-cinq-ans-avec-ses-fans#breadcrumb","itemListElement":[{"@type":"ListItem","position":1,"name":"Accueil","item":"https:\/\/www.africa-press.net\/madagascar\/"},{"@type":"ListItem","position":2,"name":"MUSIQUE &#8211; Reko Band partage ses cinq ans avec ses fans"}]},{"@type":"WebSite","@id":"https:\/\/www.africa-press.net\/madagascar\/#website","url":"https:\/\/www.africa-press.net\/madagascar\/","name":"Madagascar","description":"Just another Africa News Agency Sites site","potentialAction":[{"@type":"SearchAction","target":{"@type":"EntryPoint","urlTemplate":"https:\/\/www.africa-press.net\/madagascar\/?s={search_term_string}"},"query-input":{"@type":"PropertyValueSpecification","valueRequired":true,"valueName":"search_term_string"}}],"inLanguage":"fr-FR"},{"@type":"Person","@id":"https:\/\/www.africa-press.net\/madagascar\/#\/schema\/person\/2b1cf3cd81a31e3cd26889ca66d677f1","name":"cfeditorfr"}]}},"_links":{"self":[{"href":"https:\/\/www.africa-press.net\/madagascar\/wp-json\/wp\/v2\/posts\/22899","targetHints":{"allow":["GET"]}}],"collection":[{"href":"https:\/\/www.africa-press.net\/madagascar\/wp-json\/wp\/v2\/posts"}],"about":[{"href":"https:\/\/www.africa-press.net\/madagascar\/wp-json\/wp\/v2\/types\/post"}],"author":[{"embeddable":true,"href":"https:\/\/www.africa-press.net\/madagascar\/wp-json\/wp\/v2\/users\/82"}],"replies":[{"embeddable":true,"href":"https:\/\/www.africa-press.net\/madagascar\/wp-json\/wp\/v2\/comments?post=22899"}],"version-history":[{"count":0,"href":"https:\/\/www.africa-press.net\/madagascar\/wp-json\/wp\/v2\/posts\/22899\/revisions"}],"wp:featuredmedia":[{"embeddable":true,"href":"https:\/\/www.africa-press.net\/madagascar\/wp-json\/wp\/v2\/media\/22897"}],"wp:attachment":[{"href":"https:\/\/www.africa-press.net\/madagascar\/wp-json\/wp\/v2\/media?parent=22899"}],"wp:term":[{"taxonomy":"category","embeddable":true,"href":"https:\/\/www.africa-press.net\/madagascar\/wp-json\/wp\/v2\/categories?post=22899"},{"taxonomy":"post_tag","embeddable":true,"href":"https:\/\/www.africa-press.net\/madagascar\/wp-json\/wp\/v2\/tags?post=22899"}],"curies":[{"name":"wp","href":"https:\/\/api.w.org\/{rel}","templated":true}]}}