{"id":22911,"date":"2023-12-18T12:38:32","date_gmt":"2023-12-18T12:38:32","guid":{"rendered":"https:\/\/www.africa-press.net\/madagascar\/politique\/j-o-de-paris-2024-jonathan-et-tendry-beneficient-du-wild-card"},"modified":"2023-12-18T19:04:06","modified_gmt":"2023-12-18T19:04:06","slug":"j-o-de-paris-2024-jonathan-et-tendry-beneficient-du-wild-card","status":"publish","type":"post","link":"https:\/\/www.africa-press.net\/madagascar\/sports\/j-o-de-paris-2024-jonathan-et-tendry-beneficient-du-wild-card","title":{"rendered":"J.O DE PARIS 2024 &#8211; Jonathan et Tendry b\u00e9n\u00e9ficient du wild card"},"content":{"rendered":"<p><span style=\"color: #ff6600\"><strong>Africa-Press &#8211; Madagascar. <\/strong><\/span>Les deux premiers porte-fanions malgaches aux Jeux Olympiques de Paris 2024 sont connus. La Fe\u0301de\u0301ration malgache de natation a de\u0301signe\u0301 samedi lors de son Assemble\u0301e ge\u0301ne\u0301rale ordinaire a\u0300 l\u2019ANS a\u0300 Ampefiloha les deux nageurs qui be\u0301ne\u0301ficieront du wild card du Wolrd Aquatics ou la fe\u0301de\u0301ration internationale de natation. Il s\u2019agit du pensionnaire du centre de haut niveau de Thai\u0308lande durant la saison 2022-2023, Jonathan Harivony Raharvel et l\u2019actuelle boursie\u0300re du me\u0302me centre, Idealy Tendrinavalona.<\/p>\n<p>Ces deux nageurs ont repre\u0301sente\u0301 le pays aux derniers championnats du monde de Fukuoka a\u0300 Tokyo et aux Jeux des Iles de l\u2019oce\u0301an Indien a\u0300 domicile en de\u0301but septembre. Leur participation aux re\u0301cents mondiaux a e\u0301te\u0301 l\u2019un des crite\u0300res de se\u0301lection pour be\u0301ne\u0301ficier du wild card car de\u0301crocher le minima des JO reste encore difficile pour les nageurs malgaches.<\/p>\n<p>Le nageur du Cosfa, Jonathan Harivony Raharvel a brillamment arrache\u0301 trois me\u0301dailles d\u2019or en 50m, 100m et 200m brasse et a ame\u0301liore\u0301 en me\u0302me temps des records des jeux.<\/p>\n<p><strong>Pour plus d&rsquo;informations et d&rsquo;analyses sur la <a href=\"https:\/\/www.africa-press.net\/madagascar\">Madagascar<\/a>, suivez <a href=\"https:\/\/www.africa-press.net\/\">Africa-Press<\/a><\/strong><\/p>\n","protected":false},"excerpt":{"rendered":"<p>Africa-Press &#8211; Madagascar. Les deux premiers porte-fanions malgaches aux Jeux Olympiques de Paris 2024 sont connus. La Fe\u0301de\u0301ration malgache de natation a de\u0301signe\u0301 samedi lors de son Assemble\u0301e ge\u0301ne\u0301rale ordinaire a\u0300 l\u2019ANS a\u0300 Ampefiloha les deux nageurs qui be\u0301ne\u0301ficieront du wild card du Wolrd Aquatics ou la fe\u0301de\u0301ration internationale de natation. Il s\u2019agit du pensionnaire [&hellip;]<\/p>\n","protected":false},"author":82,"featured_media":22910,"comment_status":"open","ping_status":"closed","sticky":false,"template":"","format":"standard","meta":{"footnotes":""},"categories":[6,10],"tags":[36,50,49],"class_list":["post-22911","post","type-post","status-publish","format-standard","has-post-thumbnail","hentry","category-sports","category-toutes-les-actualites","tag-africa-press","tag-africa-press-madagascar","tag-madagascar"],"yoast_head":"<!-- This site is optimized with the Yoast SEO Premium plugin v26.1 (Yoast SEO v27.0) - https:\/\/yoast.com\/product\/yoast-seo-premium-wordpress\/ -->\n<title>J.O DE PARIS 2024 - Jonathan et Tendry b\u00e9n\u00e9ficient du wild card - Madagascar<\/title>\n<meta name=\"description\" content=\"Les deux premiers porte-fanions malgaches aux Jeux Olympiques de Paris 2024 sont connus. La Fe\u0301de\u0301ration malgache de nat ...\" \/>\n<meta name=\"robots\" content=\"index, follow, max-snippet:-1, max-image-preview:large, max-video-preview:-1\" \/>\n<link rel=\"canonical\" href=\"https:\/\/www.africa-press.net\/madagascar\/sports\/j-o-de-paris-2024-jonathan-et-tendry-beneficient-du-wild-card\" \/>\n<meta property=\"og:locale\" content=\"fr_FR\" \/>\n<meta property=\"og:type\" content=\"article\" \/>\n<meta property=\"og:title\" content=\"J.O DE PARIS 2024 - Jonathan et Tendry b\u00e9n\u00e9ficient du wild card\" \/>\n<meta property=\"og:description\" content=\"Les deux premiers porte-fanions malgaches aux Jeux Olympiques de Paris 2024 sont connus. La Fe\u0301de\u0301ration malgache de nat ...\" \/>\n<meta property=\"og:url\" content=\"https:\/\/www.africa-press.net\/madagascar\/sports\/j-o-de-paris-2024-jonathan-et-tendry-beneficient-du-wild-card\" \/>\n<meta property=\"og:site_name\" content=\"Madagascar\" \/>\n<meta property=\"article:published_time\" content=\"2023-12-18T12:38:32+00:00\" \/>\n<meta property=\"article:modified_time\" content=\"2023-12-18T19:04:06+00:00\" \/>\n<meta property=\"og:image\" content=\"https:\/\/static.africa-press.net\/madagascar\/sites\/56\/2023\/12\/sm_1702892661.431738.jpg\" \/>\n\t<meta property=\"og:image:width\" content=\"1060\" \/>\n\t<meta property=\"og:image:height\" content=\"614\" \/>\n\t<meta property=\"og:image:type\" content=\"image\/jpeg\" \/>\n<meta name=\"author\" content=\"cfeditorfr\" \/>\n<meta name=\"twitter:card\" content=\"summary_large_image\" \/>\n<meta name=\"twitter:label1\" content=\"\u00c9crit par\" \/>\n\t<meta name=\"twitter:data1\" content=\"cfeditorfr\" \/>\n\t<meta name=\"twitter:label2\" content=\"Dur\u00e9e de lecture estim\u00e9e\" \/>\n\t<meta name=\"twitter:data2\" content=\"1 minute\" \/>\n<script type=\"application\/ld+json\" class=\"yoast-schema-graph\">{\"@context\":\"https:\/\/schema.org\",\"@graph\":[{\"@type\":\"Article\",\"@id\":\"https:\/\/www.africa-press.net\/madagascar\/sports\/j-o-de-paris-2024-jonathan-et-tendry-beneficient-du-wild-card#article\",\"isPartOf\":{\"@id\":\"https:\/\/www.africa-press.net\/madagascar\/sports\/j-o-de-paris-2024-jonathan-et-tendry-beneficient-du-wild-card\"},\"author\":{\"name\":\"cfeditorfr\",\"@id\":\"https:\/\/www.africa-press.net\/madagascar\/#\/schema\/person\/2b1cf3cd81a31e3cd26889ca66d677f1\"},\"headline\":\"J.O DE PARIS 2024 &#8211; Jonathan et Tendry b\u00e9n\u00e9ficient du wild card\",\"datePublished\":\"2023-12-18T12:38:32+00:00\",\"dateModified\":\"2023-12-18T19:04:06+00:00\",\"mainEntityOfPage\":{\"@id\":\"https:\/\/www.africa-press.net\/madagascar\/sports\/j-o-de-paris-2024-jonathan-et-tendry-beneficient-du-wild-card\"},\"wordCount\":222,\"commentCount\":0,\"image\":{\"@id\":\"https:\/\/www.africa-press.net\/madagascar\/sports\/j-o-de-paris-2024-jonathan-et-tendry-beneficient-du-wild-card#primaryimage\"},\"thumbnailUrl\":\"https:\/\/static.africa-press.net\/madagascar\/sites\/56\/2023\/12\/sm_1702892661.431738.jpg\",\"keywords\":[\"Africa Press\",\"Africa Press-Madagascar\",\"Madagascar\"],\"articleSection\":[\"Sports\",\"Toutes les actualit\u00e9s\"],\"inLanguage\":\"fr-FR\",\"potentialAction\":[{\"@type\":\"CommentAction\",\"name\":\"Comment\",\"target\":[\"https:\/\/www.africa-press.net\/madagascar\/sports\/j-o-de-paris-2024-jonathan-et-tendry-beneficient-du-wild-card#respond\"]}]},{\"@type\":\"WebPage\",\"@id\":\"https:\/\/www.africa-press.net\/madagascar\/sports\/j-o-de-paris-2024-jonathan-et-tendry-beneficient-du-wild-card\",\"url\":\"https:\/\/www.africa-press.net\/madagascar\/sports\/j-o-de-paris-2024-jonathan-et-tendry-beneficient-du-wild-card\",\"name\":\"J.O DE PARIS 2024 - Jonathan et Tendry b\u00e9n\u00e9ficient du wild card - Madagascar\",\"isPartOf\":{\"@id\":\"https:\/\/www.africa-press.net\/madagascar\/#website\"},\"primaryImageOfPage\":{\"@id\":\"https:\/\/www.africa-press.net\/madagascar\/sports\/j-o-de-paris-2024-jonathan-et-tendry-beneficient-du-wild-card#primaryimage\"},\"image\":{\"@id\":\"https:\/\/www.africa-press.net\/madagascar\/sports\/j-o-de-paris-2024-jonathan-et-tendry-beneficient-du-wild-card#primaryimage\"},\"thumbnailUrl\":\"https:\/\/static.africa-press.net\/madagascar\/sites\/56\/2023\/12\/sm_1702892661.431738.jpg\",\"datePublished\":\"2023-12-18T12:38:32+00:00\",\"dateModified\":\"2023-12-18T19:04:06+00:00\",\"author\":{\"@id\":\"https:\/\/www.africa-press.net\/madagascar\/#\/schema\/person\/2b1cf3cd81a31e3cd26889ca66d677f1\"},\"description\":\"Les deux premiers porte-fanions malgaches aux Jeux Olympiques de Paris 2024 sont connus. La Fe\u0301de\u0301ration malgache de nat ...\",\"breadcrumb\":{\"@id\":\"https:\/\/www.africa-press.net\/madagascar\/sports\/j-o-de-paris-2024-jonathan-et-tendry-beneficient-du-wild-card#breadcrumb\"},\"inLanguage\":\"fr-FR\",\"potentialAction\":[{\"@type\":\"ReadAction\",\"target\":[\"https:\/\/www.africa-press.net\/madagascar\/sports\/j-o-de-paris-2024-jonathan-et-tendry-beneficient-du-wild-card\"]}]},{\"@type\":\"ImageObject\",\"inLanguage\":\"fr-FR\",\"@id\":\"https:\/\/www.africa-press.net\/madagascar\/sports\/j-o-de-paris-2024-jonathan-et-tendry-beneficient-du-wild-card#primaryimage\",\"url\":\"https:\/\/static.africa-press.net\/madagascar\/sites\/56\/2023\/12\/sm_1702892661.431738.jpg\",\"contentUrl\":\"https:\/\/static.africa-press.net\/madagascar\/sites\/56\/2023\/12\/sm_1702892661.431738.jpg\",\"width\":1060,\"height\":614,\"caption\":\"J.O DE PARIS 2024 - Jonathan et Tendry b\u00e9n\u00e9ficient du wild card\"},{\"@type\":\"BreadcrumbList\",\"@id\":\"https:\/\/www.africa-press.net\/madagascar\/sports\/j-o-de-paris-2024-jonathan-et-tendry-beneficient-du-wild-card#breadcrumb\",\"itemListElement\":[{\"@type\":\"ListItem\",\"position\":1,\"name\":\"Accueil\",\"item\":\"https:\/\/www.africa-press.net\/madagascar\/\"},{\"@type\":\"ListItem\",\"position\":2,\"name\":\"J.O DE PARIS 2024 &#8211; Jonathan et Tendry b\u00e9n\u00e9ficient du wild card\"}]},{\"@type\":\"WebSite\",\"@id\":\"https:\/\/www.africa-press.net\/madagascar\/#website\",\"url\":\"https:\/\/www.africa-press.net\/madagascar\/\",\"name\":\"Madagascar\",\"description\":\"Just another Africa News Agency Sites site\",\"potentialAction\":[{\"@type\":\"SearchAction\",\"target\":{\"@type\":\"EntryPoint\",\"urlTemplate\":\"https:\/\/www.africa-press.net\/madagascar\/?s={search_term_string}\"},\"query-input\":{\"@type\":\"PropertyValueSpecification\",\"valueRequired\":true,\"valueName\":\"search_term_string\"}}],\"inLanguage\":\"fr-FR\"},{\"@type\":\"Person\",\"@id\":\"https:\/\/www.africa-press.net\/madagascar\/#\/schema\/person\/2b1cf3cd81a31e3cd26889ca66d677f1\",\"name\":\"cfeditorfr\"}]}<\/script>\n<!-- \/ Yoast SEO Premium plugin. -->","yoast_head_json":{"title":"J.O DE PARIS 2024 - Jonathan et Tendry b\u00e9n\u00e9ficient du wild card - Madagascar","description":"Les deux premiers porte-fanions malgaches aux Jeux Olympiques de Paris 2024 sont connus. La Fe\u0301de\u0301ration malgache de nat ...","robots":{"index":"index","follow":"follow","max-snippet":"max-snippet:-1","max-image-preview":"max-image-preview:large","max-video-preview":"max-video-preview:-1"},"canonical":"https:\/\/www.africa-press.net\/madagascar\/sports\/j-o-de-paris-2024-jonathan-et-tendry-beneficient-du-wild-card","og_locale":"fr_FR","og_type":"article","og_title":"J.O DE PARIS 2024 - Jonathan et Tendry b\u00e9n\u00e9ficient du wild card","og_description":"Les deux premiers porte-fanions malgaches aux Jeux Olympiques de Paris 2024 sont connus. La Fe\u0301de\u0301ration malgache de nat ...","og_url":"https:\/\/www.africa-press.net\/madagascar\/sports\/j-o-de-paris-2024-jonathan-et-tendry-beneficient-du-wild-card","og_site_name":"Madagascar","article_published_time":"2023-12-18T12:38:32+00:00","article_modified_time":"2023-12-18T19:04:06+00:00","og_image":[{"width":1060,"height":614,"url":"https:\/\/static.africa-press.net\/madagascar\/sites\/56\/2023\/12\/sm_1702892661.431738.jpg","type":"image\/jpeg"}],"author":"cfeditorfr","twitter_card":"summary_large_image","twitter_misc":{"\u00c9crit par":"cfeditorfr","Dur\u00e9e de lecture estim\u00e9e":"1 minute"},"schema":{"@context":"https:\/\/schema.org","@graph":[{"@type":"Article","@id":"https:\/\/www.africa-press.net\/madagascar\/sports\/j-o-de-paris-2024-jonathan-et-tendry-beneficient-du-wild-card#article","isPartOf":{"@id":"https:\/\/www.africa-press.net\/madagascar\/sports\/j-o-de-paris-2024-jonathan-et-tendry-beneficient-du-wild-card"},"author":{"name":"cfeditorfr","@id":"https:\/\/www.africa-press.net\/madagascar\/#\/schema\/person\/2b1cf3cd81a31e3cd26889ca66d677f1"},"headline":"J.O DE PARIS 2024 &#8211; Jonathan et Tendry b\u00e9n\u00e9ficient du wild card","datePublished":"2023-12-18T12:38:32+00:00","dateModified":"2023-12-18T19:04:06+00:00","mainEntityOfPage":{"@id":"https:\/\/www.africa-press.net\/madagascar\/sports\/j-o-de-paris-2024-jonathan-et-tendry-beneficient-du-wild-card"},"wordCount":222,"commentCount":0,"image":{"@id":"https:\/\/www.africa-press.net\/madagascar\/sports\/j-o-de-paris-2024-jonathan-et-tendry-beneficient-du-wild-card#primaryimage"},"thumbnailUrl":"https:\/\/static.africa-press.net\/madagascar\/sites\/56\/2023\/12\/sm_1702892661.431738.jpg","keywords":["Africa Press","Africa Press-Madagascar","Madagascar"],"articleSection":["Sports","Toutes les actualit\u00e9s"],"inLanguage":"fr-FR","potentialAction":[{"@type":"CommentAction","name":"Comment","target":["https:\/\/www.africa-press.net\/madagascar\/sports\/j-o-de-paris-2024-jonathan-et-tendry-beneficient-du-wild-card#respond"]}]},{"@type":"WebPage","@id":"https:\/\/www.africa-press.net\/madagascar\/sports\/j-o-de-paris-2024-jonathan-et-tendry-beneficient-du-wild-card","url":"https:\/\/www.africa-press.net\/madagascar\/sports\/j-o-de-paris-2024-jonathan-et-tendry-beneficient-du-wild-card","name":"J.O DE PARIS 2024 - Jonathan et Tendry b\u00e9n\u00e9ficient du wild card - Madagascar","isPartOf":{"@id":"https:\/\/www.africa-press.net\/madagascar\/#website"},"primaryImageOfPage":{"@id":"https:\/\/www.africa-press.net\/madagascar\/sports\/j-o-de-paris-2024-jonathan-et-tendry-beneficient-du-wild-card#primaryimage"},"image":{"@id":"https:\/\/www.africa-press.net\/madagascar\/sports\/j-o-de-paris-2024-jonathan-et-tendry-beneficient-du-wild-card#primaryimage"},"thumbnailUrl":"https:\/\/static.africa-press.net\/madagascar\/sites\/56\/2023\/12\/sm_1702892661.431738.jpg","datePublished":"2023-12-18T12:38:32+00:00","dateModified":"2023-12-18T19:04:06+00:00","author":{"@id":"https:\/\/www.africa-press.net\/madagascar\/#\/schema\/person\/2b1cf3cd81a31e3cd26889ca66d677f1"},"description":"Les deux premiers porte-fanions malgaches aux Jeux Olympiques de Paris 2024 sont connus. La Fe\u0301de\u0301ration malgache de nat ...","breadcrumb":{"@id":"https:\/\/www.africa-press.net\/madagascar\/sports\/j-o-de-paris-2024-jonathan-et-tendry-beneficient-du-wild-card#breadcrumb"},"inLanguage":"fr-FR","potentialAction":[{"@type":"ReadAction","target":["https:\/\/www.africa-press.net\/madagascar\/sports\/j-o-de-paris-2024-jonathan-et-tendry-beneficient-du-wild-card"]}]},{"@type":"ImageObject","inLanguage":"fr-FR","@id":"https:\/\/www.africa-press.net\/madagascar\/sports\/j-o-de-paris-2024-jonathan-et-tendry-beneficient-du-wild-card#primaryimage","url":"https:\/\/static.africa-press.net\/madagascar\/sites\/56\/2023\/12\/sm_1702892661.431738.jpg","contentUrl":"https:\/\/static.africa-press.net\/madagascar\/sites\/56\/2023\/12\/sm_1702892661.431738.jpg","width":1060,"height":614,"caption":"J.O DE PARIS 2024 - Jonathan et Tendry b\u00e9n\u00e9ficient du wild card"},{"@type":"BreadcrumbList","@id":"https:\/\/www.africa-press.net\/madagascar\/sports\/j-o-de-paris-2024-jonathan-et-tendry-beneficient-du-wild-card#breadcrumb","itemListElement":[{"@type":"ListItem","position":1,"name":"Accueil","item":"https:\/\/www.africa-press.net\/madagascar\/"},{"@type":"ListItem","position":2,"name":"J.O DE PARIS 2024 &#8211; Jonathan et Tendry b\u00e9n\u00e9ficient du wild card"}]},{"@type":"WebSite","@id":"https:\/\/www.africa-press.net\/madagascar\/#website","url":"https:\/\/www.africa-press.net\/madagascar\/","name":"Madagascar","description":"Just another Africa News Agency Sites site","potentialAction":[{"@type":"SearchAction","target":{"@type":"EntryPoint","urlTemplate":"https:\/\/www.africa-press.net\/madagascar\/?s={search_term_string}"},"query-input":{"@type":"PropertyValueSpecification","valueRequired":true,"valueName":"search_term_string"}}],"inLanguage":"fr-FR"},{"@type":"Person","@id":"https:\/\/www.africa-press.net\/madagascar\/#\/schema\/person\/2b1cf3cd81a31e3cd26889ca66d677f1","name":"cfeditorfr"}]}},"_links":{"self":[{"href":"https:\/\/www.africa-press.net\/madagascar\/wp-json\/wp\/v2\/posts\/22911","targetHints":{"allow":["GET"]}}],"collection":[{"href":"https:\/\/www.africa-press.net\/madagascar\/wp-json\/wp\/v2\/posts"}],"about":[{"href":"https:\/\/www.africa-press.net\/madagascar\/wp-json\/wp\/v2\/types\/post"}],"author":[{"embeddable":true,"href":"https:\/\/www.africa-press.net\/madagascar\/wp-json\/wp\/v2\/users\/82"}],"replies":[{"embeddable":true,"href":"https:\/\/www.africa-press.net\/madagascar\/wp-json\/wp\/v2\/comments?post=22911"}],"version-history":[{"count":0,"href":"https:\/\/www.africa-press.net\/madagascar\/wp-json\/wp\/v2\/posts\/22911\/revisions"}],"wp:featuredmedia":[{"embeddable":true,"href":"https:\/\/www.africa-press.net\/madagascar\/wp-json\/wp\/v2\/media\/22910"}],"wp:attachment":[{"href":"https:\/\/www.africa-press.net\/madagascar\/wp-json\/wp\/v2\/media?parent=22911"}],"wp:term":[{"taxonomy":"category","embeddable":true,"href":"https:\/\/www.africa-press.net\/madagascar\/wp-json\/wp\/v2\/categories?post=22911"},{"taxonomy":"post_tag","embeddable":true,"href":"https:\/\/www.africa-press.net\/madagascar\/wp-json\/wp\/v2\/tags?post=22911"}],"curies":[{"name":"wp","href":"https:\/\/api.w.org\/{rel}","templated":true}]}}