{"id":22921,"date":"2023-12-18T13:03:48","date_gmt":"2023-12-18T13:03:48","guid":{"rendered":"https:\/\/www.africa-press.net\/madagascar\/politique\/rajoelina-prete-serment-pour-son-2e-mandat"},"modified":"2023-12-18T19:09:56","modified_gmt":"2023-12-18T19:09:56","slug":"rajoelina-prete-serment-pour-son-2e-mandat","status":"publish","type":"post","link":"https:\/\/www.africa-press.net\/madagascar\/politique\/rajoelina-prete-serment-pour-son-2e-mandat","title":{"rendered":"Rajoelina pr\u00eate serment pour son 2e mandat"},"content":{"rendered":"<p><span style=\"color: #ff6600\"><strong>Africa-Press &#8211; Madagascar. <\/strong><\/span>Le pre\u0301sident malgache Andry Rajoelina, 49 ans, a e\u0301te\u0301 investi samedi pour un second mandat apre\u0300s sa re\u0301e\u0301lection au premier tour d&rsquo;un scrutin boycotte\u0301 par l&rsquo;opposition, qui a de\u0301clare\u0301 ne pas reconnai\u0302tre les re\u0301sultats.<\/p>\n<p>La ce\u0301re\u0301monie d&rsquo;investiture dans la capitale Antananarivo a re\u0301uni quelque 50.000 personnes dans le plus grand stade de l&rsquo;i\u0302le de l&rsquo;oce\u0301an Indienr.<\/p>\n<p>En moins de deux heures, le pre\u0301sident a pre\u0302te\u0301 serment \u00ab\u00a0devant Dieu, le pays et le peuple\u00a0\u00bb malgache, sous les vivats, avant une revue militaire pour marquer son statut de chef des arme\u0301es.<\/p>\n<p>\u00ab\u00a0Madagascar est aujourd&rsquo;hui en chantier, la transformation est en cours, l&rsquo;e\u0301mergence a\u0300 l&rsquo;horizon\u00a0\u00bb, a-t-il notamment de\u0301clare\u0301.<\/p>\n<p>\u00ab\u00a0Mon attachement a\u0300 Madagascar, terre de mes ance\u0302tres, guidera chacune de mes actions\u00a0\u00bb, a ajoute\u0301 le pre\u0301sident qui a fait l&rsquo;objet d&rsquo;une pole\u0301mique sur sa double nationalite\u0301 franco-malgache.<\/p>\n<p>Il s&rsquo;est engage\u0301 a\u0300 \u00ab\u00a0construire une nation plus forte et plus prospe\u0300re\u00a0\u00bb et a\u0300 se tenir \u00ab\u00a0toujours au chevet des plus de\u0301munis\u00a0\u00bb.<\/p>\n<p>En de\u0301pit d&rsquo;importants obstacles ces cinq dernie\u0300res anne\u0301es &#8211;pande\u0301mie, se\u0301cheresse, cyclones de\u0301vastateurs&#8211; \u00ab\u00a0nous avons avance\u0301 et ba\u0302ti des infrastructures\u00a0\u00bb, afin de \u00ab\u00a0rattraper les retards de de\u0301veloppement accumule\u0301s depuis plusieurs de\u0301cennies\u00a0\u00bb, a-t-il assure\u0301.<\/p>\n<p>Parmi plusieurs chefs d&rsquo;Etat de la re\u0301gion, Azali Assoumani, pre\u0301sident des Comores a\u0300 la te\u0302te tournante de l&rsquo;Union africaine, e\u0301tait pre\u0301sent ainsi que Joao Lourenc\u0327o, chef d&rsquo;Etat angolais et pre\u0301sident en exercice de la Communaute\u0301 de de\u0301veloppement d&rsquo;Afrique australe (SADC).<\/p>\n<p><b>&#8211; Manifestations interdites &#8211;<\/b><\/p>\n<p>Onze millions d&rsquo;e\u0301lecteurs malgaches e\u0301taient appele\u0301s aux urnes le 16 novembre. Lors des semaines pre\u0301ce\u0301dant le scrutin, des manifestations ont eu lieu a\u0300 \u00ab\u00a0Tana\u00a0\u00bb, la capitale, a\u0300 l&rsquo;appel d&rsquo;une dizaine d&rsquo;opposants candidats, dont deux anciens pre\u0301sidents, re\u0301unis dans un collectif.<\/p>\n<p>Re\u0301clamant l&rsquo;annulation de la pre\u0301sidentielle, ils de\u0301nonc\u0327aient un \u00ab\u00a0coup d&rsquo;Etat institutionnel\u00a0\u00bb visant a\u0300 favoriser la re\u0301e\u0301lection de Rajoelina et un scrutin \u00ab\u00a0joue\u0301 d&rsquo;avance\u00a0\u00bb. Ils avaient appele\u0301 les Malgaches a\u0300 ne pas se rendre aux urnes.<\/p>\n<p><b>46% des e\u0301lecteurs ont participe\u0301 au scrutin.<\/b><\/p>\n<p>En juin, la presse avait re\u0301ve\u0301le\u0301 que le pre\u0301sident Rajoelina avait e\u0301te\u0301 discre\u0300tement naturalise\u0301 franc\u0327ais en 2014. Selon l&rsquo;opposition, cela devait l&#8217;empe\u0302cher de se pre\u0301senter mais la justice a refuse\u0301 d&rsquo;invalider sa candidature.<\/p>\n<p>E\u0301lu une premie\u0300re fois en 2018, Andry Rajoelina avait de\u0301ja\u0300 e\u0301te\u0301 au pouvoir entre 2009 et 2013, a\u0300 la suite d&rsquo;une mutinerie qui avait chasse\u0301 l&rsquo;ex-pre\u0301sident Marc Ravalomanana. Ce dernier et l&rsquo;autre ancien pre\u0301sident Hery Rajaonarimampianina, pre\u0301sents a\u0300 la ce\u0301re\u0301monie d&rsquo;investiture de Rajoelina en 2019, avaient de\u0301clare\u0301 qu&rsquo;ils ne feraient pas le de\u0301placement samedi.<\/p>\n<p>Plusieurs opposants sont poursuivis par la justice pour avoir participe\u0301 aux manifestations pre\u0301ce\u0301dant le scrutin. Les rassemblements, dont certains avaient e\u0301te\u0301 interdits par les autorite\u0301s, ont re\u0301gulie\u0300rement e\u0301te\u0301 disperse\u0301s par des jets de gaz lacrymoge\u0300ne.<\/p>\n<p>Le camp Rajoelina a maintes fois fustige\u0301 une opposition au comportement \u00ab\u00a0irresponsable\u00a0\u00bb.<\/p>\n<p>Aucune protestation n&rsquo;a e\u0301te\u0301 organise\u0301e depuis le scrutin. En vue de l&rsquo;investiture, les manifestations avaient e\u0301te\u0301 interdites depuis mardi.<\/p>\n<p>Malgre\u0301 des richesses naturelles exceptionnelles, Madagascar peine a\u0300 en tirer profit , pre\u0300s de 75% de la population de 29 millions vivant sous le seuil de pauvrete\u0301.<\/p>\n<p>Ces derniers jours, Andry Rajoelina s&rsquo;est rendu dans les quartiers populaires de la capitale, distribuant des lampes solaires aux foyers sans acce\u0300s a\u0300 l&rsquo;e\u0301lectricite\u0301, ainsi que des invitations a\u0300 la ce\u0301re\u0301monie d&rsquo;investiture.<\/p>\n<p><strong>Pour plus d&rsquo;informations et d&rsquo;analyses sur la <a href=\"https:\/\/www.africa-press.net\/madagascar\">Madagascar<\/a>, suivez <a href=\"https:\/\/www.africa-press.net\/\">Africa-Press<\/a><\/strong><\/p>\n","protected":false},"excerpt":{"rendered":"<p>Africa-Press &#8211; Madagascar. Le pre\u0301sident malgache Andry Rajoelina, 49 ans, a e\u0301te\u0301 investi samedi pour un second mandat apre\u0300s sa re\u0301e\u0301lection au premier tour d&rsquo;un scrutin boycotte\u0301 par l&rsquo;opposition, qui a de\u0301clare\u0301 ne pas reconnai\u0302tre les re\u0301sultats. La ce\u0301re\u0301monie d&rsquo;investiture dans la capitale Antananarivo a re\u0301uni quelque 50.000 personnes dans le plus grand stade de [&hellip;]<\/p>\n","protected":false},"author":82,"featured_media":22920,"comment_status":"open","ping_status":"closed","sticky":false,"template":"","format":"standard","meta":{"footnotes":""},"categories":[2,20,10],"tags":[36,50,49],"class_list":["post-22921","post","type-post","status-publish","format-standard","has-post-thumbnail","hentry","category-politique","category-top-nouvelles","category-toutes-les-actualites","tag-africa-press","tag-africa-press-madagascar","tag-madagascar"],"yoast_head":"<!-- This site is optimized with the Yoast SEO Premium plugin v26.1 (Yoast SEO v27.0) - https:\/\/yoast.com\/product\/yoast-seo-premium-wordpress\/ -->\n<title>Rajoelina pr\u00eate serment pour son 2e mandat - Madagascar<\/title>\n<meta name=\"description\" content=\"Le pre\u0301sident malgache Andry Rajoelina, 49 ans, a e\u0301te\u0301 investi samedi pour un second mandat apre\u0300s sa re\u0301e\u0301lection au p ...\" \/>\n<meta name=\"robots\" content=\"index, follow, max-snippet:-1, max-image-preview:large, max-video-preview:-1\" \/>\n<link rel=\"canonical\" href=\"https:\/\/www.africa-press.net\/madagascar\/politique\/rajoelina-prete-serment-pour-son-2e-mandat\" \/>\n<meta property=\"og:locale\" content=\"fr_FR\" \/>\n<meta property=\"og:type\" content=\"article\" \/>\n<meta property=\"og:title\" content=\"Rajoelina pr\u00eate serment pour son 2e mandat\" \/>\n<meta property=\"og:description\" content=\"Le pre\u0301sident malgache Andry Rajoelina, 49 ans, a e\u0301te\u0301 investi samedi pour un second mandat apre\u0300s sa re\u0301e\u0301lection au p ...\" \/>\n<meta property=\"og:url\" content=\"https:\/\/www.africa-press.net\/madagascar\/politique\/rajoelina-prete-serment-pour-son-2e-mandat\" \/>\n<meta property=\"og:site_name\" content=\"Madagascar\" \/>\n<meta property=\"article:published_time\" content=\"2023-12-18T13:03:48+00:00\" \/>\n<meta property=\"article:modified_time\" content=\"2023-12-18T19:09:56+00:00\" \/>\n<meta property=\"og:image\" content=\"https:\/\/static.africa-press.net\/madagascar\/sites\/56\/2023\/12\/sm_1702893117.306161.jpg\" \/>\n\t<meta property=\"og:image:width\" content=\"1178\" \/>\n\t<meta property=\"og:image:height\" content=\"635\" \/>\n\t<meta property=\"og:image:type\" content=\"image\/jpeg\" \/>\n<meta name=\"author\" content=\"cfeditorfr\" \/>\n<meta name=\"twitter:card\" content=\"summary_large_image\" \/>\n<meta name=\"twitter:label1\" content=\"\u00c9crit par\" \/>\n\t<meta name=\"twitter:data1\" content=\"cfeditorfr\" \/>\n\t<meta name=\"twitter:label2\" content=\"Dur\u00e9e de lecture estim\u00e9e\" \/>\n\t<meta name=\"twitter:data2\" content=\"3 minutes\" \/>\n<script type=\"application\/ld+json\" class=\"yoast-schema-graph\">{\"@context\":\"https:\/\/schema.org\",\"@graph\":[{\"@type\":\"Article\",\"@id\":\"https:\/\/www.africa-press.net\/madagascar\/politique\/rajoelina-prete-serment-pour-son-2e-mandat#article\",\"isPartOf\":{\"@id\":\"https:\/\/www.africa-press.net\/madagascar\/politique\/rajoelina-prete-serment-pour-son-2e-mandat\"},\"author\":{\"name\":\"cfeditorfr\",\"@id\":\"https:\/\/www.africa-press.net\/madagascar\/#\/schema\/person\/2b1cf3cd81a31e3cd26889ca66d677f1\"},\"headline\":\"Rajoelina pr\u00eate serment pour son 2e mandat\",\"datePublished\":\"2023-12-18T13:03:48+00:00\",\"dateModified\":\"2023-12-18T19:09:56+00:00\",\"mainEntityOfPage\":{\"@id\":\"https:\/\/www.africa-press.net\/madagascar\/politique\/rajoelina-prete-serment-pour-son-2e-mandat\"},\"wordCount\":663,\"commentCount\":0,\"image\":{\"@id\":\"https:\/\/www.africa-press.net\/madagascar\/politique\/rajoelina-prete-serment-pour-son-2e-mandat#primaryimage\"},\"thumbnailUrl\":\"https:\/\/static.africa-press.net\/madagascar\/sites\/56\/2023\/12\/sm_1702893117.306161.jpg\",\"keywords\":[\"Africa Press\",\"Africa Press-Madagascar\",\"Madagascar\"],\"articleSection\":[\"Politique\",\"Top Nouvelles\",\"Toutes les actualit\u00e9s\"],\"inLanguage\":\"fr-FR\",\"potentialAction\":[{\"@type\":\"CommentAction\",\"name\":\"Comment\",\"target\":[\"https:\/\/www.africa-press.net\/madagascar\/politique\/rajoelina-prete-serment-pour-son-2e-mandat#respond\"]}]},{\"@type\":\"WebPage\",\"@id\":\"https:\/\/www.africa-press.net\/madagascar\/politique\/rajoelina-prete-serment-pour-son-2e-mandat\",\"url\":\"https:\/\/www.africa-press.net\/madagascar\/politique\/rajoelina-prete-serment-pour-son-2e-mandat\",\"name\":\"Rajoelina pr\u00eate serment pour son 2e mandat - Madagascar\",\"isPartOf\":{\"@id\":\"https:\/\/www.africa-press.net\/madagascar\/#website\"},\"primaryImageOfPage\":{\"@id\":\"https:\/\/www.africa-press.net\/madagascar\/politique\/rajoelina-prete-serment-pour-son-2e-mandat#primaryimage\"},\"image\":{\"@id\":\"https:\/\/www.africa-press.net\/madagascar\/politique\/rajoelina-prete-serment-pour-son-2e-mandat#primaryimage\"},\"thumbnailUrl\":\"https:\/\/static.africa-press.net\/madagascar\/sites\/56\/2023\/12\/sm_1702893117.306161.jpg\",\"datePublished\":\"2023-12-18T13:03:48+00:00\",\"dateModified\":\"2023-12-18T19:09:56+00:00\",\"author\":{\"@id\":\"https:\/\/www.africa-press.net\/madagascar\/#\/schema\/person\/2b1cf3cd81a31e3cd26889ca66d677f1\"},\"description\":\"Le pre\u0301sident malgache Andry Rajoelina, 49 ans, a e\u0301te\u0301 investi samedi pour un second mandat apre\u0300s sa re\u0301e\u0301lection au p ...\",\"breadcrumb\":{\"@id\":\"https:\/\/www.africa-press.net\/madagascar\/politique\/rajoelina-prete-serment-pour-son-2e-mandat#breadcrumb\"},\"inLanguage\":\"fr-FR\",\"potentialAction\":[{\"@type\":\"ReadAction\",\"target\":[\"https:\/\/www.africa-press.net\/madagascar\/politique\/rajoelina-prete-serment-pour-son-2e-mandat\"]}]},{\"@type\":\"ImageObject\",\"inLanguage\":\"fr-FR\",\"@id\":\"https:\/\/www.africa-press.net\/madagascar\/politique\/rajoelina-prete-serment-pour-son-2e-mandat#primaryimage\",\"url\":\"https:\/\/static.africa-press.net\/madagascar\/sites\/56\/2023\/12\/sm_1702893117.306161.jpg\",\"contentUrl\":\"https:\/\/static.africa-press.net\/madagascar\/sites\/56\/2023\/12\/sm_1702893117.306161.jpg\",\"width\":1178,\"height\":635,\"caption\":\"Rajoelina pr\u00eate serment pour son 2e mandat\"},{\"@type\":\"BreadcrumbList\",\"@id\":\"https:\/\/www.africa-press.net\/madagascar\/politique\/rajoelina-prete-serment-pour-son-2e-mandat#breadcrumb\",\"itemListElement\":[{\"@type\":\"ListItem\",\"position\":1,\"name\":\"Accueil\",\"item\":\"https:\/\/www.africa-press.net\/madagascar\/\"},{\"@type\":\"ListItem\",\"position\":2,\"name\":\"Rajoelina pr\u00eate serment pour son 2e mandat\"}]},{\"@type\":\"WebSite\",\"@id\":\"https:\/\/www.africa-press.net\/madagascar\/#website\",\"url\":\"https:\/\/www.africa-press.net\/madagascar\/\",\"name\":\"Madagascar\",\"description\":\"Just another Africa News Agency Sites site\",\"potentialAction\":[{\"@type\":\"SearchAction\",\"target\":{\"@type\":\"EntryPoint\",\"urlTemplate\":\"https:\/\/www.africa-press.net\/madagascar\/?s={search_term_string}\"},\"query-input\":{\"@type\":\"PropertyValueSpecification\",\"valueRequired\":true,\"valueName\":\"search_term_string\"}}],\"inLanguage\":\"fr-FR\"},{\"@type\":\"Person\",\"@id\":\"https:\/\/www.africa-press.net\/madagascar\/#\/schema\/person\/2b1cf3cd81a31e3cd26889ca66d677f1\",\"name\":\"cfeditorfr\"}]}<\/script>\n<!-- \/ Yoast SEO Premium plugin. -->","yoast_head_json":{"title":"Rajoelina pr\u00eate serment pour son 2e mandat - Madagascar","description":"Le pre\u0301sident malgache Andry Rajoelina, 49 ans, a e\u0301te\u0301 investi samedi pour un second mandat apre\u0300s sa re\u0301e\u0301lection au p ...","robots":{"index":"index","follow":"follow","max-snippet":"max-snippet:-1","max-image-preview":"max-image-preview:large","max-video-preview":"max-video-preview:-1"},"canonical":"https:\/\/www.africa-press.net\/madagascar\/politique\/rajoelina-prete-serment-pour-son-2e-mandat","og_locale":"fr_FR","og_type":"article","og_title":"Rajoelina pr\u00eate serment pour son 2e mandat","og_description":"Le pre\u0301sident malgache Andry Rajoelina, 49 ans, a e\u0301te\u0301 investi samedi pour un second mandat apre\u0300s sa re\u0301e\u0301lection au p ...","og_url":"https:\/\/www.africa-press.net\/madagascar\/politique\/rajoelina-prete-serment-pour-son-2e-mandat","og_site_name":"Madagascar","article_published_time":"2023-12-18T13:03:48+00:00","article_modified_time":"2023-12-18T19:09:56+00:00","og_image":[{"width":1178,"height":635,"url":"https:\/\/static.africa-press.net\/madagascar\/sites\/56\/2023\/12\/sm_1702893117.306161.jpg","type":"image\/jpeg"}],"author":"cfeditorfr","twitter_card":"summary_large_image","twitter_misc":{"\u00c9crit par":"cfeditorfr","Dur\u00e9e de lecture estim\u00e9e":"3 minutes"},"schema":{"@context":"https:\/\/schema.org","@graph":[{"@type":"Article","@id":"https:\/\/www.africa-press.net\/madagascar\/politique\/rajoelina-prete-serment-pour-son-2e-mandat#article","isPartOf":{"@id":"https:\/\/www.africa-press.net\/madagascar\/politique\/rajoelina-prete-serment-pour-son-2e-mandat"},"author":{"name":"cfeditorfr","@id":"https:\/\/www.africa-press.net\/madagascar\/#\/schema\/person\/2b1cf3cd81a31e3cd26889ca66d677f1"},"headline":"Rajoelina pr\u00eate serment pour son 2e mandat","datePublished":"2023-12-18T13:03:48+00:00","dateModified":"2023-12-18T19:09:56+00:00","mainEntityOfPage":{"@id":"https:\/\/www.africa-press.net\/madagascar\/politique\/rajoelina-prete-serment-pour-son-2e-mandat"},"wordCount":663,"commentCount":0,"image":{"@id":"https:\/\/www.africa-press.net\/madagascar\/politique\/rajoelina-prete-serment-pour-son-2e-mandat#primaryimage"},"thumbnailUrl":"https:\/\/static.africa-press.net\/madagascar\/sites\/56\/2023\/12\/sm_1702893117.306161.jpg","keywords":["Africa Press","Africa Press-Madagascar","Madagascar"],"articleSection":["Politique","Top Nouvelles","Toutes les actualit\u00e9s"],"inLanguage":"fr-FR","potentialAction":[{"@type":"CommentAction","name":"Comment","target":["https:\/\/www.africa-press.net\/madagascar\/politique\/rajoelina-prete-serment-pour-son-2e-mandat#respond"]}]},{"@type":"WebPage","@id":"https:\/\/www.africa-press.net\/madagascar\/politique\/rajoelina-prete-serment-pour-son-2e-mandat","url":"https:\/\/www.africa-press.net\/madagascar\/politique\/rajoelina-prete-serment-pour-son-2e-mandat","name":"Rajoelina pr\u00eate serment pour son 2e mandat - Madagascar","isPartOf":{"@id":"https:\/\/www.africa-press.net\/madagascar\/#website"},"primaryImageOfPage":{"@id":"https:\/\/www.africa-press.net\/madagascar\/politique\/rajoelina-prete-serment-pour-son-2e-mandat#primaryimage"},"image":{"@id":"https:\/\/www.africa-press.net\/madagascar\/politique\/rajoelina-prete-serment-pour-son-2e-mandat#primaryimage"},"thumbnailUrl":"https:\/\/static.africa-press.net\/madagascar\/sites\/56\/2023\/12\/sm_1702893117.306161.jpg","datePublished":"2023-12-18T13:03:48+00:00","dateModified":"2023-12-18T19:09:56+00:00","author":{"@id":"https:\/\/www.africa-press.net\/madagascar\/#\/schema\/person\/2b1cf3cd81a31e3cd26889ca66d677f1"},"description":"Le pre\u0301sident malgache Andry Rajoelina, 49 ans, a e\u0301te\u0301 investi samedi pour un second mandat apre\u0300s sa re\u0301e\u0301lection au p ...","breadcrumb":{"@id":"https:\/\/www.africa-press.net\/madagascar\/politique\/rajoelina-prete-serment-pour-son-2e-mandat#breadcrumb"},"inLanguage":"fr-FR","potentialAction":[{"@type":"ReadAction","target":["https:\/\/www.africa-press.net\/madagascar\/politique\/rajoelina-prete-serment-pour-son-2e-mandat"]}]},{"@type":"ImageObject","inLanguage":"fr-FR","@id":"https:\/\/www.africa-press.net\/madagascar\/politique\/rajoelina-prete-serment-pour-son-2e-mandat#primaryimage","url":"https:\/\/static.africa-press.net\/madagascar\/sites\/56\/2023\/12\/sm_1702893117.306161.jpg","contentUrl":"https:\/\/static.africa-press.net\/madagascar\/sites\/56\/2023\/12\/sm_1702893117.306161.jpg","width":1178,"height":635,"caption":"Rajoelina pr\u00eate serment pour son 2e mandat"},{"@type":"BreadcrumbList","@id":"https:\/\/www.africa-press.net\/madagascar\/politique\/rajoelina-prete-serment-pour-son-2e-mandat#breadcrumb","itemListElement":[{"@type":"ListItem","position":1,"name":"Accueil","item":"https:\/\/www.africa-press.net\/madagascar\/"},{"@type":"ListItem","position":2,"name":"Rajoelina pr\u00eate serment pour son 2e mandat"}]},{"@type":"WebSite","@id":"https:\/\/www.africa-press.net\/madagascar\/#website","url":"https:\/\/www.africa-press.net\/madagascar\/","name":"Madagascar","description":"Just another Africa News Agency Sites site","potentialAction":[{"@type":"SearchAction","target":{"@type":"EntryPoint","urlTemplate":"https:\/\/www.africa-press.net\/madagascar\/?s={search_term_string}"},"query-input":{"@type":"PropertyValueSpecification","valueRequired":true,"valueName":"search_term_string"}}],"inLanguage":"fr-FR"},{"@type":"Person","@id":"https:\/\/www.africa-press.net\/madagascar\/#\/schema\/person\/2b1cf3cd81a31e3cd26889ca66d677f1","name":"cfeditorfr"}]}},"_links":{"self":[{"href":"https:\/\/www.africa-press.net\/madagascar\/wp-json\/wp\/v2\/posts\/22921","targetHints":{"allow":["GET"]}}],"collection":[{"href":"https:\/\/www.africa-press.net\/madagascar\/wp-json\/wp\/v2\/posts"}],"about":[{"href":"https:\/\/www.africa-press.net\/madagascar\/wp-json\/wp\/v2\/types\/post"}],"author":[{"embeddable":true,"href":"https:\/\/www.africa-press.net\/madagascar\/wp-json\/wp\/v2\/users\/82"}],"replies":[{"embeddable":true,"href":"https:\/\/www.africa-press.net\/madagascar\/wp-json\/wp\/v2\/comments?post=22921"}],"version-history":[{"count":0,"href":"https:\/\/www.africa-press.net\/madagascar\/wp-json\/wp\/v2\/posts\/22921\/revisions"}],"wp:featuredmedia":[{"embeddable":true,"href":"https:\/\/www.africa-press.net\/madagascar\/wp-json\/wp\/v2\/media\/22920"}],"wp:attachment":[{"href":"https:\/\/www.africa-press.net\/madagascar\/wp-json\/wp\/v2\/media?parent=22921"}],"wp:term":[{"taxonomy":"category","embeddable":true,"href":"https:\/\/www.africa-press.net\/madagascar\/wp-json\/wp\/v2\/categories?post=22921"},{"taxonomy":"post_tag","embeddable":true,"href":"https:\/\/www.africa-press.net\/madagascar\/wp-json\/wp\/v2\/tags?post=22921"}],"curies":[{"name":"wp","href":"https:\/\/api.w.org\/{rel}","templated":true}]}}