{"id":22959,"date":"2023-12-19T21:17:52","date_gmt":"2023-12-19T21:17:52","guid":{"rendered":"https:\/\/www.africa-press.net\/madagascar\/politique\/investiture-les-diplomates-acteurs-de-lombre"},"modified":"2023-12-19T22:50:45","modified_gmt":"2023-12-19T22:50:45","slug":"investiture-les-diplomates-acteurs-de-lombre","status":"publish","type":"post","link":"https:\/\/www.africa-press.net\/madagascar\/politique\/investiture-les-diplomates-acteurs-de-lombre","title":{"rendered":"INVESTITURE &#8211; Les diplomates, acteurs de l\u2019ombre"},"content":{"rendered":"<p><span style=\"color: #ff6600\"><strong>Africa-Press &#8211; Madagascar. <\/strong><\/span>Mobilisation ge\u0301ne\u0301rale. Telle a e\u0301te\u0301 le mot d\u2019ordre au sein du ministe\u0300re des Affaires e\u0301trange\u0300res, pour la ce\u0301re\u0301monie d\u2019investiture de Andry Rajoelina, pre\u0301sident de la Re\u0301publique. Durant ce branle-bas de combat, les diplomates ont fait partie des acteurs de l\u2019ombre.<\/p>\n<p>Le clairon a sonne\u0301 de\u0300s le lendemain de la proclamation des re\u0301sultats de\u0301finitifs de la course a\u0300 la magistrature supre\u0302me. Il fallait envoyer les invitations. Ensuite, effectuer les de\u0301marches ne\u0301cessaires pour que le maximum d\u2019invite\u0301s re\u0301ponde pre\u0301sent. Pre\u0301parer l\u2019arrive\u0301e des dignitaires e\u0301trangers qui allaient e\u0302tre pre\u0301sents durant la ce\u0301re\u0301monie d\u2019investiture. Chaque invite\u0301 de marque e\u0301tait accompagne\u0301 d\u2019une de\u0301le\u0301gation plus ou moins conse\u0301quente. Pour l\u2019Angola, par exemple, son Pre\u0301sident a e\u0301te\u0301 accompagne\u0301 de plus de cinquante personnes.<\/p>\n<p>De\u0300s leur arrive\u0301e a\u0300 Madagascar et jusqu\u2019a\u0300 leur de\u0301part, il fallait s\u2019assurer que chaque VIP et sa suite se jouissent du confort ne\u0301cessaire. Pour que leur passage a\u0300 Madagascar se passe sans accrocs. Dans cette optique, cinquante agents de liaison ont e\u0301te\u0301 mobilise\u0301s jour et nuit. \u201c Ce sont des agents affecte\u0301s par le ministe\u0300re des Affaires e\u0301trange\u0300res dans le pays \u201d, explique un responsable du sie\u0300ge de la diplomatie malgache.<\/p>\n<p><strong>Pour plus d&rsquo;informations et d&rsquo;analyses sur la <a href=\"https:\/\/www.africa-press.net\/madagascar\">Madagascar<\/a>, suivez <a href=\"https:\/\/www.africa-press.net\/\">Africa-Press<\/a><\/strong><\/p>\n","protected":false},"excerpt":{"rendered":"<p>Africa-Press &#8211; Madagascar. Mobilisation ge\u0301ne\u0301rale. Telle a e\u0301te\u0301 le mot d\u2019ordre au sein du ministe\u0300re des Affaires e\u0301trange\u0300res, pour la ce\u0301re\u0301monie d\u2019investiture de Andry Rajoelina, pre\u0301sident de la Re\u0301publique. Durant ce branle-bas de combat, les diplomates ont fait partie des acteurs de l\u2019ombre. Le clairon a sonne\u0301 de\u0300s le lendemain de la proclamation des re\u0301sultats [&hellip;]<\/p>\n","protected":false},"author":82,"featured_media":22958,"comment_status":"open","ping_status":"closed","sticky":false,"template":"","format":"standard","meta":{"footnotes":""},"categories":[2,20,10],"tags":[36,50,49],"class_list":["post-22959","post","type-post","status-publish","format-standard","has-post-thumbnail","hentry","category-politique","category-top-nouvelles","category-toutes-les-actualites","tag-africa-press","tag-africa-press-madagascar","tag-madagascar"],"yoast_head":"<!-- This site is optimized with the Yoast SEO Premium plugin v26.1 (Yoast SEO v27.0) - https:\/\/yoast.com\/product\/yoast-seo-premium-wordpress\/ -->\n<title>INVESTITURE - Les diplomates, acteurs de l\u2019ombre - Madagascar<\/title>\n<meta name=\"description\" content=\"Mobilisation ge\u0301ne\u0301rale. Telle a e\u0301te\u0301 le mot d\u2019ordre au sein du ministe\u0300re des Affaires e\u0301trange\u0300res, pour la ce\u0301re\u0301mon ...\" \/>\n<meta name=\"robots\" content=\"index, follow, max-snippet:-1, max-image-preview:large, max-video-preview:-1\" \/>\n<link rel=\"canonical\" href=\"https:\/\/www.africa-press.net\/madagascar\/politique\/investiture-les-diplomates-acteurs-de-lombre\" \/>\n<meta property=\"og:locale\" content=\"fr_FR\" \/>\n<meta property=\"og:type\" content=\"article\" \/>\n<meta property=\"og:title\" content=\"INVESTITURE - Les diplomates, acteurs de l\u2019ombre\" \/>\n<meta property=\"og:description\" content=\"Mobilisation ge\u0301ne\u0301rale. Telle a e\u0301te\u0301 le mot d\u2019ordre au sein du ministe\u0300re des Affaires e\u0301trange\u0300res, pour la ce\u0301re\u0301mon ...\" \/>\n<meta property=\"og:url\" content=\"https:\/\/www.africa-press.net\/madagascar\/politique\/investiture-les-diplomates-acteurs-de-lombre\" \/>\n<meta property=\"og:site_name\" content=\"Madagascar\" \/>\n<meta property=\"article:published_time\" content=\"2023-12-19T21:17:52+00:00\" \/>\n<meta property=\"article:modified_time\" content=\"2023-12-19T22:50:45+00:00\" \/>\n<meta property=\"og:image\" content=\"https:\/\/static.africa-press.net\/madagascar\/sites\/56\/2023\/12\/sm_1703009895.608913.jpg\" \/>\n\t<meta property=\"og:image:width\" content=\"1007\" \/>\n\t<meta property=\"og:image:height\" content=\"632\" \/>\n\t<meta property=\"og:image:type\" content=\"image\/jpeg\" \/>\n<meta name=\"author\" content=\"cfeditorfr\" \/>\n<meta name=\"twitter:card\" content=\"summary_large_image\" \/>\n<meta name=\"twitter:label1\" content=\"\u00c9crit par\" \/>\n\t<meta name=\"twitter:data1\" content=\"cfeditorfr\" \/>\n\t<meta name=\"twitter:label2\" content=\"Dur\u00e9e de lecture estim\u00e9e\" \/>\n\t<meta name=\"twitter:data2\" content=\"2 minutes\" \/>\n<script type=\"application\/ld+json\" class=\"yoast-schema-graph\">{\"@context\":\"https:\/\/schema.org\",\"@graph\":[{\"@type\":\"Article\",\"@id\":\"https:\/\/www.africa-press.net\/madagascar\/politique\/investiture-les-diplomates-acteurs-de-lombre#article\",\"isPartOf\":{\"@id\":\"https:\/\/www.africa-press.net\/madagascar\/politique\/investiture-les-diplomates-acteurs-de-lombre\"},\"author\":{\"name\":\"cfeditorfr\",\"@id\":\"https:\/\/www.africa-press.net\/madagascar\/#\/schema\/person\/2b1cf3cd81a31e3cd26889ca66d677f1\"},\"headline\":\"INVESTITURE &#8211; Les diplomates, acteurs de l\u2019ombre\",\"datePublished\":\"2023-12-19T21:17:52+00:00\",\"dateModified\":\"2023-12-19T22:50:45+00:00\",\"mainEntityOfPage\":{\"@id\":\"https:\/\/www.africa-press.net\/madagascar\/politique\/investiture-les-diplomates-acteurs-de-lombre\"},\"wordCount\":261,\"commentCount\":0,\"image\":{\"@id\":\"https:\/\/www.africa-press.net\/madagascar\/politique\/investiture-les-diplomates-acteurs-de-lombre#primaryimage\"},\"thumbnailUrl\":\"https:\/\/static.africa-press.net\/madagascar\/sites\/56\/2023\/12\/sm_1703009895.608913.jpg\",\"keywords\":[\"Africa Press\",\"Africa Press-Madagascar\",\"Madagascar\"],\"articleSection\":[\"Politique\",\"Top Nouvelles\",\"Toutes les actualit\u00e9s\"],\"inLanguage\":\"fr-FR\",\"potentialAction\":[{\"@type\":\"CommentAction\",\"name\":\"Comment\",\"target\":[\"https:\/\/www.africa-press.net\/madagascar\/politique\/investiture-les-diplomates-acteurs-de-lombre#respond\"]}]},{\"@type\":\"WebPage\",\"@id\":\"https:\/\/www.africa-press.net\/madagascar\/politique\/investiture-les-diplomates-acteurs-de-lombre\",\"url\":\"https:\/\/www.africa-press.net\/madagascar\/politique\/investiture-les-diplomates-acteurs-de-lombre\",\"name\":\"INVESTITURE - Les diplomates, acteurs de l\u2019ombre - Madagascar\",\"isPartOf\":{\"@id\":\"https:\/\/www.africa-press.net\/madagascar\/#website\"},\"primaryImageOfPage\":{\"@id\":\"https:\/\/www.africa-press.net\/madagascar\/politique\/investiture-les-diplomates-acteurs-de-lombre#primaryimage\"},\"image\":{\"@id\":\"https:\/\/www.africa-press.net\/madagascar\/politique\/investiture-les-diplomates-acteurs-de-lombre#primaryimage\"},\"thumbnailUrl\":\"https:\/\/static.africa-press.net\/madagascar\/sites\/56\/2023\/12\/sm_1703009895.608913.jpg\",\"datePublished\":\"2023-12-19T21:17:52+00:00\",\"dateModified\":\"2023-12-19T22:50:45+00:00\",\"author\":{\"@id\":\"https:\/\/www.africa-press.net\/madagascar\/#\/schema\/person\/2b1cf3cd81a31e3cd26889ca66d677f1\"},\"description\":\"Mobilisation ge\u0301ne\u0301rale. Telle a e\u0301te\u0301 le mot d\u2019ordre au sein du ministe\u0300re des Affaires e\u0301trange\u0300res, pour la ce\u0301re\u0301mon ...\",\"breadcrumb\":{\"@id\":\"https:\/\/www.africa-press.net\/madagascar\/politique\/investiture-les-diplomates-acteurs-de-lombre#breadcrumb\"},\"inLanguage\":\"fr-FR\",\"potentialAction\":[{\"@type\":\"ReadAction\",\"target\":[\"https:\/\/www.africa-press.net\/madagascar\/politique\/investiture-les-diplomates-acteurs-de-lombre\"]}]},{\"@type\":\"ImageObject\",\"inLanguage\":\"fr-FR\",\"@id\":\"https:\/\/www.africa-press.net\/madagascar\/politique\/investiture-les-diplomates-acteurs-de-lombre#primaryimage\",\"url\":\"https:\/\/static.africa-press.net\/madagascar\/sites\/56\/2023\/12\/sm_1703009895.608913.jpg\",\"contentUrl\":\"https:\/\/static.africa-press.net\/madagascar\/sites\/56\/2023\/12\/sm_1703009895.608913.jpg\",\"width\":1007,\"height\":632,\"caption\":\"INVESTITURE - Les diplomates, acteurs de l\u2019ombre\"},{\"@type\":\"BreadcrumbList\",\"@id\":\"https:\/\/www.africa-press.net\/madagascar\/politique\/investiture-les-diplomates-acteurs-de-lombre#breadcrumb\",\"itemListElement\":[{\"@type\":\"ListItem\",\"position\":1,\"name\":\"Accueil\",\"item\":\"https:\/\/www.africa-press.net\/madagascar\/\"},{\"@type\":\"ListItem\",\"position\":2,\"name\":\"INVESTITURE &#8211; Les diplomates, acteurs de l\u2019ombre\"}]},{\"@type\":\"WebSite\",\"@id\":\"https:\/\/www.africa-press.net\/madagascar\/#website\",\"url\":\"https:\/\/www.africa-press.net\/madagascar\/\",\"name\":\"Madagascar\",\"description\":\"Just another Africa News Agency Sites site\",\"potentialAction\":[{\"@type\":\"SearchAction\",\"target\":{\"@type\":\"EntryPoint\",\"urlTemplate\":\"https:\/\/www.africa-press.net\/madagascar\/?s={search_term_string}\"},\"query-input\":{\"@type\":\"PropertyValueSpecification\",\"valueRequired\":true,\"valueName\":\"search_term_string\"}}],\"inLanguage\":\"fr-FR\"},{\"@type\":\"Person\",\"@id\":\"https:\/\/www.africa-press.net\/madagascar\/#\/schema\/person\/2b1cf3cd81a31e3cd26889ca66d677f1\",\"name\":\"cfeditorfr\"}]}<\/script>\n<!-- \/ Yoast SEO Premium plugin. -->","yoast_head_json":{"title":"INVESTITURE - Les diplomates, acteurs de l\u2019ombre - Madagascar","description":"Mobilisation ge\u0301ne\u0301rale. Telle a e\u0301te\u0301 le mot d\u2019ordre au sein du ministe\u0300re des Affaires e\u0301trange\u0300res, pour la ce\u0301re\u0301mon ...","robots":{"index":"index","follow":"follow","max-snippet":"max-snippet:-1","max-image-preview":"max-image-preview:large","max-video-preview":"max-video-preview:-1"},"canonical":"https:\/\/www.africa-press.net\/madagascar\/politique\/investiture-les-diplomates-acteurs-de-lombre","og_locale":"fr_FR","og_type":"article","og_title":"INVESTITURE - Les diplomates, acteurs de l\u2019ombre","og_description":"Mobilisation ge\u0301ne\u0301rale. Telle a e\u0301te\u0301 le mot d\u2019ordre au sein du ministe\u0300re des Affaires e\u0301trange\u0300res, pour la ce\u0301re\u0301mon ...","og_url":"https:\/\/www.africa-press.net\/madagascar\/politique\/investiture-les-diplomates-acteurs-de-lombre","og_site_name":"Madagascar","article_published_time":"2023-12-19T21:17:52+00:00","article_modified_time":"2023-12-19T22:50:45+00:00","og_image":[{"width":1007,"height":632,"url":"https:\/\/static.africa-press.net\/madagascar\/sites\/56\/2023\/12\/sm_1703009895.608913.jpg","type":"image\/jpeg"}],"author":"cfeditorfr","twitter_card":"summary_large_image","twitter_misc":{"\u00c9crit par":"cfeditorfr","Dur\u00e9e de lecture estim\u00e9e":"2 minutes"},"schema":{"@context":"https:\/\/schema.org","@graph":[{"@type":"Article","@id":"https:\/\/www.africa-press.net\/madagascar\/politique\/investiture-les-diplomates-acteurs-de-lombre#article","isPartOf":{"@id":"https:\/\/www.africa-press.net\/madagascar\/politique\/investiture-les-diplomates-acteurs-de-lombre"},"author":{"name":"cfeditorfr","@id":"https:\/\/www.africa-press.net\/madagascar\/#\/schema\/person\/2b1cf3cd81a31e3cd26889ca66d677f1"},"headline":"INVESTITURE &#8211; Les diplomates, acteurs de l\u2019ombre","datePublished":"2023-12-19T21:17:52+00:00","dateModified":"2023-12-19T22:50:45+00:00","mainEntityOfPage":{"@id":"https:\/\/www.africa-press.net\/madagascar\/politique\/investiture-les-diplomates-acteurs-de-lombre"},"wordCount":261,"commentCount":0,"image":{"@id":"https:\/\/www.africa-press.net\/madagascar\/politique\/investiture-les-diplomates-acteurs-de-lombre#primaryimage"},"thumbnailUrl":"https:\/\/static.africa-press.net\/madagascar\/sites\/56\/2023\/12\/sm_1703009895.608913.jpg","keywords":["Africa Press","Africa Press-Madagascar","Madagascar"],"articleSection":["Politique","Top Nouvelles","Toutes les actualit\u00e9s"],"inLanguage":"fr-FR","potentialAction":[{"@type":"CommentAction","name":"Comment","target":["https:\/\/www.africa-press.net\/madagascar\/politique\/investiture-les-diplomates-acteurs-de-lombre#respond"]}]},{"@type":"WebPage","@id":"https:\/\/www.africa-press.net\/madagascar\/politique\/investiture-les-diplomates-acteurs-de-lombre","url":"https:\/\/www.africa-press.net\/madagascar\/politique\/investiture-les-diplomates-acteurs-de-lombre","name":"INVESTITURE - Les diplomates, acteurs de l\u2019ombre - Madagascar","isPartOf":{"@id":"https:\/\/www.africa-press.net\/madagascar\/#website"},"primaryImageOfPage":{"@id":"https:\/\/www.africa-press.net\/madagascar\/politique\/investiture-les-diplomates-acteurs-de-lombre#primaryimage"},"image":{"@id":"https:\/\/www.africa-press.net\/madagascar\/politique\/investiture-les-diplomates-acteurs-de-lombre#primaryimage"},"thumbnailUrl":"https:\/\/static.africa-press.net\/madagascar\/sites\/56\/2023\/12\/sm_1703009895.608913.jpg","datePublished":"2023-12-19T21:17:52+00:00","dateModified":"2023-12-19T22:50:45+00:00","author":{"@id":"https:\/\/www.africa-press.net\/madagascar\/#\/schema\/person\/2b1cf3cd81a31e3cd26889ca66d677f1"},"description":"Mobilisation ge\u0301ne\u0301rale. Telle a e\u0301te\u0301 le mot d\u2019ordre au sein du ministe\u0300re des Affaires e\u0301trange\u0300res, pour la ce\u0301re\u0301mon ...","breadcrumb":{"@id":"https:\/\/www.africa-press.net\/madagascar\/politique\/investiture-les-diplomates-acteurs-de-lombre#breadcrumb"},"inLanguage":"fr-FR","potentialAction":[{"@type":"ReadAction","target":["https:\/\/www.africa-press.net\/madagascar\/politique\/investiture-les-diplomates-acteurs-de-lombre"]}]},{"@type":"ImageObject","inLanguage":"fr-FR","@id":"https:\/\/www.africa-press.net\/madagascar\/politique\/investiture-les-diplomates-acteurs-de-lombre#primaryimage","url":"https:\/\/static.africa-press.net\/madagascar\/sites\/56\/2023\/12\/sm_1703009895.608913.jpg","contentUrl":"https:\/\/static.africa-press.net\/madagascar\/sites\/56\/2023\/12\/sm_1703009895.608913.jpg","width":1007,"height":632,"caption":"INVESTITURE - Les diplomates, acteurs de l\u2019ombre"},{"@type":"BreadcrumbList","@id":"https:\/\/www.africa-press.net\/madagascar\/politique\/investiture-les-diplomates-acteurs-de-lombre#breadcrumb","itemListElement":[{"@type":"ListItem","position":1,"name":"Accueil","item":"https:\/\/www.africa-press.net\/madagascar\/"},{"@type":"ListItem","position":2,"name":"INVESTITURE &#8211; Les diplomates, acteurs de l\u2019ombre"}]},{"@type":"WebSite","@id":"https:\/\/www.africa-press.net\/madagascar\/#website","url":"https:\/\/www.africa-press.net\/madagascar\/","name":"Madagascar","description":"Just another Africa News Agency Sites site","potentialAction":[{"@type":"SearchAction","target":{"@type":"EntryPoint","urlTemplate":"https:\/\/www.africa-press.net\/madagascar\/?s={search_term_string}"},"query-input":{"@type":"PropertyValueSpecification","valueRequired":true,"valueName":"search_term_string"}}],"inLanguage":"fr-FR"},{"@type":"Person","@id":"https:\/\/www.africa-press.net\/madagascar\/#\/schema\/person\/2b1cf3cd81a31e3cd26889ca66d677f1","name":"cfeditorfr"}]}},"_links":{"self":[{"href":"https:\/\/www.africa-press.net\/madagascar\/wp-json\/wp\/v2\/posts\/22959","targetHints":{"allow":["GET"]}}],"collection":[{"href":"https:\/\/www.africa-press.net\/madagascar\/wp-json\/wp\/v2\/posts"}],"about":[{"href":"https:\/\/www.africa-press.net\/madagascar\/wp-json\/wp\/v2\/types\/post"}],"author":[{"embeddable":true,"href":"https:\/\/www.africa-press.net\/madagascar\/wp-json\/wp\/v2\/users\/82"}],"replies":[{"embeddable":true,"href":"https:\/\/www.africa-press.net\/madagascar\/wp-json\/wp\/v2\/comments?post=22959"}],"version-history":[{"count":0,"href":"https:\/\/www.africa-press.net\/madagascar\/wp-json\/wp\/v2\/posts\/22959\/revisions"}],"wp:featuredmedia":[{"embeddable":true,"href":"https:\/\/www.africa-press.net\/madagascar\/wp-json\/wp\/v2\/media\/22958"}],"wp:attachment":[{"href":"https:\/\/www.africa-press.net\/madagascar\/wp-json\/wp\/v2\/media?parent=22959"}],"wp:term":[{"taxonomy":"category","embeddable":true,"href":"https:\/\/www.africa-press.net\/madagascar\/wp-json\/wp\/v2\/categories?post=22959"},{"taxonomy":"post_tag","embeddable":true,"href":"https:\/\/www.africa-press.net\/madagascar\/wp-json\/wp\/v2\/tags?post=22959"}],"curies":[{"name":"wp","href":"https:\/\/api.w.org\/{rel}","templated":true}]}}