{"id":22961,"date":"2023-12-19T21:22:40","date_gmt":"2023-12-19T21:22:40","guid":{"rendered":"https:\/\/www.africa-press.net\/madagascar\/politique\/josoa-rakotoarijaona-nous-ne-sommes-pas-des-forces-de-repression"},"modified":"2023-12-19T22:51:24","modified_gmt":"2023-12-19T22:51:24","slug":"josoa-rakotoarijaona-nous-ne-sommes-pas-des-forces-de-repression","status":"publish","type":"post","link":"https:\/\/www.africa-press.net\/madagascar\/politique\/josoa-rakotoarijaona-nous-ne-sommes-pas-des-forces-de-repression","title":{"rendered":"JOSOA RAKOTOARIJAONA &#8211; \u201c Nous ne sommes pas des forces de r\u00e9pression \u201d"},"content":{"rendered":"<p><span style=\"color: #ff6600\"><strong>Africa-Press &#8211; Madagascar. <\/strong><\/span>Unite\u0301 et solidarite\u0301. C\u2019est ce que les trois corps au sein des Forces de de\u0301fense et de se\u0301curite\u0301 (FDS) ont voulu de\u0301montrer durant une ce\u0301re\u0301monie de leve\u0301e du drapeau national, hier, au ministe\u0300re de la De\u0301fense nationale, a\u0300 Ampahibe.<\/p>\n<p>\u201c L\u2019objectif est de raffermir notre cohe\u0301sion et notre fraternite\u0301 apre\u0300s la pe\u0301riode a\u0302pre que nous avons traverse\u0301e \u201d, a de\u0301clare\u0301 le ge\u0301ne\u0301ral Josoa Rakotoarijaona, ministre de la De\u0301fense nationale, avec a\u0300 ses co\u0302te\u0301s l\u2019inspecteur ge\u0301ne\u0301ral de police Fanomezantsoa Randrianarisoa, ministre de la Se\u0301curite\u0301 publique, et le ge\u0301ne\u0301ral Serge Gelle\u0301, secre\u0301taire d\u2019E\u0301tat a\u0300 la gendarmerie nationale. L\u2019ensemble du commandement des FDS e\u0301tait pre\u0301sent a\u0300 Ampahibe, pour l\u2019occasion.<\/p>\n<p>Sans le dire directement, le membre du gouvernement se re\u0301fe\u0301rait ici a\u0300 la pe\u0301riode e\u0301lectorale durant laquelle les FDS avaient e\u0301te\u0301 fortement sollicite\u0301es. L\u2019e\u0301ve\u0301nement d\u2019hier a aussi e\u0301te\u0301 l\u2019occasion pour le ministre de la De\u0301fense nationale de re\u0301pondre aux de\u0301tracteurs des FDS. \u201c Il n\u2019y a pas de forces de re\u0301pression, contrairement a\u0300 ce qu\u2019affirment certains \u201d, a\u2013t-il souligne\u0301. A\u0300 demi-mot, le ge\u0301ne\u0301ral Rakotoarijaona a laisse\u0301 entendre que ceux qui s\u2019estiment e\u0302tre en de\u0301licatesse avec les forces de l\u2019ordre \u201c devraient aussi re\u0301fle\u0301chir a\u0300 leurs actes \u201d.<\/p>\n<p>Selon le membre du gouvernement, le ro\u0302le et l\u2019objectif des FDS n\u2019ont pas change\u0301. Il s\u2019agit \u201c de pre\u0301server la paix et la se\u0301curite\u0301 sur l\u2019ensemble du territoire, de\u0301fendre la population et ses biens, mais surtout de\u0301fendre les institutions re\u0301publicaines et le\u0301gales \u201d, a soutenu le ge\u0301ne\u0301ral Rakotoarijaona.<\/p>\n<p><strong>Pour plus d&rsquo;informations et d&rsquo;analyses sur la <a href=\"https:\/\/www.africa-press.net\/madagascar\">Madagascar<\/a>, suivez <a href=\"https:\/\/www.africa-press.net\/\">Africa-Press<\/a><\/strong><\/p>\n","protected":false},"excerpt":{"rendered":"<p>Africa-Press &#8211; Madagascar. Unite\u0301 et solidarite\u0301. C\u2019est ce que les trois corps au sein des Forces de de\u0301fense et de se\u0301curite\u0301 (FDS) ont voulu de\u0301montrer durant une ce\u0301re\u0301monie de leve\u0301e du drapeau national, hier, au ministe\u0300re de la De\u0301fense nationale, a\u0300 Ampahibe. \u201c L\u2019objectif est de raffermir notre cohe\u0301sion et notre fraternite\u0301 apre\u0300s la pe\u0301riode [&hellip;]<\/p>\n","protected":false},"author":82,"featured_media":22960,"comment_status":"open","ping_status":"closed","sticky":false,"template":"","format":"standard","meta":{"footnotes":""},"categories":[2,10],"tags":[36,50,49],"class_list":["post-22961","post","type-post","status-publish","format-standard","has-post-thumbnail","hentry","category-politique","category-toutes-les-actualites","tag-africa-press","tag-africa-press-madagascar","tag-madagascar"],"yoast_head":"<!-- This site is optimized with the Yoast SEO Premium plugin v26.1 (Yoast SEO v27.0) - https:\/\/yoast.com\/product\/yoast-seo-premium-wordpress\/ -->\n<title>JOSOA RAKOTOARIJAONA - \u201c Nous ne sommes pas des forces de r\u00e9pression \u201d - Madagascar<\/title>\n<meta name=\"description\" content=\"Unite\u0301 et solidarite\u0301. C\u2019est ce que les trois corps au sein des Forces de de\u0301fense et de se\u0301curite\u0301 (FDS) ont voulu de\u0301m ...\" \/>\n<meta name=\"robots\" content=\"index, follow, max-snippet:-1, max-image-preview:large, max-video-preview:-1\" \/>\n<link rel=\"canonical\" href=\"https:\/\/www.africa-press.net\/madagascar\/politique\/josoa-rakotoarijaona-nous-ne-sommes-pas-des-forces-de-repression\" \/>\n<meta property=\"og:locale\" content=\"fr_FR\" \/>\n<meta property=\"og:type\" content=\"article\" \/>\n<meta property=\"og:title\" content=\"JOSOA RAKOTOARIJAONA - \u201c Nous ne sommes pas des forces de r\u00e9pression \u201d\" \/>\n<meta property=\"og:description\" content=\"Unite\u0301 et solidarite\u0301. C\u2019est ce que les trois corps au sein des Forces de de\u0301fense et de se\u0301curite\u0301 (FDS) ont voulu de\u0301m ...\" \/>\n<meta property=\"og:url\" content=\"https:\/\/www.africa-press.net\/madagascar\/politique\/josoa-rakotoarijaona-nous-ne-sommes-pas-des-forces-de-repression\" \/>\n<meta property=\"og:site_name\" content=\"Madagascar\" \/>\n<meta property=\"article:published_time\" content=\"2023-12-19T21:22:40+00:00\" \/>\n<meta property=\"article:modified_time\" content=\"2023-12-19T22:51:24+00:00\" \/>\n<meta property=\"og:image\" content=\"https:\/\/static.africa-press.net\/madagascar\/sites\/56\/2023\/12\/sm_1703009927.876888.jpg\" \/>\n\t<meta property=\"og:image:width\" content=\"1138\" \/>\n\t<meta property=\"og:image:height\" content=\"636\" \/>\n\t<meta property=\"og:image:type\" content=\"image\/jpeg\" \/>\n<meta name=\"author\" content=\"cfeditorfr\" \/>\n<meta name=\"twitter:card\" content=\"summary_large_image\" \/>\n<meta name=\"twitter:label1\" content=\"\u00c9crit par\" \/>\n\t<meta name=\"twitter:data1\" content=\"cfeditorfr\" \/>\n\t<meta name=\"twitter:label2\" content=\"Dur\u00e9e de lecture estim\u00e9e\" \/>\n\t<meta name=\"twitter:data2\" content=\"2 minutes\" \/>\n<script type=\"application\/ld+json\" class=\"yoast-schema-graph\">{\"@context\":\"https:\/\/schema.org\",\"@graph\":[{\"@type\":\"Article\",\"@id\":\"https:\/\/www.africa-press.net\/madagascar\/politique\/josoa-rakotoarijaona-nous-ne-sommes-pas-des-forces-de-repression#article\",\"isPartOf\":{\"@id\":\"https:\/\/www.africa-press.net\/madagascar\/politique\/josoa-rakotoarijaona-nous-ne-sommes-pas-des-forces-de-repression\"},\"author\":{\"name\":\"cfeditorfr\",\"@id\":\"https:\/\/www.africa-press.net\/madagascar\/#\/schema\/person\/2b1cf3cd81a31e3cd26889ca66d677f1\"},\"headline\":\"JOSOA RAKOTOARIJAONA &#8211; \u201c Nous ne sommes pas des forces de r\u00e9pression \u201d\",\"datePublished\":\"2023-12-19T21:22:40+00:00\",\"dateModified\":\"2023-12-19T22:51:24+00:00\",\"mainEntityOfPage\":{\"@id\":\"https:\/\/www.africa-press.net\/madagascar\/politique\/josoa-rakotoarijaona-nous-ne-sommes-pas-des-forces-de-repression\"},\"wordCount\":334,\"commentCount\":0,\"image\":{\"@id\":\"https:\/\/www.africa-press.net\/madagascar\/politique\/josoa-rakotoarijaona-nous-ne-sommes-pas-des-forces-de-repression#primaryimage\"},\"thumbnailUrl\":\"https:\/\/static.africa-press.net\/madagascar\/sites\/56\/2023\/12\/sm_1703009927.876888.jpg\",\"keywords\":[\"Africa Press\",\"Africa Press-Madagascar\",\"Madagascar\"],\"articleSection\":[\"Politique\",\"Toutes les actualit\u00e9s\"],\"inLanguage\":\"fr-FR\",\"potentialAction\":[{\"@type\":\"CommentAction\",\"name\":\"Comment\",\"target\":[\"https:\/\/www.africa-press.net\/madagascar\/politique\/josoa-rakotoarijaona-nous-ne-sommes-pas-des-forces-de-repression#respond\"]}]},{\"@type\":\"WebPage\",\"@id\":\"https:\/\/www.africa-press.net\/madagascar\/politique\/josoa-rakotoarijaona-nous-ne-sommes-pas-des-forces-de-repression\",\"url\":\"https:\/\/www.africa-press.net\/madagascar\/politique\/josoa-rakotoarijaona-nous-ne-sommes-pas-des-forces-de-repression\",\"name\":\"JOSOA RAKOTOARIJAONA - \u201c Nous ne sommes pas des forces de r\u00e9pression \u201d - Madagascar\",\"isPartOf\":{\"@id\":\"https:\/\/www.africa-press.net\/madagascar\/#website\"},\"primaryImageOfPage\":{\"@id\":\"https:\/\/www.africa-press.net\/madagascar\/politique\/josoa-rakotoarijaona-nous-ne-sommes-pas-des-forces-de-repression#primaryimage\"},\"image\":{\"@id\":\"https:\/\/www.africa-press.net\/madagascar\/politique\/josoa-rakotoarijaona-nous-ne-sommes-pas-des-forces-de-repression#primaryimage\"},\"thumbnailUrl\":\"https:\/\/static.africa-press.net\/madagascar\/sites\/56\/2023\/12\/sm_1703009927.876888.jpg\",\"datePublished\":\"2023-12-19T21:22:40+00:00\",\"dateModified\":\"2023-12-19T22:51:24+00:00\",\"author\":{\"@id\":\"https:\/\/www.africa-press.net\/madagascar\/#\/schema\/person\/2b1cf3cd81a31e3cd26889ca66d677f1\"},\"description\":\"Unite\u0301 et solidarite\u0301. C\u2019est ce que les trois corps au sein des Forces de de\u0301fense et de se\u0301curite\u0301 (FDS) ont voulu de\u0301m ...\",\"breadcrumb\":{\"@id\":\"https:\/\/www.africa-press.net\/madagascar\/politique\/josoa-rakotoarijaona-nous-ne-sommes-pas-des-forces-de-repression#breadcrumb\"},\"inLanguage\":\"fr-FR\",\"potentialAction\":[{\"@type\":\"ReadAction\",\"target\":[\"https:\/\/www.africa-press.net\/madagascar\/politique\/josoa-rakotoarijaona-nous-ne-sommes-pas-des-forces-de-repression\"]}]},{\"@type\":\"ImageObject\",\"inLanguage\":\"fr-FR\",\"@id\":\"https:\/\/www.africa-press.net\/madagascar\/politique\/josoa-rakotoarijaona-nous-ne-sommes-pas-des-forces-de-repression#primaryimage\",\"url\":\"https:\/\/static.africa-press.net\/madagascar\/sites\/56\/2023\/12\/sm_1703009927.876888.jpg\",\"contentUrl\":\"https:\/\/static.africa-press.net\/madagascar\/sites\/56\/2023\/12\/sm_1703009927.876888.jpg\",\"width\":1138,\"height\":636,\"caption\":\"JOSOA RAKOTOARIJAONA - \u201c Nous ne sommes pas des forces de r\u00e9pression \u201d\"},{\"@type\":\"BreadcrumbList\",\"@id\":\"https:\/\/www.africa-press.net\/madagascar\/politique\/josoa-rakotoarijaona-nous-ne-sommes-pas-des-forces-de-repression#breadcrumb\",\"itemListElement\":[{\"@type\":\"ListItem\",\"position\":1,\"name\":\"Accueil\",\"item\":\"https:\/\/www.africa-press.net\/madagascar\/\"},{\"@type\":\"ListItem\",\"position\":2,\"name\":\"JOSOA RAKOTOARIJAONA &#8211; \u201c Nous ne sommes pas des forces de r\u00e9pression \u201d\"}]},{\"@type\":\"WebSite\",\"@id\":\"https:\/\/www.africa-press.net\/madagascar\/#website\",\"url\":\"https:\/\/www.africa-press.net\/madagascar\/\",\"name\":\"Madagascar\",\"description\":\"Just another Africa News Agency Sites site\",\"potentialAction\":[{\"@type\":\"SearchAction\",\"target\":{\"@type\":\"EntryPoint\",\"urlTemplate\":\"https:\/\/www.africa-press.net\/madagascar\/?s={search_term_string}\"},\"query-input\":{\"@type\":\"PropertyValueSpecification\",\"valueRequired\":true,\"valueName\":\"search_term_string\"}}],\"inLanguage\":\"fr-FR\"},{\"@type\":\"Person\",\"@id\":\"https:\/\/www.africa-press.net\/madagascar\/#\/schema\/person\/2b1cf3cd81a31e3cd26889ca66d677f1\",\"name\":\"cfeditorfr\"}]}<\/script>\n<!-- \/ Yoast SEO Premium plugin. -->","yoast_head_json":{"title":"JOSOA RAKOTOARIJAONA - \u201c Nous ne sommes pas des forces de r\u00e9pression \u201d - Madagascar","description":"Unite\u0301 et solidarite\u0301. C\u2019est ce que les trois corps au sein des Forces de de\u0301fense et de se\u0301curite\u0301 (FDS) ont voulu de\u0301m ...","robots":{"index":"index","follow":"follow","max-snippet":"max-snippet:-1","max-image-preview":"max-image-preview:large","max-video-preview":"max-video-preview:-1"},"canonical":"https:\/\/www.africa-press.net\/madagascar\/politique\/josoa-rakotoarijaona-nous-ne-sommes-pas-des-forces-de-repression","og_locale":"fr_FR","og_type":"article","og_title":"JOSOA RAKOTOARIJAONA - \u201c Nous ne sommes pas des forces de r\u00e9pression \u201d","og_description":"Unite\u0301 et solidarite\u0301. C\u2019est ce que les trois corps au sein des Forces de de\u0301fense et de se\u0301curite\u0301 (FDS) ont voulu de\u0301m ...","og_url":"https:\/\/www.africa-press.net\/madagascar\/politique\/josoa-rakotoarijaona-nous-ne-sommes-pas-des-forces-de-repression","og_site_name":"Madagascar","article_published_time":"2023-12-19T21:22:40+00:00","article_modified_time":"2023-12-19T22:51:24+00:00","og_image":[{"width":1138,"height":636,"url":"https:\/\/static.africa-press.net\/madagascar\/sites\/56\/2023\/12\/sm_1703009927.876888.jpg","type":"image\/jpeg"}],"author":"cfeditorfr","twitter_card":"summary_large_image","twitter_misc":{"\u00c9crit par":"cfeditorfr","Dur\u00e9e de lecture estim\u00e9e":"2 minutes"},"schema":{"@context":"https:\/\/schema.org","@graph":[{"@type":"Article","@id":"https:\/\/www.africa-press.net\/madagascar\/politique\/josoa-rakotoarijaona-nous-ne-sommes-pas-des-forces-de-repression#article","isPartOf":{"@id":"https:\/\/www.africa-press.net\/madagascar\/politique\/josoa-rakotoarijaona-nous-ne-sommes-pas-des-forces-de-repression"},"author":{"name":"cfeditorfr","@id":"https:\/\/www.africa-press.net\/madagascar\/#\/schema\/person\/2b1cf3cd81a31e3cd26889ca66d677f1"},"headline":"JOSOA RAKOTOARIJAONA &#8211; \u201c Nous ne sommes pas des forces de r\u00e9pression \u201d","datePublished":"2023-12-19T21:22:40+00:00","dateModified":"2023-12-19T22:51:24+00:00","mainEntityOfPage":{"@id":"https:\/\/www.africa-press.net\/madagascar\/politique\/josoa-rakotoarijaona-nous-ne-sommes-pas-des-forces-de-repression"},"wordCount":334,"commentCount":0,"image":{"@id":"https:\/\/www.africa-press.net\/madagascar\/politique\/josoa-rakotoarijaona-nous-ne-sommes-pas-des-forces-de-repression#primaryimage"},"thumbnailUrl":"https:\/\/static.africa-press.net\/madagascar\/sites\/56\/2023\/12\/sm_1703009927.876888.jpg","keywords":["Africa Press","Africa Press-Madagascar","Madagascar"],"articleSection":["Politique","Toutes les actualit\u00e9s"],"inLanguage":"fr-FR","potentialAction":[{"@type":"CommentAction","name":"Comment","target":["https:\/\/www.africa-press.net\/madagascar\/politique\/josoa-rakotoarijaona-nous-ne-sommes-pas-des-forces-de-repression#respond"]}]},{"@type":"WebPage","@id":"https:\/\/www.africa-press.net\/madagascar\/politique\/josoa-rakotoarijaona-nous-ne-sommes-pas-des-forces-de-repression","url":"https:\/\/www.africa-press.net\/madagascar\/politique\/josoa-rakotoarijaona-nous-ne-sommes-pas-des-forces-de-repression","name":"JOSOA RAKOTOARIJAONA - \u201c Nous ne sommes pas des forces de r\u00e9pression \u201d - Madagascar","isPartOf":{"@id":"https:\/\/www.africa-press.net\/madagascar\/#website"},"primaryImageOfPage":{"@id":"https:\/\/www.africa-press.net\/madagascar\/politique\/josoa-rakotoarijaona-nous-ne-sommes-pas-des-forces-de-repression#primaryimage"},"image":{"@id":"https:\/\/www.africa-press.net\/madagascar\/politique\/josoa-rakotoarijaona-nous-ne-sommes-pas-des-forces-de-repression#primaryimage"},"thumbnailUrl":"https:\/\/static.africa-press.net\/madagascar\/sites\/56\/2023\/12\/sm_1703009927.876888.jpg","datePublished":"2023-12-19T21:22:40+00:00","dateModified":"2023-12-19T22:51:24+00:00","author":{"@id":"https:\/\/www.africa-press.net\/madagascar\/#\/schema\/person\/2b1cf3cd81a31e3cd26889ca66d677f1"},"description":"Unite\u0301 et solidarite\u0301. C\u2019est ce que les trois corps au sein des Forces de de\u0301fense et de se\u0301curite\u0301 (FDS) ont voulu de\u0301m ...","breadcrumb":{"@id":"https:\/\/www.africa-press.net\/madagascar\/politique\/josoa-rakotoarijaona-nous-ne-sommes-pas-des-forces-de-repression#breadcrumb"},"inLanguage":"fr-FR","potentialAction":[{"@type":"ReadAction","target":["https:\/\/www.africa-press.net\/madagascar\/politique\/josoa-rakotoarijaona-nous-ne-sommes-pas-des-forces-de-repression"]}]},{"@type":"ImageObject","inLanguage":"fr-FR","@id":"https:\/\/www.africa-press.net\/madagascar\/politique\/josoa-rakotoarijaona-nous-ne-sommes-pas-des-forces-de-repression#primaryimage","url":"https:\/\/static.africa-press.net\/madagascar\/sites\/56\/2023\/12\/sm_1703009927.876888.jpg","contentUrl":"https:\/\/static.africa-press.net\/madagascar\/sites\/56\/2023\/12\/sm_1703009927.876888.jpg","width":1138,"height":636,"caption":"JOSOA RAKOTOARIJAONA - \u201c Nous ne sommes pas des forces de r\u00e9pression \u201d"},{"@type":"BreadcrumbList","@id":"https:\/\/www.africa-press.net\/madagascar\/politique\/josoa-rakotoarijaona-nous-ne-sommes-pas-des-forces-de-repression#breadcrumb","itemListElement":[{"@type":"ListItem","position":1,"name":"Accueil","item":"https:\/\/www.africa-press.net\/madagascar\/"},{"@type":"ListItem","position":2,"name":"JOSOA RAKOTOARIJAONA &#8211; \u201c Nous ne sommes pas des forces de r\u00e9pression \u201d"}]},{"@type":"WebSite","@id":"https:\/\/www.africa-press.net\/madagascar\/#website","url":"https:\/\/www.africa-press.net\/madagascar\/","name":"Madagascar","description":"Just another Africa News Agency Sites site","potentialAction":[{"@type":"SearchAction","target":{"@type":"EntryPoint","urlTemplate":"https:\/\/www.africa-press.net\/madagascar\/?s={search_term_string}"},"query-input":{"@type":"PropertyValueSpecification","valueRequired":true,"valueName":"search_term_string"}}],"inLanguage":"fr-FR"},{"@type":"Person","@id":"https:\/\/www.africa-press.net\/madagascar\/#\/schema\/person\/2b1cf3cd81a31e3cd26889ca66d677f1","name":"cfeditorfr"}]}},"_links":{"self":[{"href":"https:\/\/www.africa-press.net\/madagascar\/wp-json\/wp\/v2\/posts\/22961","targetHints":{"allow":["GET"]}}],"collection":[{"href":"https:\/\/www.africa-press.net\/madagascar\/wp-json\/wp\/v2\/posts"}],"about":[{"href":"https:\/\/www.africa-press.net\/madagascar\/wp-json\/wp\/v2\/types\/post"}],"author":[{"embeddable":true,"href":"https:\/\/www.africa-press.net\/madagascar\/wp-json\/wp\/v2\/users\/82"}],"replies":[{"embeddable":true,"href":"https:\/\/www.africa-press.net\/madagascar\/wp-json\/wp\/v2\/comments?post=22961"}],"version-history":[{"count":0,"href":"https:\/\/www.africa-press.net\/madagascar\/wp-json\/wp\/v2\/posts\/22961\/revisions"}],"wp:featuredmedia":[{"embeddable":true,"href":"https:\/\/www.africa-press.net\/madagascar\/wp-json\/wp\/v2\/media\/22960"}],"wp:attachment":[{"href":"https:\/\/www.africa-press.net\/madagascar\/wp-json\/wp\/v2\/media?parent=22961"}],"wp:term":[{"taxonomy":"category","embeddable":true,"href":"https:\/\/www.africa-press.net\/madagascar\/wp-json\/wp\/v2\/categories?post=22961"},{"taxonomy":"post_tag","embeddable":true,"href":"https:\/\/www.africa-press.net\/madagascar\/wp-json\/wp\/v2\/tags?post=22961"}],"curies":[{"name":"wp","href":"https:\/\/api.w.org\/{rel}","templated":true}]}}