{"id":22963,"date":"2023-12-19T21:00:25","date_gmt":"2023-12-19T21:00:25","guid":{"rendered":"https:\/\/www.africa-press.net\/madagascar\/politique\/assemblee-nationale-lavenir-de-la-chambre-basse-en-suspens"},"modified":"2023-12-19T21:00:25","modified_gmt":"2023-12-19T21:00:25","slug":"assemblee-nationale-lavenir-de-la-chambre-basse-en-suspens","status":"publish","type":"post","link":"https:\/\/www.africa-press.net\/madagascar\/politique\/assemblee-nationale-lavenir-de-la-chambre-basse-en-suspens","title":{"rendered":"ASSEMBL\u00c9E NATIONALE &#8211; L\u2019avenir de la Chambre basse en suspens"},"content":{"rendered":"<p><span style=\"color: #ff6600\"><strong>Africa-Press &#8211; Madagascar. <\/strong><\/span>A\u0300 peine investi des pouvoirs de pre\u0301sident de la Re\u0301publique, Andry Rajoelina devra prendre des de\u0301cisions cruciales. Surtout concernant l\u2019avenir de l\u2019Assemble\u0301e nationale, qui est the\u0301a\u0302tre de confusions depuis quelques temps.<\/p>\n<p>Avec l\u2019investiture du Pre\u0301sident Andry Rajoelina samedi dernier, une de ses missions est de chercher le plus vite possible une stabilite\u0301 politique. Cela passe par un gouvernement qui lui est de\u0301voue\u0301 et un Parlement majoritairement partisan. Concernant cette majorite\u0301 parlementaire et me\u0302me si les IRD sont toujours les plus nombreux au Se\u0301nat et a\u0300 l\u2019Assemble\u0301e nationale, la situation de la Chambre basse reste dans le flou. Un mal qui gangre\u0300ne les oranges depuis au moins un an et la tentative de motion de censure avorte\u0301e, qui a pourtant eu la signature de cent cinq de\u0301pute\u0301s.<\/p>\n<p>Entre temps, des parlementaires du groupe IRD ont quitte\u0301 le navire pour rejoindre l\u2019opposition, comme Jean Brunelle Razafintsiandraofa, qui est pourtant vice -pre\u0301sident de la Chambre pour la province de Fianarantsoa. Il e\u0301tait devenu le candidat du parti \u00abAntoko politika madio\u00bb a\u0300 la dernie\u0300re pre\u0301sidentielle. Le de\u0301pute\u0301 d\u2019Ampanihy ouest, Keron Idealson, fait aussi partie de ceux qui ont quitte\u0301 l\u2019IRD et rejoint le camp de Siteny Randrianasoloniaiko. Ce dernier a e\u0301te\u0301 l\u2019un des premiers a\u0300 avoir laisse\u0301 les oranges alors qu\u2019il a e\u0301te\u0301 e\u0301lu avec les couleurs du pre\u0301sident de la Re\u0301publique re\u0301e\u0301lu.<\/p>\n<p><b>E\u0301lection anticipe\u0301e<\/b><\/p>\n<p>Au Se\u0301nat, Herimanana Razafimahefa, pre\u0301sident de l\u2019e\u0301poque, a e\u0301te\u0301 destitue\u0301 pour cause de manquement aux consignes du parti. Il y a de cela quelques mois, Christine Razanamahasoa, pre\u0301sidente de l\u2019Assemble\u0301e nationale, ne s\u2019e\u0301tait pas aligne\u0301e avec les consignes du groupe parlementaire pour initier la plateforme de me\u0301diation avec les chefs de file du conseil \u0153cume\u0301nique des e\u0301glises chre\u0301tiennes.<\/p>\n<p>Ce qui lui a valu l\u2019expulsion et les foudres de ses pairs IRD.<\/p>\n<p>Lors de son discours pour la clo\u0302ture de la deuxie\u0300me session ordinaire de l\u2019Assemble\u0301e nationale, Christine Razanamahasoa, malgre\u0301 ses fe\u0301licitations pour la victoire du Pre\u0301sident Rajoelina, a re\u0301ite\u0301re\u0301 que la mission de la plateforme PAN\/FFKM continuait pour pluto\u0302t s\u2019adapter au re\u0301gime qui va s\u2019installer. Ce qui ne fait qu\u2019augmenter la confusion.<\/p>\n<p>En principe, le mandat des parlementaires de Tsimbazaza se termine au mois de juillet prochain. Mais la de\u0301cision de sa dissolution avant l\u2019heure n\u2019est pas a\u0300 exclure, surtout avec toute l\u2019incertitude qui re\u0300gne a\u0300 l\u2019Assemble\u0301e nationale.<\/p>\n<p>Du co\u0302te\u0301 de la loi, Florent Rakotoarisoa, pre\u0301sident de la Haute Cour Constitutionnelle, de\u0301clare que dans l\u2019histoire politique du pays, il y a de\u0301ja\u0300 eu des e\u0301lections le\u0301gislatives anticipe\u0301es, que c\u2019est une possibilite\u0301, mais qu\u2019il n\u2019est pas encore temps d\u2019en parler, sauf si une reque\u0302te venant de l\u2019Exe\u0301cutif arrive a\u0300 la cour.<\/p>\n<p>Dans l\u2019e\u0301ventualite\u0301 d\u2019une reque\u0302te, le pre\u0301sident de la Cour d\u2019Ambohidahy stipule que la consigne de la loi est qu\u2019il n\u2019est pas advenu de faire les e\u0301lections en pe\u0301riode de pluie. Cependant, il poursuit pour dire que la Haute cour examinera scrupuleusement les motifs avance\u0301s par les reque\u0301rants si la reque\u0302te leur parvient.<\/p>\n<p>Avec la situation actuelle, le Pre\u0301sident Andry Rajoelina a une de\u0301cision a\u0300 prendre concernant l\u2019avenir de l\u2019Assemble\u0301e nationale. Il peut soit attendre la fin du mandat des parlementaires, soit proce\u0301der a\u0300 une e\u0301lection anticipe\u0301e. Le principal enjeu de cette de\u0301cision re\u0301side dans le mode de nomination du prochain Premier ministre qui, selon la loi, est nomme\u0301 par le pre\u0301sident de la Re\u0301publique, mais d\u2019apre\u0300s la proposition du groupe majoritaire au Parlement.<\/p>\n<p>Jusqu\u2019a\u0300 pre\u0301sent, le gouvernement actuel n\u2019a pas encore pose\u0301 sa de\u0301mission afin que Andry Rajoelina puisse monter une nouvelle e\u0301quipe gouvernementale. Pourtant, en 2019, la bande a\u0300 Christian Ntsay avait de\u0301pose\u0301 plus rapidement sa de\u0301mission apre\u0300s l\u2019investiture du pre\u0301sident de la Re\u0301publique. La confusion a\u0300 l\u2019Assemble\u0301e nationale peut e\u0302tre une des raisons de cette attente du gouvernement pour de\u0301missionner.<\/p>\n<p><strong>Pour plus d&rsquo;informations et d&rsquo;analyses sur la <a href=\"https:\/\/www.africa-press.net\/madagascar\">Madagascar<\/a>, suivez <a href=\"https:\/\/www.africa-press.net\/\">Africa-Press<\/a><\/strong><\/p>\n","protected":false},"excerpt":{"rendered":"<p>Africa-Press &#8211; Madagascar. A\u0300 peine investi des pouvoirs de pre\u0301sident de la Re\u0301publique, Andry Rajoelina devra prendre des de\u0301cisions cruciales. Surtout concernant l\u2019avenir de l\u2019Assemble\u0301e nationale, qui est the\u0301a\u0302tre de confusions depuis quelques temps. Avec l\u2019investiture du Pre\u0301sident Andry Rajoelina samedi dernier, une de ses missions est de chercher le plus vite possible une stabilite\u0301 [&hellip;]<\/p>\n","protected":false},"author":82,"featured_media":22962,"comment_status":"open","ping_status":"closed","sticky":false,"template":"","format":"standard","meta":{"footnotes":""},"categories":[2,20,10],"tags":[36,50,49],"class_list":["post-22963","post","type-post","status-publish","format-standard","has-post-thumbnail","hentry","category-politique","category-top-nouvelles","category-toutes-les-actualites","tag-africa-press","tag-africa-press-madagascar","tag-madagascar"],"yoast_head":"<!-- This site is optimized with the Yoast SEO Premium plugin v26.1 (Yoast SEO v27.0) - https:\/\/yoast.com\/product\/yoast-seo-premium-wordpress\/ -->\n<title>ASSEMBL\u00c9E NATIONALE - L\u2019avenir de la Chambre basse en suspens - Madagascar<\/title>\n<meta name=\"robots\" content=\"index, follow, max-snippet:-1, max-image-preview:large, max-video-preview:-1\" \/>\n<link rel=\"canonical\" href=\"https:\/\/www.africa-press.net\/madagascar\/politique\/assemblee-nationale-lavenir-de-la-chambre-basse-en-suspens\" \/>\n<meta property=\"og:locale\" content=\"fr_FR\" \/>\n<meta property=\"og:type\" content=\"article\" \/>\n<meta property=\"og:title\" content=\"ASSEMBL\u00c9E NATIONALE - L\u2019avenir de la Chambre basse en suspens\" \/>\n<meta property=\"og:description\" content=\"Africa-Press &#8211; Madagascar. A\u0300 peine investi des pouvoirs de pre\u0301sident de la Re\u0301publique, Andry Rajoelina devra prendre des de\u0301cisions cruciales. Surtout concernant l\u2019avenir de l\u2019Assemble\u0301e nationale, qui est the\u0301a\u0302tre de confusions depuis quelques temps. Avec l\u2019investiture du Pre\u0301sident Andry Rajoelina samedi dernier, une de ses missions est de chercher le plus vite possible une stabilite\u0301 [&hellip;]\" \/>\n<meta property=\"og:url\" content=\"https:\/\/www.africa-press.net\/madagascar\/politique\/assemblee-nationale-lavenir-de-la-chambre-basse-en-suspens\" \/>\n<meta property=\"og:site_name\" content=\"Madagascar\" \/>\n<meta property=\"article:published_time\" content=\"2023-12-19T21:00:25+00:00\" \/>\n<meta name=\"author\" content=\"cfeditorfr\" \/>\n<meta name=\"twitter:card\" content=\"summary_large_image\" \/>\n<meta name=\"twitter:label1\" content=\"\u00c9crit par\" \/>\n\t<meta name=\"twitter:data1\" content=\"cfeditorfr\" \/>\n\t<meta name=\"twitter:label2\" content=\"Dur\u00e9e de lecture estim\u00e9e\" \/>\n\t<meta name=\"twitter:data2\" content=\"4 minutes\" \/>\n<script type=\"application\/ld+json\" class=\"yoast-schema-graph\">{\"@context\":\"https:\/\/schema.org\",\"@graph\":[{\"@type\":\"Article\",\"@id\":\"https:\/\/www.africa-press.net\/madagascar\/politique\/assemblee-nationale-lavenir-de-la-chambre-basse-en-suspens#article\",\"isPartOf\":{\"@id\":\"https:\/\/www.africa-press.net\/madagascar\/politique\/assemblee-nationale-lavenir-de-la-chambre-basse-en-suspens\"},\"author\":{\"name\":\"cfeditorfr\",\"@id\":\"https:\/\/www.africa-press.net\/madagascar\/#\/schema\/person\/2b1cf3cd81a31e3cd26889ca66d677f1\"},\"headline\":\"ASSEMBL\u00c9E NATIONALE &#8211; L\u2019avenir de la Chambre basse en suspens\",\"datePublished\":\"2023-12-19T21:00:25+00:00\",\"mainEntityOfPage\":{\"@id\":\"https:\/\/www.africa-press.net\/madagascar\/politique\/assemblee-nationale-lavenir-de-la-chambre-basse-en-suspens\"},\"wordCount\":771,\"commentCount\":0,\"image\":{\"@id\":\"https:\/\/www.africa-press.net\/madagascar\/politique\/assemblee-nationale-lavenir-de-la-chambre-basse-en-suspens#primaryimage\"},\"thumbnailUrl\":\"https:\/\/static.africa-press.net\/madagascar\/sites\/56\/2023\/12\/sm_1703009967.931959.jpg\",\"keywords\":[\"Africa Press\",\"Africa Press-Madagascar\",\"Madagascar\"],\"articleSection\":[\"Politique\",\"Top Nouvelles\",\"Toutes les actualit\u00e9s\"],\"inLanguage\":\"fr-FR\",\"potentialAction\":[{\"@type\":\"CommentAction\",\"name\":\"Comment\",\"target\":[\"https:\/\/www.africa-press.net\/madagascar\/politique\/assemblee-nationale-lavenir-de-la-chambre-basse-en-suspens#respond\"]}]},{\"@type\":\"WebPage\",\"@id\":\"https:\/\/www.africa-press.net\/madagascar\/politique\/assemblee-nationale-lavenir-de-la-chambre-basse-en-suspens\",\"url\":\"https:\/\/www.africa-press.net\/madagascar\/politique\/assemblee-nationale-lavenir-de-la-chambre-basse-en-suspens\",\"name\":\"ASSEMBL\u00c9E NATIONALE - L\u2019avenir de la Chambre basse en suspens - Madagascar\",\"isPartOf\":{\"@id\":\"https:\/\/www.africa-press.net\/madagascar\/#website\"},\"primaryImageOfPage\":{\"@id\":\"https:\/\/www.africa-press.net\/madagascar\/politique\/assemblee-nationale-lavenir-de-la-chambre-basse-en-suspens#primaryimage\"},\"image\":{\"@id\":\"https:\/\/www.africa-press.net\/madagascar\/politique\/assemblee-nationale-lavenir-de-la-chambre-basse-en-suspens#primaryimage\"},\"thumbnailUrl\":\"https:\/\/static.africa-press.net\/madagascar\/sites\/56\/2023\/12\/sm_1703009967.931959.jpg\",\"datePublished\":\"2023-12-19T21:00:25+00:00\",\"author\":{\"@id\":\"https:\/\/www.africa-press.net\/madagascar\/#\/schema\/person\/2b1cf3cd81a31e3cd26889ca66d677f1\"},\"breadcrumb\":{\"@id\":\"https:\/\/www.africa-press.net\/madagascar\/politique\/assemblee-nationale-lavenir-de-la-chambre-basse-en-suspens#breadcrumb\"},\"inLanguage\":\"fr-FR\",\"potentialAction\":[{\"@type\":\"ReadAction\",\"target\":[\"https:\/\/www.africa-press.net\/madagascar\/politique\/assemblee-nationale-lavenir-de-la-chambre-basse-en-suspens\"]}]},{\"@type\":\"ImageObject\",\"inLanguage\":\"fr-FR\",\"@id\":\"https:\/\/www.africa-press.net\/madagascar\/politique\/assemblee-nationale-lavenir-de-la-chambre-basse-en-suspens#primaryimage\",\"url\":\"https:\/\/static.africa-press.net\/madagascar\/sites\/56\/2023\/12\/sm_1703009967.931959.jpg\",\"contentUrl\":\"https:\/\/static.africa-press.net\/madagascar\/sites\/56\/2023\/12\/sm_1703009967.931959.jpg\",\"width\":1044,\"height\":636,\"caption\":\"ASSEMBL\u00c9E NATIONALE - L\u2019avenir de la Chambre basse en suspens\"},{\"@type\":\"BreadcrumbList\",\"@id\":\"https:\/\/www.africa-press.net\/madagascar\/politique\/assemblee-nationale-lavenir-de-la-chambre-basse-en-suspens#breadcrumb\",\"itemListElement\":[{\"@type\":\"ListItem\",\"position\":1,\"name\":\"Accueil\",\"item\":\"https:\/\/www.africa-press.net\/madagascar\/\"},{\"@type\":\"ListItem\",\"position\":2,\"name\":\"ASSEMBL\u00c9E NATIONALE &#8211; L\u2019avenir de la Chambre basse en suspens\"}]},{\"@type\":\"WebSite\",\"@id\":\"https:\/\/www.africa-press.net\/madagascar\/#website\",\"url\":\"https:\/\/www.africa-press.net\/madagascar\/\",\"name\":\"Madagascar\",\"description\":\"Just another Africa News Agency Sites site\",\"potentialAction\":[{\"@type\":\"SearchAction\",\"target\":{\"@type\":\"EntryPoint\",\"urlTemplate\":\"https:\/\/www.africa-press.net\/madagascar\/?s={search_term_string}\"},\"query-input\":{\"@type\":\"PropertyValueSpecification\",\"valueRequired\":true,\"valueName\":\"search_term_string\"}}],\"inLanguage\":\"fr-FR\"},{\"@type\":\"Person\",\"@id\":\"https:\/\/www.africa-press.net\/madagascar\/#\/schema\/person\/2b1cf3cd81a31e3cd26889ca66d677f1\",\"name\":\"cfeditorfr\"}]}<\/script>\n<!-- \/ Yoast SEO Premium plugin. -->","yoast_head_json":{"title":"ASSEMBL\u00c9E NATIONALE - L\u2019avenir de la Chambre basse en suspens - Madagascar","robots":{"index":"index","follow":"follow","max-snippet":"max-snippet:-1","max-image-preview":"max-image-preview:large","max-video-preview":"max-video-preview:-1"},"canonical":"https:\/\/www.africa-press.net\/madagascar\/politique\/assemblee-nationale-lavenir-de-la-chambre-basse-en-suspens","og_locale":"fr_FR","og_type":"article","og_title":"ASSEMBL\u00c9E NATIONALE - L\u2019avenir de la Chambre basse en suspens","og_description":"Africa-Press &#8211; Madagascar. A\u0300 peine investi des pouvoirs de pre\u0301sident de la Re\u0301publique, Andry Rajoelina devra prendre des de\u0301cisions cruciales. Surtout concernant l\u2019avenir de l\u2019Assemble\u0301e nationale, qui est the\u0301a\u0302tre de confusions depuis quelques temps. Avec l\u2019investiture du Pre\u0301sident Andry Rajoelina samedi dernier, une de ses missions est de chercher le plus vite possible une stabilite\u0301 [&hellip;]","og_url":"https:\/\/www.africa-press.net\/madagascar\/politique\/assemblee-nationale-lavenir-de-la-chambre-basse-en-suspens","og_site_name":"Madagascar","article_published_time":"2023-12-19T21:00:25+00:00","author":"cfeditorfr","twitter_card":"summary_large_image","twitter_misc":{"\u00c9crit par":"cfeditorfr","Dur\u00e9e de lecture estim\u00e9e":"4 minutes"},"schema":{"@context":"https:\/\/schema.org","@graph":[{"@type":"Article","@id":"https:\/\/www.africa-press.net\/madagascar\/politique\/assemblee-nationale-lavenir-de-la-chambre-basse-en-suspens#article","isPartOf":{"@id":"https:\/\/www.africa-press.net\/madagascar\/politique\/assemblee-nationale-lavenir-de-la-chambre-basse-en-suspens"},"author":{"name":"cfeditorfr","@id":"https:\/\/www.africa-press.net\/madagascar\/#\/schema\/person\/2b1cf3cd81a31e3cd26889ca66d677f1"},"headline":"ASSEMBL\u00c9E NATIONALE &#8211; L\u2019avenir de la Chambre basse en suspens","datePublished":"2023-12-19T21:00:25+00:00","mainEntityOfPage":{"@id":"https:\/\/www.africa-press.net\/madagascar\/politique\/assemblee-nationale-lavenir-de-la-chambre-basse-en-suspens"},"wordCount":771,"commentCount":0,"image":{"@id":"https:\/\/www.africa-press.net\/madagascar\/politique\/assemblee-nationale-lavenir-de-la-chambre-basse-en-suspens#primaryimage"},"thumbnailUrl":"https:\/\/static.africa-press.net\/madagascar\/sites\/56\/2023\/12\/sm_1703009967.931959.jpg","keywords":["Africa Press","Africa Press-Madagascar","Madagascar"],"articleSection":["Politique","Top Nouvelles","Toutes les actualit\u00e9s"],"inLanguage":"fr-FR","potentialAction":[{"@type":"CommentAction","name":"Comment","target":["https:\/\/www.africa-press.net\/madagascar\/politique\/assemblee-nationale-lavenir-de-la-chambre-basse-en-suspens#respond"]}]},{"@type":"WebPage","@id":"https:\/\/www.africa-press.net\/madagascar\/politique\/assemblee-nationale-lavenir-de-la-chambre-basse-en-suspens","url":"https:\/\/www.africa-press.net\/madagascar\/politique\/assemblee-nationale-lavenir-de-la-chambre-basse-en-suspens","name":"ASSEMBL\u00c9E NATIONALE - L\u2019avenir de la Chambre basse en suspens - Madagascar","isPartOf":{"@id":"https:\/\/www.africa-press.net\/madagascar\/#website"},"primaryImageOfPage":{"@id":"https:\/\/www.africa-press.net\/madagascar\/politique\/assemblee-nationale-lavenir-de-la-chambre-basse-en-suspens#primaryimage"},"image":{"@id":"https:\/\/www.africa-press.net\/madagascar\/politique\/assemblee-nationale-lavenir-de-la-chambre-basse-en-suspens#primaryimage"},"thumbnailUrl":"https:\/\/static.africa-press.net\/madagascar\/sites\/56\/2023\/12\/sm_1703009967.931959.jpg","datePublished":"2023-12-19T21:00:25+00:00","author":{"@id":"https:\/\/www.africa-press.net\/madagascar\/#\/schema\/person\/2b1cf3cd81a31e3cd26889ca66d677f1"},"breadcrumb":{"@id":"https:\/\/www.africa-press.net\/madagascar\/politique\/assemblee-nationale-lavenir-de-la-chambre-basse-en-suspens#breadcrumb"},"inLanguage":"fr-FR","potentialAction":[{"@type":"ReadAction","target":["https:\/\/www.africa-press.net\/madagascar\/politique\/assemblee-nationale-lavenir-de-la-chambre-basse-en-suspens"]}]},{"@type":"ImageObject","inLanguage":"fr-FR","@id":"https:\/\/www.africa-press.net\/madagascar\/politique\/assemblee-nationale-lavenir-de-la-chambre-basse-en-suspens#primaryimage","url":"https:\/\/static.africa-press.net\/madagascar\/sites\/56\/2023\/12\/sm_1703009967.931959.jpg","contentUrl":"https:\/\/static.africa-press.net\/madagascar\/sites\/56\/2023\/12\/sm_1703009967.931959.jpg","width":1044,"height":636,"caption":"ASSEMBL\u00c9E NATIONALE - L\u2019avenir de la Chambre basse en suspens"},{"@type":"BreadcrumbList","@id":"https:\/\/www.africa-press.net\/madagascar\/politique\/assemblee-nationale-lavenir-de-la-chambre-basse-en-suspens#breadcrumb","itemListElement":[{"@type":"ListItem","position":1,"name":"Accueil","item":"https:\/\/www.africa-press.net\/madagascar\/"},{"@type":"ListItem","position":2,"name":"ASSEMBL\u00c9E NATIONALE &#8211; L\u2019avenir de la Chambre basse en suspens"}]},{"@type":"WebSite","@id":"https:\/\/www.africa-press.net\/madagascar\/#website","url":"https:\/\/www.africa-press.net\/madagascar\/","name":"Madagascar","description":"Just another Africa News Agency Sites site","potentialAction":[{"@type":"SearchAction","target":{"@type":"EntryPoint","urlTemplate":"https:\/\/www.africa-press.net\/madagascar\/?s={search_term_string}"},"query-input":{"@type":"PropertyValueSpecification","valueRequired":true,"valueName":"search_term_string"}}],"inLanguage":"fr-FR"},{"@type":"Person","@id":"https:\/\/www.africa-press.net\/madagascar\/#\/schema\/person\/2b1cf3cd81a31e3cd26889ca66d677f1","name":"cfeditorfr"}]}},"_links":{"self":[{"href":"https:\/\/www.africa-press.net\/madagascar\/wp-json\/wp\/v2\/posts\/22963","targetHints":{"allow":["GET"]}}],"collection":[{"href":"https:\/\/www.africa-press.net\/madagascar\/wp-json\/wp\/v2\/posts"}],"about":[{"href":"https:\/\/www.africa-press.net\/madagascar\/wp-json\/wp\/v2\/types\/post"}],"author":[{"embeddable":true,"href":"https:\/\/www.africa-press.net\/madagascar\/wp-json\/wp\/v2\/users\/82"}],"replies":[{"embeddable":true,"href":"https:\/\/www.africa-press.net\/madagascar\/wp-json\/wp\/v2\/comments?post=22963"}],"version-history":[{"count":0,"href":"https:\/\/www.africa-press.net\/madagascar\/wp-json\/wp\/v2\/posts\/22963\/revisions"}],"wp:featuredmedia":[{"embeddable":true,"href":"https:\/\/www.africa-press.net\/madagascar\/wp-json\/wp\/v2\/media\/22962"}],"wp:attachment":[{"href":"https:\/\/www.africa-press.net\/madagascar\/wp-json\/wp\/v2\/media?parent=22963"}],"wp:term":[{"taxonomy":"category","embeddable":true,"href":"https:\/\/www.africa-press.net\/madagascar\/wp-json\/wp\/v2\/categories?post=22963"},{"taxonomy":"post_tag","embeddable":true,"href":"https:\/\/www.africa-press.net\/madagascar\/wp-json\/wp\/v2\/tags?post=22963"}],"curies":[{"name":"wp","href":"https:\/\/api.w.org\/{rel}","templated":true}]}}