{"id":22968,"date":"2023-12-20T15:45:23","date_gmt":"2023-12-20T15:45:23","guid":{"rendered":"https:\/\/www.africa-press.net\/madagascar\/politique\/cellule-de-crise-diovy-madagasikara-voit-le-jour"},"modified":"2023-12-20T17:31:36","modified_gmt":"2023-12-20T17:31:36","slug":"cellule-de-crise-diovy-madagasikara-voit-le-jour","status":"publish","type":"post","link":"https:\/\/www.africa-press.net\/madagascar\/politique\/cellule-de-crise-diovy-madagasikara-voit-le-jour","title":{"rendered":"CELLULE DE CRISE &#8211; \u00abDiovy Madagasikara\u00bb voit le jour"},"content":{"rendered":"<p><span style=\"color: #ff6600\"><strong>Africa-Press &#8211; Madagascar. <\/strong><\/span>Face a\u0300 la complexite\u0301 de la conjoncture politique actuelle, plusieurs personnalite\u0301s initient une cellule de crise afin de trouver une issue aux proble\u0300mes re\u0301currents qui gangre\u0300nent le pays. Guy Maxime Ralaiseheno et consorts ont re\u0301uni la presse hier au domicile de l\u2019ancien Premier ministre Monja Roindefo Zafitsimivalo a\u0300 Antsakaviro, pour faire la pre\u0301sentation de la cellule de crise \u00abDiovy Madagasikara\u00bb. Cette plateforme voit le jour pour donner des solutions et espe\u0300re pouvoir descendre au niveau de la population pour faire des consultations sur la situation re\u0301elle ve\u0301cue par celle-ci.<\/p>\n<p>L\u2019action priorise\u0301e par la cellule afin de mener a\u0300 bien sa mission est l\u2019organisation d\u2019une concertation au niveau local pour avoir l\u2019avis des citoyens sur la politique et sur la situation actuelle du pays. Apre\u0300s cela, la cellule de crise pourra formuler des propositions pour solutionner les maux de la Grande i\u0302le. Guy Maxime Ralaiseheno, coordonnateur, de\u0301clare que malgre\u0301 la pre\u0301sence de repre\u0301sentants de la plateforme lors du conclave organise\u0301 par les \u00abRaiamandreny ara-drazana\u00bb a\u0300 Mandriambero le 13 de\u0301cembre dernier, ils ne sont pas d\u2019accord sur la demande d\u2019un gouvernement de consensus. En me\u0302me temps, la cellule de crise n\u2019a pas l\u2019intention de chercher des places dans le prochain gouvernement, mais se positionne au milieu afin de pouvoir mener a\u0300 bien sa mission. \u00abDiovy Madagasikara\u00bb n\u2019est pas une cellule de crise imagine\u0301e par le collectif des candidats il y a de cela plusieurs jours. Cependant, le coordonnateur de la cellule avoue qu\u2019ils ont de\u0301ja\u0300 aide\u0301 le collectif durant la pe\u0301riode de la marche pacifique, mais sans pour autant e\u0302tre partisan.<\/p>\n<p><strong>Pour plus d&rsquo;informations et d&rsquo;analyses sur la <a href=\"https:\/\/www.africa-press.net\/madagascar\">Madagascar<\/a>, suivez <a href=\"https:\/\/www.africa-press.net\/\">Africa-Press<\/a><\/strong><\/p>\n","protected":false},"excerpt":{"rendered":"<p>Africa-Press &#8211; Madagascar. Face a\u0300 la complexite\u0301 de la conjoncture politique actuelle, plusieurs personnalite\u0301s initient une cellule de crise afin de trouver une issue aux proble\u0300mes re\u0301currents qui gangre\u0300nent le pays. Guy Maxime Ralaiseheno et consorts ont re\u0301uni la presse hier au domicile de l\u2019ancien Premier ministre Monja Roindefo Zafitsimivalo a\u0300 Antsakaviro, pour faire la [&hellip;]<\/p>\n","protected":false},"author":82,"featured_media":22967,"comment_status":"open","ping_status":"closed","sticky":false,"template":"","format":"standard","meta":{"footnotes":""},"categories":[2,10],"tags":[36,50,49],"class_list":["post-22968","post","type-post","status-publish","format-standard","has-post-thumbnail","hentry","category-politique","category-toutes-les-actualites","tag-africa-press","tag-africa-press-madagascar","tag-madagascar"],"yoast_head":"<!-- This site is optimized with the Yoast SEO Premium plugin v26.1 (Yoast SEO v27.0) - https:\/\/yoast.com\/product\/yoast-seo-premium-wordpress\/ -->\n<title>CELLULE DE CRISE - \u00abDiovy Madagasikara\u00bb voit le jour - Madagascar<\/title>\n<meta name=\"description\" content=\"Face a\u0300 la complexite\u0301 de la conjoncture politique actuelle, plusieurs personnalite\u0301s initient une cellule de crise afin ...\" \/>\n<meta name=\"robots\" content=\"index, follow, max-snippet:-1, max-image-preview:large, max-video-preview:-1\" \/>\n<link rel=\"canonical\" href=\"https:\/\/www.africa-press.net\/madagascar\/politique\/cellule-de-crise-diovy-madagasikara-voit-le-jour\" \/>\n<meta property=\"og:locale\" content=\"fr_FR\" \/>\n<meta property=\"og:type\" content=\"article\" \/>\n<meta property=\"og:title\" content=\"CELLULE DE CRISE - \u00abDiovy Madagasikara\u00bb voit le jour\" \/>\n<meta property=\"og:description\" content=\"Face a\u0300 la complexite\u0301 de la conjoncture politique actuelle, plusieurs personnalite\u0301s initient une cellule de crise afin ...\" \/>\n<meta property=\"og:url\" content=\"https:\/\/www.africa-press.net\/madagascar\/politique\/cellule-de-crise-diovy-madagasikara-voit-le-jour\" \/>\n<meta property=\"og:site_name\" content=\"Madagascar\" \/>\n<meta property=\"article:published_time\" content=\"2023-12-20T15:45:23+00:00\" \/>\n<meta property=\"article:modified_time\" content=\"2023-12-20T17:31:36+00:00\" \/>\n<meta property=\"og:image\" content=\"https:\/\/static.africa-press.net\/madagascar\/sites\/56\/2023\/12\/sm_1703077148.572945.jpg\" \/>\n\t<meta property=\"og:image:width\" content=\"1280\" \/>\n\t<meta property=\"og:image:height\" content=\"720\" \/>\n\t<meta property=\"og:image:type\" content=\"image\/jpeg\" \/>\n<meta name=\"author\" content=\"cfeditorfr\" \/>\n<meta name=\"twitter:card\" content=\"summary_large_image\" \/>\n<meta name=\"twitter:label1\" content=\"\u00c9crit par\" \/>\n\t<meta name=\"twitter:data1\" content=\"cfeditorfr\" \/>\n\t<meta name=\"twitter:label2\" content=\"Dur\u00e9e de lecture estim\u00e9e\" \/>\n\t<meta name=\"twitter:data2\" content=\"2 minutes\" \/>\n<script type=\"application\/ld+json\" class=\"yoast-schema-graph\">{\"@context\":\"https:\/\/schema.org\",\"@graph\":[{\"@type\":\"Article\",\"@id\":\"https:\/\/www.africa-press.net\/madagascar\/politique\/cellule-de-crise-diovy-madagasikara-voit-le-jour#article\",\"isPartOf\":{\"@id\":\"https:\/\/www.africa-press.net\/madagascar\/politique\/cellule-de-crise-diovy-madagasikara-voit-le-jour\"},\"author\":{\"name\":\"cfeditorfr\",\"@id\":\"https:\/\/www.africa-press.net\/madagascar\/#\/schema\/person\/2b1cf3cd81a31e3cd26889ca66d677f1\"},\"headline\":\"CELLULE DE CRISE &#8211; \u00abDiovy Madagasikara\u00bb voit le jour\",\"datePublished\":\"2023-12-20T15:45:23+00:00\",\"dateModified\":\"2023-12-20T17:31:36+00:00\",\"mainEntityOfPage\":{\"@id\":\"https:\/\/www.africa-press.net\/madagascar\/politique\/cellule-de-crise-diovy-madagasikara-voit-le-jour\"},\"wordCount\":314,\"commentCount\":0,\"image\":{\"@id\":\"https:\/\/www.africa-press.net\/madagascar\/politique\/cellule-de-crise-diovy-madagasikara-voit-le-jour#primaryimage\"},\"thumbnailUrl\":\"https:\/\/static.africa-press.net\/madagascar\/sites\/56\/2023\/12\/sm_1703077148.572945.jpg\",\"keywords\":[\"Africa Press\",\"Africa Press-Madagascar\",\"Madagascar\"],\"articleSection\":[\"Politique\",\"Toutes les actualit\u00e9s\"],\"inLanguage\":\"fr-FR\",\"potentialAction\":[{\"@type\":\"CommentAction\",\"name\":\"Comment\",\"target\":[\"https:\/\/www.africa-press.net\/madagascar\/politique\/cellule-de-crise-diovy-madagasikara-voit-le-jour#respond\"]}]},{\"@type\":\"WebPage\",\"@id\":\"https:\/\/www.africa-press.net\/madagascar\/politique\/cellule-de-crise-diovy-madagasikara-voit-le-jour\",\"url\":\"https:\/\/www.africa-press.net\/madagascar\/politique\/cellule-de-crise-diovy-madagasikara-voit-le-jour\",\"name\":\"CELLULE DE CRISE - \u00abDiovy Madagasikara\u00bb voit le jour - Madagascar\",\"isPartOf\":{\"@id\":\"https:\/\/www.africa-press.net\/madagascar\/#website\"},\"primaryImageOfPage\":{\"@id\":\"https:\/\/www.africa-press.net\/madagascar\/politique\/cellule-de-crise-diovy-madagasikara-voit-le-jour#primaryimage\"},\"image\":{\"@id\":\"https:\/\/www.africa-press.net\/madagascar\/politique\/cellule-de-crise-diovy-madagasikara-voit-le-jour#primaryimage\"},\"thumbnailUrl\":\"https:\/\/static.africa-press.net\/madagascar\/sites\/56\/2023\/12\/sm_1703077148.572945.jpg\",\"datePublished\":\"2023-12-20T15:45:23+00:00\",\"dateModified\":\"2023-12-20T17:31:36+00:00\",\"author\":{\"@id\":\"https:\/\/www.africa-press.net\/madagascar\/#\/schema\/person\/2b1cf3cd81a31e3cd26889ca66d677f1\"},\"description\":\"Face a\u0300 la complexite\u0301 de la conjoncture politique actuelle, plusieurs personnalite\u0301s initient une cellule de crise afin ...\",\"breadcrumb\":{\"@id\":\"https:\/\/www.africa-press.net\/madagascar\/politique\/cellule-de-crise-diovy-madagasikara-voit-le-jour#breadcrumb\"},\"inLanguage\":\"fr-FR\",\"potentialAction\":[{\"@type\":\"ReadAction\",\"target\":[\"https:\/\/www.africa-press.net\/madagascar\/politique\/cellule-de-crise-diovy-madagasikara-voit-le-jour\"]}]},{\"@type\":\"ImageObject\",\"inLanguage\":\"fr-FR\",\"@id\":\"https:\/\/www.africa-press.net\/madagascar\/politique\/cellule-de-crise-diovy-madagasikara-voit-le-jour#primaryimage\",\"url\":\"https:\/\/static.africa-press.net\/madagascar\/sites\/56\/2023\/12\/sm_1703077148.572945.jpg\",\"contentUrl\":\"https:\/\/static.africa-press.net\/madagascar\/sites\/56\/2023\/12\/sm_1703077148.572945.jpg\",\"width\":1280,\"height\":720,\"caption\":\"CELLULE DE CRISE - \u00abDiovy Madagasikara\u00bb voit le jour\"},{\"@type\":\"BreadcrumbList\",\"@id\":\"https:\/\/www.africa-press.net\/madagascar\/politique\/cellule-de-crise-diovy-madagasikara-voit-le-jour#breadcrumb\",\"itemListElement\":[{\"@type\":\"ListItem\",\"position\":1,\"name\":\"Accueil\",\"item\":\"https:\/\/www.africa-press.net\/madagascar\/\"},{\"@type\":\"ListItem\",\"position\":2,\"name\":\"CELLULE DE CRISE &#8211; \u00abDiovy Madagasikara\u00bb voit le jour\"}]},{\"@type\":\"WebSite\",\"@id\":\"https:\/\/www.africa-press.net\/madagascar\/#website\",\"url\":\"https:\/\/www.africa-press.net\/madagascar\/\",\"name\":\"Madagascar\",\"description\":\"Just another Africa News Agency Sites site\",\"potentialAction\":[{\"@type\":\"SearchAction\",\"target\":{\"@type\":\"EntryPoint\",\"urlTemplate\":\"https:\/\/www.africa-press.net\/madagascar\/?s={search_term_string}\"},\"query-input\":{\"@type\":\"PropertyValueSpecification\",\"valueRequired\":true,\"valueName\":\"search_term_string\"}}],\"inLanguage\":\"fr-FR\"},{\"@type\":\"Person\",\"@id\":\"https:\/\/www.africa-press.net\/madagascar\/#\/schema\/person\/2b1cf3cd81a31e3cd26889ca66d677f1\",\"name\":\"cfeditorfr\"}]}<\/script>\n<!-- \/ Yoast SEO Premium plugin. -->","yoast_head_json":{"title":"CELLULE DE CRISE - \u00abDiovy Madagasikara\u00bb voit le jour - Madagascar","description":"Face a\u0300 la complexite\u0301 de la conjoncture politique actuelle, plusieurs personnalite\u0301s initient une cellule de crise afin ...","robots":{"index":"index","follow":"follow","max-snippet":"max-snippet:-1","max-image-preview":"max-image-preview:large","max-video-preview":"max-video-preview:-1"},"canonical":"https:\/\/www.africa-press.net\/madagascar\/politique\/cellule-de-crise-diovy-madagasikara-voit-le-jour","og_locale":"fr_FR","og_type":"article","og_title":"CELLULE DE CRISE - \u00abDiovy Madagasikara\u00bb voit le jour","og_description":"Face a\u0300 la complexite\u0301 de la conjoncture politique actuelle, plusieurs personnalite\u0301s initient une cellule de crise afin ...","og_url":"https:\/\/www.africa-press.net\/madagascar\/politique\/cellule-de-crise-diovy-madagasikara-voit-le-jour","og_site_name":"Madagascar","article_published_time":"2023-12-20T15:45:23+00:00","article_modified_time":"2023-12-20T17:31:36+00:00","og_image":[{"width":1280,"height":720,"url":"https:\/\/static.africa-press.net\/madagascar\/sites\/56\/2023\/12\/sm_1703077148.572945.jpg","type":"image\/jpeg"}],"author":"cfeditorfr","twitter_card":"summary_large_image","twitter_misc":{"\u00c9crit par":"cfeditorfr","Dur\u00e9e de lecture estim\u00e9e":"2 minutes"},"schema":{"@context":"https:\/\/schema.org","@graph":[{"@type":"Article","@id":"https:\/\/www.africa-press.net\/madagascar\/politique\/cellule-de-crise-diovy-madagasikara-voit-le-jour#article","isPartOf":{"@id":"https:\/\/www.africa-press.net\/madagascar\/politique\/cellule-de-crise-diovy-madagasikara-voit-le-jour"},"author":{"name":"cfeditorfr","@id":"https:\/\/www.africa-press.net\/madagascar\/#\/schema\/person\/2b1cf3cd81a31e3cd26889ca66d677f1"},"headline":"CELLULE DE CRISE &#8211; \u00abDiovy Madagasikara\u00bb voit le jour","datePublished":"2023-12-20T15:45:23+00:00","dateModified":"2023-12-20T17:31:36+00:00","mainEntityOfPage":{"@id":"https:\/\/www.africa-press.net\/madagascar\/politique\/cellule-de-crise-diovy-madagasikara-voit-le-jour"},"wordCount":314,"commentCount":0,"image":{"@id":"https:\/\/www.africa-press.net\/madagascar\/politique\/cellule-de-crise-diovy-madagasikara-voit-le-jour#primaryimage"},"thumbnailUrl":"https:\/\/static.africa-press.net\/madagascar\/sites\/56\/2023\/12\/sm_1703077148.572945.jpg","keywords":["Africa Press","Africa Press-Madagascar","Madagascar"],"articleSection":["Politique","Toutes les actualit\u00e9s"],"inLanguage":"fr-FR","potentialAction":[{"@type":"CommentAction","name":"Comment","target":["https:\/\/www.africa-press.net\/madagascar\/politique\/cellule-de-crise-diovy-madagasikara-voit-le-jour#respond"]}]},{"@type":"WebPage","@id":"https:\/\/www.africa-press.net\/madagascar\/politique\/cellule-de-crise-diovy-madagasikara-voit-le-jour","url":"https:\/\/www.africa-press.net\/madagascar\/politique\/cellule-de-crise-diovy-madagasikara-voit-le-jour","name":"CELLULE DE CRISE - \u00abDiovy Madagasikara\u00bb voit le jour - Madagascar","isPartOf":{"@id":"https:\/\/www.africa-press.net\/madagascar\/#website"},"primaryImageOfPage":{"@id":"https:\/\/www.africa-press.net\/madagascar\/politique\/cellule-de-crise-diovy-madagasikara-voit-le-jour#primaryimage"},"image":{"@id":"https:\/\/www.africa-press.net\/madagascar\/politique\/cellule-de-crise-diovy-madagasikara-voit-le-jour#primaryimage"},"thumbnailUrl":"https:\/\/static.africa-press.net\/madagascar\/sites\/56\/2023\/12\/sm_1703077148.572945.jpg","datePublished":"2023-12-20T15:45:23+00:00","dateModified":"2023-12-20T17:31:36+00:00","author":{"@id":"https:\/\/www.africa-press.net\/madagascar\/#\/schema\/person\/2b1cf3cd81a31e3cd26889ca66d677f1"},"description":"Face a\u0300 la complexite\u0301 de la conjoncture politique actuelle, plusieurs personnalite\u0301s initient une cellule de crise afin ...","breadcrumb":{"@id":"https:\/\/www.africa-press.net\/madagascar\/politique\/cellule-de-crise-diovy-madagasikara-voit-le-jour#breadcrumb"},"inLanguage":"fr-FR","potentialAction":[{"@type":"ReadAction","target":["https:\/\/www.africa-press.net\/madagascar\/politique\/cellule-de-crise-diovy-madagasikara-voit-le-jour"]}]},{"@type":"ImageObject","inLanguage":"fr-FR","@id":"https:\/\/www.africa-press.net\/madagascar\/politique\/cellule-de-crise-diovy-madagasikara-voit-le-jour#primaryimage","url":"https:\/\/static.africa-press.net\/madagascar\/sites\/56\/2023\/12\/sm_1703077148.572945.jpg","contentUrl":"https:\/\/static.africa-press.net\/madagascar\/sites\/56\/2023\/12\/sm_1703077148.572945.jpg","width":1280,"height":720,"caption":"CELLULE DE CRISE - \u00abDiovy Madagasikara\u00bb voit le jour"},{"@type":"BreadcrumbList","@id":"https:\/\/www.africa-press.net\/madagascar\/politique\/cellule-de-crise-diovy-madagasikara-voit-le-jour#breadcrumb","itemListElement":[{"@type":"ListItem","position":1,"name":"Accueil","item":"https:\/\/www.africa-press.net\/madagascar\/"},{"@type":"ListItem","position":2,"name":"CELLULE DE CRISE &#8211; \u00abDiovy Madagasikara\u00bb voit le jour"}]},{"@type":"WebSite","@id":"https:\/\/www.africa-press.net\/madagascar\/#website","url":"https:\/\/www.africa-press.net\/madagascar\/","name":"Madagascar","description":"Just another Africa News Agency Sites site","potentialAction":[{"@type":"SearchAction","target":{"@type":"EntryPoint","urlTemplate":"https:\/\/www.africa-press.net\/madagascar\/?s={search_term_string}"},"query-input":{"@type":"PropertyValueSpecification","valueRequired":true,"valueName":"search_term_string"}}],"inLanguage":"fr-FR"},{"@type":"Person","@id":"https:\/\/www.africa-press.net\/madagascar\/#\/schema\/person\/2b1cf3cd81a31e3cd26889ca66d677f1","name":"cfeditorfr"}]}},"_links":{"self":[{"href":"https:\/\/www.africa-press.net\/madagascar\/wp-json\/wp\/v2\/posts\/22968","targetHints":{"allow":["GET"]}}],"collection":[{"href":"https:\/\/www.africa-press.net\/madagascar\/wp-json\/wp\/v2\/posts"}],"about":[{"href":"https:\/\/www.africa-press.net\/madagascar\/wp-json\/wp\/v2\/types\/post"}],"author":[{"embeddable":true,"href":"https:\/\/www.africa-press.net\/madagascar\/wp-json\/wp\/v2\/users\/82"}],"replies":[{"embeddable":true,"href":"https:\/\/www.africa-press.net\/madagascar\/wp-json\/wp\/v2\/comments?post=22968"}],"version-history":[{"count":0,"href":"https:\/\/www.africa-press.net\/madagascar\/wp-json\/wp\/v2\/posts\/22968\/revisions"}],"wp:featuredmedia":[{"embeddable":true,"href":"https:\/\/www.africa-press.net\/madagascar\/wp-json\/wp\/v2\/media\/22967"}],"wp:attachment":[{"href":"https:\/\/www.africa-press.net\/madagascar\/wp-json\/wp\/v2\/media?parent=22968"}],"wp:term":[{"taxonomy":"category","embeddable":true,"href":"https:\/\/www.africa-press.net\/madagascar\/wp-json\/wp\/v2\/categories?post=22968"},{"taxonomy":"post_tag","embeddable":true,"href":"https:\/\/www.africa-press.net\/madagascar\/wp-json\/wp\/v2\/tags?post=22968"}],"curies":[{"name":"wp","href":"https:\/\/api.w.org\/{rel}","templated":true}]}}