{"id":23040,"date":"2023-12-21T11:20:30","date_gmt":"2023-12-21T11:20:30","guid":{"rendered":"https:\/\/www.africa-press.net\/madagascar\/politique\/collectif-des-candidats-la-cellule-de-crise-se-fait-attendre"},"modified":"2023-12-21T12:33:22","modified_gmt":"2023-12-21T12:33:22","slug":"collectif-des-candidats-la-cellule-de-crise-se-fait-attendre","status":"publish","type":"post","link":"https:\/\/www.africa-press.net\/madagascar\/politique\/collectif-des-candidats-la-cellule-de-crise-se-fait-attendre","title":{"rendered":"COLLECTIF DES CANDIDATS &#8211; La cellule de crise se fait attendre"},"content":{"rendered":"<p><span style=\"color: #ff6600\"><strong>Africa-Press &#8211; Madagascar. <\/strong><\/span>Lors d\u2019une re\u0301union suivie d\u2019une confe\u0301rence de presse au quartier ge\u0301ne\u0301ral du HVM a\u0300 Andraharo, il y a de cela quelques semaines, le collectif des candidats a annonce\u0301 la mise en place d\u2019une cellule pour trouver des solutions a\u0300 la crise que le pays traverse.<\/p>\n<p>Cependant, jusqu\u2019a\u0300 pre\u0301sent, la cellule tarde a\u0300 se former et l\u2019initiative est me\u0302me de\u0301passe\u0301e par d\u2019autres.<\/p>\n<p>Avant- hier, Guy Maxime Ralaiseheno a annonce\u0301 a\u0300 Ankorahotra le de\u0301but de la mission de sa cellule de crise.<\/p>\n<p>Pourtant, au lendemain de la re\u0301union au QG du HVM, Marc Ravalomanana a rencontre\u0301 les membres de la RMDM pour discuter d\u2019une cellule de crise.<\/p>\n<p>Les partisans du collectif des onze commencent a\u0300 s\u2019impatienter sur la suite de la lutte que les anciens candidats pro\u0302nent depuis quelque temps, sans pour autant passer a\u0300 l\u2019acte.<\/p>\n<p><strong>Pour plus d&rsquo;informations et d&rsquo;analyses sur la <a href=\"https:\/\/www.africa-press.net\/madagascar\">Madagascar<\/a>, suivez <a href=\"https:\/\/www.africa-press.net\/\">Africa-Press<\/a><\/strong><\/p>\n","protected":false},"excerpt":{"rendered":"<p>Africa-Press &#8211; Madagascar. Lors d\u2019une re\u0301union suivie d\u2019une confe\u0301rence de presse au quartier ge\u0301ne\u0301ral du HVM a\u0300 Andraharo, il y a de cela quelques semaines, le collectif des candidats a annonce\u0301 la mise en place d\u2019une cellule pour trouver des solutions a\u0300 la crise que le pays traverse. Cependant, jusqu\u2019a\u0300 pre\u0301sent, la cellule tarde a\u0300 [&hellip;]<\/p>\n","protected":false},"author":82,"featured_media":23039,"comment_status":"open","ping_status":"closed","sticky":false,"template":"","format":"standard","meta":{"footnotes":""},"categories":[2,10],"tags":[36,50,49],"class_list":["post-23040","post","type-post","status-publish","format-standard","has-post-thumbnail","hentry","category-politique","category-toutes-les-actualites","tag-africa-press","tag-africa-press-madagascar","tag-madagascar"],"yoast_head":"<!-- This site is optimized with the Yoast SEO Premium plugin v26.1 (Yoast SEO v27.0) - https:\/\/yoast.com\/product\/yoast-seo-premium-wordpress\/ -->\n<title>COLLECTIF DES CANDIDATS - La cellule de crise se fait attendre - Madagascar<\/title>\n<meta name=\"description\" content=\"Lors d\u2019une re\u0301union suivie d\u2019une confe\u0301rence de presse au quartier ge\u0301ne\u0301ral du HVM a\u0300 Andraharo, il y a de cela quelque ...\" \/>\n<meta name=\"robots\" content=\"index, follow, max-snippet:-1, max-image-preview:large, max-video-preview:-1\" \/>\n<link rel=\"canonical\" href=\"https:\/\/www.africa-press.net\/madagascar\/politique\/collectif-des-candidats-la-cellule-de-crise-se-fait-attendre\" \/>\n<meta property=\"og:locale\" content=\"fr_FR\" \/>\n<meta property=\"og:type\" content=\"article\" \/>\n<meta property=\"og:title\" content=\"COLLECTIF DES CANDIDATS - La cellule de crise se fait attendre\" \/>\n<meta property=\"og:description\" content=\"Lors d\u2019une re\u0301union suivie d\u2019une confe\u0301rence de presse au quartier ge\u0301ne\u0301ral du HVM a\u0300 Andraharo, il y a de cela quelque ...\" \/>\n<meta property=\"og:url\" content=\"https:\/\/www.africa-press.net\/madagascar\/politique\/collectif-des-candidats-la-cellule-de-crise-se-fait-attendre\" \/>\n<meta property=\"og:site_name\" content=\"Madagascar\" \/>\n<meta property=\"article:published_time\" content=\"2023-12-21T11:20:30+00:00\" \/>\n<meta property=\"article:modified_time\" content=\"2023-12-21T12:33:22+00:00\" \/>\n<meta property=\"og:image\" content=\"https:\/\/static.africa-press.net\/madagascar\/sites\/56\/2023\/12\/sm_1703145715.547404.jpg\" \/>\n\t<meta property=\"og:image:width\" content=\"848\" \/>\n\t<meta property=\"og:image:height\" content=\"566\" \/>\n\t<meta property=\"og:image:type\" content=\"image\/jpeg\" \/>\n<meta name=\"author\" content=\"cfeditorfr\" \/>\n<meta name=\"twitter:card\" content=\"summary_large_image\" \/>\n<meta name=\"twitter:label1\" content=\"\u00c9crit par\" \/>\n\t<meta name=\"twitter:data1\" content=\"cfeditorfr\" \/>\n\t<meta name=\"twitter:label2\" content=\"Dur\u00e9e de lecture estim\u00e9e\" \/>\n\t<meta name=\"twitter:data2\" content=\"1 minute\" \/>\n<script type=\"application\/ld+json\" class=\"yoast-schema-graph\">{\"@context\":\"https:\/\/schema.org\",\"@graph\":[{\"@type\":\"Article\",\"@id\":\"https:\/\/www.africa-press.net\/madagascar\/politique\/collectif-des-candidats-la-cellule-de-crise-se-fait-attendre#article\",\"isPartOf\":{\"@id\":\"https:\/\/www.africa-press.net\/madagascar\/politique\/collectif-des-candidats-la-cellule-de-crise-se-fait-attendre\"},\"author\":{\"name\":\"cfeditorfr\",\"@id\":\"https:\/\/www.africa-press.net\/madagascar\/#\/schema\/person\/2b1cf3cd81a31e3cd26889ca66d677f1\"},\"headline\":\"COLLECTIF DES CANDIDATS &#8211; La cellule de crise se fait attendre\",\"datePublished\":\"2023-12-21T11:20:30+00:00\",\"dateModified\":\"2023-12-21T12:33:22+00:00\",\"mainEntityOfPage\":{\"@id\":\"https:\/\/www.africa-press.net\/madagascar\/politique\/collectif-des-candidats-la-cellule-de-crise-se-fait-attendre\"},\"wordCount\":180,\"commentCount\":0,\"image\":{\"@id\":\"https:\/\/www.africa-press.net\/madagascar\/politique\/collectif-des-candidats-la-cellule-de-crise-se-fait-attendre#primaryimage\"},\"thumbnailUrl\":\"https:\/\/static.africa-press.net\/madagascar\/sites\/56\/2023\/12\/sm_1703145715.547404.jpg\",\"keywords\":[\"Africa Press\",\"Africa Press-Madagascar\",\"Madagascar\"],\"articleSection\":[\"Politique\",\"Toutes les actualit\u00e9s\"],\"inLanguage\":\"fr-FR\",\"potentialAction\":[{\"@type\":\"CommentAction\",\"name\":\"Comment\",\"target\":[\"https:\/\/www.africa-press.net\/madagascar\/politique\/collectif-des-candidats-la-cellule-de-crise-se-fait-attendre#respond\"]}]},{\"@type\":\"WebPage\",\"@id\":\"https:\/\/www.africa-press.net\/madagascar\/politique\/collectif-des-candidats-la-cellule-de-crise-se-fait-attendre\",\"url\":\"https:\/\/www.africa-press.net\/madagascar\/politique\/collectif-des-candidats-la-cellule-de-crise-se-fait-attendre\",\"name\":\"COLLECTIF DES CANDIDATS - La cellule de crise se fait attendre - Madagascar\",\"isPartOf\":{\"@id\":\"https:\/\/www.africa-press.net\/madagascar\/#website\"},\"primaryImageOfPage\":{\"@id\":\"https:\/\/www.africa-press.net\/madagascar\/politique\/collectif-des-candidats-la-cellule-de-crise-se-fait-attendre#primaryimage\"},\"image\":{\"@id\":\"https:\/\/www.africa-press.net\/madagascar\/politique\/collectif-des-candidats-la-cellule-de-crise-se-fait-attendre#primaryimage\"},\"thumbnailUrl\":\"https:\/\/static.africa-press.net\/madagascar\/sites\/56\/2023\/12\/sm_1703145715.547404.jpg\",\"datePublished\":\"2023-12-21T11:20:30+00:00\",\"dateModified\":\"2023-12-21T12:33:22+00:00\",\"author\":{\"@id\":\"https:\/\/www.africa-press.net\/madagascar\/#\/schema\/person\/2b1cf3cd81a31e3cd26889ca66d677f1\"},\"description\":\"Lors d\u2019une re\u0301union suivie d\u2019une confe\u0301rence de presse au quartier ge\u0301ne\u0301ral du HVM a\u0300 Andraharo, il y a de cela quelque ...\",\"breadcrumb\":{\"@id\":\"https:\/\/www.africa-press.net\/madagascar\/politique\/collectif-des-candidats-la-cellule-de-crise-se-fait-attendre#breadcrumb\"},\"inLanguage\":\"fr-FR\",\"potentialAction\":[{\"@type\":\"ReadAction\",\"target\":[\"https:\/\/www.africa-press.net\/madagascar\/politique\/collectif-des-candidats-la-cellule-de-crise-se-fait-attendre\"]}]},{\"@type\":\"ImageObject\",\"inLanguage\":\"fr-FR\",\"@id\":\"https:\/\/www.africa-press.net\/madagascar\/politique\/collectif-des-candidats-la-cellule-de-crise-se-fait-attendre#primaryimage\",\"url\":\"https:\/\/static.africa-press.net\/madagascar\/sites\/56\/2023\/12\/sm_1703145715.547404.jpg\",\"contentUrl\":\"https:\/\/static.africa-press.net\/madagascar\/sites\/56\/2023\/12\/sm_1703145715.547404.jpg\",\"width\":848,\"height\":566,\"caption\":\"COLLECTIF DES CANDIDATS - La cellule de crise se fait attendre\"},{\"@type\":\"BreadcrumbList\",\"@id\":\"https:\/\/www.africa-press.net\/madagascar\/politique\/collectif-des-candidats-la-cellule-de-crise-se-fait-attendre#breadcrumb\",\"itemListElement\":[{\"@type\":\"ListItem\",\"position\":1,\"name\":\"Accueil\",\"item\":\"https:\/\/www.africa-press.net\/madagascar\/\"},{\"@type\":\"ListItem\",\"position\":2,\"name\":\"COLLECTIF DES CANDIDATS &#8211; La cellule de crise se fait attendre\"}]},{\"@type\":\"WebSite\",\"@id\":\"https:\/\/www.africa-press.net\/madagascar\/#website\",\"url\":\"https:\/\/www.africa-press.net\/madagascar\/\",\"name\":\"Madagascar\",\"description\":\"Just another Africa News Agency Sites site\",\"potentialAction\":[{\"@type\":\"SearchAction\",\"target\":{\"@type\":\"EntryPoint\",\"urlTemplate\":\"https:\/\/www.africa-press.net\/madagascar\/?s={search_term_string}\"},\"query-input\":{\"@type\":\"PropertyValueSpecification\",\"valueRequired\":true,\"valueName\":\"search_term_string\"}}],\"inLanguage\":\"fr-FR\"},{\"@type\":\"Person\",\"@id\":\"https:\/\/www.africa-press.net\/madagascar\/#\/schema\/person\/2b1cf3cd81a31e3cd26889ca66d677f1\",\"name\":\"cfeditorfr\"}]}<\/script>\n<!-- \/ Yoast SEO Premium plugin. -->","yoast_head_json":{"title":"COLLECTIF DES CANDIDATS - La cellule de crise se fait attendre - Madagascar","description":"Lors d\u2019une re\u0301union suivie d\u2019une confe\u0301rence de presse au quartier ge\u0301ne\u0301ral du HVM a\u0300 Andraharo, il y a de cela quelque ...","robots":{"index":"index","follow":"follow","max-snippet":"max-snippet:-1","max-image-preview":"max-image-preview:large","max-video-preview":"max-video-preview:-1"},"canonical":"https:\/\/www.africa-press.net\/madagascar\/politique\/collectif-des-candidats-la-cellule-de-crise-se-fait-attendre","og_locale":"fr_FR","og_type":"article","og_title":"COLLECTIF DES CANDIDATS - La cellule de crise se fait attendre","og_description":"Lors d\u2019une re\u0301union suivie d\u2019une confe\u0301rence de presse au quartier ge\u0301ne\u0301ral du HVM a\u0300 Andraharo, il y a de cela quelque ...","og_url":"https:\/\/www.africa-press.net\/madagascar\/politique\/collectif-des-candidats-la-cellule-de-crise-se-fait-attendre","og_site_name":"Madagascar","article_published_time":"2023-12-21T11:20:30+00:00","article_modified_time":"2023-12-21T12:33:22+00:00","og_image":[{"width":848,"height":566,"url":"https:\/\/static.africa-press.net\/madagascar\/sites\/56\/2023\/12\/sm_1703145715.547404.jpg","type":"image\/jpeg"}],"author":"cfeditorfr","twitter_card":"summary_large_image","twitter_misc":{"\u00c9crit par":"cfeditorfr","Dur\u00e9e de lecture estim\u00e9e":"1 minute"},"schema":{"@context":"https:\/\/schema.org","@graph":[{"@type":"Article","@id":"https:\/\/www.africa-press.net\/madagascar\/politique\/collectif-des-candidats-la-cellule-de-crise-se-fait-attendre#article","isPartOf":{"@id":"https:\/\/www.africa-press.net\/madagascar\/politique\/collectif-des-candidats-la-cellule-de-crise-se-fait-attendre"},"author":{"name":"cfeditorfr","@id":"https:\/\/www.africa-press.net\/madagascar\/#\/schema\/person\/2b1cf3cd81a31e3cd26889ca66d677f1"},"headline":"COLLECTIF DES CANDIDATS &#8211; La cellule de crise se fait attendre","datePublished":"2023-12-21T11:20:30+00:00","dateModified":"2023-12-21T12:33:22+00:00","mainEntityOfPage":{"@id":"https:\/\/www.africa-press.net\/madagascar\/politique\/collectif-des-candidats-la-cellule-de-crise-se-fait-attendre"},"wordCount":180,"commentCount":0,"image":{"@id":"https:\/\/www.africa-press.net\/madagascar\/politique\/collectif-des-candidats-la-cellule-de-crise-se-fait-attendre#primaryimage"},"thumbnailUrl":"https:\/\/static.africa-press.net\/madagascar\/sites\/56\/2023\/12\/sm_1703145715.547404.jpg","keywords":["Africa Press","Africa Press-Madagascar","Madagascar"],"articleSection":["Politique","Toutes les actualit\u00e9s"],"inLanguage":"fr-FR","potentialAction":[{"@type":"CommentAction","name":"Comment","target":["https:\/\/www.africa-press.net\/madagascar\/politique\/collectif-des-candidats-la-cellule-de-crise-se-fait-attendre#respond"]}]},{"@type":"WebPage","@id":"https:\/\/www.africa-press.net\/madagascar\/politique\/collectif-des-candidats-la-cellule-de-crise-se-fait-attendre","url":"https:\/\/www.africa-press.net\/madagascar\/politique\/collectif-des-candidats-la-cellule-de-crise-se-fait-attendre","name":"COLLECTIF DES CANDIDATS - La cellule de crise se fait attendre - Madagascar","isPartOf":{"@id":"https:\/\/www.africa-press.net\/madagascar\/#website"},"primaryImageOfPage":{"@id":"https:\/\/www.africa-press.net\/madagascar\/politique\/collectif-des-candidats-la-cellule-de-crise-se-fait-attendre#primaryimage"},"image":{"@id":"https:\/\/www.africa-press.net\/madagascar\/politique\/collectif-des-candidats-la-cellule-de-crise-se-fait-attendre#primaryimage"},"thumbnailUrl":"https:\/\/static.africa-press.net\/madagascar\/sites\/56\/2023\/12\/sm_1703145715.547404.jpg","datePublished":"2023-12-21T11:20:30+00:00","dateModified":"2023-12-21T12:33:22+00:00","author":{"@id":"https:\/\/www.africa-press.net\/madagascar\/#\/schema\/person\/2b1cf3cd81a31e3cd26889ca66d677f1"},"description":"Lors d\u2019une re\u0301union suivie d\u2019une confe\u0301rence de presse au quartier ge\u0301ne\u0301ral du HVM a\u0300 Andraharo, il y a de cela quelque ...","breadcrumb":{"@id":"https:\/\/www.africa-press.net\/madagascar\/politique\/collectif-des-candidats-la-cellule-de-crise-se-fait-attendre#breadcrumb"},"inLanguage":"fr-FR","potentialAction":[{"@type":"ReadAction","target":["https:\/\/www.africa-press.net\/madagascar\/politique\/collectif-des-candidats-la-cellule-de-crise-se-fait-attendre"]}]},{"@type":"ImageObject","inLanguage":"fr-FR","@id":"https:\/\/www.africa-press.net\/madagascar\/politique\/collectif-des-candidats-la-cellule-de-crise-se-fait-attendre#primaryimage","url":"https:\/\/static.africa-press.net\/madagascar\/sites\/56\/2023\/12\/sm_1703145715.547404.jpg","contentUrl":"https:\/\/static.africa-press.net\/madagascar\/sites\/56\/2023\/12\/sm_1703145715.547404.jpg","width":848,"height":566,"caption":"COLLECTIF DES CANDIDATS - La cellule de crise se fait attendre"},{"@type":"BreadcrumbList","@id":"https:\/\/www.africa-press.net\/madagascar\/politique\/collectif-des-candidats-la-cellule-de-crise-se-fait-attendre#breadcrumb","itemListElement":[{"@type":"ListItem","position":1,"name":"Accueil","item":"https:\/\/www.africa-press.net\/madagascar\/"},{"@type":"ListItem","position":2,"name":"COLLECTIF DES CANDIDATS &#8211; La cellule de crise se fait attendre"}]},{"@type":"WebSite","@id":"https:\/\/www.africa-press.net\/madagascar\/#website","url":"https:\/\/www.africa-press.net\/madagascar\/","name":"Madagascar","description":"Just another Africa News Agency Sites site","potentialAction":[{"@type":"SearchAction","target":{"@type":"EntryPoint","urlTemplate":"https:\/\/www.africa-press.net\/madagascar\/?s={search_term_string}"},"query-input":{"@type":"PropertyValueSpecification","valueRequired":true,"valueName":"search_term_string"}}],"inLanguage":"fr-FR"},{"@type":"Person","@id":"https:\/\/www.africa-press.net\/madagascar\/#\/schema\/person\/2b1cf3cd81a31e3cd26889ca66d677f1","name":"cfeditorfr"}]}},"_links":{"self":[{"href":"https:\/\/www.africa-press.net\/madagascar\/wp-json\/wp\/v2\/posts\/23040","targetHints":{"allow":["GET"]}}],"collection":[{"href":"https:\/\/www.africa-press.net\/madagascar\/wp-json\/wp\/v2\/posts"}],"about":[{"href":"https:\/\/www.africa-press.net\/madagascar\/wp-json\/wp\/v2\/types\/post"}],"author":[{"embeddable":true,"href":"https:\/\/www.africa-press.net\/madagascar\/wp-json\/wp\/v2\/users\/82"}],"replies":[{"embeddable":true,"href":"https:\/\/www.africa-press.net\/madagascar\/wp-json\/wp\/v2\/comments?post=23040"}],"version-history":[{"count":0,"href":"https:\/\/www.africa-press.net\/madagascar\/wp-json\/wp\/v2\/posts\/23040\/revisions"}],"wp:featuredmedia":[{"embeddable":true,"href":"https:\/\/www.africa-press.net\/madagascar\/wp-json\/wp\/v2\/media\/23039"}],"wp:attachment":[{"href":"https:\/\/www.africa-press.net\/madagascar\/wp-json\/wp\/v2\/media?parent=23040"}],"wp:term":[{"taxonomy":"category","embeddable":true,"href":"https:\/\/www.africa-press.net\/madagascar\/wp-json\/wp\/v2\/categories?post=23040"},{"taxonomy":"post_tag","embeddable":true,"href":"https:\/\/www.africa-press.net\/madagascar\/wp-json\/wp\/v2\/tags?post=23040"}],"curies":[{"name":"wp","href":"https:\/\/api.w.org\/{rel}","templated":true}]}}