{"id":23043,"date":"2023-12-21T11:23:15","date_gmt":"2023-12-21T11:23:15","guid":{"rendered":"https:\/\/www.africa-press.net\/madagascar\/politique\/relation-france-madagascar-le-comite-des-sages-persiste"},"modified":"2023-12-21T12:33:43","modified_gmt":"2023-12-21T12:33:43","slug":"relation-france-madagascar-le-comite-des-sages-persiste","status":"publish","type":"post","link":"https:\/\/www.africa-press.net\/madagascar\/politique\/relation-france-madagascar-le-comite-des-sages-persiste","title":{"rendered":"RELATION FRANCE-MADAGASCAR &#8211; Le comit\u00e9 des sages persiste"},"content":{"rendered":"<p><span style=\"color: #ff6600\"><strong>Africa-Press &#8211; Madagascar. <\/strong><\/span>Une lettre a e\u0301te\u0301 envoye\u0301e a\u0300 l\u2019ambassade de France par le comite\u0301 des sages. Selon eux, seuls les Malgaches peuvent solutionner les proble\u0300mes malgaches.<\/p>\n<p>Malgre\u0301 son investiture samedi dernier au stade Barea Mahamasina, le Pre\u0301sident Andry Rajoelina est chahute\u0301 par diverses entite\u0301s. Ces derniers contestent surtout le fait qu\u2019il posse\u0300de la nationalite\u0301 franc\u0327aise. Ce qui, selon ces entite\u0301s, entache la cre\u0301dibilite\u0301 du Pre\u0301sident. Hier, dans la matine\u0301e, l\u2019\u00abAntenimieran\u2019ny ray aman-dreny ara-drazana sy ny foko malagasy\u00bb (ARFM), le comite\u0301 des sages, a de\u0301barque\u0301 a\u0300 l\u2019ambassade de France a\u0300 Ambatomena pour apporter une lettre visant a\u0300 demander a\u0300 la France de cesser son inge\u0301rence dans les affaires internes du pays. Ils sont aussi venus au ministe\u0300re des Affaires e\u0301trange\u0300res pour appuyer leurs revendications. \u00abLe but est que les Malgaches puissent re\u0301gler entre eux leurs proble\u0300mes internes\u00bb, a asse\u0301ne\u0301 Noe\u0308l Rakotondrasoa, pre\u0301sident de la plateforme.<\/p>\n<p>Une demande qui apparai\u0302t assez extravagante vu la situation actuelle du pays. Avec le nouveau pre\u0301sident de la Re\u0301publique qui arrive au pouvoir et est en collaboration avec les membres de la communaute\u0301 internationale, dont la France fait partie. Peu de temps apre\u0300s l\u2019investiture<\/p>\n<p>du Pre\u0301sident Andry Rajoelina, un e\u0301missaire de l\u2019E\u0301lyse\u0301e est venu a\u0300 sa rencontre pour apporter la lettre de fe\u0301licitations du Pre\u0301sident Emmanuel Macron. Il est aussi venu pour dire que l\u2019Hexagone est pre\u0302t a\u0300 poursuivre son soutien dans le de\u0301veloppement de Madagascar.<\/p>\n<p><b>Inge\u0301rence<\/b><\/p>\n<p>Lors de la ce\u0301le\u0301bration de la fe\u0302te nationale franc\u0327aise le 14 juillet dernier, Arnaud Guillois, ambassadeur de France, a de\u0301clare\u0301 que les e\u0301lections ne concernent que les Malgaches. Comme pour apporter une preuve de la volonte\u0301 de son pays de ne pas s\u2019immiscer dans les affaires internes malgaches. C\u2019est pourtant ce que le comite\u0301 des sages reproche. La question sur la nationalite\u0301 franc\u0327aise du Pre\u0301sident Rajoelina reste aussi une des pre\u0301occupations de l\u2019ARFM. Ils n\u2019acceptent pas le fait que le Pre\u0301sident du pays ait la nationalite\u0301 franc\u0327aise. Cependant, la remarque arrive un poil en retard vu qu\u2019il est de\u0301ja\u0300 en place et a les pleins pouvoirs. On est en droit de se demander ou\u0300 e\u0301tait la plateforme pendant la pe\u0301riode pre\u0301e\u0301lectorale, quand le collectif des candidats demandait la disqualification du candidat nume\u0301ro trois.<\/p>\n<p>Les i\u0302les e\u0301parses. C\u2019est aussi un sujet qui fa\u0302che du co\u0302te\u0301 de ceux qui contestent la pre\u0301sidence du patron du TGV. Pour eux, l\u2019histoire de la nationalite\u0301 franc\u0327aise peut hypothe\u0301quer les chances de la Grande i\u0302le de re\u0301cupe\u0301rer les petites i\u0302les avoisinantes. Or, c\u2019est le Pre\u0301sident Andry Rajoelina qui a relance\u0301 la demande pour la restitution des i\u0302les e\u0301parses, lors de son premier mandat, mais les ne\u0301gociations ont e\u0301te\u0301 rompues apre\u0300s que le poste de ministre des affaires e\u0301trange\u0300res est reste\u0301 vacant.<\/p>\n<p><strong>Pour plus d&rsquo;informations et d&rsquo;analyses sur la <a href=\"https:\/\/www.africa-press.net\/madagascar\">Madagascar<\/a>, suivez <a href=\"https:\/\/www.africa-press.net\/\">Africa-Press<\/a><\/strong><\/p>\n","protected":false},"excerpt":{"rendered":"<p>Africa-Press &#8211; Madagascar. Une lettre a e\u0301te\u0301 envoye\u0301e a\u0300 l\u2019ambassade de France par le comite\u0301 des sages. Selon eux, seuls les Malgaches peuvent solutionner les proble\u0300mes malgaches. Malgre\u0301 son investiture samedi dernier au stade Barea Mahamasina, le Pre\u0301sident Andry Rajoelina est chahute\u0301 par diverses entite\u0301s. Ces derniers contestent surtout le fait qu\u2019il posse\u0300de la nationalite\u0301 [&hellip;]<\/p>\n","protected":false},"author":82,"featured_media":23042,"comment_status":"open","ping_status":"closed","sticky":false,"template":"","format":"standard","meta":{"footnotes":""},"categories":[2,10],"tags":[36,50,49],"class_list":["post-23043","post","type-post","status-publish","format-standard","has-post-thumbnail","hentry","category-politique","category-toutes-les-actualites","tag-africa-press","tag-africa-press-madagascar","tag-madagascar"],"yoast_head":"<!-- This site is optimized with the Yoast SEO Premium plugin v26.1 (Yoast SEO v27.0) - https:\/\/yoast.com\/product\/yoast-seo-premium-wordpress\/ -->\n<title>RELATION FRANCE-MADAGASCAR - Le comit\u00e9 des sages persiste - Madagascar<\/title>\n<meta name=\"description\" content=\"Une lettre a e\u0301te\u0301 envoye\u0301e a\u0300 l\u2019ambassade de France par le comite\u0301 des sages. Selon eux, seuls les Malgaches peuvent so ...\" \/>\n<meta name=\"robots\" content=\"index, follow, max-snippet:-1, max-image-preview:large, max-video-preview:-1\" \/>\n<link rel=\"canonical\" href=\"https:\/\/www.africa-press.net\/madagascar\/politique\/relation-france-madagascar-le-comite-des-sages-persiste\" \/>\n<meta property=\"og:locale\" content=\"fr_FR\" \/>\n<meta property=\"og:type\" content=\"article\" \/>\n<meta property=\"og:title\" content=\"RELATION FRANCE-MADAGASCAR - Le comit\u00e9 des sages persiste\" \/>\n<meta property=\"og:description\" content=\"Une lettre a e\u0301te\u0301 envoye\u0301e a\u0300 l\u2019ambassade de France par le comite\u0301 des sages. Selon eux, seuls les Malgaches peuvent so ...\" \/>\n<meta property=\"og:url\" content=\"https:\/\/www.africa-press.net\/madagascar\/politique\/relation-france-madagascar-le-comite-des-sages-persiste\" \/>\n<meta property=\"og:site_name\" content=\"Madagascar\" \/>\n<meta property=\"article:published_time\" content=\"2023-12-21T11:23:15+00:00\" \/>\n<meta property=\"article:modified_time\" content=\"2023-12-21T12:33:43+00:00\" \/>\n<meta property=\"og:image\" content=\"https:\/\/static.africa-press.net\/madagascar\/sites\/56\/2023\/12\/sm_1703145744.479333.jpg\" \/>\n\t<meta property=\"og:image:width\" content=\"1126\" \/>\n\t<meta property=\"og:image:height\" content=\"577\" \/>\n\t<meta property=\"og:image:type\" content=\"image\/jpeg\" \/>\n<meta name=\"author\" content=\"cfeditorfr\" \/>\n<meta name=\"twitter:card\" content=\"summary_large_image\" \/>\n<meta name=\"twitter:label1\" content=\"\u00c9crit par\" \/>\n\t<meta name=\"twitter:data1\" content=\"cfeditorfr\" \/>\n\t<meta name=\"twitter:label2\" content=\"Dur\u00e9e de lecture estim\u00e9e\" \/>\n\t<meta name=\"twitter:data2\" content=\"3 minutes\" \/>\n<script type=\"application\/ld+json\" class=\"yoast-schema-graph\">{\"@context\":\"https:\/\/schema.org\",\"@graph\":[{\"@type\":\"Article\",\"@id\":\"https:\/\/www.africa-press.net\/madagascar\/politique\/relation-france-madagascar-le-comite-des-sages-persiste#article\",\"isPartOf\":{\"@id\":\"https:\/\/www.africa-press.net\/madagascar\/politique\/relation-france-madagascar-le-comite-des-sages-persiste\"},\"author\":{\"name\":\"cfeditorfr\",\"@id\":\"https:\/\/www.africa-press.net\/madagascar\/#\/schema\/person\/2b1cf3cd81a31e3cd26889ca66d677f1\"},\"headline\":\"RELATION FRANCE-MADAGASCAR &#8211; Le comit\u00e9 des sages persiste\",\"datePublished\":\"2023-12-21T11:23:15+00:00\",\"dateModified\":\"2023-12-21T12:33:43+00:00\",\"mainEntityOfPage\":{\"@id\":\"https:\/\/www.africa-press.net\/madagascar\/politique\/relation-france-madagascar-le-comite-des-sages-persiste\"},\"wordCount\":552,\"commentCount\":0,\"image\":{\"@id\":\"https:\/\/www.africa-press.net\/madagascar\/politique\/relation-france-madagascar-le-comite-des-sages-persiste#primaryimage\"},\"thumbnailUrl\":\"https:\/\/static.africa-press.net\/madagascar\/sites\/56\/2023\/12\/sm_1703145744.479333.jpg\",\"keywords\":[\"Africa Press\",\"Africa Press-Madagascar\",\"Madagascar\"],\"articleSection\":[\"Politique\",\"Toutes les actualit\u00e9s\"],\"inLanguage\":\"fr-FR\",\"potentialAction\":[{\"@type\":\"CommentAction\",\"name\":\"Comment\",\"target\":[\"https:\/\/www.africa-press.net\/madagascar\/politique\/relation-france-madagascar-le-comite-des-sages-persiste#respond\"]}]},{\"@type\":\"WebPage\",\"@id\":\"https:\/\/www.africa-press.net\/madagascar\/politique\/relation-france-madagascar-le-comite-des-sages-persiste\",\"url\":\"https:\/\/www.africa-press.net\/madagascar\/politique\/relation-france-madagascar-le-comite-des-sages-persiste\",\"name\":\"RELATION FRANCE-MADAGASCAR - Le comit\u00e9 des sages persiste - Madagascar\",\"isPartOf\":{\"@id\":\"https:\/\/www.africa-press.net\/madagascar\/#website\"},\"primaryImageOfPage\":{\"@id\":\"https:\/\/www.africa-press.net\/madagascar\/politique\/relation-france-madagascar-le-comite-des-sages-persiste#primaryimage\"},\"image\":{\"@id\":\"https:\/\/www.africa-press.net\/madagascar\/politique\/relation-france-madagascar-le-comite-des-sages-persiste#primaryimage\"},\"thumbnailUrl\":\"https:\/\/static.africa-press.net\/madagascar\/sites\/56\/2023\/12\/sm_1703145744.479333.jpg\",\"datePublished\":\"2023-12-21T11:23:15+00:00\",\"dateModified\":\"2023-12-21T12:33:43+00:00\",\"author\":{\"@id\":\"https:\/\/www.africa-press.net\/madagascar\/#\/schema\/person\/2b1cf3cd81a31e3cd26889ca66d677f1\"},\"description\":\"Une lettre a e\u0301te\u0301 envoye\u0301e a\u0300 l\u2019ambassade de France par le comite\u0301 des sages. Selon eux, seuls les Malgaches peuvent so ...\",\"breadcrumb\":{\"@id\":\"https:\/\/www.africa-press.net\/madagascar\/politique\/relation-france-madagascar-le-comite-des-sages-persiste#breadcrumb\"},\"inLanguage\":\"fr-FR\",\"potentialAction\":[{\"@type\":\"ReadAction\",\"target\":[\"https:\/\/www.africa-press.net\/madagascar\/politique\/relation-france-madagascar-le-comite-des-sages-persiste\"]}]},{\"@type\":\"ImageObject\",\"inLanguage\":\"fr-FR\",\"@id\":\"https:\/\/www.africa-press.net\/madagascar\/politique\/relation-france-madagascar-le-comite-des-sages-persiste#primaryimage\",\"url\":\"https:\/\/static.africa-press.net\/madagascar\/sites\/56\/2023\/12\/sm_1703145744.479333.jpg\",\"contentUrl\":\"https:\/\/static.africa-press.net\/madagascar\/sites\/56\/2023\/12\/sm_1703145744.479333.jpg\",\"width\":1126,\"height\":577,\"caption\":\"RELATION FRANCE-MADAGASCAR - Le comit\u00e9 des sages persiste\"},{\"@type\":\"BreadcrumbList\",\"@id\":\"https:\/\/www.africa-press.net\/madagascar\/politique\/relation-france-madagascar-le-comite-des-sages-persiste#breadcrumb\",\"itemListElement\":[{\"@type\":\"ListItem\",\"position\":1,\"name\":\"Accueil\",\"item\":\"https:\/\/www.africa-press.net\/madagascar\/\"},{\"@type\":\"ListItem\",\"position\":2,\"name\":\"RELATION FRANCE-MADAGASCAR &#8211; Le comit\u00e9 des sages persiste\"}]},{\"@type\":\"WebSite\",\"@id\":\"https:\/\/www.africa-press.net\/madagascar\/#website\",\"url\":\"https:\/\/www.africa-press.net\/madagascar\/\",\"name\":\"Madagascar\",\"description\":\"Just another Africa News Agency Sites site\",\"potentialAction\":[{\"@type\":\"SearchAction\",\"target\":{\"@type\":\"EntryPoint\",\"urlTemplate\":\"https:\/\/www.africa-press.net\/madagascar\/?s={search_term_string}\"},\"query-input\":{\"@type\":\"PropertyValueSpecification\",\"valueRequired\":true,\"valueName\":\"search_term_string\"}}],\"inLanguage\":\"fr-FR\"},{\"@type\":\"Person\",\"@id\":\"https:\/\/www.africa-press.net\/madagascar\/#\/schema\/person\/2b1cf3cd81a31e3cd26889ca66d677f1\",\"name\":\"cfeditorfr\"}]}<\/script>\n<!-- \/ Yoast SEO Premium plugin. -->","yoast_head_json":{"title":"RELATION FRANCE-MADAGASCAR - Le comit\u00e9 des sages persiste - Madagascar","description":"Une lettre a e\u0301te\u0301 envoye\u0301e a\u0300 l\u2019ambassade de France par le comite\u0301 des sages. Selon eux, seuls les Malgaches peuvent so ...","robots":{"index":"index","follow":"follow","max-snippet":"max-snippet:-1","max-image-preview":"max-image-preview:large","max-video-preview":"max-video-preview:-1"},"canonical":"https:\/\/www.africa-press.net\/madagascar\/politique\/relation-france-madagascar-le-comite-des-sages-persiste","og_locale":"fr_FR","og_type":"article","og_title":"RELATION FRANCE-MADAGASCAR - Le comit\u00e9 des sages persiste","og_description":"Une lettre a e\u0301te\u0301 envoye\u0301e a\u0300 l\u2019ambassade de France par le comite\u0301 des sages. Selon eux, seuls les Malgaches peuvent so ...","og_url":"https:\/\/www.africa-press.net\/madagascar\/politique\/relation-france-madagascar-le-comite-des-sages-persiste","og_site_name":"Madagascar","article_published_time":"2023-12-21T11:23:15+00:00","article_modified_time":"2023-12-21T12:33:43+00:00","og_image":[{"width":1126,"height":577,"url":"https:\/\/static.africa-press.net\/madagascar\/sites\/56\/2023\/12\/sm_1703145744.479333.jpg","type":"image\/jpeg"}],"author":"cfeditorfr","twitter_card":"summary_large_image","twitter_misc":{"\u00c9crit par":"cfeditorfr","Dur\u00e9e de lecture estim\u00e9e":"3 minutes"},"schema":{"@context":"https:\/\/schema.org","@graph":[{"@type":"Article","@id":"https:\/\/www.africa-press.net\/madagascar\/politique\/relation-france-madagascar-le-comite-des-sages-persiste#article","isPartOf":{"@id":"https:\/\/www.africa-press.net\/madagascar\/politique\/relation-france-madagascar-le-comite-des-sages-persiste"},"author":{"name":"cfeditorfr","@id":"https:\/\/www.africa-press.net\/madagascar\/#\/schema\/person\/2b1cf3cd81a31e3cd26889ca66d677f1"},"headline":"RELATION FRANCE-MADAGASCAR &#8211; Le comit\u00e9 des sages persiste","datePublished":"2023-12-21T11:23:15+00:00","dateModified":"2023-12-21T12:33:43+00:00","mainEntityOfPage":{"@id":"https:\/\/www.africa-press.net\/madagascar\/politique\/relation-france-madagascar-le-comite-des-sages-persiste"},"wordCount":552,"commentCount":0,"image":{"@id":"https:\/\/www.africa-press.net\/madagascar\/politique\/relation-france-madagascar-le-comite-des-sages-persiste#primaryimage"},"thumbnailUrl":"https:\/\/static.africa-press.net\/madagascar\/sites\/56\/2023\/12\/sm_1703145744.479333.jpg","keywords":["Africa Press","Africa Press-Madagascar","Madagascar"],"articleSection":["Politique","Toutes les actualit\u00e9s"],"inLanguage":"fr-FR","potentialAction":[{"@type":"CommentAction","name":"Comment","target":["https:\/\/www.africa-press.net\/madagascar\/politique\/relation-france-madagascar-le-comite-des-sages-persiste#respond"]}]},{"@type":"WebPage","@id":"https:\/\/www.africa-press.net\/madagascar\/politique\/relation-france-madagascar-le-comite-des-sages-persiste","url":"https:\/\/www.africa-press.net\/madagascar\/politique\/relation-france-madagascar-le-comite-des-sages-persiste","name":"RELATION FRANCE-MADAGASCAR - Le comit\u00e9 des sages persiste - Madagascar","isPartOf":{"@id":"https:\/\/www.africa-press.net\/madagascar\/#website"},"primaryImageOfPage":{"@id":"https:\/\/www.africa-press.net\/madagascar\/politique\/relation-france-madagascar-le-comite-des-sages-persiste#primaryimage"},"image":{"@id":"https:\/\/www.africa-press.net\/madagascar\/politique\/relation-france-madagascar-le-comite-des-sages-persiste#primaryimage"},"thumbnailUrl":"https:\/\/static.africa-press.net\/madagascar\/sites\/56\/2023\/12\/sm_1703145744.479333.jpg","datePublished":"2023-12-21T11:23:15+00:00","dateModified":"2023-12-21T12:33:43+00:00","author":{"@id":"https:\/\/www.africa-press.net\/madagascar\/#\/schema\/person\/2b1cf3cd81a31e3cd26889ca66d677f1"},"description":"Une lettre a e\u0301te\u0301 envoye\u0301e a\u0300 l\u2019ambassade de France par le comite\u0301 des sages. Selon eux, seuls les Malgaches peuvent so ...","breadcrumb":{"@id":"https:\/\/www.africa-press.net\/madagascar\/politique\/relation-france-madagascar-le-comite-des-sages-persiste#breadcrumb"},"inLanguage":"fr-FR","potentialAction":[{"@type":"ReadAction","target":["https:\/\/www.africa-press.net\/madagascar\/politique\/relation-france-madagascar-le-comite-des-sages-persiste"]}]},{"@type":"ImageObject","inLanguage":"fr-FR","@id":"https:\/\/www.africa-press.net\/madagascar\/politique\/relation-france-madagascar-le-comite-des-sages-persiste#primaryimage","url":"https:\/\/static.africa-press.net\/madagascar\/sites\/56\/2023\/12\/sm_1703145744.479333.jpg","contentUrl":"https:\/\/static.africa-press.net\/madagascar\/sites\/56\/2023\/12\/sm_1703145744.479333.jpg","width":1126,"height":577,"caption":"RELATION FRANCE-MADAGASCAR - Le comit\u00e9 des sages persiste"},{"@type":"BreadcrumbList","@id":"https:\/\/www.africa-press.net\/madagascar\/politique\/relation-france-madagascar-le-comite-des-sages-persiste#breadcrumb","itemListElement":[{"@type":"ListItem","position":1,"name":"Accueil","item":"https:\/\/www.africa-press.net\/madagascar\/"},{"@type":"ListItem","position":2,"name":"RELATION FRANCE-MADAGASCAR &#8211; Le comit\u00e9 des sages persiste"}]},{"@type":"WebSite","@id":"https:\/\/www.africa-press.net\/madagascar\/#website","url":"https:\/\/www.africa-press.net\/madagascar\/","name":"Madagascar","description":"Just another Africa News Agency Sites site","potentialAction":[{"@type":"SearchAction","target":{"@type":"EntryPoint","urlTemplate":"https:\/\/www.africa-press.net\/madagascar\/?s={search_term_string}"},"query-input":{"@type":"PropertyValueSpecification","valueRequired":true,"valueName":"search_term_string"}}],"inLanguage":"fr-FR"},{"@type":"Person","@id":"https:\/\/www.africa-press.net\/madagascar\/#\/schema\/person\/2b1cf3cd81a31e3cd26889ca66d677f1","name":"cfeditorfr"}]}},"_links":{"self":[{"href":"https:\/\/www.africa-press.net\/madagascar\/wp-json\/wp\/v2\/posts\/23043","targetHints":{"allow":["GET"]}}],"collection":[{"href":"https:\/\/www.africa-press.net\/madagascar\/wp-json\/wp\/v2\/posts"}],"about":[{"href":"https:\/\/www.africa-press.net\/madagascar\/wp-json\/wp\/v2\/types\/post"}],"author":[{"embeddable":true,"href":"https:\/\/www.africa-press.net\/madagascar\/wp-json\/wp\/v2\/users\/82"}],"replies":[{"embeddable":true,"href":"https:\/\/www.africa-press.net\/madagascar\/wp-json\/wp\/v2\/comments?post=23043"}],"version-history":[{"count":0,"href":"https:\/\/www.africa-press.net\/madagascar\/wp-json\/wp\/v2\/posts\/23043\/revisions"}],"wp:featuredmedia":[{"embeddable":true,"href":"https:\/\/www.africa-press.net\/madagascar\/wp-json\/wp\/v2\/media\/23042"}],"wp:attachment":[{"href":"https:\/\/www.africa-press.net\/madagascar\/wp-json\/wp\/v2\/media?parent=23043"}],"wp:term":[{"taxonomy":"category","embeddable":true,"href":"https:\/\/www.africa-press.net\/madagascar\/wp-json\/wp\/v2\/categories?post=23043"},{"taxonomy":"post_tag","embeddable":true,"href":"https:\/\/www.africa-press.net\/madagascar\/wp-json\/wp\/v2\/tags?post=23043"}],"curies":[{"name":"wp","href":"https:\/\/api.w.org\/{rel}","templated":true}]}}