{"id":23106,"date":"2023-12-22T10:58:58","date_gmt":"2023-12-22T10:58:58","guid":{"rendered":"https:\/\/www.africa-press.net\/madagascar\/politique\/gouvernement-vers-la-reconduction-de-christian-ntsay"},"modified":"2023-12-22T12:35:55","modified_gmt":"2023-12-22T12:35:55","slug":"gouvernement-vers-la-reconduction-de-christian-ntsay","status":"publish","type":"post","link":"https:\/\/www.africa-press.net\/madagascar\/politique\/gouvernement-vers-la-reconduction-de-christian-ntsay","title":{"rendered":"GOUVERNEMENT &#8211; Vers la reconduction de Christian Ntsay ?"},"content":{"rendered":"<p><span style=\"color: #ff6600\"><strong>Africa-Press &#8211; Madagascar. <\/strong><\/span>Officiellement, Madagascar est sans gouvernement apre\u0300s la de\u0301mission collective accepte\u0301e par le pre\u0301sident Andry Rajoelina. La nomination du nouveau Premier ministre est maintenant au c\u0153ur des de\u0301bats pour savoir qui succe\u0300dera a\u0300 Christian Ntsay.<\/p>\n<p>C\u2019est officiel ! Le gouvernement du Premier ministre Christian Ntsay a remis sa de\u0301mission au pre\u0301sident de la Re\u0301publique lors du Conseil des ministres de mercredi. Cette de\u0301mission est accepte\u0301e par le Pre\u0301sident Andry Rajoelina. Maintenant, la balle est dans le camp du Pre\u0301sident re\u0301e\u0301lu et il a carte blanche pour la nomination du nouveau chef du gouvernement ainsi que des ministres. Nombreuses sont les questions autour de la de\u0301cision cruciale a\u0300 prendre pour Andry Rajoelina. Reconduction de Christian Ntsay, nomination d\u2019une femme ou encore d\u2019une toute nouvelle personne sont les bruits de couloir qui circulent dans la sphe\u0300re politique en ce moment.<\/p>\n<p>Une seule condition de la nomination e\u0301chappe au pouvoir du Pre\u0301sident qui est le fait que c\u2019est le groupe parlementaire majoritaire a\u0300 l\u2019Assemble\u0301e nationale qui propose le nom du Premier ministre. Mais encore une fois, il a, en principe, la mainmise sur la majorite\u0301 parlementaire vu que c\u2019est l\u2019IRD qui posse\u0300de le plus de de\u0301pute\u0301s a\u0300 Tsimbazaza. Or, la situation a\u0300 la Chambre basse demeure confuse avec les affaires bru\u0302lantes de ces dernie\u0300res semaines. Une possible reconduction de Christian Ntsay sera difficile compte tenu des positions re\u0301centes des parlementaires apre\u0300s la motion de censure avorte\u0301e de l\u2019anne\u0301e dernie\u0300re comportant la signature de plusieurs de\u0301pute\u0301s IRD.<\/p>\n<p>Malgre\u0301 cette relation tumultueuse avec l\u2019Assemble\u0301e nationale, la reconduction de l\u2019ancien chef du gouvernement est probable. Son expe\u0301rience plaide en sa faveur. Pour rappel, il est en place depuis bien longtemps que le Pre\u0301sident Rajoelina. Il a e\u0301te\u0301 nomme\u0301 Premier ministre dans la seconde partie de la pre\u0301sidence de Hery Rajaonarimampianina et depuis, il est inamovible de Mahazoarivo malgre\u0301 plusieurs remaniements partiels.<\/p>\n<p><b>Profil ade\u0301quat<\/b><\/p>\n<p>De\u0301sormais, le ro\u0302le de l\u2019ancien gouvernement sera de tenir les affaires courantes jusqu\u2019a\u0300 l\u2019arrive\u0301e de la nouvelle administration. Le profil du prochain Premier ministre sera cautionne\u0301 par divers crite\u0300res. Le premier est qu\u2019il doit e\u0302tre en ade\u0301quation avec la politique que le Pre\u0301sident veut instaurer. Le second est qu\u2019il doit convenir a\u0300 la majorite\u0301 des de\u0301pute\u0301s et enfin, qu\u2019il soit accepte\u0301 par les partenaires du pays vu qu\u2019a\u0300 part le pre\u0301sident de la Re\u0301publique, le Premier ministre est celui qui sera au front pour les discussions avec l\u2019international. C\u2019est l\u2019avis de l\u2019historien Denis Alexandre Lahiniriko, joint au te\u0301le\u0301phone hier. Selon lui, afin de pouvoir rebondir pour ce second quinquennat, Andry Rajoelina aura besoin d\u2019un renouveau et surtout d\u2019un second souffle. Cela pourrait e\u0302tre apporte\u0301 par la personne qui remplit les conditions pre\u0301cite\u0301es.<\/p>\n<p>Depuis quelques temps, les rumeurs sur la probable nomination d\u2019une femme au poste continuent de circuler. Les voyants sont au vert du co\u0302te\u0301 de la loi, mais le petit hic est que la socie\u0301te\u0301 malgache est traditionnellement patriarcale et certains pourraient e\u0302tre re\u0301ticents sur le fait d\u2019e\u0302tre dirige\u0301s par une femme. \u00abEn ge\u0301ne\u0301ral, la nomination d\u2019une femme ne pose aucun proble\u0300me. Mais le patriarcat qui re\u0300gne depuis longtemps dans le pays peut amener certains a\u0300 e\u0302tre re\u0301ticents\u00bb, explique l\u2019historien face aux rumeurs qui circulent. Puisqu\u2019il a quasiment les pleins pouvoirs pour proce\u0301der a\u0300 la nomination, celle d\u2019une nouvelle personne de la part du Pre\u0301sident Andry Rajoelina n\u2019est pas a\u0300 exclure me\u0302me s\u2019il est difficile de croire qu\u2019une nouvelle te\u0302te e\u0301merge de son clan pour convoiter directement ou non le poste en question ou celui de ministre.<\/p>\n<p>Remaniement ou retouche ? A\u0300 part celle du Premier ministre, la nomination des ministres reste aussi un enjeu majeur pour la suite de ce quinquennat. Apre\u0300s les de\u0301clarations du Pre\u0301sident re\u0301e\u0301lu sur le fait qu\u2019on ne change pas une e\u0301quipe qui gagne, il est clair que des ministres seront reconduits. Reste a\u0300 savoir lesquels. Depuis plusieurs jours, les ministres sont sortis peu a\u0300 peu de l\u2019ombre pour communiquer le bilan de leur mandat et ce, afin de de\u0301clarer tacitement qu\u2019ils sont pre\u0302ts a\u0300 poursuivre les travaux entrepris depuis leurs de\u0301buts.<\/p>\n<p><strong>Pour plus d&rsquo;informations et d&rsquo;analyses sur la <a href=\"https:\/\/www.africa-press.net\/madagascar\">Madagascar<\/a>, suivez <a href=\"https:\/\/www.africa-press.net\/\">Africa-Press<\/a><\/strong><\/p>\n","protected":false},"excerpt":{"rendered":"<p>Africa-Press &#8211; Madagascar. Officiellement, Madagascar est sans gouvernement apre\u0300s la de\u0301mission collective accepte\u0301e par le pre\u0301sident Andry Rajoelina. La nomination du nouveau Premier ministre est maintenant au c\u0153ur des de\u0301bats pour savoir qui succe\u0300dera a\u0300 Christian Ntsay. C\u2019est officiel ! Le gouvernement du Premier ministre Christian Ntsay a remis sa de\u0301mission au pre\u0301sident de la [&hellip;]<\/p>\n","protected":false},"author":82,"featured_media":23105,"comment_status":"open","ping_status":"closed","sticky":false,"template":"","format":"standard","meta":{"footnotes":""},"categories":[2,10],"tags":[36,50,49],"class_list":["post-23106","post","type-post","status-publish","format-standard","has-post-thumbnail","hentry","category-politique","category-toutes-les-actualites","tag-africa-press","tag-africa-press-madagascar","tag-madagascar"],"yoast_head":"<!-- This site is optimized with the Yoast SEO Premium plugin v26.1 (Yoast SEO v27.0) - https:\/\/yoast.com\/product\/yoast-seo-premium-wordpress\/ -->\n<title>GOUVERNEMENT - Vers la reconduction de Christian Ntsay ? - Madagascar<\/title>\n<meta name=\"description\" content=\"Officiellement, Madagascar est sans gouvernement apre\u0300s la de\u0301mission collective accepte\u0301e par le pre\u0301sident Andry Rajoe ...\" \/>\n<meta name=\"robots\" content=\"index, follow, max-snippet:-1, max-image-preview:large, max-video-preview:-1\" \/>\n<link rel=\"canonical\" href=\"https:\/\/www.africa-press.net\/madagascar\/politique\/gouvernement-vers-la-reconduction-de-christian-ntsay\" \/>\n<meta property=\"og:locale\" content=\"fr_FR\" \/>\n<meta property=\"og:type\" content=\"article\" \/>\n<meta property=\"og:title\" content=\"GOUVERNEMENT - Vers la reconduction de Christian Ntsay ?\" \/>\n<meta property=\"og:description\" content=\"Officiellement, Madagascar est sans gouvernement apre\u0300s la de\u0301mission collective accepte\u0301e par le pre\u0301sident Andry Rajoe ...\" \/>\n<meta property=\"og:url\" content=\"https:\/\/www.africa-press.net\/madagascar\/politique\/gouvernement-vers-la-reconduction-de-christian-ntsay\" \/>\n<meta property=\"og:site_name\" content=\"Madagascar\" \/>\n<meta property=\"article:published_time\" content=\"2023-12-22T10:58:58+00:00\" \/>\n<meta property=\"article:modified_time\" content=\"2023-12-22T12:35:55+00:00\" \/>\n<meta property=\"og:image\" content=\"https:\/\/static.africa-press.net\/madagascar\/sites\/56\/2023\/12\/sm_1703232101.247675.jpg\" \/>\n\t<meta property=\"og:image:width\" content=\"918\" \/>\n\t<meta property=\"og:image:height\" content=\"489\" \/>\n\t<meta property=\"og:image:type\" content=\"image\/jpeg\" \/>\n<meta name=\"author\" content=\"cfeditorfr\" \/>\n<meta name=\"twitter:card\" content=\"summary_large_image\" \/>\n<meta name=\"twitter:label1\" content=\"\u00c9crit par\" \/>\n\t<meta name=\"twitter:data1\" content=\"cfeditorfr\" \/>\n\t<meta name=\"twitter:label2\" content=\"Dur\u00e9e de lecture estim\u00e9e\" \/>\n\t<meta name=\"twitter:data2\" content=\"4 minutes\" \/>\n<script type=\"application\/ld+json\" class=\"yoast-schema-graph\">{\"@context\":\"https:\/\/schema.org\",\"@graph\":[{\"@type\":\"Article\",\"@id\":\"https:\/\/www.africa-press.net\/madagascar\/politique\/gouvernement-vers-la-reconduction-de-christian-ntsay#article\",\"isPartOf\":{\"@id\":\"https:\/\/www.africa-press.net\/madagascar\/politique\/gouvernement-vers-la-reconduction-de-christian-ntsay\"},\"author\":{\"name\":\"cfeditorfr\",\"@id\":\"https:\/\/www.africa-press.net\/madagascar\/#\/schema\/person\/2b1cf3cd81a31e3cd26889ca66d677f1\"},\"headline\":\"GOUVERNEMENT &#8211; Vers la reconduction de Christian Ntsay ?\",\"datePublished\":\"2023-12-22T10:58:58+00:00\",\"dateModified\":\"2023-12-22T12:35:55+00:00\",\"mainEntityOfPage\":{\"@id\":\"https:\/\/www.africa-press.net\/madagascar\/politique\/gouvernement-vers-la-reconduction-de-christian-ntsay\"},\"wordCount\":801,\"commentCount\":0,\"image\":{\"@id\":\"https:\/\/www.africa-press.net\/madagascar\/politique\/gouvernement-vers-la-reconduction-de-christian-ntsay#primaryimage\"},\"thumbnailUrl\":\"https:\/\/static.africa-press.net\/madagascar\/sites\/56\/2023\/12\/sm_1703232101.247675.jpg\",\"keywords\":[\"Africa Press\",\"Africa Press-Madagascar\",\"Madagascar\"],\"articleSection\":[\"Politique\",\"Toutes les actualit\u00e9s\"],\"inLanguage\":\"fr-FR\",\"potentialAction\":[{\"@type\":\"CommentAction\",\"name\":\"Comment\",\"target\":[\"https:\/\/www.africa-press.net\/madagascar\/politique\/gouvernement-vers-la-reconduction-de-christian-ntsay#respond\"]}]},{\"@type\":\"WebPage\",\"@id\":\"https:\/\/www.africa-press.net\/madagascar\/politique\/gouvernement-vers-la-reconduction-de-christian-ntsay\",\"url\":\"https:\/\/www.africa-press.net\/madagascar\/politique\/gouvernement-vers-la-reconduction-de-christian-ntsay\",\"name\":\"GOUVERNEMENT - Vers la reconduction de Christian Ntsay ? - Madagascar\",\"isPartOf\":{\"@id\":\"https:\/\/www.africa-press.net\/madagascar\/#website\"},\"primaryImageOfPage\":{\"@id\":\"https:\/\/www.africa-press.net\/madagascar\/politique\/gouvernement-vers-la-reconduction-de-christian-ntsay#primaryimage\"},\"image\":{\"@id\":\"https:\/\/www.africa-press.net\/madagascar\/politique\/gouvernement-vers-la-reconduction-de-christian-ntsay#primaryimage\"},\"thumbnailUrl\":\"https:\/\/static.africa-press.net\/madagascar\/sites\/56\/2023\/12\/sm_1703232101.247675.jpg\",\"datePublished\":\"2023-12-22T10:58:58+00:00\",\"dateModified\":\"2023-12-22T12:35:55+00:00\",\"author\":{\"@id\":\"https:\/\/www.africa-press.net\/madagascar\/#\/schema\/person\/2b1cf3cd81a31e3cd26889ca66d677f1\"},\"description\":\"Officiellement, Madagascar est sans gouvernement apre\u0300s la de\u0301mission collective accepte\u0301e par le pre\u0301sident Andry Rajoe ...\",\"breadcrumb\":{\"@id\":\"https:\/\/www.africa-press.net\/madagascar\/politique\/gouvernement-vers-la-reconduction-de-christian-ntsay#breadcrumb\"},\"inLanguage\":\"fr-FR\",\"potentialAction\":[{\"@type\":\"ReadAction\",\"target\":[\"https:\/\/www.africa-press.net\/madagascar\/politique\/gouvernement-vers-la-reconduction-de-christian-ntsay\"]}]},{\"@type\":\"ImageObject\",\"inLanguage\":\"fr-FR\",\"@id\":\"https:\/\/www.africa-press.net\/madagascar\/politique\/gouvernement-vers-la-reconduction-de-christian-ntsay#primaryimage\",\"url\":\"https:\/\/static.africa-press.net\/madagascar\/sites\/56\/2023\/12\/sm_1703232101.247675.jpg\",\"contentUrl\":\"https:\/\/static.africa-press.net\/madagascar\/sites\/56\/2023\/12\/sm_1703232101.247675.jpg\",\"width\":918,\"height\":489,\"caption\":\"GOUVERNEMENT - Vers la reconduction de Christian Ntsay ?\"},{\"@type\":\"BreadcrumbList\",\"@id\":\"https:\/\/www.africa-press.net\/madagascar\/politique\/gouvernement-vers-la-reconduction-de-christian-ntsay#breadcrumb\",\"itemListElement\":[{\"@type\":\"ListItem\",\"position\":1,\"name\":\"Accueil\",\"item\":\"https:\/\/www.africa-press.net\/madagascar\/\"},{\"@type\":\"ListItem\",\"position\":2,\"name\":\"GOUVERNEMENT &#8211; Vers la reconduction de Christian Ntsay ?\"}]},{\"@type\":\"WebSite\",\"@id\":\"https:\/\/www.africa-press.net\/madagascar\/#website\",\"url\":\"https:\/\/www.africa-press.net\/madagascar\/\",\"name\":\"Madagascar\",\"description\":\"Just another Africa News Agency Sites site\",\"potentialAction\":[{\"@type\":\"SearchAction\",\"target\":{\"@type\":\"EntryPoint\",\"urlTemplate\":\"https:\/\/www.africa-press.net\/madagascar\/?s={search_term_string}\"},\"query-input\":{\"@type\":\"PropertyValueSpecification\",\"valueRequired\":true,\"valueName\":\"search_term_string\"}}],\"inLanguage\":\"fr-FR\"},{\"@type\":\"Person\",\"@id\":\"https:\/\/www.africa-press.net\/madagascar\/#\/schema\/person\/2b1cf3cd81a31e3cd26889ca66d677f1\",\"name\":\"cfeditorfr\"}]}<\/script>\n<!-- \/ Yoast SEO Premium plugin. -->","yoast_head_json":{"title":"GOUVERNEMENT - Vers la reconduction de Christian Ntsay ? - Madagascar","description":"Officiellement, Madagascar est sans gouvernement apre\u0300s la de\u0301mission collective accepte\u0301e par le pre\u0301sident Andry Rajoe ...","robots":{"index":"index","follow":"follow","max-snippet":"max-snippet:-1","max-image-preview":"max-image-preview:large","max-video-preview":"max-video-preview:-1"},"canonical":"https:\/\/www.africa-press.net\/madagascar\/politique\/gouvernement-vers-la-reconduction-de-christian-ntsay","og_locale":"fr_FR","og_type":"article","og_title":"GOUVERNEMENT - Vers la reconduction de Christian Ntsay ?","og_description":"Officiellement, Madagascar est sans gouvernement apre\u0300s la de\u0301mission collective accepte\u0301e par le pre\u0301sident Andry Rajoe ...","og_url":"https:\/\/www.africa-press.net\/madagascar\/politique\/gouvernement-vers-la-reconduction-de-christian-ntsay","og_site_name":"Madagascar","article_published_time":"2023-12-22T10:58:58+00:00","article_modified_time":"2023-12-22T12:35:55+00:00","og_image":[{"width":918,"height":489,"url":"https:\/\/static.africa-press.net\/madagascar\/sites\/56\/2023\/12\/sm_1703232101.247675.jpg","type":"image\/jpeg"}],"author":"cfeditorfr","twitter_card":"summary_large_image","twitter_misc":{"\u00c9crit par":"cfeditorfr","Dur\u00e9e de lecture estim\u00e9e":"4 minutes"},"schema":{"@context":"https:\/\/schema.org","@graph":[{"@type":"Article","@id":"https:\/\/www.africa-press.net\/madagascar\/politique\/gouvernement-vers-la-reconduction-de-christian-ntsay#article","isPartOf":{"@id":"https:\/\/www.africa-press.net\/madagascar\/politique\/gouvernement-vers-la-reconduction-de-christian-ntsay"},"author":{"name":"cfeditorfr","@id":"https:\/\/www.africa-press.net\/madagascar\/#\/schema\/person\/2b1cf3cd81a31e3cd26889ca66d677f1"},"headline":"GOUVERNEMENT &#8211; Vers la reconduction de Christian Ntsay ?","datePublished":"2023-12-22T10:58:58+00:00","dateModified":"2023-12-22T12:35:55+00:00","mainEntityOfPage":{"@id":"https:\/\/www.africa-press.net\/madagascar\/politique\/gouvernement-vers-la-reconduction-de-christian-ntsay"},"wordCount":801,"commentCount":0,"image":{"@id":"https:\/\/www.africa-press.net\/madagascar\/politique\/gouvernement-vers-la-reconduction-de-christian-ntsay#primaryimage"},"thumbnailUrl":"https:\/\/static.africa-press.net\/madagascar\/sites\/56\/2023\/12\/sm_1703232101.247675.jpg","keywords":["Africa Press","Africa Press-Madagascar","Madagascar"],"articleSection":["Politique","Toutes les actualit\u00e9s"],"inLanguage":"fr-FR","potentialAction":[{"@type":"CommentAction","name":"Comment","target":["https:\/\/www.africa-press.net\/madagascar\/politique\/gouvernement-vers-la-reconduction-de-christian-ntsay#respond"]}]},{"@type":"WebPage","@id":"https:\/\/www.africa-press.net\/madagascar\/politique\/gouvernement-vers-la-reconduction-de-christian-ntsay","url":"https:\/\/www.africa-press.net\/madagascar\/politique\/gouvernement-vers-la-reconduction-de-christian-ntsay","name":"GOUVERNEMENT - Vers la reconduction de Christian Ntsay ? - Madagascar","isPartOf":{"@id":"https:\/\/www.africa-press.net\/madagascar\/#website"},"primaryImageOfPage":{"@id":"https:\/\/www.africa-press.net\/madagascar\/politique\/gouvernement-vers-la-reconduction-de-christian-ntsay#primaryimage"},"image":{"@id":"https:\/\/www.africa-press.net\/madagascar\/politique\/gouvernement-vers-la-reconduction-de-christian-ntsay#primaryimage"},"thumbnailUrl":"https:\/\/static.africa-press.net\/madagascar\/sites\/56\/2023\/12\/sm_1703232101.247675.jpg","datePublished":"2023-12-22T10:58:58+00:00","dateModified":"2023-12-22T12:35:55+00:00","author":{"@id":"https:\/\/www.africa-press.net\/madagascar\/#\/schema\/person\/2b1cf3cd81a31e3cd26889ca66d677f1"},"description":"Officiellement, Madagascar est sans gouvernement apre\u0300s la de\u0301mission collective accepte\u0301e par le pre\u0301sident Andry Rajoe ...","breadcrumb":{"@id":"https:\/\/www.africa-press.net\/madagascar\/politique\/gouvernement-vers-la-reconduction-de-christian-ntsay#breadcrumb"},"inLanguage":"fr-FR","potentialAction":[{"@type":"ReadAction","target":["https:\/\/www.africa-press.net\/madagascar\/politique\/gouvernement-vers-la-reconduction-de-christian-ntsay"]}]},{"@type":"ImageObject","inLanguage":"fr-FR","@id":"https:\/\/www.africa-press.net\/madagascar\/politique\/gouvernement-vers-la-reconduction-de-christian-ntsay#primaryimage","url":"https:\/\/static.africa-press.net\/madagascar\/sites\/56\/2023\/12\/sm_1703232101.247675.jpg","contentUrl":"https:\/\/static.africa-press.net\/madagascar\/sites\/56\/2023\/12\/sm_1703232101.247675.jpg","width":918,"height":489,"caption":"GOUVERNEMENT - Vers la reconduction de Christian Ntsay ?"},{"@type":"BreadcrumbList","@id":"https:\/\/www.africa-press.net\/madagascar\/politique\/gouvernement-vers-la-reconduction-de-christian-ntsay#breadcrumb","itemListElement":[{"@type":"ListItem","position":1,"name":"Accueil","item":"https:\/\/www.africa-press.net\/madagascar\/"},{"@type":"ListItem","position":2,"name":"GOUVERNEMENT &#8211; Vers la reconduction de Christian Ntsay ?"}]},{"@type":"WebSite","@id":"https:\/\/www.africa-press.net\/madagascar\/#website","url":"https:\/\/www.africa-press.net\/madagascar\/","name":"Madagascar","description":"Just another Africa News Agency Sites site","potentialAction":[{"@type":"SearchAction","target":{"@type":"EntryPoint","urlTemplate":"https:\/\/www.africa-press.net\/madagascar\/?s={search_term_string}"},"query-input":{"@type":"PropertyValueSpecification","valueRequired":true,"valueName":"search_term_string"}}],"inLanguage":"fr-FR"},{"@type":"Person","@id":"https:\/\/www.africa-press.net\/madagascar\/#\/schema\/person\/2b1cf3cd81a31e3cd26889ca66d677f1","name":"cfeditorfr"}]}},"_links":{"self":[{"href":"https:\/\/www.africa-press.net\/madagascar\/wp-json\/wp\/v2\/posts\/23106","targetHints":{"allow":["GET"]}}],"collection":[{"href":"https:\/\/www.africa-press.net\/madagascar\/wp-json\/wp\/v2\/posts"}],"about":[{"href":"https:\/\/www.africa-press.net\/madagascar\/wp-json\/wp\/v2\/types\/post"}],"author":[{"embeddable":true,"href":"https:\/\/www.africa-press.net\/madagascar\/wp-json\/wp\/v2\/users\/82"}],"replies":[{"embeddable":true,"href":"https:\/\/www.africa-press.net\/madagascar\/wp-json\/wp\/v2\/comments?post=23106"}],"version-history":[{"count":0,"href":"https:\/\/www.africa-press.net\/madagascar\/wp-json\/wp\/v2\/posts\/23106\/revisions"}],"wp:featuredmedia":[{"embeddable":true,"href":"https:\/\/www.africa-press.net\/madagascar\/wp-json\/wp\/v2\/media\/23105"}],"wp:attachment":[{"href":"https:\/\/www.africa-press.net\/madagascar\/wp-json\/wp\/v2\/media?parent=23106"}],"wp:term":[{"taxonomy":"category","embeddable":true,"href":"https:\/\/www.africa-press.net\/madagascar\/wp-json\/wp\/v2\/categories?post=23106"},{"taxonomy":"post_tag","embeddable":true,"href":"https:\/\/www.africa-press.net\/madagascar\/wp-json\/wp\/v2\/tags?post=23106"}],"curies":[{"name":"wp","href":"https:\/\/api.w.org\/{rel}","templated":true}]}}