{"id":23154,"date":"2023-12-22T17:11:43","date_gmt":"2023-12-22T17:11:43","guid":{"rendered":"https:\/\/www.africa-press.net\/madagascar\/politique\/comedie-musicale-maman-jai-rate-lenlevement-2-a-laffiche"},"modified":"2023-12-22T18:49:19","modified_gmt":"2023-12-22T18:49:19","slug":"comedie-musicale-maman-jai-rate-lenlevement-2-a-laffiche","status":"publish","type":"post","link":"https:\/\/www.africa-press.net\/madagascar\/culture-et-art\/comedie-musicale-maman-jai-rate-lenlevement-2-a-laffiche","title":{"rendered":"COM\u00c9DIE MUSICALE  &#8211; \u00ab Maman, j\u2019ai rat\u00e9 l\u2019enl\u00e8vement 2 \u00bb \u00e0 l\u2019affiche"},"content":{"rendered":"<p><span style=\"color: #ff6600\"><strong>Africa-Press &#8211; Madagascar. <\/strong><\/span>Suite au succe\u0300s retentissant du Tome 1 de \u00abMaman, j\u2019ai rate\u0301 l\u2019enle\u0300vement\u00bb, qui a suscite\u0301 un vif inte\u0301re\u0302t au Palais des sports, le 29 mars, le Tome 2 sera a\u0300 de\u0301couvrir au me\u0302me endroit le 24 de\u0301cembre.<\/p>\n<p>Les jeunes artistes talentueux du Centre d\u2019e\u0301vange\u0301lisation de Madagascar (CEVAM) s\u2019appre\u0302tent a\u0300 illuminer la sce\u0300ne du Palais des sports Mahamasina avec le tre\u0300s attendu Tome 2 de la come\u0301die musicale intitule\u0301e \u00abMaman, j\u2019ai rate\u0301 l\u2019enle\u0300vement\u00bb. Fonde\u0301 en 1993, le Cevam a pour vocation de partager la culture spirituelle pour Noe\u0308l, et cette anne\u0301e ne fait pas exception. L\u2019e\u0301ve\u0301nement, programme\u0301 pour le re\u0301veillon de Noe\u0308l, le 24 de\u0301cembre, de\u0301butera a\u0300 14 heures 30.<\/p>\n<p>Divise\u0301 en deux parties, la premie\u0300re re\u0301galera le public avec des chants de Noe\u0308l et des louanges, tandis que la seconde pre\u0301sentera la tre\u0300s attendue come\u0301die musicale qui a de\u0301ja\u0300 conquis le c\u0153ur des spectateurs lors du Tome 1, ve\u0301ritable succe\u0300s. \u00ab Notre objectif est de propager l\u2019E\u0301vangile pour ce Noe\u0308l tout en contribuant a\u0300 la promotion de la culture a\u0300 travers une come\u0301die musicale, une rarete\u0301 dans un grand spectacle dans le pays. Me\u0302me en ce qui concerne les costumes, notre inspiration provient des tenues de\u0301crites dans la Bible a\u0300 l\u2019e\u0301poque de Je\u0301sus Christ. La mise en sce\u0300ne est parfaitement mai\u0302trise\u0301e par nos jeunes artistes bien forme\u0301s\u00bb, explique le pasteur Elie Rabarison, organisateur de cet e\u0301ve\u0301nement exceptionnel. Plus de deux cents jeunes artistes ont collabore\u0301 pour donner vie a\u0300 cette deuxie\u0300me partie de \u00ab Maman, j\u2019ai rate\u0301 l\u2019enle\u0300vement \u00bb, permettant ainsi de revivre l\u2019histoire des saintes e\u0301critures de la Bible sur la sce\u0300ne du Palais des sports Mahamasina. Le billet est gratuit pour tous ceux qui souhaitent partager cette aventure spirituelle et culturelle avec eux.<\/p>\n<p><b>Une expe\u0301rience captivante<\/b><\/p>\n<p>Le spectacle, d\u2019une dure\u0301e de 2 heures 30, s\u2019attend a\u0300 accueillir plus de douze mille personnes dans le grand palais. Pour cette deuxie\u0300me version, le the\u0300me choisi est \u00abLa Grande Tribulation\u00bb, promettant une expe\u0301rience captivante pour le public. Chaque anne\u0301e, le Cevam organise ce concert du re\u0301veillon de Noe\u0308l pour ce\u0301le\u0301brer la venue de Je\u0301sus Christ il y a 2023 ans, venu sur terre pour sauver l\u2019humanite\u0301. Le succe\u0300s du premier volet, pre\u0301sente\u0301 en guichet ferme\u0301 le 29 mars dernier, a attire\u0301 une foule nombreuse au grand Palais des sports Mahamasina, suscitant l\u2019e\u0301motion de plus de sept mille personnes.<\/p>\n<p>\u00ab Le Tome 1 a de\u0301ja\u0300 connu deux repre\u0301sentations me\u0301morables. La premie\u0300re s\u2019est de\u0301roule\u0301e au Palais des Louanges du Cevam a\u0300 Ankadivato, lors de la veille\u0301e de ce\u0301le\u0301bration de\u0301die\u0301e a\u0300 comme\u0301morer la venue sur terre de Je\u0301sus Christ, le Fils de Dieu, le 24 de\u0301cembre dernier. La seconde a eu lieu au Palais des Sports et de la Culture Mahamasina le 29 mars, en re\u0301ponse a\u0300 de nombreuses demandes de la part du public qui souhaitait revivre cette expe\u0301rience. Cette anne\u0301e, pour re\u0301pondre a\u0300 la demande croissante du public et partager la bonne nouvelle de Je\u0301sus Christ, la deuxie\u0300me partie de \u00abMaman, j\u2019ai rate\u0301 l\u2019enle\u0300vement\u00bb promet d\u2019e\u0302tre tout aussi captivante, offrant ainsi une expe\u0301rience inoubliable en cette pe\u0301riode de ce\u0301le\u0301bration \u00bb, termine l\u2019organisateur.<\/p>\n<p><strong>Pour plus d&rsquo;informations et d&rsquo;analyses sur la <a href=\"https:\/\/www.africa-press.net\/madagascar\">Madagascar<\/a>, suivez <a href=\"https:\/\/www.africa-press.net\/\">Africa-Press<\/a><\/strong><\/p>\n","protected":false},"excerpt":{"rendered":"<p>Africa-Press &#8211; Madagascar. Suite au succe\u0300s retentissant du Tome 1 de \u00abMaman, j\u2019ai rate\u0301 l\u2019enle\u0300vement\u00bb, qui a suscite\u0301 un vif inte\u0301re\u0302t au Palais des sports, le 29 mars, le Tome 2 sera a\u0300 de\u0301couvrir au me\u0302me endroit le 24 de\u0301cembre. Les jeunes artistes talentueux du Centre d\u2019e\u0301vange\u0301lisation de Madagascar (CEVAM) s\u2019appre\u0302tent a\u0300 illuminer la sce\u0300ne [&hellip;]<\/p>\n","protected":false},"author":82,"featured_media":23153,"comment_status":"open","ping_status":"closed","sticky":false,"template":"","format":"standard","meta":{"footnotes":""},"categories":[5,10],"tags":[36,50,49],"class_list":["post-23154","post","type-post","status-publish","format-standard","has-post-thumbnail","hentry","category-culture-et-art","category-toutes-les-actualites","tag-africa-press","tag-africa-press-madagascar","tag-madagascar"],"yoast_head":"<!-- This site is optimized with the Yoast SEO Premium plugin v26.1 (Yoast SEO v27.0) - https:\/\/yoast.com\/product\/yoast-seo-premium-wordpress\/ -->\n<title>COM\u00c9DIE MUSICALE - \u00ab Maman, j\u2019ai rat\u00e9 l\u2019enl\u00e8vement 2 \u00bb \u00e0 l\u2019affiche - Madagascar<\/title>\n<meta name=\"description\" content=\"Suite au succe\u0300s retentissant du Tome 1 de \u00abMaman, j\u2019ai rate\u0301 l\u2019enle\u0300vement\u00bb, qui a suscite\u0301 un vif inte\u0301re\u0302t au Palais ...\" \/>\n<meta name=\"robots\" content=\"index, follow, max-snippet:-1, max-image-preview:large, max-video-preview:-1\" \/>\n<link rel=\"canonical\" href=\"https:\/\/www.africa-press.net\/madagascar\/culture-et-art\/comedie-musicale-maman-jai-rate-lenlevement-2-a-laffiche\" \/>\n<meta property=\"og:locale\" content=\"fr_FR\" \/>\n<meta property=\"og:type\" content=\"article\" \/>\n<meta property=\"og:title\" content=\"COM\u00c9DIE MUSICALE - \u00ab Maman, j\u2019ai rat\u00e9 l\u2019enl\u00e8vement 2 \u00bb \u00e0 l\u2019affiche\" \/>\n<meta property=\"og:description\" content=\"Suite au succe\u0300s retentissant du Tome 1 de \u00abMaman, j\u2019ai rate\u0301 l\u2019enle\u0300vement\u00bb, qui a suscite\u0301 un vif inte\u0301re\u0302t au Palais ...\" \/>\n<meta property=\"og:url\" content=\"https:\/\/www.africa-press.net\/madagascar\/culture-et-art\/comedie-musicale-maman-jai-rate-lenlevement-2-a-laffiche\" \/>\n<meta property=\"og:site_name\" content=\"Madagascar\" \/>\n<meta property=\"article:published_time\" content=\"2023-12-22T17:11:43+00:00\" \/>\n<meta property=\"article:modified_time\" content=\"2023-12-22T18:49:19+00:00\" \/>\n<meta property=\"og:image\" content=\"https:\/\/static.africa-press.net\/madagascar\/sites\/56\/2023\/12\/sm_1703254485.784834.jpg\" \/>\n\t<meta property=\"og:image:width\" content=\"711\" \/>\n\t<meta property=\"og:image:height\" content=\"472\" \/>\n\t<meta property=\"og:image:type\" content=\"image\/jpeg\" \/>\n<meta name=\"author\" content=\"cfeditorfr\" \/>\n<meta name=\"twitter:card\" content=\"summary_large_image\" \/>\n<meta name=\"twitter:label1\" content=\"\u00c9crit par\" \/>\n\t<meta name=\"twitter:data1\" content=\"cfeditorfr\" \/>\n\t<meta name=\"twitter:label2\" content=\"Dur\u00e9e de lecture estim\u00e9e\" \/>\n\t<meta name=\"twitter:data2\" content=\"3 minutes\" \/>\n<script type=\"application\/ld+json\" class=\"yoast-schema-graph\">{\"@context\":\"https:\/\/schema.org\",\"@graph\":[{\"@type\":\"Article\",\"@id\":\"https:\/\/www.africa-press.net\/madagascar\/culture-et-art\/comedie-musicale-maman-jai-rate-lenlevement-2-a-laffiche#article\",\"isPartOf\":{\"@id\":\"https:\/\/www.africa-press.net\/madagascar\/culture-et-art\/comedie-musicale-maman-jai-rate-lenlevement-2-a-laffiche\"},\"author\":{\"name\":\"cfeditorfr\",\"@id\":\"https:\/\/www.africa-press.net\/madagascar\/#\/schema\/person\/2b1cf3cd81a31e3cd26889ca66d677f1\"},\"headline\":\"COM\u00c9DIE MUSICALE &#8211; \u00ab Maman, j\u2019ai rat\u00e9 l\u2019enl\u00e8vement 2 \u00bb \u00e0 l\u2019affiche\",\"datePublished\":\"2023-12-22T17:11:43+00:00\",\"dateModified\":\"2023-12-22T18:49:19+00:00\",\"mainEntityOfPage\":{\"@id\":\"https:\/\/www.africa-press.net\/madagascar\/culture-et-art\/comedie-musicale-maman-jai-rate-lenlevement-2-a-laffiche\"},\"wordCount\":627,\"commentCount\":0,\"image\":{\"@id\":\"https:\/\/www.africa-press.net\/madagascar\/culture-et-art\/comedie-musicale-maman-jai-rate-lenlevement-2-a-laffiche#primaryimage\"},\"thumbnailUrl\":\"https:\/\/static.africa-press.net\/madagascar\/sites\/56\/2023\/12\/sm_1703254485.784834.jpg\",\"keywords\":[\"Africa Press\",\"Africa Press-Madagascar\",\"Madagascar\"],\"articleSection\":[\"Culture et Art\",\"Toutes les actualit\u00e9s\"],\"inLanguage\":\"fr-FR\",\"potentialAction\":[{\"@type\":\"CommentAction\",\"name\":\"Comment\",\"target\":[\"https:\/\/www.africa-press.net\/madagascar\/culture-et-art\/comedie-musicale-maman-jai-rate-lenlevement-2-a-laffiche#respond\"]}]},{\"@type\":\"WebPage\",\"@id\":\"https:\/\/www.africa-press.net\/madagascar\/culture-et-art\/comedie-musicale-maman-jai-rate-lenlevement-2-a-laffiche\",\"url\":\"https:\/\/www.africa-press.net\/madagascar\/culture-et-art\/comedie-musicale-maman-jai-rate-lenlevement-2-a-laffiche\",\"name\":\"COM\u00c9DIE MUSICALE - \u00ab Maman, j\u2019ai rat\u00e9 l\u2019enl\u00e8vement 2 \u00bb \u00e0 l\u2019affiche - Madagascar\",\"isPartOf\":{\"@id\":\"https:\/\/www.africa-press.net\/madagascar\/#website\"},\"primaryImageOfPage\":{\"@id\":\"https:\/\/www.africa-press.net\/madagascar\/culture-et-art\/comedie-musicale-maman-jai-rate-lenlevement-2-a-laffiche#primaryimage\"},\"image\":{\"@id\":\"https:\/\/www.africa-press.net\/madagascar\/culture-et-art\/comedie-musicale-maman-jai-rate-lenlevement-2-a-laffiche#primaryimage\"},\"thumbnailUrl\":\"https:\/\/static.africa-press.net\/madagascar\/sites\/56\/2023\/12\/sm_1703254485.784834.jpg\",\"datePublished\":\"2023-12-22T17:11:43+00:00\",\"dateModified\":\"2023-12-22T18:49:19+00:00\",\"author\":{\"@id\":\"https:\/\/www.africa-press.net\/madagascar\/#\/schema\/person\/2b1cf3cd81a31e3cd26889ca66d677f1\"},\"description\":\"Suite au succe\u0300s retentissant du Tome 1 de \u00abMaman, j\u2019ai rate\u0301 l\u2019enle\u0300vement\u00bb, qui a suscite\u0301 un vif inte\u0301re\u0302t au Palais ...\",\"breadcrumb\":{\"@id\":\"https:\/\/www.africa-press.net\/madagascar\/culture-et-art\/comedie-musicale-maman-jai-rate-lenlevement-2-a-laffiche#breadcrumb\"},\"inLanguage\":\"fr-FR\",\"potentialAction\":[{\"@type\":\"ReadAction\",\"target\":[\"https:\/\/www.africa-press.net\/madagascar\/culture-et-art\/comedie-musicale-maman-jai-rate-lenlevement-2-a-laffiche\"]}]},{\"@type\":\"ImageObject\",\"inLanguage\":\"fr-FR\",\"@id\":\"https:\/\/www.africa-press.net\/madagascar\/culture-et-art\/comedie-musicale-maman-jai-rate-lenlevement-2-a-laffiche#primaryimage\",\"url\":\"https:\/\/static.africa-press.net\/madagascar\/sites\/56\/2023\/12\/sm_1703254485.784834.jpg\",\"contentUrl\":\"https:\/\/static.africa-press.net\/madagascar\/sites\/56\/2023\/12\/sm_1703254485.784834.jpg\",\"width\":711,\"height\":472,\"caption\":\"COM\u00c9DIE MUSICALE - \u00ab Maman, j\u2019ai rat\u00e9 l\u2019enl\u00e8vement 2 \u00bb \u00e0 l\u2019affiche\"},{\"@type\":\"BreadcrumbList\",\"@id\":\"https:\/\/www.africa-press.net\/madagascar\/culture-et-art\/comedie-musicale-maman-jai-rate-lenlevement-2-a-laffiche#breadcrumb\",\"itemListElement\":[{\"@type\":\"ListItem\",\"position\":1,\"name\":\"Accueil\",\"item\":\"https:\/\/www.africa-press.net\/madagascar\/\"},{\"@type\":\"ListItem\",\"position\":2,\"name\":\"COM\u00c9DIE MUSICALE &#8211; \u00ab Maman, j\u2019ai rat\u00e9 l\u2019enl\u00e8vement 2 \u00bb \u00e0 l\u2019affiche\"}]},{\"@type\":\"WebSite\",\"@id\":\"https:\/\/www.africa-press.net\/madagascar\/#website\",\"url\":\"https:\/\/www.africa-press.net\/madagascar\/\",\"name\":\"Madagascar\",\"description\":\"Just another Africa News Agency Sites site\",\"potentialAction\":[{\"@type\":\"SearchAction\",\"target\":{\"@type\":\"EntryPoint\",\"urlTemplate\":\"https:\/\/www.africa-press.net\/madagascar\/?s={search_term_string}\"},\"query-input\":{\"@type\":\"PropertyValueSpecification\",\"valueRequired\":true,\"valueName\":\"search_term_string\"}}],\"inLanguage\":\"fr-FR\"},{\"@type\":\"Person\",\"@id\":\"https:\/\/www.africa-press.net\/madagascar\/#\/schema\/person\/2b1cf3cd81a31e3cd26889ca66d677f1\",\"name\":\"cfeditorfr\"}]}<\/script>\n<!-- \/ Yoast SEO Premium plugin. -->","yoast_head_json":{"title":"COM\u00c9DIE MUSICALE - \u00ab Maman, j\u2019ai rat\u00e9 l\u2019enl\u00e8vement 2 \u00bb \u00e0 l\u2019affiche - Madagascar","description":"Suite au succe\u0300s retentissant du Tome 1 de \u00abMaman, j\u2019ai rate\u0301 l\u2019enle\u0300vement\u00bb, qui a suscite\u0301 un vif inte\u0301re\u0302t au Palais ...","robots":{"index":"index","follow":"follow","max-snippet":"max-snippet:-1","max-image-preview":"max-image-preview:large","max-video-preview":"max-video-preview:-1"},"canonical":"https:\/\/www.africa-press.net\/madagascar\/culture-et-art\/comedie-musicale-maman-jai-rate-lenlevement-2-a-laffiche","og_locale":"fr_FR","og_type":"article","og_title":"COM\u00c9DIE MUSICALE - \u00ab Maman, j\u2019ai rat\u00e9 l\u2019enl\u00e8vement 2 \u00bb \u00e0 l\u2019affiche","og_description":"Suite au succe\u0300s retentissant du Tome 1 de \u00abMaman, j\u2019ai rate\u0301 l\u2019enle\u0300vement\u00bb, qui a suscite\u0301 un vif inte\u0301re\u0302t au Palais ...","og_url":"https:\/\/www.africa-press.net\/madagascar\/culture-et-art\/comedie-musicale-maman-jai-rate-lenlevement-2-a-laffiche","og_site_name":"Madagascar","article_published_time":"2023-12-22T17:11:43+00:00","article_modified_time":"2023-12-22T18:49:19+00:00","og_image":[{"width":711,"height":472,"url":"https:\/\/static.africa-press.net\/madagascar\/sites\/56\/2023\/12\/sm_1703254485.784834.jpg","type":"image\/jpeg"}],"author":"cfeditorfr","twitter_card":"summary_large_image","twitter_misc":{"\u00c9crit par":"cfeditorfr","Dur\u00e9e de lecture estim\u00e9e":"3 minutes"},"schema":{"@context":"https:\/\/schema.org","@graph":[{"@type":"Article","@id":"https:\/\/www.africa-press.net\/madagascar\/culture-et-art\/comedie-musicale-maman-jai-rate-lenlevement-2-a-laffiche#article","isPartOf":{"@id":"https:\/\/www.africa-press.net\/madagascar\/culture-et-art\/comedie-musicale-maman-jai-rate-lenlevement-2-a-laffiche"},"author":{"name":"cfeditorfr","@id":"https:\/\/www.africa-press.net\/madagascar\/#\/schema\/person\/2b1cf3cd81a31e3cd26889ca66d677f1"},"headline":"COM\u00c9DIE MUSICALE &#8211; \u00ab Maman, j\u2019ai rat\u00e9 l\u2019enl\u00e8vement 2 \u00bb \u00e0 l\u2019affiche","datePublished":"2023-12-22T17:11:43+00:00","dateModified":"2023-12-22T18:49:19+00:00","mainEntityOfPage":{"@id":"https:\/\/www.africa-press.net\/madagascar\/culture-et-art\/comedie-musicale-maman-jai-rate-lenlevement-2-a-laffiche"},"wordCount":627,"commentCount":0,"image":{"@id":"https:\/\/www.africa-press.net\/madagascar\/culture-et-art\/comedie-musicale-maman-jai-rate-lenlevement-2-a-laffiche#primaryimage"},"thumbnailUrl":"https:\/\/static.africa-press.net\/madagascar\/sites\/56\/2023\/12\/sm_1703254485.784834.jpg","keywords":["Africa Press","Africa Press-Madagascar","Madagascar"],"articleSection":["Culture et Art","Toutes les actualit\u00e9s"],"inLanguage":"fr-FR","potentialAction":[{"@type":"CommentAction","name":"Comment","target":["https:\/\/www.africa-press.net\/madagascar\/culture-et-art\/comedie-musicale-maman-jai-rate-lenlevement-2-a-laffiche#respond"]}]},{"@type":"WebPage","@id":"https:\/\/www.africa-press.net\/madagascar\/culture-et-art\/comedie-musicale-maman-jai-rate-lenlevement-2-a-laffiche","url":"https:\/\/www.africa-press.net\/madagascar\/culture-et-art\/comedie-musicale-maman-jai-rate-lenlevement-2-a-laffiche","name":"COM\u00c9DIE MUSICALE - \u00ab Maman, j\u2019ai rat\u00e9 l\u2019enl\u00e8vement 2 \u00bb \u00e0 l\u2019affiche - Madagascar","isPartOf":{"@id":"https:\/\/www.africa-press.net\/madagascar\/#website"},"primaryImageOfPage":{"@id":"https:\/\/www.africa-press.net\/madagascar\/culture-et-art\/comedie-musicale-maman-jai-rate-lenlevement-2-a-laffiche#primaryimage"},"image":{"@id":"https:\/\/www.africa-press.net\/madagascar\/culture-et-art\/comedie-musicale-maman-jai-rate-lenlevement-2-a-laffiche#primaryimage"},"thumbnailUrl":"https:\/\/static.africa-press.net\/madagascar\/sites\/56\/2023\/12\/sm_1703254485.784834.jpg","datePublished":"2023-12-22T17:11:43+00:00","dateModified":"2023-12-22T18:49:19+00:00","author":{"@id":"https:\/\/www.africa-press.net\/madagascar\/#\/schema\/person\/2b1cf3cd81a31e3cd26889ca66d677f1"},"description":"Suite au succe\u0300s retentissant du Tome 1 de \u00abMaman, j\u2019ai rate\u0301 l\u2019enle\u0300vement\u00bb, qui a suscite\u0301 un vif inte\u0301re\u0302t au Palais ...","breadcrumb":{"@id":"https:\/\/www.africa-press.net\/madagascar\/culture-et-art\/comedie-musicale-maman-jai-rate-lenlevement-2-a-laffiche#breadcrumb"},"inLanguage":"fr-FR","potentialAction":[{"@type":"ReadAction","target":["https:\/\/www.africa-press.net\/madagascar\/culture-et-art\/comedie-musicale-maman-jai-rate-lenlevement-2-a-laffiche"]}]},{"@type":"ImageObject","inLanguage":"fr-FR","@id":"https:\/\/www.africa-press.net\/madagascar\/culture-et-art\/comedie-musicale-maman-jai-rate-lenlevement-2-a-laffiche#primaryimage","url":"https:\/\/static.africa-press.net\/madagascar\/sites\/56\/2023\/12\/sm_1703254485.784834.jpg","contentUrl":"https:\/\/static.africa-press.net\/madagascar\/sites\/56\/2023\/12\/sm_1703254485.784834.jpg","width":711,"height":472,"caption":"COM\u00c9DIE MUSICALE - \u00ab Maman, j\u2019ai rat\u00e9 l\u2019enl\u00e8vement 2 \u00bb \u00e0 l\u2019affiche"},{"@type":"BreadcrumbList","@id":"https:\/\/www.africa-press.net\/madagascar\/culture-et-art\/comedie-musicale-maman-jai-rate-lenlevement-2-a-laffiche#breadcrumb","itemListElement":[{"@type":"ListItem","position":1,"name":"Accueil","item":"https:\/\/www.africa-press.net\/madagascar\/"},{"@type":"ListItem","position":2,"name":"COM\u00c9DIE MUSICALE &#8211; \u00ab Maman, j\u2019ai rat\u00e9 l\u2019enl\u00e8vement 2 \u00bb \u00e0 l\u2019affiche"}]},{"@type":"WebSite","@id":"https:\/\/www.africa-press.net\/madagascar\/#website","url":"https:\/\/www.africa-press.net\/madagascar\/","name":"Madagascar","description":"Just another Africa News Agency Sites site","potentialAction":[{"@type":"SearchAction","target":{"@type":"EntryPoint","urlTemplate":"https:\/\/www.africa-press.net\/madagascar\/?s={search_term_string}"},"query-input":{"@type":"PropertyValueSpecification","valueRequired":true,"valueName":"search_term_string"}}],"inLanguage":"fr-FR"},{"@type":"Person","@id":"https:\/\/www.africa-press.net\/madagascar\/#\/schema\/person\/2b1cf3cd81a31e3cd26889ca66d677f1","name":"cfeditorfr"}]}},"_links":{"self":[{"href":"https:\/\/www.africa-press.net\/madagascar\/wp-json\/wp\/v2\/posts\/23154","targetHints":{"allow":["GET"]}}],"collection":[{"href":"https:\/\/www.africa-press.net\/madagascar\/wp-json\/wp\/v2\/posts"}],"about":[{"href":"https:\/\/www.africa-press.net\/madagascar\/wp-json\/wp\/v2\/types\/post"}],"author":[{"embeddable":true,"href":"https:\/\/www.africa-press.net\/madagascar\/wp-json\/wp\/v2\/users\/82"}],"replies":[{"embeddable":true,"href":"https:\/\/www.africa-press.net\/madagascar\/wp-json\/wp\/v2\/comments?post=23154"}],"version-history":[{"count":0,"href":"https:\/\/www.africa-press.net\/madagascar\/wp-json\/wp\/v2\/posts\/23154\/revisions"}],"wp:featuredmedia":[{"embeddable":true,"href":"https:\/\/www.africa-press.net\/madagascar\/wp-json\/wp\/v2\/media\/23153"}],"wp:attachment":[{"href":"https:\/\/www.africa-press.net\/madagascar\/wp-json\/wp\/v2\/media?parent=23154"}],"wp:term":[{"taxonomy":"category","embeddable":true,"href":"https:\/\/www.africa-press.net\/madagascar\/wp-json\/wp\/v2\/categories?post=23154"},{"taxonomy":"post_tag","embeddable":true,"href":"https:\/\/www.africa-press.net\/madagascar\/wp-json\/wp\/v2\/tags?post=23154"}],"curies":[{"name":"wp","href":"https:\/\/api.w.org\/{rel}","templated":true}]}}