{"id":23162,"date":"2023-12-23T11:25:21","date_gmt":"2023-12-23T11:25:21","guid":{"rendered":"https:\/\/www.africa-press.net\/madagascar\/politique\/coalition-politique-sendrison-raderanirina-propose-une-collaboration-avec-le-regime"},"modified":"2023-12-23T12:36:26","modified_gmt":"2023-12-23T12:36:26","slug":"coalition-politique-sendrison-raderanirina-propose-une-collaboration-avec-le-regime","status":"publish","type":"post","link":"https:\/\/www.africa-press.net\/madagascar\/politique\/coalition-politique-sendrison-raderanirina-propose-une-collaboration-avec-le-regime","title":{"rendered":"COALITION POLITIQUE &#8211; Sendrison Raderanirina propose une collaboration avec le r\u00e9gime"},"content":{"rendered":"<p><span style=\"color: #ff6600\"><strong>Africa-Press &#8211; Madagascar. <\/strong><\/span>Le parti Fy-M de Sendrison Daniela Raderanirina se de\u0301clare pre\u0302t a\u0300 collaborer avec le re\u0301gime en place pour trouver une solution a\u0300 la pauvrete\u0301, dans la transparence de la mise en \u0153uvre de la politique ge\u0301ne\u0301rale de l\u2019E\u0301tat ainsi qu\u2019a\u0300 la mise en place d\u2019une structure pour le suivi de la relation avec la base.<\/p>\n<p>A\u0300 noter qu\u2019apre\u0300s l\u2019annonce de la victoire de Andry Rajoelina par la HCC, Sendrison Daniela Raderanirina est le premier de ses adversaires a\u0300 le fe\u0301liciter et de\u0301clare en me\u0302me temps qu\u2019il accepte sa de\u0301faite en tant que de\u0301mocrate. Jusqu\u2019a\u0300 pre\u0301sent, la nature de cette collaboration reste inconnue, cependant, il est probable que le patron du Fy-M convoite une place dans la haute sphe\u0300re de la politique du pays. Reste a\u0300 savoir si Andry Rajoelina veut de son aide.<\/p>\n<p><strong>Pour plus d&rsquo;informations et d&rsquo;analyses sur la <a href=\"https:\/\/www.africa-press.net\/madagascar\">Madagascar<\/a>, suivez <a href=\"https:\/\/www.africa-press.net\/\">Africa-Press<\/a><\/strong><\/p>\n","protected":false},"excerpt":{"rendered":"<p>Africa-Press &#8211; Madagascar. Le parti Fy-M de Sendrison Daniela Raderanirina se de\u0301clare pre\u0302t a\u0300 collaborer avec le re\u0301gime en place pour trouver une solution a\u0300 la pauvrete\u0301, dans la transparence de la mise en \u0153uvre de la politique ge\u0301ne\u0301rale de l\u2019E\u0301tat ainsi qu\u2019a\u0300 la mise en place d\u2019une structure pour le suivi de la relation [&hellip;]<\/p>\n","protected":false},"author":82,"featured_media":23161,"comment_status":"open","ping_status":"closed","sticky":false,"template":"","format":"standard","meta":{"footnotes":""},"categories":[2,10],"tags":[36,50,49],"class_list":["post-23162","post","type-post","status-publish","format-standard","has-post-thumbnail","hentry","category-politique","category-toutes-les-actualites","tag-africa-press","tag-africa-press-madagascar","tag-madagascar"],"yoast_head":"<!-- This site is optimized with the Yoast SEO Premium plugin v26.1 (Yoast SEO v27.0) - https:\/\/yoast.com\/product\/yoast-seo-premium-wordpress\/ -->\n<title>COALITION POLITIQUE - Sendrison Raderanirina propose une collaboration avec le r\u00e9gime - Madagascar<\/title>\n<meta name=\"description\" content=\"Le parti Fy-M de Sendrison Daniela Raderanirina se de\u0301clare pre\u0302t a\u0300 collaborer avec le re\u0301gime en place pour trouver un ...\" \/>\n<meta name=\"robots\" content=\"index, follow, max-snippet:-1, max-image-preview:large, max-video-preview:-1\" \/>\n<link rel=\"canonical\" href=\"https:\/\/www.africa-press.net\/madagascar\/politique\/coalition-politique-sendrison-raderanirina-propose-une-collaboration-avec-le-regime\" \/>\n<meta property=\"og:locale\" content=\"fr_FR\" \/>\n<meta property=\"og:type\" content=\"article\" \/>\n<meta property=\"og:title\" content=\"COALITION POLITIQUE - Sendrison Raderanirina propose une collaboration avec le r\u00e9gime\" \/>\n<meta property=\"og:description\" content=\"Le parti Fy-M de Sendrison Daniela Raderanirina se de\u0301clare pre\u0302t a\u0300 collaborer avec le re\u0301gime en place pour trouver un ...\" \/>\n<meta property=\"og:url\" content=\"https:\/\/www.africa-press.net\/madagascar\/politique\/coalition-politique-sendrison-raderanirina-propose-une-collaboration-avec-le-regime\" \/>\n<meta property=\"og:site_name\" content=\"Madagascar\" \/>\n<meta property=\"article:published_time\" content=\"2023-12-23T11:25:21+00:00\" \/>\n<meta property=\"article:modified_time\" content=\"2023-12-23T12:36:26+00:00\" \/>\n<meta property=\"og:image\" content=\"https:\/\/static.africa-press.net\/madagascar\/sites\/56\/2023\/12\/sm_1703318740.734034.jpg\" \/>\n\t<meta property=\"og:image:width\" content=\"1262\" \/>\n\t<meta property=\"og:image:height\" content=\"565\" \/>\n\t<meta property=\"og:image:type\" content=\"image\/jpeg\" \/>\n<meta name=\"author\" content=\"cfeditorfr\" \/>\n<meta name=\"twitter:card\" content=\"summary_large_image\" \/>\n<meta name=\"twitter:label1\" content=\"\u00c9crit par\" \/>\n\t<meta name=\"twitter:data1\" content=\"cfeditorfr\" \/>\n\t<meta name=\"twitter:label2\" content=\"Dur\u00e9e de lecture estim\u00e9e\" \/>\n\t<meta name=\"twitter:data2\" content=\"1 minute\" \/>\n<script type=\"application\/ld+json\" class=\"yoast-schema-graph\">{\"@context\":\"https:\/\/schema.org\",\"@graph\":[{\"@type\":\"Article\",\"@id\":\"https:\/\/www.africa-press.net\/madagascar\/politique\/coalition-politique-sendrison-raderanirina-propose-une-collaboration-avec-le-regime#article\",\"isPartOf\":{\"@id\":\"https:\/\/www.africa-press.net\/madagascar\/politique\/coalition-politique-sendrison-raderanirina-propose-une-collaboration-avec-le-regime\"},\"author\":{\"name\":\"cfeditorfr\",\"@id\":\"https:\/\/www.africa-press.net\/madagascar\/#\/schema\/person\/2b1cf3cd81a31e3cd26889ca66d677f1\"},\"headline\":\"COALITION POLITIQUE &#8211; Sendrison Raderanirina propose une collaboration avec le r\u00e9gime\",\"datePublished\":\"2023-12-23T11:25:21+00:00\",\"dateModified\":\"2023-12-23T12:36:26+00:00\",\"mainEntityOfPage\":{\"@id\":\"https:\/\/www.africa-press.net\/madagascar\/politique\/coalition-politique-sendrison-raderanirina-propose-une-collaboration-avec-le-regime\"},\"wordCount\":181,\"commentCount\":0,\"image\":{\"@id\":\"https:\/\/www.africa-press.net\/madagascar\/politique\/coalition-politique-sendrison-raderanirina-propose-une-collaboration-avec-le-regime#primaryimage\"},\"thumbnailUrl\":\"https:\/\/static.africa-press.net\/madagascar\/sites\/56\/2023\/12\/sm_1703318740.734034.jpg\",\"keywords\":[\"Africa Press\",\"Africa Press-Madagascar\",\"Madagascar\"],\"articleSection\":[\"Politique\",\"Toutes les actualit\u00e9s\"],\"inLanguage\":\"fr-FR\",\"potentialAction\":[{\"@type\":\"CommentAction\",\"name\":\"Comment\",\"target\":[\"https:\/\/www.africa-press.net\/madagascar\/politique\/coalition-politique-sendrison-raderanirina-propose-une-collaboration-avec-le-regime#respond\"]}]},{\"@type\":\"WebPage\",\"@id\":\"https:\/\/www.africa-press.net\/madagascar\/politique\/coalition-politique-sendrison-raderanirina-propose-une-collaboration-avec-le-regime\",\"url\":\"https:\/\/www.africa-press.net\/madagascar\/politique\/coalition-politique-sendrison-raderanirina-propose-une-collaboration-avec-le-regime\",\"name\":\"COALITION POLITIQUE - Sendrison Raderanirina propose une collaboration avec le r\u00e9gime - Madagascar\",\"isPartOf\":{\"@id\":\"https:\/\/www.africa-press.net\/madagascar\/#website\"},\"primaryImageOfPage\":{\"@id\":\"https:\/\/www.africa-press.net\/madagascar\/politique\/coalition-politique-sendrison-raderanirina-propose-une-collaboration-avec-le-regime#primaryimage\"},\"image\":{\"@id\":\"https:\/\/www.africa-press.net\/madagascar\/politique\/coalition-politique-sendrison-raderanirina-propose-une-collaboration-avec-le-regime#primaryimage\"},\"thumbnailUrl\":\"https:\/\/static.africa-press.net\/madagascar\/sites\/56\/2023\/12\/sm_1703318740.734034.jpg\",\"datePublished\":\"2023-12-23T11:25:21+00:00\",\"dateModified\":\"2023-12-23T12:36:26+00:00\",\"author\":{\"@id\":\"https:\/\/www.africa-press.net\/madagascar\/#\/schema\/person\/2b1cf3cd81a31e3cd26889ca66d677f1\"},\"description\":\"Le parti Fy-M de Sendrison Daniela Raderanirina se de\u0301clare pre\u0302t a\u0300 collaborer avec le re\u0301gime en place pour trouver un ...\",\"breadcrumb\":{\"@id\":\"https:\/\/www.africa-press.net\/madagascar\/politique\/coalition-politique-sendrison-raderanirina-propose-une-collaboration-avec-le-regime#breadcrumb\"},\"inLanguage\":\"fr-FR\",\"potentialAction\":[{\"@type\":\"ReadAction\",\"target\":[\"https:\/\/www.africa-press.net\/madagascar\/politique\/coalition-politique-sendrison-raderanirina-propose-une-collaboration-avec-le-regime\"]}]},{\"@type\":\"ImageObject\",\"inLanguage\":\"fr-FR\",\"@id\":\"https:\/\/www.africa-press.net\/madagascar\/politique\/coalition-politique-sendrison-raderanirina-propose-une-collaboration-avec-le-regime#primaryimage\",\"url\":\"https:\/\/static.africa-press.net\/madagascar\/sites\/56\/2023\/12\/sm_1703318740.734034.jpg\",\"contentUrl\":\"https:\/\/static.africa-press.net\/madagascar\/sites\/56\/2023\/12\/sm_1703318740.734034.jpg\",\"width\":1262,\"height\":565,\"caption\":\"COALITION POLITIQUE - Sendrison Raderanirina propose une collaboration avec le r\u00e9gime\"},{\"@type\":\"BreadcrumbList\",\"@id\":\"https:\/\/www.africa-press.net\/madagascar\/politique\/coalition-politique-sendrison-raderanirina-propose-une-collaboration-avec-le-regime#breadcrumb\",\"itemListElement\":[{\"@type\":\"ListItem\",\"position\":1,\"name\":\"Accueil\",\"item\":\"https:\/\/www.africa-press.net\/madagascar\/\"},{\"@type\":\"ListItem\",\"position\":2,\"name\":\"COALITION POLITIQUE &#8211; Sendrison Raderanirina propose une collaboration avec le r\u00e9gime\"}]},{\"@type\":\"WebSite\",\"@id\":\"https:\/\/www.africa-press.net\/madagascar\/#website\",\"url\":\"https:\/\/www.africa-press.net\/madagascar\/\",\"name\":\"Madagascar\",\"description\":\"Just another Africa News Agency Sites site\",\"potentialAction\":[{\"@type\":\"SearchAction\",\"target\":{\"@type\":\"EntryPoint\",\"urlTemplate\":\"https:\/\/www.africa-press.net\/madagascar\/?s={search_term_string}\"},\"query-input\":{\"@type\":\"PropertyValueSpecification\",\"valueRequired\":true,\"valueName\":\"search_term_string\"}}],\"inLanguage\":\"fr-FR\"},{\"@type\":\"Person\",\"@id\":\"https:\/\/www.africa-press.net\/madagascar\/#\/schema\/person\/2b1cf3cd81a31e3cd26889ca66d677f1\",\"name\":\"cfeditorfr\"}]}<\/script>\n<!-- \/ Yoast SEO Premium plugin. -->","yoast_head_json":{"title":"COALITION POLITIQUE - Sendrison Raderanirina propose une collaboration avec le r\u00e9gime - Madagascar","description":"Le parti Fy-M de Sendrison Daniela Raderanirina se de\u0301clare pre\u0302t a\u0300 collaborer avec le re\u0301gime en place pour trouver un ...","robots":{"index":"index","follow":"follow","max-snippet":"max-snippet:-1","max-image-preview":"max-image-preview:large","max-video-preview":"max-video-preview:-1"},"canonical":"https:\/\/www.africa-press.net\/madagascar\/politique\/coalition-politique-sendrison-raderanirina-propose-une-collaboration-avec-le-regime","og_locale":"fr_FR","og_type":"article","og_title":"COALITION POLITIQUE - Sendrison Raderanirina propose une collaboration avec le r\u00e9gime","og_description":"Le parti Fy-M de Sendrison Daniela Raderanirina se de\u0301clare pre\u0302t a\u0300 collaborer avec le re\u0301gime en place pour trouver un ...","og_url":"https:\/\/www.africa-press.net\/madagascar\/politique\/coalition-politique-sendrison-raderanirina-propose-une-collaboration-avec-le-regime","og_site_name":"Madagascar","article_published_time":"2023-12-23T11:25:21+00:00","article_modified_time":"2023-12-23T12:36:26+00:00","og_image":[{"width":1262,"height":565,"url":"https:\/\/static.africa-press.net\/madagascar\/sites\/56\/2023\/12\/sm_1703318740.734034.jpg","type":"image\/jpeg"}],"author":"cfeditorfr","twitter_card":"summary_large_image","twitter_misc":{"\u00c9crit par":"cfeditorfr","Dur\u00e9e de lecture estim\u00e9e":"1 minute"},"schema":{"@context":"https:\/\/schema.org","@graph":[{"@type":"Article","@id":"https:\/\/www.africa-press.net\/madagascar\/politique\/coalition-politique-sendrison-raderanirina-propose-une-collaboration-avec-le-regime#article","isPartOf":{"@id":"https:\/\/www.africa-press.net\/madagascar\/politique\/coalition-politique-sendrison-raderanirina-propose-une-collaboration-avec-le-regime"},"author":{"name":"cfeditorfr","@id":"https:\/\/www.africa-press.net\/madagascar\/#\/schema\/person\/2b1cf3cd81a31e3cd26889ca66d677f1"},"headline":"COALITION POLITIQUE &#8211; Sendrison Raderanirina propose une collaboration avec le r\u00e9gime","datePublished":"2023-12-23T11:25:21+00:00","dateModified":"2023-12-23T12:36:26+00:00","mainEntityOfPage":{"@id":"https:\/\/www.africa-press.net\/madagascar\/politique\/coalition-politique-sendrison-raderanirina-propose-une-collaboration-avec-le-regime"},"wordCount":181,"commentCount":0,"image":{"@id":"https:\/\/www.africa-press.net\/madagascar\/politique\/coalition-politique-sendrison-raderanirina-propose-une-collaboration-avec-le-regime#primaryimage"},"thumbnailUrl":"https:\/\/static.africa-press.net\/madagascar\/sites\/56\/2023\/12\/sm_1703318740.734034.jpg","keywords":["Africa Press","Africa Press-Madagascar","Madagascar"],"articleSection":["Politique","Toutes les actualit\u00e9s"],"inLanguage":"fr-FR","potentialAction":[{"@type":"CommentAction","name":"Comment","target":["https:\/\/www.africa-press.net\/madagascar\/politique\/coalition-politique-sendrison-raderanirina-propose-une-collaboration-avec-le-regime#respond"]}]},{"@type":"WebPage","@id":"https:\/\/www.africa-press.net\/madagascar\/politique\/coalition-politique-sendrison-raderanirina-propose-une-collaboration-avec-le-regime","url":"https:\/\/www.africa-press.net\/madagascar\/politique\/coalition-politique-sendrison-raderanirina-propose-une-collaboration-avec-le-regime","name":"COALITION POLITIQUE - Sendrison Raderanirina propose une collaboration avec le r\u00e9gime - Madagascar","isPartOf":{"@id":"https:\/\/www.africa-press.net\/madagascar\/#website"},"primaryImageOfPage":{"@id":"https:\/\/www.africa-press.net\/madagascar\/politique\/coalition-politique-sendrison-raderanirina-propose-une-collaboration-avec-le-regime#primaryimage"},"image":{"@id":"https:\/\/www.africa-press.net\/madagascar\/politique\/coalition-politique-sendrison-raderanirina-propose-une-collaboration-avec-le-regime#primaryimage"},"thumbnailUrl":"https:\/\/static.africa-press.net\/madagascar\/sites\/56\/2023\/12\/sm_1703318740.734034.jpg","datePublished":"2023-12-23T11:25:21+00:00","dateModified":"2023-12-23T12:36:26+00:00","author":{"@id":"https:\/\/www.africa-press.net\/madagascar\/#\/schema\/person\/2b1cf3cd81a31e3cd26889ca66d677f1"},"description":"Le parti Fy-M de Sendrison Daniela Raderanirina se de\u0301clare pre\u0302t a\u0300 collaborer avec le re\u0301gime en place pour trouver un ...","breadcrumb":{"@id":"https:\/\/www.africa-press.net\/madagascar\/politique\/coalition-politique-sendrison-raderanirina-propose-une-collaboration-avec-le-regime#breadcrumb"},"inLanguage":"fr-FR","potentialAction":[{"@type":"ReadAction","target":["https:\/\/www.africa-press.net\/madagascar\/politique\/coalition-politique-sendrison-raderanirina-propose-une-collaboration-avec-le-regime"]}]},{"@type":"ImageObject","inLanguage":"fr-FR","@id":"https:\/\/www.africa-press.net\/madagascar\/politique\/coalition-politique-sendrison-raderanirina-propose-une-collaboration-avec-le-regime#primaryimage","url":"https:\/\/static.africa-press.net\/madagascar\/sites\/56\/2023\/12\/sm_1703318740.734034.jpg","contentUrl":"https:\/\/static.africa-press.net\/madagascar\/sites\/56\/2023\/12\/sm_1703318740.734034.jpg","width":1262,"height":565,"caption":"COALITION POLITIQUE - Sendrison Raderanirina propose une collaboration avec le r\u00e9gime"},{"@type":"BreadcrumbList","@id":"https:\/\/www.africa-press.net\/madagascar\/politique\/coalition-politique-sendrison-raderanirina-propose-une-collaboration-avec-le-regime#breadcrumb","itemListElement":[{"@type":"ListItem","position":1,"name":"Accueil","item":"https:\/\/www.africa-press.net\/madagascar\/"},{"@type":"ListItem","position":2,"name":"COALITION POLITIQUE &#8211; Sendrison Raderanirina propose une collaboration avec le r\u00e9gime"}]},{"@type":"WebSite","@id":"https:\/\/www.africa-press.net\/madagascar\/#website","url":"https:\/\/www.africa-press.net\/madagascar\/","name":"Madagascar","description":"Just another Africa News Agency Sites site","potentialAction":[{"@type":"SearchAction","target":{"@type":"EntryPoint","urlTemplate":"https:\/\/www.africa-press.net\/madagascar\/?s={search_term_string}"},"query-input":{"@type":"PropertyValueSpecification","valueRequired":true,"valueName":"search_term_string"}}],"inLanguage":"fr-FR"},{"@type":"Person","@id":"https:\/\/www.africa-press.net\/madagascar\/#\/schema\/person\/2b1cf3cd81a31e3cd26889ca66d677f1","name":"cfeditorfr"}]}},"_links":{"self":[{"href":"https:\/\/www.africa-press.net\/madagascar\/wp-json\/wp\/v2\/posts\/23162","targetHints":{"allow":["GET"]}}],"collection":[{"href":"https:\/\/www.africa-press.net\/madagascar\/wp-json\/wp\/v2\/posts"}],"about":[{"href":"https:\/\/www.africa-press.net\/madagascar\/wp-json\/wp\/v2\/types\/post"}],"author":[{"embeddable":true,"href":"https:\/\/www.africa-press.net\/madagascar\/wp-json\/wp\/v2\/users\/82"}],"replies":[{"embeddable":true,"href":"https:\/\/www.africa-press.net\/madagascar\/wp-json\/wp\/v2\/comments?post=23162"}],"version-history":[{"count":0,"href":"https:\/\/www.africa-press.net\/madagascar\/wp-json\/wp\/v2\/posts\/23162\/revisions"}],"wp:featuredmedia":[{"embeddable":true,"href":"https:\/\/www.africa-press.net\/madagascar\/wp-json\/wp\/v2\/media\/23161"}],"wp:attachment":[{"href":"https:\/\/www.africa-press.net\/madagascar\/wp-json\/wp\/v2\/media?parent=23162"}],"wp:term":[{"taxonomy":"category","embeddable":true,"href":"https:\/\/www.africa-press.net\/madagascar\/wp-json\/wp\/v2\/categories?post=23162"},{"taxonomy":"post_tag","embeddable":true,"href":"https:\/\/www.africa-press.net\/madagascar\/wp-json\/wp\/v2\/tags?post=23162"}],"curies":[{"name":"wp","href":"https:\/\/api.w.org\/{rel}","templated":true}]}}