{"id":23167,"date":"2023-12-23T11:31:06","date_gmt":"2023-12-23T11:31:06","guid":{"rendered":"https:\/\/www.africa-press.net\/madagascar\/politique\/retrospective-2023-une-annee-de-controverses-politiques"},"modified":"2023-12-23T12:37:16","modified_gmt":"2023-12-23T12:37:16","slug":"retrospective-2023-une-annee-de-controverses-politiques","status":"publish","type":"post","link":"https:\/\/www.africa-press.net\/madagascar\/politique\/retrospective-2023-une-annee-de-controverses-politiques","title":{"rendered":"R\u00c9TROSPECTIVE &#8211; 2023, une ann\u00e9e de controverses politiques"},"content":{"rendered":"<p><span style=\"color: #ff6600\"><strong>Africa-Press &#8211; Madagascar. <\/strong><\/span>Cette anne\u0301e 2023 touche a\u0300 sa fin. Andry Rajoelina est re\u0301e\u0301lu pour un second mandat a\u0300 la magistrature supre\u0302me et ce, de\u0300s le premier tour. Mais le climat politique tout au long de l\u2019anne\u0301e e\u0301tait e\u0301touffant avec son lot de pole\u0301miques et de controverses. Des affaires qui font ta\u0302che, une relation tumultueuse entre le gouvernement et l\u2019Assemble\u0301e nationale, des alliances contre-nature ainsi qu\u2019une e\u0301lection boucle\u0301e au premier tour ont ambiance\u0301 la sphe\u0300re politique durant cette anne\u0301e. Par rapport aux anne\u0301es e\u0301lectorales pre\u0301ce\u0301dentes, 2023 pre\u0301sente un bilan assez positif avec l\u2019absence d\u2019incident majeur durant le processus e\u0301lectoral malgre\u0301 de grosses protestations de\u0300s le de\u0301but de la campagne. Onze des treize candidats ont de\u0301cide\u0301 de boycotter la propagande et ont manifeste\u0301 dans la rue.<\/p>\n<p>Au beau milieu de l\u2019anne\u0301e, l\u2019affaire Romy Voos Andrianarisoa e\u0301clate au grand jour et la directrice de cabinet de la pre\u0301sidence de l\u2019e\u0301poque se trouve me\u0302ler a\u0300 une affaire de corruption aupre\u0300s d\u2019une socie\u0301te\u0301 extractive britannique \u00abGemfields\u00bb. Elle est de\u0301tenue a\u0300 Londres et attend son proce\u0300s au de\u0301but de l\u2019anne\u0301e prochaine.<\/p>\n<p>Situation ine\u0301dite<\/p>\n<p>Imme\u0301diatement apre\u0300s que l\u2019information ait circule\u0301e, la pre\u0301sidence de la Re\u0301publique prend ses pre\u0301cautions et de\u0301clare que Romy Andrianarisoa e\u0301tait a\u0300 Londres pour des raisons personnelles vu qu\u2019elle e\u0301tait en vacances. Quelques temps apre\u0300s, elle est remplace\u0301e. L\u2019opposition profite de l\u2019opportunite\u0301 pour essayer de discre\u0301diter le re\u0301gime surtout que la pre\u0301campagne bat son plein au moment de l\u2019affaire. Cette histoire hantera la Grande i\u0302le jusqu\u2019a\u0300 l\u2019heure du verdict.<\/p>\n<p>Depuis la tentative de motion de censure contre le gouvernement Christian Ntsay en fin d\u2019anne\u0301e dernie\u0300re a\u0300 l\u2019Assemble\u0301e nationale, la relation entre les deux institutions est confuse et cela se voyait tout au long de l\u2019anne\u0301e. Le report du face-a\u0300-face gouvernement\/Assemble\u0301e nationale contribue aussi a\u0300 la de\u0301te\u0301rioration de la relation entre Mahazoarivo et Tsimbazaza.<\/p>\n<p>Peu de temps avant l\u2019ouverture de la campagne e\u0301lectorale, le collectif des candidats voit le jour apre\u0300s que onze des treize candidats retenus par la HCC contestent la candidature de Andry Rajoelina, qu\u2019ils ne conside\u0300rent plus comme malgache. Ils contestent aussi la cre\u0301dibilite\u0301 et la le\u0301gitimite\u0301 de la Ceni et de la HCC. Cette alliance peut e\u0302tre conside\u0301re\u0301e comme contre-nature et la situation ine\u0301dite. Des adversaires qui collaborent, c\u2019est une premie\u0300re dans le pays, ce qui a permis aux onze de re\u0301unir leurs partisans respectifs lors des manifestations journalie\u0300res dans les rues de la capitale. Avec le temps, Siteny Randrianasoloniaiko s\u2019e\u0301carte du collectif et part en campagne pour concurrencer le patron des oranges a\u0300 la course a\u0300 la magistrature supre\u0302me.<\/p>\n<p>En fin de compte, tout cela n\u2019a servi a\u0300 rien vu que c\u2019est Andry Rajoelina qui a gagne\u0301 haut la main l\u2019e\u0301lection. L\u2019appel au Boycott du collectif n\u2019a finalement servi qu\u2019a\u0300 faciliter la victoire au premier tour du Pre\u0301sident Rajoelina. L\u2019avenir du collectif est en ce moment en suspens puisqu\u2019ils ne sont plus candidats et les inte\u0301re\u0302ts de chaque parti peuvent interfe\u0301rer avec ceux de la coalition. La semaine dernie\u0300re, l\u2019organisation a annonce\u0301 que ses membres sont pre\u0302ts pour les prochaines e\u0301che\u0301ances e\u0301lectorales. Mais en tant que collectif ou chacun pour soi ?<\/p>\n<p><strong>Pour plus d&rsquo;informations et d&rsquo;analyses sur la <a href=\"https:\/\/www.africa-press.net\/madagascar\">Madagascar<\/a>, suivez <a href=\"https:\/\/www.africa-press.net\/\">Africa-Press<\/a><\/strong><\/p>\n","protected":false},"excerpt":{"rendered":"<p>Africa-Press &#8211; Madagascar. Cette anne\u0301e 2023 touche a\u0300 sa fin. Andry Rajoelina est re\u0301e\u0301lu pour un second mandat a\u0300 la magistrature supre\u0302me et ce, de\u0300s le premier tour. Mais le climat politique tout au long de l\u2019anne\u0301e e\u0301tait e\u0301touffant avec son lot de pole\u0301miques et de controverses. Des affaires qui font ta\u0302che, une relation tumultueuse [&hellip;]<\/p>\n","protected":false},"author":82,"featured_media":23165,"comment_status":"open","ping_status":"closed","sticky":false,"template":"","format":"standard","meta":{"footnotes":""},"categories":[2,10],"tags":[36,50,49],"class_list":["post-23167","post","type-post","status-publish","format-standard","has-post-thumbnail","hentry","category-politique","category-toutes-les-actualites","tag-africa-press","tag-africa-press-madagascar","tag-madagascar"],"yoast_head":"<!-- This site is optimized with the Yoast SEO Premium plugin v26.1 (Yoast SEO v27.0) - https:\/\/yoast.com\/product\/yoast-seo-premium-wordpress\/ -->\n<title>R\u00c9TROSPECTIVE - 2023, une ann\u00e9e de controverses politiques - Madagascar<\/title>\n<meta name=\"description\" content=\"Cette anne\u0301e 2023 touche a\u0300 sa fin. Andry Rajoelina est re\u0301e\u0301lu pour un second mandat a\u0300 la magistrature supre\u0302me et ce, ...\" \/>\n<meta name=\"robots\" content=\"index, follow, max-snippet:-1, max-image-preview:large, max-video-preview:-1\" \/>\n<link rel=\"canonical\" href=\"https:\/\/www.africa-press.net\/madagascar\/politique\/retrospective-2023-une-annee-de-controverses-politiques\" \/>\n<meta property=\"og:locale\" content=\"fr_FR\" \/>\n<meta property=\"og:type\" content=\"article\" \/>\n<meta property=\"og:title\" content=\"R\u00c9TROSPECTIVE - 2023, une ann\u00e9e de controverses politiques\" \/>\n<meta property=\"og:description\" content=\"Cette anne\u0301e 2023 touche a\u0300 sa fin. Andry Rajoelina est re\u0301e\u0301lu pour un second mandat a\u0300 la magistrature supre\u0302me et ce, ...\" \/>\n<meta property=\"og:url\" content=\"https:\/\/www.africa-press.net\/madagascar\/politique\/retrospective-2023-une-annee-de-controverses-politiques\" \/>\n<meta property=\"og:site_name\" content=\"Madagascar\" \/>\n<meta property=\"article:published_time\" content=\"2023-12-23T11:31:06+00:00\" \/>\n<meta property=\"article:modified_time\" content=\"2023-12-23T12:37:16+00:00\" \/>\n<meta property=\"og:image\" content=\"https:\/\/static.africa-press.net\/madagascar\/sites\/56\/2023\/12\/sm_1703318778.210042.jpg\" \/>\n\t<meta property=\"og:image:width\" content=\"1042\" \/>\n\t<meta property=\"og:image:height\" content=\"586\" \/>\n\t<meta property=\"og:image:type\" content=\"image\/jpeg\" \/>\n<meta name=\"author\" content=\"cfeditorfr\" \/>\n<meta name=\"twitter:card\" content=\"summary_large_image\" \/>\n<meta name=\"twitter:label1\" content=\"\u00c9crit par\" \/>\n\t<meta name=\"twitter:data1\" content=\"cfeditorfr\" \/>\n\t<meta name=\"twitter:label2\" content=\"Dur\u00e9e de lecture estim\u00e9e\" \/>\n\t<meta name=\"twitter:data2\" content=\"3 minutes\" \/>\n<script type=\"application\/ld+json\" class=\"yoast-schema-graph\">{\"@context\":\"https:\/\/schema.org\",\"@graph\":[{\"@type\":\"Article\",\"@id\":\"https:\/\/www.africa-press.net\/madagascar\/politique\/retrospective-2023-une-annee-de-controverses-politiques#article\",\"isPartOf\":{\"@id\":\"https:\/\/www.africa-press.net\/madagascar\/politique\/retrospective-2023-une-annee-de-controverses-politiques\"},\"author\":{\"name\":\"cfeditorfr\",\"@id\":\"https:\/\/www.africa-press.net\/madagascar\/#\/schema\/person\/2b1cf3cd81a31e3cd26889ca66d677f1\"},\"headline\":\"R\u00c9TROSPECTIVE &#8211; 2023, une ann\u00e9e de controverses politiques\",\"datePublished\":\"2023-12-23T11:31:06+00:00\",\"dateModified\":\"2023-12-23T12:37:16+00:00\",\"mainEntityOfPage\":{\"@id\":\"https:\/\/www.africa-press.net\/madagascar\/politique\/retrospective-2023-une-annee-de-controverses-politiques\"},\"wordCount\":648,\"commentCount\":0,\"image\":{\"@id\":\"https:\/\/www.africa-press.net\/madagascar\/politique\/retrospective-2023-une-annee-de-controverses-politiques#primaryimage\"},\"thumbnailUrl\":\"https:\/\/static.africa-press.net\/madagascar\/sites\/56\/2023\/12\/sm_1703318778.210042.jpg\",\"keywords\":[\"Africa Press\",\"Africa Press-Madagascar\",\"Madagascar\"],\"articleSection\":[\"Politique\",\"Toutes les actualit\u00e9s\"],\"inLanguage\":\"fr-FR\",\"potentialAction\":[{\"@type\":\"CommentAction\",\"name\":\"Comment\",\"target\":[\"https:\/\/www.africa-press.net\/madagascar\/politique\/retrospective-2023-une-annee-de-controverses-politiques#respond\"]}]},{\"@type\":\"WebPage\",\"@id\":\"https:\/\/www.africa-press.net\/madagascar\/politique\/retrospective-2023-une-annee-de-controverses-politiques\",\"url\":\"https:\/\/www.africa-press.net\/madagascar\/politique\/retrospective-2023-une-annee-de-controverses-politiques\",\"name\":\"R\u00c9TROSPECTIVE - 2023, une ann\u00e9e de controverses politiques - Madagascar\",\"isPartOf\":{\"@id\":\"https:\/\/www.africa-press.net\/madagascar\/#website\"},\"primaryImageOfPage\":{\"@id\":\"https:\/\/www.africa-press.net\/madagascar\/politique\/retrospective-2023-une-annee-de-controverses-politiques#primaryimage\"},\"image\":{\"@id\":\"https:\/\/www.africa-press.net\/madagascar\/politique\/retrospective-2023-une-annee-de-controverses-politiques#primaryimage\"},\"thumbnailUrl\":\"https:\/\/static.africa-press.net\/madagascar\/sites\/56\/2023\/12\/sm_1703318778.210042.jpg\",\"datePublished\":\"2023-12-23T11:31:06+00:00\",\"dateModified\":\"2023-12-23T12:37:16+00:00\",\"author\":{\"@id\":\"https:\/\/www.africa-press.net\/madagascar\/#\/schema\/person\/2b1cf3cd81a31e3cd26889ca66d677f1\"},\"description\":\"Cette anne\u0301e 2023 touche a\u0300 sa fin. Andry Rajoelina est re\u0301e\u0301lu pour un second mandat a\u0300 la magistrature supre\u0302me et ce, ...\",\"breadcrumb\":{\"@id\":\"https:\/\/www.africa-press.net\/madagascar\/politique\/retrospective-2023-une-annee-de-controverses-politiques#breadcrumb\"},\"inLanguage\":\"fr-FR\",\"potentialAction\":[{\"@type\":\"ReadAction\",\"target\":[\"https:\/\/www.africa-press.net\/madagascar\/politique\/retrospective-2023-une-annee-de-controverses-politiques\"]}]},{\"@type\":\"ImageObject\",\"inLanguage\":\"fr-FR\",\"@id\":\"https:\/\/www.africa-press.net\/madagascar\/politique\/retrospective-2023-une-annee-de-controverses-politiques#primaryimage\",\"url\":\"https:\/\/static.africa-press.net\/madagascar\/sites\/56\/2023\/12\/sm_1703318778.210042.jpg\",\"contentUrl\":\"https:\/\/static.africa-press.net\/madagascar\/sites\/56\/2023\/12\/sm_1703318778.210042.jpg\",\"width\":1042,\"height\":586,\"caption\":\"R\u00c9TROSPECTIVE - 2023, une ann\u00e9e de controverses politiques\"},{\"@type\":\"BreadcrumbList\",\"@id\":\"https:\/\/www.africa-press.net\/madagascar\/politique\/retrospective-2023-une-annee-de-controverses-politiques#breadcrumb\",\"itemListElement\":[{\"@type\":\"ListItem\",\"position\":1,\"name\":\"Accueil\",\"item\":\"https:\/\/www.africa-press.net\/madagascar\/\"},{\"@type\":\"ListItem\",\"position\":2,\"name\":\"R\u00c9TROSPECTIVE &#8211; 2023, une ann\u00e9e de controverses politiques\"}]},{\"@type\":\"WebSite\",\"@id\":\"https:\/\/www.africa-press.net\/madagascar\/#website\",\"url\":\"https:\/\/www.africa-press.net\/madagascar\/\",\"name\":\"Madagascar\",\"description\":\"Just another Africa News Agency Sites site\",\"potentialAction\":[{\"@type\":\"SearchAction\",\"target\":{\"@type\":\"EntryPoint\",\"urlTemplate\":\"https:\/\/www.africa-press.net\/madagascar\/?s={search_term_string}\"},\"query-input\":{\"@type\":\"PropertyValueSpecification\",\"valueRequired\":true,\"valueName\":\"search_term_string\"}}],\"inLanguage\":\"fr-FR\"},{\"@type\":\"Person\",\"@id\":\"https:\/\/www.africa-press.net\/madagascar\/#\/schema\/person\/2b1cf3cd81a31e3cd26889ca66d677f1\",\"name\":\"cfeditorfr\"}]}<\/script>\n<!-- \/ Yoast SEO Premium plugin. -->","yoast_head_json":{"title":"R\u00c9TROSPECTIVE - 2023, une ann\u00e9e de controverses politiques - Madagascar","description":"Cette anne\u0301e 2023 touche a\u0300 sa fin. Andry Rajoelina est re\u0301e\u0301lu pour un second mandat a\u0300 la magistrature supre\u0302me et ce, ...","robots":{"index":"index","follow":"follow","max-snippet":"max-snippet:-1","max-image-preview":"max-image-preview:large","max-video-preview":"max-video-preview:-1"},"canonical":"https:\/\/www.africa-press.net\/madagascar\/politique\/retrospective-2023-une-annee-de-controverses-politiques","og_locale":"fr_FR","og_type":"article","og_title":"R\u00c9TROSPECTIVE - 2023, une ann\u00e9e de controverses politiques","og_description":"Cette anne\u0301e 2023 touche a\u0300 sa fin. Andry Rajoelina est re\u0301e\u0301lu pour un second mandat a\u0300 la magistrature supre\u0302me et ce, ...","og_url":"https:\/\/www.africa-press.net\/madagascar\/politique\/retrospective-2023-une-annee-de-controverses-politiques","og_site_name":"Madagascar","article_published_time":"2023-12-23T11:31:06+00:00","article_modified_time":"2023-12-23T12:37:16+00:00","og_image":[{"width":1042,"height":586,"url":"https:\/\/static.africa-press.net\/madagascar\/sites\/56\/2023\/12\/sm_1703318778.210042.jpg","type":"image\/jpeg"}],"author":"cfeditorfr","twitter_card":"summary_large_image","twitter_misc":{"\u00c9crit par":"cfeditorfr","Dur\u00e9e de lecture estim\u00e9e":"3 minutes"},"schema":{"@context":"https:\/\/schema.org","@graph":[{"@type":"Article","@id":"https:\/\/www.africa-press.net\/madagascar\/politique\/retrospective-2023-une-annee-de-controverses-politiques#article","isPartOf":{"@id":"https:\/\/www.africa-press.net\/madagascar\/politique\/retrospective-2023-une-annee-de-controverses-politiques"},"author":{"name":"cfeditorfr","@id":"https:\/\/www.africa-press.net\/madagascar\/#\/schema\/person\/2b1cf3cd81a31e3cd26889ca66d677f1"},"headline":"R\u00c9TROSPECTIVE &#8211; 2023, une ann\u00e9e de controverses politiques","datePublished":"2023-12-23T11:31:06+00:00","dateModified":"2023-12-23T12:37:16+00:00","mainEntityOfPage":{"@id":"https:\/\/www.africa-press.net\/madagascar\/politique\/retrospective-2023-une-annee-de-controverses-politiques"},"wordCount":648,"commentCount":0,"image":{"@id":"https:\/\/www.africa-press.net\/madagascar\/politique\/retrospective-2023-une-annee-de-controverses-politiques#primaryimage"},"thumbnailUrl":"https:\/\/static.africa-press.net\/madagascar\/sites\/56\/2023\/12\/sm_1703318778.210042.jpg","keywords":["Africa Press","Africa Press-Madagascar","Madagascar"],"articleSection":["Politique","Toutes les actualit\u00e9s"],"inLanguage":"fr-FR","potentialAction":[{"@type":"CommentAction","name":"Comment","target":["https:\/\/www.africa-press.net\/madagascar\/politique\/retrospective-2023-une-annee-de-controverses-politiques#respond"]}]},{"@type":"WebPage","@id":"https:\/\/www.africa-press.net\/madagascar\/politique\/retrospective-2023-une-annee-de-controverses-politiques","url":"https:\/\/www.africa-press.net\/madagascar\/politique\/retrospective-2023-une-annee-de-controverses-politiques","name":"R\u00c9TROSPECTIVE - 2023, une ann\u00e9e de controverses politiques - Madagascar","isPartOf":{"@id":"https:\/\/www.africa-press.net\/madagascar\/#website"},"primaryImageOfPage":{"@id":"https:\/\/www.africa-press.net\/madagascar\/politique\/retrospective-2023-une-annee-de-controverses-politiques#primaryimage"},"image":{"@id":"https:\/\/www.africa-press.net\/madagascar\/politique\/retrospective-2023-une-annee-de-controverses-politiques#primaryimage"},"thumbnailUrl":"https:\/\/static.africa-press.net\/madagascar\/sites\/56\/2023\/12\/sm_1703318778.210042.jpg","datePublished":"2023-12-23T11:31:06+00:00","dateModified":"2023-12-23T12:37:16+00:00","author":{"@id":"https:\/\/www.africa-press.net\/madagascar\/#\/schema\/person\/2b1cf3cd81a31e3cd26889ca66d677f1"},"description":"Cette anne\u0301e 2023 touche a\u0300 sa fin. Andry Rajoelina est re\u0301e\u0301lu pour un second mandat a\u0300 la magistrature supre\u0302me et ce, ...","breadcrumb":{"@id":"https:\/\/www.africa-press.net\/madagascar\/politique\/retrospective-2023-une-annee-de-controverses-politiques#breadcrumb"},"inLanguage":"fr-FR","potentialAction":[{"@type":"ReadAction","target":["https:\/\/www.africa-press.net\/madagascar\/politique\/retrospective-2023-une-annee-de-controverses-politiques"]}]},{"@type":"ImageObject","inLanguage":"fr-FR","@id":"https:\/\/www.africa-press.net\/madagascar\/politique\/retrospective-2023-une-annee-de-controverses-politiques#primaryimage","url":"https:\/\/static.africa-press.net\/madagascar\/sites\/56\/2023\/12\/sm_1703318778.210042.jpg","contentUrl":"https:\/\/static.africa-press.net\/madagascar\/sites\/56\/2023\/12\/sm_1703318778.210042.jpg","width":1042,"height":586,"caption":"R\u00c9TROSPECTIVE - 2023, une ann\u00e9e de controverses politiques"},{"@type":"BreadcrumbList","@id":"https:\/\/www.africa-press.net\/madagascar\/politique\/retrospective-2023-une-annee-de-controverses-politiques#breadcrumb","itemListElement":[{"@type":"ListItem","position":1,"name":"Accueil","item":"https:\/\/www.africa-press.net\/madagascar\/"},{"@type":"ListItem","position":2,"name":"R\u00c9TROSPECTIVE &#8211; 2023, une ann\u00e9e de controverses politiques"}]},{"@type":"WebSite","@id":"https:\/\/www.africa-press.net\/madagascar\/#website","url":"https:\/\/www.africa-press.net\/madagascar\/","name":"Madagascar","description":"Just another Africa News Agency Sites site","potentialAction":[{"@type":"SearchAction","target":{"@type":"EntryPoint","urlTemplate":"https:\/\/www.africa-press.net\/madagascar\/?s={search_term_string}"},"query-input":{"@type":"PropertyValueSpecification","valueRequired":true,"valueName":"search_term_string"}}],"inLanguage":"fr-FR"},{"@type":"Person","@id":"https:\/\/www.africa-press.net\/madagascar\/#\/schema\/person\/2b1cf3cd81a31e3cd26889ca66d677f1","name":"cfeditorfr"}]}},"_links":{"self":[{"href":"https:\/\/www.africa-press.net\/madagascar\/wp-json\/wp\/v2\/posts\/23167","targetHints":{"allow":["GET"]}}],"collection":[{"href":"https:\/\/www.africa-press.net\/madagascar\/wp-json\/wp\/v2\/posts"}],"about":[{"href":"https:\/\/www.africa-press.net\/madagascar\/wp-json\/wp\/v2\/types\/post"}],"author":[{"embeddable":true,"href":"https:\/\/www.africa-press.net\/madagascar\/wp-json\/wp\/v2\/users\/82"}],"replies":[{"embeddable":true,"href":"https:\/\/www.africa-press.net\/madagascar\/wp-json\/wp\/v2\/comments?post=23167"}],"version-history":[{"count":0,"href":"https:\/\/www.africa-press.net\/madagascar\/wp-json\/wp\/v2\/posts\/23167\/revisions"}],"wp:featuredmedia":[{"embeddable":true,"href":"https:\/\/www.africa-press.net\/madagascar\/wp-json\/wp\/v2\/media\/23165"}],"wp:attachment":[{"href":"https:\/\/www.africa-press.net\/madagascar\/wp-json\/wp\/v2\/media?parent=23167"}],"wp:term":[{"taxonomy":"category","embeddable":true,"href":"https:\/\/www.africa-press.net\/madagascar\/wp-json\/wp\/v2\/categories?post=23167"},{"taxonomy":"post_tag","embeddable":true,"href":"https:\/\/www.africa-press.net\/madagascar\/wp-json\/wp\/v2\/tags?post=23167"}],"curies":[{"name":"wp","href":"https:\/\/api.w.org\/{rel}","templated":true}]}}