{"id":23170,"date":"2023-12-23T11:32:38","date_gmt":"2023-12-23T11:32:38","guid":{"rendered":"https:\/\/www.africa-press.net\/madagascar\/politique\/fetes-de-fin-dannee-les-forces-de-lordre-veillent-au-grain"},"modified":"2023-12-23T12:37:40","modified_gmt":"2023-12-23T12:37:40","slug":"fetes-de-fin-dannee-les-forces-de-lordre-veillent-au-grain","status":"publish","type":"post","link":"https:\/\/www.africa-press.net\/madagascar\/politique\/fetes-de-fin-dannee-les-forces-de-lordre-veillent-au-grain","title":{"rendered":"F\u00caTES DE FIN D\u2019ANN\u00c9E &#8211; Les Forces de l\u2019ordre veillent au grain"},"content":{"rendered":"<p><span style=\"color: #ff6600\"><strong>Africa-Press &#8211; Madagascar. <\/strong><\/span>Le dispositif de se\u0301curite\u0301 applique\u0301 depuis les Jeux des i\u0302les et lors de la pe\u0301riode e\u0301lectorale, sera maintenu durant les fe\u0302tes de fin d\u2019anne\u0301e. Les patrouilles seront renforce\u0301es durant le re\u0301veillon de Noe\u0308l et la fe\u0302te de la Saint-Sylvestre.<\/p>\n<p>Des fe\u0302tes en toute quie\u0301tude. C\u2019est le mot d\u2019ordre au sein des Forces de de\u0301fense et de se\u0301curite\u0301 (FDS), pour ces fe\u0302tes de fin d\u2019anne\u0301e. Aussi, le niveau de se\u0301curisation applique\u0301 depuis le de\u0301but du second semestre est-il maintenu durant les fe\u0302tes de Noe\u0308l et de fin d\u2019anne\u0301e.<\/p>\n<p>Ce mot d\u2019ordre a e\u0301te\u0301 martele\u0301 par les principaux responsables des Forces de l\u2019ordre durant leur sortie publique cette semaine, dont ceux au sein du gouvernement. Comme l\u2019explique l\u2019inspecteur ge\u0301ne\u0301ral de police, Fanomezantsoa Randrianarisoa, ministre de la Se\u0301curite\u0301 publique, le dispositif applique\u0301 durant les fe\u0302tes de fin d\u2019anne\u0301e est le me\u0302me que celui de\u0301ploye\u0301 pour la se\u0301curisation des Jeux des i\u0302les de l\u2019oce\u0301an Indien (JIOI), et du processus e\u0301lectoral.<\/p>\n<p>\u00abTout s\u2019est bien passe\u0301 durant les Jeux des i\u0302les et l\u2019e\u0301lection. Aussi, soyez-en rassure\u0301, tout ira bien durant les fe\u0302tes de fin d\u2019anne\u0301e\u00bb, a affirme\u0301 le ministre de la Se\u0301curite\u0301 publique, en marge d\u2019un e\u0301ve\u0301nement au commissariat central de Tsaralala\u0300na, jeudi. L\u2019effectif des ressources humaines et les moyens logistiques de\u0301ploye\u0301s depuis les JIOI jusqu\u2019a\u0300 la ce\u0301re\u0301monie d\u2019investiture du 16 de\u0301cembre, n\u2019ont pas change\u0301, ajoute l\u2019inspecteur ge\u0301ne\u0301ral de police Randrianarisoa.<\/p>\n<p>Me\u0302me topo du co\u0302te\u0301 du ge\u0301ne\u0301ral Angelo Ravelonarivo, pre\u0301fet de police d\u2019Antananarivo. A\u0300 entendre ce dernier, les e\u0301le\u0301ments mobilise\u0301s pour se\u0301curiser la capitale et ses environs durant la proclamation des re\u0301sultats de\u0301finitifs de la pre\u0301sidentielle et la ce\u0301re\u0301monie d\u2019investiture du pre\u0301sident de la Re\u0301publique resteront au taquet.<\/p>\n<p><b>Des e\u0301le\u0301ments en civil<\/b><\/p>\n<p>Rien que pour Antananarivo et les localite\u0301s limitrophes, environ six mille e\u0301le\u0301ments sont de\u0301ploye\u0301s depuis quelques jours, jusqu\u2019a\u0300 la fin des festivite\u0301s de fin d\u2019anne\u0301e. Ce haut niveau de se\u0301curisation pre\u0301vaut e\u0301galement dans les autres re\u0301gions du pays, selon les explications. En paralle\u0300le, d\u2019autres e\u0301le\u0301ments des FDS sont toujours au front pour reprendre la main sur la situation se\u0301curitaire dans le district d\u2019Ankazobe.<\/p>\n<p>Pour en revenir a\u0300 la se\u0301curisation des fe\u0302tes, il y aura les e\u0301le\u0301ments pre\u0301dispose\u0301s a\u0300 des axes strate\u0301giques. L\u2019objectif est de pouvoir intervenir rapidement si cela s\u2019ave\u0300re ne\u0301cessaire. Les patrouilles sont e\u0301galement renforce\u0301es, jour et nuit. La pre\u0301sence dissuasive d\u2019e\u0301le\u0301ments en tenue et e\u0301quipe\u0301s est particulie\u0300rement marque\u0301e dans le centre-ville d\u2019Antananarivo et les diffe\u0301rents marche\u0301s. C\u2019est le cas a\u0300 Analakely, par exemple, ou\u0300 la concentration de foule est de\u0301cuple\u0301e en cette pe\u0301riode.<\/p>\n<p>Aux marche\u0301s attenants au centre-ville s\u2019ajoute une fe\u0302te foraine installe\u0301e sur le parvis de l\u2019ho\u0302tel de ville d\u2019Antananarivo. Il y a aussi les illuminations de Noe\u0308l a\u0300 Ambohitsorohitra et Antaninarenina qui ont commence\u0301, hier, jusqu\u2019au 7 janvier. Cette fois-ci, a\u0300 la place des e\u0301quipements anti-e\u0301meutes utilise\u0301s pour disperser les manifestations politiques, les e\u0301le\u0301ments qui patrouillent sont e\u0301quipe\u0301s de ba\u0302tons, de tonfas et d\u2019armes a\u0300 flash-ball. Les officiers et leaders de groupe ont, toutefois, des armes de poing a\u0300 la ceinture.<\/p>\n<p>Aux e\u0301le\u0301ments en tenue, s\u2019ajoutent les agents en civil. Ils se fondent dans la foule afin d\u2019identifier et surveiller de pre\u0301sume\u0301s malfaiteurs, mais aussi intervenir et interpeller, le cas e\u0301che\u0301ant. Les e\u0301quipes pre\u0301dispose\u0301es et en patrouille seront renforce\u0301es durant le re\u0301veillon de Noe\u0308l et celui de la Saint-Sylvestre. L\u2019objectif martele\u0301 est que les citoyens puissent passer les fe\u0302tes en toute quie\u0301tude. Ne\u0301anmoins, les autorite\u0301s recommandent la vigilance et la prudence de tout un chacun.<\/p>\n<p><strong>Pour plus d&rsquo;informations et d&rsquo;analyses sur la <a href=\"https:\/\/www.africa-press.net\/madagascar\">Madagascar<\/a>, suivez <a href=\"https:\/\/www.africa-press.net\/\">Africa-Press<\/a><\/strong><\/p>\n","protected":false},"excerpt":{"rendered":"<p>Africa-Press &#8211; Madagascar. Le dispositif de se\u0301curite\u0301 applique\u0301 depuis les Jeux des i\u0302les et lors de la pe\u0301riode e\u0301lectorale, sera maintenu durant les fe\u0302tes de fin d\u2019anne\u0301e. Les patrouilles seront renforce\u0301es durant le re\u0301veillon de Noe\u0308l et la fe\u0302te de la Saint-Sylvestre. Des fe\u0302tes en toute quie\u0301tude. C\u2019est le mot d\u2019ordre au sein des Forces [&hellip;]<\/p>\n","protected":false},"author":82,"featured_media":23168,"comment_status":"open","ping_status":"closed","sticky":false,"template":"","format":"standard","meta":{"footnotes":""},"categories":[2,10],"tags":[36,50,49],"class_list":["post-23170","post","type-post","status-publish","format-standard","has-post-thumbnail","hentry","category-politique","category-toutes-les-actualites","tag-africa-press","tag-africa-press-madagascar","tag-madagascar"],"yoast_head":"<!-- This site is optimized with the Yoast SEO Premium plugin v26.1 (Yoast SEO v27.0) - https:\/\/yoast.com\/product\/yoast-seo-premium-wordpress\/ -->\n<title>F\u00caTES DE FIN D\u2019ANN\u00c9E - Les Forces de l\u2019ordre veillent au grain - Madagascar<\/title>\n<meta name=\"description\" content=\"Le dispositif de se\u0301curite\u0301 applique\u0301 depuis les Jeux des i\u0302les et lors de la pe\u0301riode e\u0301lectorale, sera maintenu durant ...\" \/>\n<meta name=\"robots\" content=\"index, follow, max-snippet:-1, max-image-preview:large, max-video-preview:-1\" \/>\n<link rel=\"canonical\" href=\"https:\/\/www.africa-press.net\/madagascar\/politique\/fetes-de-fin-dannee-les-forces-de-lordre-veillent-au-grain\" \/>\n<meta property=\"og:locale\" content=\"fr_FR\" \/>\n<meta property=\"og:type\" content=\"article\" \/>\n<meta property=\"og:title\" content=\"F\u00caTES DE FIN D\u2019ANN\u00c9E - Les Forces de l\u2019ordre veillent au grain\" \/>\n<meta property=\"og:description\" content=\"Le dispositif de se\u0301curite\u0301 applique\u0301 depuis les Jeux des i\u0302les et lors de la pe\u0301riode e\u0301lectorale, sera maintenu durant ...\" \/>\n<meta property=\"og:url\" content=\"https:\/\/www.africa-press.net\/madagascar\/politique\/fetes-de-fin-dannee-les-forces-de-lordre-veillent-au-grain\" \/>\n<meta property=\"og:site_name\" content=\"Madagascar\" \/>\n<meta property=\"article:published_time\" content=\"2023-12-23T11:32:38+00:00\" \/>\n<meta property=\"article:modified_time\" content=\"2023-12-23T12:37:40+00:00\" \/>\n<meta property=\"og:image\" content=\"https:\/\/static.africa-press.net\/madagascar\/sites\/56\/2023\/12\/sm_1703318797.180609.jpg\" \/>\n\t<meta property=\"og:image:width\" content=\"943\" \/>\n\t<meta property=\"og:image:height\" content=\"631\" \/>\n\t<meta property=\"og:image:type\" content=\"image\/jpeg\" \/>\n<meta name=\"author\" content=\"cfeditorfr\" \/>\n<meta name=\"twitter:card\" content=\"summary_large_image\" \/>\n<meta name=\"twitter:label1\" content=\"\u00c9crit par\" \/>\n\t<meta name=\"twitter:data1\" content=\"cfeditorfr\" \/>\n\t<meta name=\"twitter:label2\" content=\"Dur\u00e9e de lecture estim\u00e9e\" \/>\n\t<meta name=\"twitter:data2\" content=\"4 minutes\" \/>\n<script type=\"application\/ld+json\" class=\"yoast-schema-graph\">{\"@context\":\"https:\/\/schema.org\",\"@graph\":[{\"@type\":\"Article\",\"@id\":\"https:\/\/www.africa-press.net\/madagascar\/politique\/fetes-de-fin-dannee-les-forces-de-lordre-veillent-au-grain#article\",\"isPartOf\":{\"@id\":\"https:\/\/www.africa-press.net\/madagascar\/politique\/fetes-de-fin-dannee-les-forces-de-lordre-veillent-au-grain\"},\"author\":{\"name\":\"cfeditorfr\",\"@id\":\"https:\/\/www.africa-press.net\/madagascar\/#\/schema\/person\/2b1cf3cd81a31e3cd26889ca66d677f1\"},\"headline\":\"F\u00caTES DE FIN D\u2019ANN\u00c9E &#8211; Les Forces de l\u2019ordre veillent au grain\",\"datePublished\":\"2023-12-23T11:32:38+00:00\",\"dateModified\":\"2023-12-23T12:37:40+00:00\",\"mainEntityOfPage\":{\"@id\":\"https:\/\/www.africa-press.net\/madagascar\/politique\/fetes-de-fin-dannee-les-forces-de-lordre-veillent-au-grain\"},\"wordCount\":766,\"commentCount\":0,\"image\":{\"@id\":\"https:\/\/www.africa-press.net\/madagascar\/politique\/fetes-de-fin-dannee-les-forces-de-lordre-veillent-au-grain#primaryimage\"},\"thumbnailUrl\":\"https:\/\/static.africa-press.net\/madagascar\/sites\/56\/2023\/12\/sm_1703318797.180609.jpg\",\"keywords\":[\"Africa Press\",\"Africa Press-Madagascar\",\"Madagascar\"],\"articleSection\":[\"Politique\",\"Toutes les actualit\u00e9s\"],\"inLanguage\":\"fr-FR\",\"potentialAction\":[{\"@type\":\"CommentAction\",\"name\":\"Comment\",\"target\":[\"https:\/\/www.africa-press.net\/madagascar\/politique\/fetes-de-fin-dannee-les-forces-de-lordre-veillent-au-grain#respond\"]}]},{\"@type\":\"WebPage\",\"@id\":\"https:\/\/www.africa-press.net\/madagascar\/politique\/fetes-de-fin-dannee-les-forces-de-lordre-veillent-au-grain\",\"url\":\"https:\/\/www.africa-press.net\/madagascar\/politique\/fetes-de-fin-dannee-les-forces-de-lordre-veillent-au-grain\",\"name\":\"F\u00caTES DE FIN D\u2019ANN\u00c9E - Les Forces de l\u2019ordre veillent au grain - Madagascar\",\"isPartOf\":{\"@id\":\"https:\/\/www.africa-press.net\/madagascar\/#website\"},\"primaryImageOfPage\":{\"@id\":\"https:\/\/www.africa-press.net\/madagascar\/politique\/fetes-de-fin-dannee-les-forces-de-lordre-veillent-au-grain#primaryimage\"},\"image\":{\"@id\":\"https:\/\/www.africa-press.net\/madagascar\/politique\/fetes-de-fin-dannee-les-forces-de-lordre-veillent-au-grain#primaryimage\"},\"thumbnailUrl\":\"https:\/\/static.africa-press.net\/madagascar\/sites\/56\/2023\/12\/sm_1703318797.180609.jpg\",\"datePublished\":\"2023-12-23T11:32:38+00:00\",\"dateModified\":\"2023-12-23T12:37:40+00:00\",\"author\":{\"@id\":\"https:\/\/www.africa-press.net\/madagascar\/#\/schema\/person\/2b1cf3cd81a31e3cd26889ca66d677f1\"},\"description\":\"Le dispositif de se\u0301curite\u0301 applique\u0301 depuis les Jeux des i\u0302les et lors de la pe\u0301riode e\u0301lectorale, sera maintenu durant ...\",\"breadcrumb\":{\"@id\":\"https:\/\/www.africa-press.net\/madagascar\/politique\/fetes-de-fin-dannee-les-forces-de-lordre-veillent-au-grain#breadcrumb\"},\"inLanguage\":\"fr-FR\",\"potentialAction\":[{\"@type\":\"ReadAction\",\"target\":[\"https:\/\/www.africa-press.net\/madagascar\/politique\/fetes-de-fin-dannee-les-forces-de-lordre-veillent-au-grain\"]}]},{\"@type\":\"ImageObject\",\"inLanguage\":\"fr-FR\",\"@id\":\"https:\/\/www.africa-press.net\/madagascar\/politique\/fetes-de-fin-dannee-les-forces-de-lordre-veillent-au-grain#primaryimage\",\"url\":\"https:\/\/static.africa-press.net\/madagascar\/sites\/56\/2023\/12\/sm_1703318797.180609.jpg\",\"contentUrl\":\"https:\/\/static.africa-press.net\/madagascar\/sites\/56\/2023\/12\/sm_1703318797.180609.jpg\",\"width\":943,\"height\":631,\"caption\":\"F\u00caTES DE FIN D\u2019ANN\u00c9E - Les Forces de l\u2019ordre veillent au grain\"},{\"@type\":\"BreadcrumbList\",\"@id\":\"https:\/\/www.africa-press.net\/madagascar\/politique\/fetes-de-fin-dannee-les-forces-de-lordre-veillent-au-grain#breadcrumb\",\"itemListElement\":[{\"@type\":\"ListItem\",\"position\":1,\"name\":\"Accueil\",\"item\":\"https:\/\/www.africa-press.net\/madagascar\/\"},{\"@type\":\"ListItem\",\"position\":2,\"name\":\"F\u00caTES DE FIN D\u2019ANN\u00c9E &#8211; Les Forces de l\u2019ordre veillent au grain\"}]},{\"@type\":\"WebSite\",\"@id\":\"https:\/\/www.africa-press.net\/madagascar\/#website\",\"url\":\"https:\/\/www.africa-press.net\/madagascar\/\",\"name\":\"Madagascar\",\"description\":\"Just another Africa News Agency Sites site\",\"potentialAction\":[{\"@type\":\"SearchAction\",\"target\":{\"@type\":\"EntryPoint\",\"urlTemplate\":\"https:\/\/www.africa-press.net\/madagascar\/?s={search_term_string}\"},\"query-input\":{\"@type\":\"PropertyValueSpecification\",\"valueRequired\":true,\"valueName\":\"search_term_string\"}}],\"inLanguage\":\"fr-FR\"},{\"@type\":\"Person\",\"@id\":\"https:\/\/www.africa-press.net\/madagascar\/#\/schema\/person\/2b1cf3cd81a31e3cd26889ca66d677f1\",\"name\":\"cfeditorfr\"}]}<\/script>\n<!-- \/ Yoast SEO Premium plugin. -->","yoast_head_json":{"title":"F\u00caTES DE FIN D\u2019ANN\u00c9E - Les Forces de l\u2019ordre veillent au grain - Madagascar","description":"Le dispositif de se\u0301curite\u0301 applique\u0301 depuis les Jeux des i\u0302les et lors de la pe\u0301riode e\u0301lectorale, sera maintenu durant ...","robots":{"index":"index","follow":"follow","max-snippet":"max-snippet:-1","max-image-preview":"max-image-preview:large","max-video-preview":"max-video-preview:-1"},"canonical":"https:\/\/www.africa-press.net\/madagascar\/politique\/fetes-de-fin-dannee-les-forces-de-lordre-veillent-au-grain","og_locale":"fr_FR","og_type":"article","og_title":"F\u00caTES DE FIN D\u2019ANN\u00c9E - Les Forces de l\u2019ordre veillent au grain","og_description":"Le dispositif de se\u0301curite\u0301 applique\u0301 depuis les Jeux des i\u0302les et lors de la pe\u0301riode e\u0301lectorale, sera maintenu durant ...","og_url":"https:\/\/www.africa-press.net\/madagascar\/politique\/fetes-de-fin-dannee-les-forces-de-lordre-veillent-au-grain","og_site_name":"Madagascar","article_published_time":"2023-12-23T11:32:38+00:00","article_modified_time":"2023-12-23T12:37:40+00:00","og_image":[{"width":943,"height":631,"url":"https:\/\/static.africa-press.net\/madagascar\/sites\/56\/2023\/12\/sm_1703318797.180609.jpg","type":"image\/jpeg"}],"author":"cfeditorfr","twitter_card":"summary_large_image","twitter_misc":{"\u00c9crit par":"cfeditorfr","Dur\u00e9e de lecture estim\u00e9e":"4 minutes"},"schema":{"@context":"https:\/\/schema.org","@graph":[{"@type":"Article","@id":"https:\/\/www.africa-press.net\/madagascar\/politique\/fetes-de-fin-dannee-les-forces-de-lordre-veillent-au-grain#article","isPartOf":{"@id":"https:\/\/www.africa-press.net\/madagascar\/politique\/fetes-de-fin-dannee-les-forces-de-lordre-veillent-au-grain"},"author":{"name":"cfeditorfr","@id":"https:\/\/www.africa-press.net\/madagascar\/#\/schema\/person\/2b1cf3cd81a31e3cd26889ca66d677f1"},"headline":"F\u00caTES DE FIN D\u2019ANN\u00c9E &#8211; Les Forces de l\u2019ordre veillent au grain","datePublished":"2023-12-23T11:32:38+00:00","dateModified":"2023-12-23T12:37:40+00:00","mainEntityOfPage":{"@id":"https:\/\/www.africa-press.net\/madagascar\/politique\/fetes-de-fin-dannee-les-forces-de-lordre-veillent-au-grain"},"wordCount":766,"commentCount":0,"image":{"@id":"https:\/\/www.africa-press.net\/madagascar\/politique\/fetes-de-fin-dannee-les-forces-de-lordre-veillent-au-grain#primaryimage"},"thumbnailUrl":"https:\/\/static.africa-press.net\/madagascar\/sites\/56\/2023\/12\/sm_1703318797.180609.jpg","keywords":["Africa Press","Africa Press-Madagascar","Madagascar"],"articleSection":["Politique","Toutes les actualit\u00e9s"],"inLanguage":"fr-FR","potentialAction":[{"@type":"CommentAction","name":"Comment","target":["https:\/\/www.africa-press.net\/madagascar\/politique\/fetes-de-fin-dannee-les-forces-de-lordre-veillent-au-grain#respond"]}]},{"@type":"WebPage","@id":"https:\/\/www.africa-press.net\/madagascar\/politique\/fetes-de-fin-dannee-les-forces-de-lordre-veillent-au-grain","url":"https:\/\/www.africa-press.net\/madagascar\/politique\/fetes-de-fin-dannee-les-forces-de-lordre-veillent-au-grain","name":"F\u00caTES DE FIN D\u2019ANN\u00c9E - Les Forces de l\u2019ordre veillent au grain - Madagascar","isPartOf":{"@id":"https:\/\/www.africa-press.net\/madagascar\/#website"},"primaryImageOfPage":{"@id":"https:\/\/www.africa-press.net\/madagascar\/politique\/fetes-de-fin-dannee-les-forces-de-lordre-veillent-au-grain#primaryimage"},"image":{"@id":"https:\/\/www.africa-press.net\/madagascar\/politique\/fetes-de-fin-dannee-les-forces-de-lordre-veillent-au-grain#primaryimage"},"thumbnailUrl":"https:\/\/static.africa-press.net\/madagascar\/sites\/56\/2023\/12\/sm_1703318797.180609.jpg","datePublished":"2023-12-23T11:32:38+00:00","dateModified":"2023-12-23T12:37:40+00:00","author":{"@id":"https:\/\/www.africa-press.net\/madagascar\/#\/schema\/person\/2b1cf3cd81a31e3cd26889ca66d677f1"},"description":"Le dispositif de se\u0301curite\u0301 applique\u0301 depuis les Jeux des i\u0302les et lors de la pe\u0301riode e\u0301lectorale, sera maintenu durant ...","breadcrumb":{"@id":"https:\/\/www.africa-press.net\/madagascar\/politique\/fetes-de-fin-dannee-les-forces-de-lordre-veillent-au-grain#breadcrumb"},"inLanguage":"fr-FR","potentialAction":[{"@type":"ReadAction","target":["https:\/\/www.africa-press.net\/madagascar\/politique\/fetes-de-fin-dannee-les-forces-de-lordre-veillent-au-grain"]}]},{"@type":"ImageObject","inLanguage":"fr-FR","@id":"https:\/\/www.africa-press.net\/madagascar\/politique\/fetes-de-fin-dannee-les-forces-de-lordre-veillent-au-grain#primaryimage","url":"https:\/\/static.africa-press.net\/madagascar\/sites\/56\/2023\/12\/sm_1703318797.180609.jpg","contentUrl":"https:\/\/static.africa-press.net\/madagascar\/sites\/56\/2023\/12\/sm_1703318797.180609.jpg","width":943,"height":631,"caption":"F\u00caTES DE FIN D\u2019ANN\u00c9E - Les Forces de l\u2019ordre veillent au grain"},{"@type":"BreadcrumbList","@id":"https:\/\/www.africa-press.net\/madagascar\/politique\/fetes-de-fin-dannee-les-forces-de-lordre-veillent-au-grain#breadcrumb","itemListElement":[{"@type":"ListItem","position":1,"name":"Accueil","item":"https:\/\/www.africa-press.net\/madagascar\/"},{"@type":"ListItem","position":2,"name":"F\u00caTES DE FIN D\u2019ANN\u00c9E &#8211; Les Forces de l\u2019ordre veillent au grain"}]},{"@type":"WebSite","@id":"https:\/\/www.africa-press.net\/madagascar\/#website","url":"https:\/\/www.africa-press.net\/madagascar\/","name":"Madagascar","description":"Just another Africa News Agency Sites site","potentialAction":[{"@type":"SearchAction","target":{"@type":"EntryPoint","urlTemplate":"https:\/\/www.africa-press.net\/madagascar\/?s={search_term_string}"},"query-input":{"@type":"PropertyValueSpecification","valueRequired":true,"valueName":"search_term_string"}}],"inLanguage":"fr-FR"},{"@type":"Person","@id":"https:\/\/www.africa-press.net\/madagascar\/#\/schema\/person\/2b1cf3cd81a31e3cd26889ca66d677f1","name":"cfeditorfr"}]}},"_links":{"self":[{"href":"https:\/\/www.africa-press.net\/madagascar\/wp-json\/wp\/v2\/posts\/23170","targetHints":{"allow":["GET"]}}],"collection":[{"href":"https:\/\/www.africa-press.net\/madagascar\/wp-json\/wp\/v2\/posts"}],"about":[{"href":"https:\/\/www.africa-press.net\/madagascar\/wp-json\/wp\/v2\/types\/post"}],"author":[{"embeddable":true,"href":"https:\/\/www.africa-press.net\/madagascar\/wp-json\/wp\/v2\/users\/82"}],"replies":[{"embeddable":true,"href":"https:\/\/www.africa-press.net\/madagascar\/wp-json\/wp\/v2\/comments?post=23170"}],"version-history":[{"count":0,"href":"https:\/\/www.africa-press.net\/madagascar\/wp-json\/wp\/v2\/posts\/23170\/revisions"}],"wp:featuredmedia":[{"embeddable":true,"href":"https:\/\/www.africa-press.net\/madagascar\/wp-json\/wp\/v2\/media\/23168"}],"wp:attachment":[{"href":"https:\/\/www.africa-press.net\/madagascar\/wp-json\/wp\/v2\/media?parent=23170"}],"wp:term":[{"taxonomy":"category","embeddable":true,"href":"https:\/\/www.africa-press.net\/madagascar\/wp-json\/wp\/v2\/categories?post=23170"},{"taxonomy":"post_tag","embeddable":true,"href":"https:\/\/www.africa-press.net\/madagascar\/wp-json\/wp\/v2\/tags?post=23170"}],"curies":[{"name":"wp","href":"https:\/\/api.w.org\/{rel}","templated":true}]}}