{"id":23280,"date":"2023-12-26T16:22:21","date_gmt":"2023-12-26T16:22:21","guid":{"rendered":"https:\/\/www.africa-press.net\/madagascar\/politique\/mandat-presidentiel-demarrage-sur-fond-doeuvres-sociales"},"modified":"2023-12-26T17:30:49","modified_gmt":"2023-12-26T17:30:49","slug":"mandat-presidentiel-demarrage-sur-fond-doeuvres-sociales","status":"publish","type":"post","link":"https:\/\/www.africa-press.net\/madagascar\/politique\/mandat-presidentiel-demarrage-sur-fond-doeuvres-sociales","title":{"rendered":"MANDAT PR\u00c9SIDENTIEL &#8211; D\u00e9marrage sur fond d\u2019\u0153uvres sociales"},"content":{"rendered":"<p><span style=\"color: #ff6600\"><strong>Africa-Press &#8211; Madagascar. <\/strong><\/span>La famille pre\u0301sidentielle a marque\u0301 le week-end de Noe\u0308l par des \u0153uvres sociales. En ce de\u0301but de mandat, ces sorties publiques s\u2019apparentent a\u0300 la traduction en acte de la proximite\u0301 avec la population voulue par le chef de l\u2019E\u0301tat.<\/p>\n<p>Partager de la joie et de l\u2019espoir. Tels sont les mots d\u2019ordre du week-end de Noe\u0308l pour la famille pre\u0301sidentielle. Une fe\u0302te de la Nativite\u0301 que Andry Rajoelina, pre\u0301sident de la Re\u0301publique, son e\u0301pouse et ses trois enfants ont marque\u0301 du sceau des actions sociales.<\/p>\n<p>Le second mandat du locataire d\u2019Iavoloha de\u0301marre dans un contexte de tre\u0302ve politique. Une cessation temporaire des hostilite\u0301s politiques en raison des fe\u0302tes de fin d\u2019anne\u0301e. Bien qu\u2019il soit dans les te\u0302tes, la pe\u0301riode est e\u0301galement une occasion de faire abstraction du sujet qui motive les cogitations politiques du moment qu\u2019est la composition du prochain gouvernement. Une pe\u0301riode d\u2019apaisement que Andry Rajoelina met a\u0300 profit pour de\u0301marrer la concre\u0301tisation d\u2019un de ses principaux engagements pour ce second mandat, \u201ce\u0302tre au plus pre\u0300s de la population\u201d.<\/p>\n<p>Quoi de mieux que le contexte offert par la fe\u0302te de la Nativite\u0301, justement, pour de\u0301montrer cet engagement aux co\u0302te\u0301s de la population et, notamment, au chevet des plus de\u0301munis. Comme Andry Rajoelina l\u2019a lui-me\u0302me note\u0301, outre la dimension religieuse, \u201cNoe\u0308l est aussi une fe\u0302te familiale. L\u2019occasion de te\u0301moigner l\u2019amour du prochain, de partager des pre\u0301sents, mais surtout de propager la lumie\u0300re de l\u2019espoir autour de soi\u201d.<\/p>\n<p>Aussi, c\u2019est en famille que le pre\u0301sident de la Re\u0301publique est-il alle\u0301 a\u0300 la rencontre de la population \u201cpour propager la lumie\u0300re de l\u2019espoir\u201d, durant le week-end de Noe\u0308l. C\u2019est a\u0300 Ambohitsorohitra que la famille pre\u0301sidentielle a de\u0301marre\u0301 ses actions sociales, samedi. Andry Rajoelina a allume\u0301 les illuminations de Noe\u0308l a\u0300 Ambohitsorohitra et Antaninarenina. Un rendez-vous qui tend a\u0300 devenir une tradition a\u0300 Antananarivo.<\/p>\n<p>Les illuminations de Noe\u0308l ont commence\u0301 a\u0300 embellir Ambohitsorohitra et Antaninarenina depuis le de\u0301but du premier mandat du pre\u0301sident Rajoelina. Pour la deuxie\u0300me anne\u0301e conse\u0301cutive, en effet, les grilles du palais d\u2019E\u0301tat d\u2019Ambohitsorohitra sont ouvertes au public. Une occasion pour ce dernier de de\u0301ambuler dans la cour du palais merveilleusement de\u0301core\u0301e et de se pre\u0302ter aux selfies face a\u0300 sa devanture pare\u0301e de lumie\u0300re en ces temps de fe\u0302te.<\/p>\n<p><b>Objectif<\/b><\/p>\n<p>Durant quatre heures, la famille pre\u0301sidentielle a accueilli chaque visiteur a\u0300 Ambohitsorohitra, distribue\u0301 des cadeaux aux enfants. La pluie ayant e\u0301te\u0301 au rendez-vous, en milieu de soire\u0301e, les adultes ont rec\u0327u des parapluies des mains du chef de l\u2019E\u0301tat. \u201cMa famille et moi appre\u0301cions d\u2019e\u0302tre proches et au contact de la population. C\u2019est aussi, la raison pour laquelle j\u2019ai de\u0301cide\u0301 d\u2019ouvrir les grilles du palais d\u2019E\u0301tat au public en cette pe\u0301riode de fe\u0302te\u201d, de\u0301clare Andry Rajoelina.<\/p>\n<p>Le lendemain, c\u2019est avec leurs voisins dans le fokontany d\u2019Ambatobe, que le couple pre\u0301sidentiel a passe\u0301 son apre\u0300s-midi dominical. Dimanche, Andry Rajoelina et Mialy Rajoelina ont ainsi remis des produits de premie\u0300re ne\u0301cessite\u0301 et des victuailles aux personnes a\u0302ge\u0301es et aux me\u0301nages en difficulte\u0301 dans leur voisinage.<\/p>\n<p>\u201cJe vous ai promis que, qu\u2019importe le contexte ou la pe\u0301riode, dans la joie ou la difficulte\u0301, mon e\u0301pouse et moi serons toujours a\u0300 vos co\u0302te\u0301s. D\u2019autant plus que Noe\u0308l est une fe\u0302te de partage, non seulement de pre\u0301sents, mais aussi de joie, d\u2019amour et d\u2019espoir\u201d, soutient le pre\u0301sident de la Re\u0301publique a\u0300 Ambatobe. Il a eu des mots relativement similaires, hier, a\u0300 Andralanitra, durant la messe de Noe\u0308l au gymnase du centre Akamasoa.<\/p>\n<p>Pour la famille pre\u0301sidentielle, assister a\u0300 la messe de la Nativite\u0301 a\u0300 Akamasoa est e\u0301galement devenu une tradition. Chaque anne\u0301e, elle profite de l\u2019occasion pour offrir des cadeaux aux enfants du centre. Cette fois-ci, les enfants de moins de 13 ans ont rec\u0327u des pre\u0301sents dans le cadre de l\u2019ope\u0301ration \u201cChristmas child\u201d, en collaboration avec l\u2019organisation non-gouvernementale (ONG) ame\u0301ricaine a\u0300 vocation religieuse \u201cSamaritan\u2019s purse\u201d. Une boi\u0302te a\u0300 chaussures contenant des jouets, des mate\u0301riels scolaires ou d\u2019autres cadeaux, est offerte a\u0300 chaque enfant.<\/p>\n<p>La particularite\u0301 du projet \u201cChristmas child\u201d, est que les pre\u0301sents rassemble\u0301s dans chaque boi\u0302te ont e\u0301te\u0301 offerts par un enfant re\u0301sidant aux E\u0301tats-Unis. Au-dela\u0300 du cadeau, c\u2019est aussi une occasion pour les enfants de tisser des liens d\u2019amitie\u0301 par correspondance. \u201cNoe\u0308l nous inspire l\u2019amour du prochain, et apporte une lueur d\u2019espoir a\u0300 chaque foyer. Je suis confiant que cette lumie\u0300re scintillera e\u0301galement sur notre nation. C\u2019est justement notre objectif pour les cinq prochaines anne\u0301es. Je m\u2019efforcerai d\u2019apporter cette lumie\u0300re et de la joie dans chaque foyer\u201d, affirme Andry Rajoelina.<\/p>\n<p><strong>Pour plus d&rsquo;informations et d&rsquo;analyses sur la <a href=\"https:\/\/www.africa-press.net\/madagascar\">Madagascar<\/a>, suivez <a href=\"https:\/\/www.africa-press.net\/\">Africa-Press<\/a><\/strong><\/p>\n","protected":false},"excerpt":{"rendered":"<p>Africa-Press &#8211; Madagascar. La famille pre\u0301sidentielle a marque\u0301 le week-end de Noe\u0308l par des \u0153uvres sociales. En ce de\u0301but de mandat, ces sorties publiques s\u2019apparentent a\u0300 la traduction en acte de la proximite\u0301 avec la population voulue par le chef de l\u2019E\u0301tat. Partager de la joie et de l\u2019espoir. Tels sont les mots d\u2019ordre du [&hellip;]<\/p>\n","protected":false},"author":82,"featured_media":23279,"comment_status":"open","ping_status":"closed","sticky":false,"template":"","format":"standard","meta":{"footnotes":""},"categories":[2,20,10],"tags":[36,50,49],"class_list":["post-23280","post","type-post","status-publish","format-standard","has-post-thumbnail","hentry","category-politique","category-top-nouvelles","category-toutes-les-actualites","tag-africa-press","tag-africa-press-madagascar","tag-madagascar"],"yoast_head":"<!-- This site is optimized with the Yoast SEO Premium plugin v26.1 (Yoast SEO v27.0) - https:\/\/yoast.com\/product\/yoast-seo-premium-wordpress\/ -->\n<title>MANDAT PR\u00c9SIDENTIEL - D\u00e9marrage sur fond d\u2019\u0153uvres sociales - Madagascar<\/title>\n<meta name=\"description\" content=\"La famille pre\u0301sidentielle a marque\u0301 le week-end de Noe\u0308l par des \u0153uvres sociales. En ce de\u0301but de mandat, ces sorties p ...\" \/>\n<meta name=\"robots\" content=\"index, follow, max-snippet:-1, max-image-preview:large, max-video-preview:-1\" \/>\n<link rel=\"canonical\" href=\"https:\/\/www.africa-press.net\/madagascar\/politique\/mandat-presidentiel-demarrage-sur-fond-doeuvres-sociales\" \/>\n<meta property=\"og:locale\" content=\"fr_FR\" \/>\n<meta property=\"og:type\" content=\"article\" \/>\n<meta property=\"og:title\" content=\"MANDAT PR\u00c9SIDENTIEL - D\u00e9marrage sur fond d\u2019\u0153uvres sociales\" \/>\n<meta property=\"og:description\" content=\"La famille pre\u0301sidentielle a marque\u0301 le week-end de Noe\u0308l par des \u0153uvres sociales. En ce de\u0301but de mandat, ces sorties p ...\" \/>\n<meta property=\"og:url\" content=\"https:\/\/www.africa-press.net\/madagascar\/politique\/mandat-presidentiel-demarrage-sur-fond-doeuvres-sociales\" \/>\n<meta property=\"og:site_name\" content=\"Madagascar\" \/>\n<meta property=\"article:published_time\" content=\"2023-12-26T16:22:21+00:00\" \/>\n<meta property=\"article:modified_time\" content=\"2023-12-26T17:30:49+00:00\" \/>\n<meta property=\"og:image\" content=\"https:\/\/static.africa-press.net\/madagascar\/sites\/56\/2023\/12\/sm_1703595572.757923.jpg\" \/>\n\t<meta property=\"og:image:width\" content=\"948\" \/>\n\t<meta property=\"og:image:height\" content=\"629\" \/>\n\t<meta property=\"og:image:type\" content=\"image\/jpeg\" \/>\n<meta name=\"author\" content=\"cfeditorfr\" \/>\n<meta name=\"twitter:card\" content=\"summary_large_image\" \/>\n<meta name=\"twitter:label1\" content=\"\u00c9crit par\" \/>\n\t<meta name=\"twitter:data1\" content=\"cfeditorfr\" \/>\n\t<meta name=\"twitter:label2\" content=\"Dur\u00e9e de lecture estim\u00e9e\" \/>\n\t<meta name=\"twitter:data2\" content=\"4 minutes\" \/>\n<script type=\"application\/ld+json\" class=\"yoast-schema-graph\">{\"@context\":\"https:\/\/schema.org\",\"@graph\":[{\"@type\":\"Article\",\"@id\":\"https:\/\/www.africa-press.net\/madagascar\/politique\/mandat-presidentiel-demarrage-sur-fond-doeuvres-sociales#article\",\"isPartOf\":{\"@id\":\"https:\/\/www.africa-press.net\/madagascar\/politique\/mandat-presidentiel-demarrage-sur-fond-doeuvres-sociales\"},\"author\":{\"name\":\"cfeditorfr\",\"@id\":\"https:\/\/www.africa-press.net\/madagascar\/#\/schema\/person\/2b1cf3cd81a31e3cd26889ca66d677f1\"},\"headline\":\"MANDAT PR\u00c9SIDENTIEL &#8211; D\u00e9marrage sur fond d\u2019\u0153uvres sociales\",\"datePublished\":\"2023-12-26T16:22:21+00:00\",\"dateModified\":\"2023-12-26T17:30:49+00:00\",\"mainEntityOfPage\":{\"@id\":\"https:\/\/www.africa-press.net\/madagascar\/politique\/mandat-presidentiel-demarrage-sur-fond-doeuvres-sociales\"},\"wordCount\":910,\"commentCount\":0,\"image\":{\"@id\":\"https:\/\/www.africa-press.net\/madagascar\/politique\/mandat-presidentiel-demarrage-sur-fond-doeuvres-sociales#primaryimage\"},\"thumbnailUrl\":\"https:\/\/static.africa-press.net\/madagascar\/sites\/56\/2023\/12\/sm_1703595572.757923.jpg\",\"keywords\":[\"Africa Press\",\"Africa Press-Madagascar\",\"Madagascar\"],\"articleSection\":[\"Politique\",\"Top Nouvelles\",\"Toutes les actualit\u00e9s\"],\"inLanguage\":\"fr-FR\",\"potentialAction\":[{\"@type\":\"CommentAction\",\"name\":\"Comment\",\"target\":[\"https:\/\/www.africa-press.net\/madagascar\/politique\/mandat-presidentiel-demarrage-sur-fond-doeuvres-sociales#respond\"]}]},{\"@type\":\"WebPage\",\"@id\":\"https:\/\/www.africa-press.net\/madagascar\/politique\/mandat-presidentiel-demarrage-sur-fond-doeuvres-sociales\",\"url\":\"https:\/\/www.africa-press.net\/madagascar\/politique\/mandat-presidentiel-demarrage-sur-fond-doeuvres-sociales\",\"name\":\"MANDAT PR\u00c9SIDENTIEL - D\u00e9marrage sur fond d\u2019\u0153uvres sociales - Madagascar\",\"isPartOf\":{\"@id\":\"https:\/\/www.africa-press.net\/madagascar\/#website\"},\"primaryImageOfPage\":{\"@id\":\"https:\/\/www.africa-press.net\/madagascar\/politique\/mandat-presidentiel-demarrage-sur-fond-doeuvres-sociales#primaryimage\"},\"image\":{\"@id\":\"https:\/\/www.africa-press.net\/madagascar\/politique\/mandat-presidentiel-demarrage-sur-fond-doeuvres-sociales#primaryimage\"},\"thumbnailUrl\":\"https:\/\/static.africa-press.net\/madagascar\/sites\/56\/2023\/12\/sm_1703595572.757923.jpg\",\"datePublished\":\"2023-12-26T16:22:21+00:00\",\"dateModified\":\"2023-12-26T17:30:49+00:00\",\"author\":{\"@id\":\"https:\/\/www.africa-press.net\/madagascar\/#\/schema\/person\/2b1cf3cd81a31e3cd26889ca66d677f1\"},\"description\":\"La famille pre\u0301sidentielle a marque\u0301 le week-end de Noe\u0308l par des \u0153uvres sociales. En ce de\u0301but de mandat, ces sorties p ...\",\"breadcrumb\":{\"@id\":\"https:\/\/www.africa-press.net\/madagascar\/politique\/mandat-presidentiel-demarrage-sur-fond-doeuvres-sociales#breadcrumb\"},\"inLanguage\":\"fr-FR\",\"potentialAction\":[{\"@type\":\"ReadAction\",\"target\":[\"https:\/\/www.africa-press.net\/madagascar\/politique\/mandat-presidentiel-demarrage-sur-fond-doeuvres-sociales\"]}]},{\"@type\":\"ImageObject\",\"inLanguage\":\"fr-FR\",\"@id\":\"https:\/\/www.africa-press.net\/madagascar\/politique\/mandat-presidentiel-demarrage-sur-fond-doeuvres-sociales#primaryimage\",\"url\":\"https:\/\/static.africa-press.net\/madagascar\/sites\/56\/2023\/12\/sm_1703595572.757923.jpg\",\"contentUrl\":\"https:\/\/static.africa-press.net\/madagascar\/sites\/56\/2023\/12\/sm_1703595572.757923.jpg\",\"width\":948,\"height\":629,\"caption\":\"MANDAT PR\u00c9SIDENTIEL - D\u00e9marrage sur fond d\u2019\u0153uvres sociales\"},{\"@type\":\"BreadcrumbList\",\"@id\":\"https:\/\/www.africa-press.net\/madagascar\/politique\/mandat-presidentiel-demarrage-sur-fond-doeuvres-sociales#breadcrumb\",\"itemListElement\":[{\"@type\":\"ListItem\",\"position\":1,\"name\":\"Accueil\",\"item\":\"https:\/\/www.africa-press.net\/madagascar\/\"},{\"@type\":\"ListItem\",\"position\":2,\"name\":\"MANDAT PR\u00c9SIDENTIEL &#8211; D\u00e9marrage sur fond d\u2019\u0153uvres sociales\"}]},{\"@type\":\"WebSite\",\"@id\":\"https:\/\/www.africa-press.net\/madagascar\/#website\",\"url\":\"https:\/\/www.africa-press.net\/madagascar\/\",\"name\":\"Madagascar\",\"description\":\"Just another Africa News Agency Sites site\",\"potentialAction\":[{\"@type\":\"SearchAction\",\"target\":{\"@type\":\"EntryPoint\",\"urlTemplate\":\"https:\/\/www.africa-press.net\/madagascar\/?s={search_term_string}\"},\"query-input\":{\"@type\":\"PropertyValueSpecification\",\"valueRequired\":true,\"valueName\":\"search_term_string\"}}],\"inLanguage\":\"fr-FR\"},{\"@type\":\"Person\",\"@id\":\"https:\/\/www.africa-press.net\/madagascar\/#\/schema\/person\/2b1cf3cd81a31e3cd26889ca66d677f1\",\"name\":\"cfeditorfr\"}]}<\/script>\n<!-- \/ Yoast SEO Premium plugin. -->","yoast_head_json":{"title":"MANDAT PR\u00c9SIDENTIEL - D\u00e9marrage sur fond d\u2019\u0153uvres sociales - Madagascar","description":"La famille pre\u0301sidentielle a marque\u0301 le week-end de Noe\u0308l par des \u0153uvres sociales. En ce de\u0301but de mandat, ces sorties p ...","robots":{"index":"index","follow":"follow","max-snippet":"max-snippet:-1","max-image-preview":"max-image-preview:large","max-video-preview":"max-video-preview:-1"},"canonical":"https:\/\/www.africa-press.net\/madagascar\/politique\/mandat-presidentiel-demarrage-sur-fond-doeuvres-sociales","og_locale":"fr_FR","og_type":"article","og_title":"MANDAT PR\u00c9SIDENTIEL - D\u00e9marrage sur fond d\u2019\u0153uvres sociales","og_description":"La famille pre\u0301sidentielle a marque\u0301 le week-end de Noe\u0308l par des \u0153uvres sociales. En ce de\u0301but de mandat, ces sorties p ...","og_url":"https:\/\/www.africa-press.net\/madagascar\/politique\/mandat-presidentiel-demarrage-sur-fond-doeuvres-sociales","og_site_name":"Madagascar","article_published_time":"2023-12-26T16:22:21+00:00","article_modified_time":"2023-12-26T17:30:49+00:00","og_image":[{"width":948,"height":629,"url":"https:\/\/static.africa-press.net\/madagascar\/sites\/56\/2023\/12\/sm_1703595572.757923.jpg","type":"image\/jpeg"}],"author":"cfeditorfr","twitter_card":"summary_large_image","twitter_misc":{"\u00c9crit par":"cfeditorfr","Dur\u00e9e de lecture estim\u00e9e":"4 minutes"},"schema":{"@context":"https:\/\/schema.org","@graph":[{"@type":"Article","@id":"https:\/\/www.africa-press.net\/madagascar\/politique\/mandat-presidentiel-demarrage-sur-fond-doeuvres-sociales#article","isPartOf":{"@id":"https:\/\/www.africa-press.net\/madagascar\/politique\/mandat-presidentiel-demarrage-sur-fond-doeuvres-sociales"},"author":{"name":"cfeditorfr","@id":"https:\/\/www.africa-press.net\/madagascar\/#\/schema\/person\/2b1cf3cd81a31e3cd26889ca66d677f1"},"headline":"MANDAT PR\u00c9SIDENTIEL &#8211; D\u00e9marrage sur fond d\u2019\u0153uvres sociales","datePublished":"2023-12-26T16:22:21+00:00","dateModified":"2023-12-26T17:30:49+00:00","mainEntityOfPage":{"@id":"https:\/\/www.africa-press.net\/madagascar\/politique\/mandat-presidentiel-demarrage-sur-fond-doeuvres-sociales"},"wordCount":910,"commentCount":0,"image":{"@id":"https:\/\/www.africa-press.net\/madagascar\/politique\/mandat-presidentiel-demarrage-sur-fond-doeuvres-sociales#primaryimage"},"thumbnailUrl":"https:\/\/static.africa-press.net\/madagascar\/sites\/56\/2023\/12\/sm_1703595572.757923.jpg","keywords":["Africa Press","Africa Press-Madagascar","Madagascar"],"articleSection":["Politique","Top Nouvelles","Toutes les actualit\u00e9s"],"inLanguage":"fr-FR","potentialAction":[{"@type":"CommentAction","name":"Comment","target":["https:\/\/www.africa-press.net\/madagascar\/politique\/mandat-presidentiel-demarrage-sur-fond-doeuvres-sociales#respond"]}]},{"@type":"WebPage","@id":"https:\/\/www.africa-press.net\/madagascar\/politique\/mandat-presidentiel-demarrage-sur-fond-doeuvres-sociales","url":"https:\/\/www.africa-press.net\/madagascar\/politique\/mandat-presidentiel-demarrage-sur-fond-doeuvres-sociales","name":"MANDAT PR\u00c9SIDENTIEL - D\u00e9marrage sur fond d\u2019\u0153uvres sociales - Madagascar","isPartOf":{"@id":"https:\/\/www.africa-press.net\/madagascar\/#website"},"primaryImageOfPage":{"@id":"https:\/\/www.africa-press.net\/madagascar\/politique\/mandat-presidentiel-demarrage-sur-fond-doeuvres-sociales#primaryimage"},"image":{"@id":"https:\/\/www.africa-press.net\/madagascar\/politique\/mandat-presidentiel-demarrage-sur-fond-doeuvres-sociales#primaryimage"},"thumbnailUrl":"https:\/\/static.africa-press.net\/madagascar\/sites\/56\/2023\/12\/sm_1703595572.757923.jpg","datePublished":"2023-12-26T16:22:21+00:00","dateModified":"2023-12-26T17:30:49+00:00","author":{"@id":"https:\/\/www.africa-press.net\/madagascar\/#\/schema\/person\/2b1cf3cd81a31e3cd26889ca66d677f1"},"description":"La famille pre\u0301sidentielle a marque\u0301 le week-end de Noe\u0308l par des \u0153uvres sociales. En ce de\u0301but de mandat, ces sorties p ...","breadcrumb":{"@id":"https:\/\/www.africa-press.net\/madagascar\/politique\/mandat-presidentiel-demarrage-sur-fond-doeuvres-sociales#breadcrumb"},"inLanguage":"fr-FR","potentialAction":[{"@type":"ReadAction","target":["https:\/\/www.africa-press.net\/madagascar\/politique\/mandat-presidentiel-demarrage-sur-fond-doeuvres-sociales"]}]},{"@type":"ImageObject","inLanguage":"fr-FR","@id":"https:\/\/www.africa-press.net\/madagascar\/politique\/mandat-presidentiel-demarrage-sur-fond-doeuvres-sociales#primaryimage","url":"https:\/\/static.africa-press.net\/madagascar\/sites\/56\/2023\/12\/sm_1703595572.757923.jpg","contentUrl":"https:\/\/static.africa-press.net\/madagascar\/sites\/56\/2023\/12\/sm_1703595572.757923.jpg","width":948,"height":629,"caption":"MANDAT PR\u00c9SIDENTIEL - D\u00e9marrage sur fond d\u2019\u0153uvres sociales"},{"@type":"BreadcrumbList","@id":"https:\/\/www.africa-press.net\/madagascar\/politique\/mandat-presidentiel-demarrage-sur-fond-doeuvres-sociales#breadcrumb","itemListElement":[{"@type":"ListItem","position":1,"name":"Accueil","item":"https:\/\/www.africa-press.net\/madagascar\/"},{"@type":"ListItem","position":2,"name":"MANDAT PR\u00c9SIDENTIEL &#8211; D\u00e9marrage sur fond d\u2019\u0153uvres sociales"}]},{"@type":"WebSite","@id":"https:\/\/www.africa-press.net\/madagascar\/#website","url":"https:\/\/www.africa-press.net\/madagascar\/","name":"Madagascar","description":"Just another Africa News Agency Sites site","potentialAction":[{"@type":"SearchAction","target":{"@type":"EntryPoint","urlTemplate":"https:\/\/www.africa-press.net\/madagascar\/?s={search_term_string}"},"query-input":{"@type":"PropertyValueSpecification","valueRequired":true,"valueName":"search_term_string"}}],"inLanguage":"fr-FR"},{"@type":"Person","@id":"https:\/\/www.africa-press.net\/madagascar\/#\/schema\/person\/2b1cf3cd81a31e3cd26889ca66d677f1","name":"cfeditorfr"}]}},"_links":{"self":[{"href":"https:\/\/www.africa-press.net\/madagascar\/wp-json\/wp\/v2\/posts\/23280","targetHints":{"allow":["GET"]}}],"collection":[{"href":"https:\/\/www.africa-press.net\/madagascar\/wp-json\/wp\/v2\/posts"}],"about":[{"href":"https:\/\/www.africa-press.net\/madagascar\/wp-json\/wp\/v2\/types\/post"}],"author":[{"embeddable":true,"href":"https:\/\/www.africa-press.net\/madagascar\/wp-json\/wp\/v2\/users\/82"}],"replies":[{"embeddable":true,"href":"https:\/\/www.africa-press.net\/madagascar\/wp-json\/wp\/v2\/comments?post=23280"}],"version-history":[{"count":0,"href":"https:\/\/www.africa-press.net\/madagascar\/wp-json\/wp\/v2\/posts\/23280\/revisions"}],"wp:featuredmedia":[{"embeddable":true,"href":"https:\/\/www.africa-press.net\/madagascar\/wp-json\/wp\/v2\/media\/23279"}],"wp:attachment":[{"href":"https:\/\/www.africa-press.net\/madagascar\/wp-json\/wp\/v2\/media?parent=23280"}],"wp:term":[{"taxonomy":"category","embeddable":true,"href":"https:\/\/www.africa-press.net\/madagascar\/wp-json\/wp\/v2\/categories?post=23280"},{"taxonomy":"post_tag","embeddable":true,"href":"https:\/\/www.africa-press.net\/madagascar\/wp-json\/wp\/v2\/tags?post=23280"}],"curies":[{"name":"wp","href":"https:\/\/api.w.org\/{rel}","templated":true}]}}