{"id":23320,"date":"2023-12-28T21:21:29","date_gmt":"2023-12-28T21:21:29","guid":{"rendered":"https:\/\/www.africa-press.net\/madagascar\/politique\/ministeres-cles-des-secretariats-detat-en-appui"},"modified":"2023-12-28T22:56:50","modified_gmt":"2023-12-28T22:56:50","slug":"ministeres-cles-des-secretariats-detat-en-appui","status":"publish","type":"post","link":"https:\/\/www.africa-press.net\/madagascar\/politique\/ministeres-cles-des-secretariats-detat-en-appui","title":{"rendered":"MINIST\u00c8RES CL\u00c9S &#8211; Des secr\u00e9tariats d\u2019\u00c9tat en appui ?"},"content":{"rendered":"<p><span style=\"color: #ff6600\"><strong>Africa-Press &#8211; Madagascar. <\/strong><\/span>Les cogitations sur la structure et la composition du prochain gouvernement se poursuivent en coulisse. La mise en place de secre\u0301tariats d\u2019E\u0301tat pour appuyer les actions des ministe\u0300res cle\u0301s fait partie des sche\u0301mas envisage\u0301s.<\/p>\n<p>Une option. En ces temps de fe\u0302te, une tre\u0302ve politique s\u2019est installe\u0301e. Toutefois, les affaires e\u0301tatiques suivent leur cours. Les re\u0301flexions et les discussions sur la composition du futur gouvernement font partie des sujets en te\u0302te de liste.<\/p>\n<p>Selon les indiscre\u0301tions, outre les noms de ceux qui sie\u0301geront au sein de la nouvelle e\u0301quipe gouvernementale, les re\u0301flexions concernent aussi sa structure. La mise en place de secre\u0301tariats d\u2019E\u0301tat serait parmi les sche\u0301mas privile\u0301gie\u0301s. \u201cIls seront appele\u0301s a\u0300 e\u0302tre les back-up de ministe\u0300res cle\u0301s\u201d, explique une des sources contacte\u0301es. Il est question ici des de\u0301partements ministe\u0301riels directement concerne\u0301s par les trois piliers sur lesquels Andry Rajoelina, pre\u0301sident de la Re\u0301publique, compte e\u0301riger la Politique ge\u0301ne\u0301rale de l\u2019E\u0301tat (PGE) de son second mandat.<\/p>\n<p>\u201cLe capital humain, l\u2019industrialisation et la bonne gouvernance\u201d seront les socles de ce quinquennat affirme le locataire d\u2019Iavoloha. Les actions e\u0301tatiques devront ainsi tendre vers la concre\u0301tisation des objectifs inhe\u0301rents a\u0300 ces trois axes. Il s\u2019agira d\u2019actions multidisciplinaires et comple\u0301mentaires. A\u0300 s\u2019en tenir aux re\u0301flexions en cours, les secre\u0301tariats d\u2019E\u0301tat pourront mener des actions pre\u0301cises dans des domaines spe\u0301cifiques. Ceci, sans pour autant transiger avec la ligne de\u0301finie par le ministe\u0300re de re\u0301fe\u0301rence de\u0301coulant de la PGE.<\/p>\n<p>Outre les secre\u0301tariats d\u2019E\u0301tat, la mise en place de vice-ministe\u0300re, ou encore de secre\u0301tariat d\u2019E\u0301tat rattache\u0301 directement a\u0300 la pre\u0301sidence de la Re\u0301publique serait aussi envisage\u0301e. Cette configuration n\u2019est pas une nouveaute\u0301. Il s\u2019agit de la structure applique\u0301e au gouvernement de\u0301missionnaire et aussi l\u2019e\u0301quipe qui l\u2019a pre\u0301ce\u0301de\u0301.<\/p>\n<p>Dans l\u2019actuelle e\u0301quipe de Christian Ntsay, Premier ministre, il y a, en effet, le vice-ministre charge\u0301 de l\u2019E\u0301levage. Il y a aussi le secre\u0301tariat d\u2019E\u0301tat charge\u0301 de la gendarmerie nationale aupre\u0300s du ministe\u0300re de la De\u0301fense nationale. Dans la liste figure e\u0301galement, le secre\u0301tariat d\u2019E\u0301tat charge\u0301 des Nouvelles villes et de l\u2019habitat aupre\u0300s de la pre\u0301sidence de la Re\u0301publique. Le secre\u0301tariat d\u2019E\u0301tat rattache\u0301 a\u0300 la pre\u0301sidence de la Re\u0301publique est charge\u0301 des projets pre\u0301sidentiels.<\/p>\n<p><b>Ouverture<\/b><\/p>\n<p>Pour ce second mandat, Andry Rajoelina affirme qu\u2019il compte mettre un accent particulier sur le renforcement du volet social et la proximite\u0301 avec la population. Il est probable que des de\u0301partements spe\u0301cifiques soient de\u0301die\u0301s aux actions inhe\u0301rentes aux multiples dimensions qu\u2019implique le concept \u201cprioriser le social\u201d. Sante\u0301, e\u0301ducation, se\u0301curite\u0301, pouvoir d\u2019achat, eau et e\u0301lectricite\u0301, emploi, environnement, habitat, nutrition en sont des exemples.<\/p>\n<p>La mise en place de secre\u0301tariat d\u2019E\u0301tat ou de vice-ministe\u0300re permettra, par ailleurs, de re\u0301soudre un casse-te\u0302te politique. Celui qui consiste a\u0300 caser les allie\u0301s qui ont contribue\u0301 a\u0300 la re\u0301e\u0301lection du chef de l\u2019E\u0301tat. Le locataire d\u2019Iavoloha parle, du reste, d\u2019ouverture politique. Apre\u0300s avoir entendu le mot \u201couverture\u201d, justement, les antennes de diffe\u0301rentes entite\u0301s politiques, dont quelques-unes au sein de l\u2019opposition, fre\u0301tillent. Seulement, il serait utopique de penser qu\u2019il y aura une place pour tout le monde.<\/p>\n<p>Dans l\u2019effectif gouvernemental nomme\u0301 le 15 aou\u0302t 2021, par exemple, la nomination d\u2019une vice-ministre charge\u0301e de la reforestation aupre\u0300s du ministe\u0300re de l\u2019Environnement et du de\u0301veloppement durable a e\u0301te\u0301 faite pour re\u0301gler une querelle politique au sein de la coalition pre\u0301sidentielle. Seulement, au regard de l\u2019actuelle e\u0301quipe gouvernementale et de celle qui l\u2019a pre\u0301ce\u0301de\u0301e, les vice-ministres et secre\u0301taires d\u2019E\u0301tat sont ge\u0301ne\u0301ralement des techniciens.<\/p>\n<p>Le contexte dans lequel s\u2019est de\u0301roule\u0301e l\u2019e\u0301lection pre\u0301sidentielle impose a\u0300 Andry Rajoelina de pre\u0302ter une attention particulie\u0300re aux parame\u0300tres politiques dans la composition du futur gouvernement. La conjoncture socio-e\u0301conomique exige, toutefois, que cette nouvelle e\u0301quipe soit imme\u0301diatement ope\u0301rationnelle et efficace. Ce n\u2019est pas le travail qui manque. Les proble\u0300mes d\u2019approvisionnement en eau et e\u0301lectricite\u0301, l\u2019inflation, le relent d\u2019inse\u0301curite\u0301, ou encore la de\u0301gringolade de la valeur de l\u2019ariary donnent de\u0301ja\u0300 le ton des ta\u0302ches a\u0300 accomplir.<\/p>\n<p>Enchai\u0302nant sur la base de ses \u201cVelirano\u201d, le pre\u0301sident de la Re\u0301publique a place\u0301 la barre haute durant sa campagne e\u0301lectorale. \u201cMadagascar doit se de\u0301velopper\u201d, est le challenge martele\u0301.<\/p>\n<p>Les trois piliers que sont le capital humain, l\u2019industrialisation et la bonne gouvernance devront donc permettre d\u2019y parvenir. Comme Andry Rajoelina l\u2019indique, lui-me\u0302me, une stabilite\u0301 politique est ne\u0301cessaire pour relever ce de\u0301fi.<\/p>\n<p>Certes, mais il faudra aussi que ceux appele\u0301s a\u0300 ge\u0301rer les affaires e\u0301tatiques fassent preuve de compe\u0301tence, d\u2019abne\u0301gation et de probite\u0301. La nouvelle e\u0301quipe gouvernementale devra donc conjuguer cachet politique, compe\u0301tence et technicite\u0301. Il faudra faire le bon choix. En effet, s\u2019agissant de son second mandat, le locataire d\u2019Iavoloha pourrait ne pas jouir d\u2019une pe\u0301riode de gra\u0302ce. Lui-me\u0302me affirme que \u201cla population a fait le choix de la continuite\u0301\u201d.<\/p>\n<p><strong>Pour plus d&rsquo;informations et d&rsquo;analyses sur la <a href=\"https:\/\/www.africa-press.net\/madagascar\">Madagascar<\/a>, suivez <a href=\"https:\/\/www.africa-press.net\/\">Africa-Press<\/a><\/strong><\/p>\n","protected":false},"excerpt":{"rendered":"<p>Africa-Press &#8211; Madagascar. Les cogitations sur la structure et la composition du prochain gouvernement se poursuivent en coulisse. La mise en place de secre\u0301tariats d\u2019E\u0301tat pour appuyer les actions des ministe\u0300res cle\u0301s fait partie des sche\u0301mas envisage\u0301s. Une option. En ces temps de fe\u0302te, une tre\u0302ve politique s\u2019est installe\u0301e. Toutefois, les affaires e\u0301tatiques suivent leur [&hellip;]<\/p>\n","protected":false},"author":82,"featured_media":23319,"comment_status":"open","ping_status":"closed","sticky":false,"template":"","format":"standard","meta":{"footnotes":""},"categories":[2,10],"tags":[36,50,49],"class_list":["post-23320","post","type-post","status-publish","format-standard","has-post-thumbnail","hentry","category-politique","category-toutes-les-actualites","tag-africa-press","tag-africa-press-madagascar","tag-madagascar"],"yoast_head":"<!-- This site is optimized with the Yoast SEO Premium plugin v26.1 (Yoast SEO v27.0) - https:\/\/yoast.com\/product\/yoast-seo-premium-wordpress\/ -->\n<title>MINIST\u00c8RES CL\u00c9S - Des secr\u00e9tariats d\u2019\u00c9tat en appui ? - Madagascar<\/title>\n<meta name=\"description\" content=\"Les cogitations sur la structure et la composition du prochain gouvernement se poursuivent en coulisse. La mise en place ...\" \/>\n<meta name=\"robots\" content=\"index, follow, max-snippet:-1, max-image-preview:large, max-video-preview:-1\" \/>\n<link rel=\"canonical\" href=\"https:\/\/www.africa-press.net\/madagascar\/politique\/ministeres-cles-des-secretariats-detat-en-appui\" \/>\n<meta property=\"og:locale\" content=\"fr_FR\" \/>\n<meta property=\"og:type\" content=\"article\" \/>\n<meta property=\"og:title\" content=\"MINIST\u00c8RES CL\u00c9S - Des secr\u00e9tariats d\u2019\u00c9tat en appui ?\" \/>\n<meta property=\"og:description\" content=\"Les cogitations sur la structure et la composition du prochain gouvernement se poursuivent en coulisse. La mise en place ...\" \/>\n<meta property=\"og:url\" content=\"https:\/\/www.africa-press.net\/madagascar\/politique\/ministeres-cles-des-secretariats-detat-en-appui\" \/>\n<meta property=\"og:site_name\" content=\"Madagascar\" \/>\n<meta property=\"article:published_time\" content=\"2023-12-28T21:21:29+00:00\" \/>\n<meta property=\"article:modified_time\" content=\"2023-12-28T22:56:50+00:00\" \/>\n<meta property=\"og:image\" content=\"https:\/\/static.africa-press.net\/madagascar\/sites\/56\/2023\/12\/sm_1703787898.095153.jpg\" \/>\n\t<meta property=\"og:image:width\" content=\"932\" \/>\n\t<meta property=\"og:image:height\" content=\"632\" \/>\n\t<meta property=\"og:image:type\" content=\"image\/jpeg\" \/>\n<meta name=\"author\" content=\"cfeditorfr\" \/>\n<meta name=\"twitter:card\" content=\"summary_large_image\" \/>\n<meta name=\"twitter:label1\" content=\"\u00c9crit par\" \/>\n\t<meta name=\"twitter:data1\" content=\"cfeditorfr\" \/>\n\t<meta name=\"twitter:label2\" content=\"Dur\u00e9e de lecture estim\u00e9e\" \/>\n\t<meta name=\"twitter:data2\" content=\"5 minutes\" \/>\n<script type=\"application\/ld+json\" class=\"yoast-schema-graph\">{\"@context\":\"https:\/\/schema.org\",\"@graph\":[{\"@type\":\"Article\",\"@id\":\"https:\/\/www.africa-press.net\/madagascar\/politique\/ministeres-cles-des-secretariats-detat-en-appui#article\",\"isPartOf\":{\"@id\":\"https:\/\/www.africa-press.net\/madagascar\/politique\/ministeres-cles-des-secretariats-detat-en-appui\"},\"author\":{\"name\":\"cfeditorfr\",\"@id\":\"https:\/\/www.africa-press.net\/madagascar\/#\/schema\/person\/2b1cf3cd81a31e3cd26889ca66d677f1\"},\"headline\":\"MINIST\u00c8RES CL\u00c9S &#8211; Des secr\u00e9tariats d\u2019\u00c9tat en appui ?\",\"datePublished\":\"2023-12-28T21:21:29+00:00\",\"dateModified\":\"2023-12-28T22:56:50+00:00\",\"mainEntityOfPage\":{\"@id\":\"https:\/\/www.africa-press.net\/madagascar\/politique\/ministeres-cles-des-secretariats-detat-en-appui\"},\"wordCount\":990,\"commentCount\":0,\"image\":{\"@id\":\"https:\/\/www.africa-press.net\/madagascar\/politique\/ministeres-cles-des-secretariats-detat-en-appui#primaryimage\"},\"thumbnailUrl\":\"https:\/\/static.africa-press.net\/madagascar\/sites\/56\/2023\/12\/sm_1703787898.095153.jpg\",\"keywords\":[\"Africa Press\",\"Africa Press-Madagascar\",\"Madagascar\"],\"articleSection\":[\"Politique\",\"Toutes les actualit\u00e9s\"],\"inLanguage\":\"fr-FR\",\"potentialAction\":[{\"@type\":\"CommentAction\",\"name\":\"Comment\",\"target\":[\"https:\/\/www.africa-press.net\/madagascar\/politique\/ministeres-cles-des-secretariats-detat-en-appui#respond\"]}]},{\"@type\":\"WebPage\",\"@id\":\"https:\/\/www.africa-press.net\/madagascar\/politique\/ministeres-cles-des-secretariats-detat-en-appui\",\"url\":\"https:\/\/www.africa-press.net\/madagascar\/politique\/ministeres-cles-des-secretariats-detat-en-appui\",\"name\":\"MINIST\u00c8RES CL\u00c9S - Des secr\u00e9tariats d\u2019\u00c9tat en appui ? - Madagascar\",\"isPartOf\":{\"@id\":\"https:\/\/www.africa-press.net\/madagascar\/#website\"},\"primaryImageOfPage\":{\"@id\":\"https:\/\/www.africa-press.net\/madagascar\/politique\/ministeres-cles-des-secretariats-detat-en-appui#primaryimage\"},\"image\":{\"@id\":\"https:\/\/www.africa-press.net\/madagascar\/politique\/ministeres-cles-des-secretariats-detat-en-appui#primaryimage\"},\"thumbnailUrl\":\"https:\/\/static.africa-press.net\/madagascar\/sites\/56\/2023\/12\/sm_1703787898.095153.jpg\",\"datePublished\":\"2023-12-28T21:21:29+00:00\",\"dateModified\":\"2023-12-28T22:56:50+00:00\",\"author\":{\"@id\":\"https:\/\/www.africa-press.net\/madagascar\/#\/schema\/person\/2b1cf3cd81a31e3cd26889ca66d677f1\"},\"description\":\"Les cogitations sur la structure et la composition du prochain gouvernement se poursuivent en coulisse. La mise en place ...\",\"breadcrumb\":{\"@id\":\"https:\/\/www.africa-press.net\/madagascar\/politique\/ministeres-cles-des-secretariats-detat-en-appui#breadcrumb\"},\"inLanguage\":\"fr-FR\",\"potentialAction\":[{\"@type\":\"ReadAction\",\"target\":[\"https:\/\/www.africa-press.net\/madagascar\/politique\/ministeres-cles-des-secretariats-detat-en-appui\"]}]},{\"@type\":\"ImageObject\",\"inLanguage\":\"fr-FR\",\"@id\":\"https:\/\/www.africa-press.net\/madagascar\/politique\/ministeres-cles-des-secretariats-detat-en-appui#primaryimage\",\"url\":\"https:\/\/static.africa-press.net\/madagascar\/sites\/56\/2023\/12\/sm_1703787898.095153.jpg\",\"contentUrl\":\"https:\/\/static.africa-press.net\/madagascar\/sites\/56\/2023\/12\/sm_1703787898.095153.jpg\",\"width\":932,\"height\":632,\"caption\":\"MINIST\u00c8RES CL\u00c9S - Des secr\u00e9tariats d\u2019\u00c9tat en appui ?\"},{\"@type\":\"BreadcrumbList\",\"@id\":\"https:\/\/www.africa-press.net\/madagascar\/politique\/ministeres-cles-des-secretariats-detat-en-appui#breadcrumb\",\"itemListElement\":[{\"@type\":\"ListItem\",\"position\":1,\"name\":\"Accueil\",\"item\":\"https:\/\/www.africa-press.net\/madagascar\/\"},{\"@type\":\"ListItem\",\"position\":2,\"name\":\"MINIST\u00c8RES CL\u00c9S &#8211; Des secr\u00e9tariats d\u2019\u00c9tat en appui ?\"}]},{\"@type\":\"WebSite\",\"@id\":\"https:\/\/www.africa-press.net\/madagascar\/#website\",\"url\":\"https:\/\/www.africa-press.net\/madagascar\/\",\"name\":\"Madagascar\",\"description\":\"Just another Africa News Agency Sites site\",\"potentialAction\":[{\"@type\":\"SearchAction\",\"target\":{\"@type\":\"EntryPoint\",\"urlTemplate\":\"https:\/\/www.africa-press.net\/madagascar\/?s={search_term_string}\"},\"query-input\":{\"@type\":\"PropertyValueSpecification\",\"valueRequired\":true,\"valueName\":\"search_term_string\"}}],\"inLanguage\":\"fr-FR\"},{\"@type\":\"Person\",\"@id\":\"https:\/\/www.africa-press.net\/madagascar\/#\/schema\/person\/2b1cf3cd81a31e3cd26889ca66d677f1\",\"name\":\"cfeditorfr\"}]}<\/script>\n<!-- \/ Yoast SEO Premium plugin. -->","yoast_head_json":{"title":"MINIST\u00c8RES CL\u00c9S - Des secr\u00e9tariats d\u2019\u00c9tat en appui ? - Madagascar","description":"Les cogitations sur la structure et la composition du prochain gouvernement se poursuivent en coulisse. La mise en place ...","robots":{"index":"index","follow":"follow","max-snippet":"max-snippet:-1","max-image-preview":"max-image-preview:large","max-video-preview":"max-video-preview:-1"},"canonical":"https:\/\/www.africa-press.net\/madagascar\/politique\/ministeres-cles-des-secretariats-detat-en-appui","og_locale":"fr_FR","og_type":"article","og_title":"MINIST\u00c8RES CL\u00c9S - Des secr\u00e9tariats d\u2019\u00c9tat en appui ?","og_description":"Les cogitations sur la structure et la composition du prochain gouvernement se poursuivent en coulisse. La mise en place ...","og_url":"https:\/\/www.africa-press.net\/madagascar\/politique\/ministeres-cles-des-secretariats-detat-en-appui","og_site_name":"Madagascar","article_published_time":"2023-12-28T21:21:29+00:00","article_modified_time":"2023-12-28T22:56:50+00:00","og_image":[{"width":932,"height":632,"url":"https:\/\/static.africa-press.net\/madagascar\/sites\/56\/2023\/12\/sm_1703787898.095153.jpg","type":"image\/jpeg"}],"author":"cfeditorfr","twitter_card":"summary_large_image","twitter_misc":{"\u00c9crit par":"cfeditorfr","Dur\u00e9e de lecture estim\u00e9e":"5 minutes"},"schema":{"@context":"https:\/\/schema.org","@graph":[{"@type":"Article","@id":"https:\/\/www.africa-press.net\/madagascar\/politique\/ministeres-cles-des-secretariats-detat-en-appui#article","isPartOf":{"@id":"https:\/\/www.africa-press.net\/madagascar\/politique\/ministeres-cles-des-secretariats-detat-en-appui"},"author":{"name":"cfeditorfr","@id":"https:\/\/www.africa-press.net\/madagascar\/#\/schema\/person\/2b1cf3cd81a31e3cd26889ca66d677f1"},"headline":"MINIST\u00c8RES CL\u00c9S &#8211; Des secr\u00e9tariats d\u2019\u00c9tat en appui ?","datePublished":"2023-12-28T21:21:29+00:00","dateModified":"2023-12-28T22:56:50+00:00","mainEntityOfPage":{"@id":"https:\/\/www.africa-press.net\/madagascar\/politique\/ministeres-cles-des-secretariats-detat-en-appui"},"wordCount":990,"commentCount":0,"image":{"@id":"https:\/\/www.africa-press.net\/madagascar\/politique\/ministeres-cles-des-secretariats-detat-en-appui#primaryimage"},"thumbnailUrl":"https:\/\/static.africa-press.net\/madagascar\/sites\/56\/2023\/12\/sm_1703787898.095153.jpg","keywords":["Africa Press","Africa Press-Madagascar","Madagascar"],"articleSection":["Politique","Toutes les actualit\u00e9s"],"inLanguage":"fr-FR","potentialAction":[{"@type":"CommentAction","name":"Comment","target":["https:\/\/www.africa-press.net\/madagascar\/politique\/ministeres-cles-des-secretariats-detat-en-appui#respond"]}]},{"@type":"WebPage","@id":"https:\/\/www.africa-press.net\/madagascar\/politique\/ministeres-cles-des-secretariats-detat-en-appui","url":"https:\/\/www.africa-press.net\/madagascar\/politique\/ministeres-cles-des-secretariats-detat-en-appui","name":"MINIST\u00c8RES CL\u00c9S - Des secr\u00e9tariats d\u2019\u00c9tat en appui ? - Madagascar","isPartOf":{"@id":"https:\/\/www.africa-press.net\/madagascar\/#website"},"primaryImageOfPage":{"@id":"https:\/\/www.africa-press.net\/madagascar\/politique\/ministeres-cles-des-secretariats-detat-en-appui#primaryimage"},"image":{"@id":"https:\/\/www.africa-press.net\/madagascar\/politique\/ministeres-cles-des-secretariats-detat-en-appui#primaryimage"},"thumbnailUrl":"https:\/\/static.africa-press.net\/madagascar\/sites\/56\/2023\/12\/sm_1703787898.095153.jpg","datePublished":"2023-12-28T21:21:29+00:00","dateModified":"2023-12-28T22:56:50+00:00","author":{"@id":"https:\/\/www.africa-press.net\/madagascar\/#\/schema\/person\/2b1cf3cd81a31e3cd26889ca66d677f1"},"description":"Les cogitations sur la structure et la composition du prochain gouvernement se poursuivent en coulisse. La mise en place ...","breadcrumb":{"@id":"https:\/\/www.africa-press.net\/madagascar\/politique\/ministeres-cles-des-secretariats-detat-en-appui#breadcrumb"},"inLanguage":"fr-FR","potentialAction":[{"@type":"ReadAction","target":["https:\/\/www.africa-press.net\/madagascar\/politique\/ministeres-cles-des-secretariats-detat-en-appui"]}]},{"@type":"ImageObject","inLanguage":"fr-FR","@id":"https:\/\/www.africa-press.net\/madagascar\/politique\/ministeres-cles-des-secretariats-detat-en-appui#primaryimage","url":"https:\/\/static.africa-press.net\/madagascar\/sites\/56\/2023\/12\/sm_1703787898.095153.jpg","contentUrl":"https:\/\/static.africa-press.net\/madagascar\/sites\/56\/2023\/12\/sm_1703787898.095153.jpg","width":932,"height":632,"caption":"MINIST\u00c8RES CL\u00c9S - Des secr\u00e9tariats d\u2019\u00c9tat en appui ?"},{"@type":"BreadcrumbList","@id":"https:\/\/www.africa-press.net\/madagascar\/politique\/ministeres-cles-des-secretariats-detat-en-appui#breadcrumb","itemListElement":[{"@type":"ListItem","position":1,"name":"Accueil","item":"https:\/\/www.africa-press.net\/madagascar\/"},{"@type":"ListItem","position":2,"name":"MINIST\u00c8RES CL\u00c9S &#8211; Des secr\u00e9tariats d\u2019\u00c9tat en appui ?"}]},{"@type":"WebSite","@id":"https:\/\/www.africa-press.net\/madagascar\/#website","url":"https:\/\/www.africa-press.net\/madagascar\/","name":"Madagascar","description":"Just another Africa News Agency Sites site","potentialAction":[{"@type":"SearchAction","target":{"@type":"EntryPoint","urlTemplate":"https:\/\/www.africa-press.net\/madagascar\/?s={search_term_string}"},"query-input":{"@type":"PropertyValueSpecification","valueRequired":true,"valueName":"search_term_string"}}],"inLanguage":"fr-FR"},{"@type":"Person","@id":"https:\/\/www.africa-press.net\/madagascar\/#\/schema\/person\/2b1cf3cd81a31e3cd26889ca66d677f1","name":"cfeditorfr"}]}},"_links":{"self":[{"href":"https:\/\/www.africa-press.net\/madagascar\/wp-json\/wp\/v2\/posts\/23320","targetHints":{"allow":["GET"]}}],"collection":[{"href":"https:\/\/www.africa-press.net\/madagascar\/wp-json\/wp\/v2\/posts"}],"about":[{"href":"https:\/\/www.africa-press.net\/madagascar\/wp-json\/wp\/v2\/types\/post"}],"author":[{"embeddable":true,"href":"https:\/\/www.africa-press.net\/madagascar\/wp-json\/wp\/v2\/users\/82"}],"replies":[{"embeddable":true,"href":"https:\/\/www.africa-press.net\/madagascar\/wp-json\/wp\/v2\/comments?post=23320"}],"version-history":[{"count":0,"href":"https:\/\/www.africa-press.net\/madagascar\/wp-json\/wp\/v2\/posts\/23320\/revisions"}],"wp:featuredmedia":[{"embeddable":true,"href":"https:\/\/www.africa-press.net\/madagascar\/wp-json\/wp\/v2\/media\/23319"}],"wp:attachment":[{"href":"https:\/\/www.africa-press.net\/madagascar\/wp-json\/wp\/v2\/media?parent=23320"}],"wp:term":[{"taxonomy":"category","embeddable":true,"href":"https:\/\/www.africa-press.net\/madagascar\/wp-json\/wp\/v2\/categories?post=23320"},{"taxonomy":"post_tag","embeddable":true,"href":"https:\/\/www.africa-press.net\/madagascar\/wp-json\/wp\/v2\/tags?post=23320"}],"curies":[{"name":"wp","href":"https:\/\/api.w.org\/{rel}","templated":true}]}}