{"id":23347,"date":"2023-12-29T11:30:37","date_gmt":"2023-12-29T11:30:37","guid":{"rendered":"https:\/\/www.africa-press.net\/madagascar\/politique\/fete-de-fin-dannee-le-prix-de-la-viande-maintenu"},"modified":"2023-12-29T12:50:51","modified_gmt":"2023-12-29T12:50:51","slug":"fete-de-fin-dannee-le-prix-de-la-viande-maintenu","status":"publish","type":"post","link":"https:\/\/www.africa-press.net\/madagascar\/economie\/fete-de-fin-dannee-le-prix-de-la-viande-maintenu","title":{"rendered":"F\u00caTE DE FIN D\u2019ANN\u00c9E &#8211; Le prix de la viande maintenu"},"content":{"rendered":"<p><span style=\"color: #ff6600\"><strong>Africa-Press &#8211; Madagascar. <\/strong><\/span>Les autorite\u0301s e\u0301mettent une mise en garde contre toute hausse injustifie\u0301e des prix de la viande, soulignant qu\u2019aucun changement n\u2019a e\u0301te\u0301 apporte\u0301 au menu, a\u0300 l\u2019exception d\u2019une probable augmentation de la demande qui a e\u0301galement stimule\u0301 l\u2019offre, maintenant ainsi les prix relativement inchange\u0301s. \u00ab La pe\u0301riode de fe\u0302te est propice aux opportunistes et aux profiteurs de la situation qui pourraient e\u0302tre tente\u0301s d\u2019augmenter les prix. Des techniciens sont mobilise\u0301s sur le terrain pour observer de pre\u0300s les prix sur les marche\u0301s, ainsi que la qualite\u0301 des marchandises. Des mesures de surveillance renforce\u0301e sont mises en place pour assurer le respect de ces directives et e\u0301viter toute spe\u0301culation sur les prix \u00bb, a souligne\u0301 Tsiry Lezoma, directeur ge\u0301ne\u0301ral de l\u2019e\u0301levage.<\/p>\n<p>Dans cette optique, il encourage les ope\u0301rateurs a\u0300 augmenter l\u2019offre et annonce que le ministe\u0300re de l\u2019Agriculture et de l\u2019e\u0301levage facilitera les charges et les de\u0301marches de cheminement des be\u0301tails pendant les fe\u0302tes. D\u2019ailleurs, en cette pe\u0301riode, le marche\u0301 de la viande connai\u0302t une augmentation du nombre de vendeurs.<\/p>\n<p><b>Mobilise\u0301s<\/b><\/p>\n<p>Le directeur ge\u0301ne\u0301ral du Commerce et de la consommation, Isidore Razanakoto, a e\u0301galement assure\u0301 que les contro\u0302leurs sont mobilise\u0301s pour surveiller de pre\u0300s les marche\u0301s et garantir la stabilite\u0301 des prix. A\u0300 Tsiroanomandidy, le prix de la viande de b\u0153uf atteint actuellement 18 000 ariary le kilo. Le prix d\u2019un be\u0301tail est estime\u0301 entre cinq cent mille ariary et 1,2 millions d\u2019ariary en fonction de sa taille. En re\u0301gions, le prix du kilo varie de 16 000 ariary a\u0300 22 000 ariary, tandis qu\u2019a\u0300 Antananarivo, il oscille autour de 20 000 ariary pour une consommation d\u2019environ un millier de ze\u0301bus par jour. Pour ce qui est de la viande de porc, les prix se situent entre 15 000 ariary et 20 000 ariary le kilo en re\u0301gions, pouvant atteindre 22 000 ariary a\u0300 Antananarivo.<\/p>\n<p><strong>Pour plus d&rsquo;informations et d&rsquo;analyses sur la <a href=\"https:\/\/www.africa-press.net\/madagascar\">Madagascar<\/a>, suivez <a href=\"https:\/\/www.africa-press.net\/\">Africa-Press<\/a><\/strong><\/p>\n","protected":false},"excerpt":{"rendered":"<p>Africa-Press &#8211; Madagascar. Les autorite\u0301s e\u0301mettent une mise en garde contre toute hausse injustifie\u0301e des prix de la viande, soulignant qu\u2019aucun changement n\u2019a e\u0301te\u0301 apporte\u0301 au menu, a\u0300 l\u2019exception d\u2019une probable augmentation de la demande qui a e\u0301galement stimule\u0301 l\u2019offre, maintenant ainsi les prix relativement inchange\u0301s. \u00ab La pe\u0301riode de fe\u0302te est propice aux opportunistes [&hellip;]<\/p>\n","protected":false},"author":82,"featured_media":23346,"comment_status":"open","ping_status":"closed","sticky":false,"template":"","format":"standard","meta":{"footnotes":""},"categories":[3,10],"tags":[36,50,49],"class_list":["post-23347","post","type-post","status-publish","format-standard","has-post-thumbnail","hentry","category-economie","category-toutes-les-actualites","tag-africa-press","tag-africa-press-madagascar","tag-madagascar"],"yoast_head":"<!-- This site is optimized with the Yoast SEO Premium plugin v26.1 (Yoast SEO v27.0) - https:\/\/yoast.com\/product\/yoast-seo-premium-wordpress\/ -->\n<title>F\u00caTE DE FIN D\u2019ANN\u00c9E - Le prix de la viande maintenu - Madagascar<\/title>\n<meta name=\"description\" content=\"Les autorite\u0301s e\u0301mettent une mise en garde contre toute hausse injustifie\u0301e des prix de la viande, soulignant qu\u2019aucun c ...\" \/>\n<meta name=\"robots\" content=\"index, follow, max-snippet:-1, max-image-preview:large, max-video-preview:-1\" \/>\n<link rel=\"canonical\" href=\"https:\/\/www.africa-press.net\/madagascar\/economie\/fete-de-fin-dannee-le-prix-de-la-viande-maintenu\" \/>\n<meta property=\"og:locale\" content=\"fr_FR\" \/>\n<meta property=\"og:type\" content=\"article\" \/>\n<meta property=\"og:title\" content=\"F\u00caTE DE FIN D\u2019ANN\u00c9E - Le prix de la viande maintenu\" \/>\n<meta property=\"og:description\" content=\"Les autorite\u0301s e\u0301mettent une mise en garde contre toute hausse injustifie\u0301e des prix de la viande, soulignant qu\u2019aucun c ...\" \/>\n<meta property=\"og:url\" content=\"https:\/\/www.africa-press.net\/madagascar\/economie\/fete-de-fin-dannee-le-prix-de-la-viande-maintenu\" \/>\n<meta property=\"og:site_name\" content=\"Madagascar\" \/>\n<meta property=\"article:published_time\" content=\"2023-12-29T11:30:37+00:00\" \/>\n<meta property=\"article:modified_time\" content=\"2023-12-29T12:50:51+00:00\" \/>\n<meta property=\"og:image\" content=\"https:\/\/static.africa-press.net\/madagascar\/sites\/56\/2023\/12\/sm_1703837983.169141.jpg\" \/>\n\t<meta property=\"og:image:width\" content=\"1133\" \/>\n\t<meta property=\"og:image:height\" content=\"636\" \/>\n\t<meta property=\"og:image:type\" content=\"image\/jpeg\" \/>\n<meta name=\"author\" content=\"cfeditorfr\" \/>\n<meta name=\"twitter:card\" content=\"summary_large_image\" \/>\n<meta name=\"twitter:label1\" content=\"\u00c9crit par\" \/>\n\t<meta name=\"twitter:data1\" content=\"cfeditorfr\" \/>\n\t<meta name=\"twitter:label2\" content=\"Dur\u00e9e de lecture estim\u00e9e\" \/>\n\t<meta name=\"twitter:data2\" content=\"2 minutes\" \/>\n<script type=\"application\/ld+json\" class=\"yoast-schema-graph\">{\"@context\":\"https:\/\/schema.org\",\"@graph\":[{\"@type\":\"Article\",\"@id\":\"https:\/\/www.africa-press.net\/madagascar\/economie\/fete-de-fin-dannee-le-prix-de-la-viande-maintenu#article\",\"isPartOf\":{\"@id\":\"https:\/\/www.africa-press.net\/madagascar\/economie\/fete-de-fin-dannee-le-prix-de-la-viande-maintenu\"},\"author\":{\"name\":\"cfeditorfr\",\"@id\":\"https:\/\/www.africa-press.net\/madagascar\/#\/schema\/person\/2b1cf3cd81a31e3cd26889ca66d677f1\"},\"headline\":\"F\u00caTE DE FIN D\u2019ANN\u00c9E &#8211; Le prix de la viande maintenu\",\"datePublished\":\"2023-12-29T11:30:37+00:00\",\"dateModified\":\"2023-12-29T12:50:51+00:00\",\"mainEntityOfPage\":{\"@id\":\"https:\/\/www.africa-press.net\/madagascar\/economie\/fete-de-fin-dannee-le-prix-de-la-viande-maintenu\"},\"wordCount\":370,\"commentCount\":0,\"image\":{\"@id\":\"https:\/\/www.africa-press.net\/madagascar\/economie\/fete-de-fin-dannee-le-prix-de-la-viande-maintenu#primaryimage\"},\"thumbnailUrl\":\"https:\/\/static.africa-press.net\/madagascar\/sites\/56\/2023\/12\/sm_1703837983.169141.jpg\",\"keywords\":[\"Africa Press\",\"Africa Press-Madagascar\",\"Madagascar\"],\"articleSection\":[\"\u00c9conomie\",\"Toutes les actualit\u00e9s\"],\"inLanguage\":\"fr-FR\",\"potentialAction\":[{\"@type\":\"CommentAction\",\"name\":\"Comment\",\"target\":[\"https:\/\/www.africa-press.net\/madagascar\/economie\/fete-de-fin-dannee-le-prix-de-la-viande-maintenu#respond\"]}]},{\"@type\":\"WebPage\",\"@id\":\"https:\/\/www.africa-press.net\/madagascar\/economie\/fete-de-fin-dannee-le-prix-de-la-viande-maintenu\",\"url\":\"https:\/\/www.africa-press.net\/madagascar\/economie\/fete-de-fin-dannee-le-prix-de-la-viande-maintenu\",\"name\":\"F\u00caTE DE FIN D\u2019ANN\u00c9E - Le prix de la viande maintenu - Madagascar\",\"isPartOf\":{\"@id\":\"https:\/\/www.africa-press.net\/madagascar\/#website\"},\"primaryImageOfPage\":{\"@id\":\"https:\/\/www.africa-press.net\/madagascar\/economie\/fete-de-fin-dannee-le-prix-de-la-viande-maintenu#primaryimage\"},\"image\":{\"@id\":\"https:\/\/www.africa-press.net\/madagascar\/economie\/fete-de-fin-dannee-le-prix-de-la-viande-maintenu#primaryimage\"},\"thumbnailUrl\":\"https:\/\/static.africa-press.net\/madagascar\/sites\/56\/2023\/12\/sm_1703837983.169141.jpg\",\"datePublished\":\"2023-12-29T11:30:37+00:00\",\"dateModified\":\"2023-12-29T12:50:51+00:00\",\"author\":{\"@id\":\"https:\/\/www.africa-press.net\/madagascar\/#\/schema\/person\/2b1cf3cd81a31e3cd26889ca66d677f1\"},\"description\":\"Les autorite\u0301s e\u0301mettent une mise en garde contre toute hausse injustifie\u0301e des prix de la viande, soulignant qu\u2019aucun c ...\",\"breadcrumb\":{\"@id\":\"https:\/\/www.africa-press.net\/madagascar\/economie\/fete-de-fin-dannee-le-prix-de-la-viande-maintenu#breadcrumb\"},\"inLanguage\":\"fr-FR\",\"potentialAction\":[{\"@type\":\"ReadAction\",\"target\":[\"https:\/\/www.africa-press.net\/madagascar\/economie\/fete-de-fin-dannee-le-prix-de-la-viande-maintenu\"]}]},{\"@type\":\"ImageObject\",\"inLanguage\":\"fr-FR\",\"@id\":\"https:\/\/www.africa-press.net\/madagascar\/economie\/fete-de-fin-dannee-le-prix-de-la-viande-maintenu#primaryimage\",\"url\":\"https:\/\/static.africa-press.net\/madagascar\/sites\/56\/2023\/12\/sm_1703837983.169141.jpg\",\"contentUrl\":\"https:\/\/static.africa-press.net\/madagascar\/sites\/56\/2023\/12\/sm_1703837983.169141.jpg\",\"width\":1133,\"height\":636,\"caption\":\"F\u00caTE DE FIN D\u2019ANN\u00c9E - Le prix de la viande maintenu\"},{\"@type\":\"BreadcrumbList\",\"@id\":\"https:\/\/www.africa-press.net\/madagascar\/economie\/fete-de-fin-dannee-le-prix-de-la-viande-maintenu#breadcrumb\",\"itemListElement\":[{\"@type\":\"ListItem\",\"position\":1,\"name\":\"Accueil\",\"item\":\"https:\/\/www.africa-press.net\/madagascar\/\"},{\"@type\":\"ListItem\",\"position\":2,\"name\":\"F\u00caTE DE FIN D\u2019ANN\u00c9E &#8211; Le prix de la viande maintenu\"}]},{\"@type\":\"WebSite\",\"@id\":\"https:\/\/www.africa-press.net\/madagascar\/#website\",\"url\":\"https:\/\/www.africa-press.net\/madagascar\/\",\"name\":\"Madagascar\",\"description\":\"Just another Africa News Agency Sites site\",\"potentialAction\":[{\"@type\":\"SearchAction\",\"target\":{\"@type\":\"EntryPoint\",\"urlTemplate\":\"https:\/\/www.africa-press.net\/madagascar\/?s={search_term_string}\"},\"query-input\":{\"@type\":\"PropertyValueSpecification\",\"valueRequired\":true,\"valueName\":\"search_term_string\"}}],\"inLanguage\":\"fr-FR\"},{\"@type\":\"Person\",\"@id\":\"https:\/\/www.africa-press.net\/madagascar\/#\/schema\/person\/2b1cf3cd81a31e3cd26889ca66d677f1\",\"name\":\"cfeditorfr\"}]}<\/script>\n<!-- \/ Yoast SEO Premium plugin. -->","yoast_head_json":{"title":"F\u00caTE DE FIN D\u2019ANN\u00c9E - Le prix de la viande maintenu - Madagascar","description":"Les autorite\u0301s e\u0301mettent une mise en garde contre toute hausse injustifie\u0301e des prix de la viande, soulignant qu\u2019aucun c ...","robots":{"index":"index","follow":"follow","max-snippet":"max-snippet:-1","max-image-preview":"max-image-preview:large","max-video-preview":"max-video-preview:-1"},"canonical":"https:\/\/www.africa-press.net\/madagascar\/economie\/fete-de-fin-dannee-le-prix-de-la-viande-maintenu","og_locale":"fr_FR","og_type":"article","og_title":"F\u00caTE DE FIN D\u2019ANN\u00c9E - Le prix de la viande maintenu","og_description":"Les autorite\u0301s e\u0301mettent une mise en garde contre toute hausse injustifie\u0301e des prix de la viande, soulignant qu\u2019aucun c ...","og_url":"https:\/\/www.africa-press.net\/madagascar\/economie\/fete-de-fin-dannee-le-prix-de-la-viande-maintenu","og_site_name":"Madagascar","article_published_time":"2023-12-29T11:30:37+00:00","article_modified_time":"2023-12-29T12:50:51+00:00","og_image":[{"width":1133,"height":636,"url":"https:\/\/static.africa-press.net\/madagascar\/sites\/56\/2023\/12\/sm_1703837983.169141.jpg","type":"image\/jpeg"}],"author":"cfeditorfr","twitter_card":"summary_large_image","twitter_misc":{"\u00c9crit par":"cfeditorfr","Dur\u00e9e de lecture estim\u00e9e":"2 minutes"},"schema":{"@context":"https:\/\/schema.org","@graph":[{"@type":"Article","@id":"https:\/\/www.africa-press.net\/madagascar\/economie\/fete-de-fin-dannee-le-prix-de-la-viande-maintenu#article","isPartOf":{"@id":"https:\/\/www.africa-press.net\/madagascar\/economie\/fete-de-fin-dannee-le-prix-de-la-viande-maintenu"},"author":{"name":"cfeditorfr","@id":"https:\/\/www.africa-press.net\/madagascar\/#\/schema\/person\/2b1cf3cd81a31e3cd26889ca66d677f1"},"headline":"F\u00caTE DE FIN D\u2019ANN\u00c9E &#8211; Le prix de la viande maintenu","datePublished":"2023-12-29T11:30:37+00:00","dateModified":"2023-12-29T12:50:51+00:00","mainEntityOfPage":{"@id":"https:\/\/www.africa-press.net\/madagascar\/economie\/fete-de-fin-dannee-le-prix-de-la-viande-maintenu"},"wordCount":370,"commentCount":0,"image":{"@id":"https:\/\/www.africa-press.net\/madagascar\/economie\/fete-de-fin-dannee-le-prix-de-la-viande-maintenu#primaryimage"},"thumbnailUrl":"https:\/\/static.africa-press.net\/madagascar\/sites\/56\/2023\/12\/sm_1703837983.169141.jpg","keywords":["Africa Press","Africa Press-Madagascar","Madagascar"],"articleSection":["\u00c9conomie","Toutes les actualit\u00e9s"],"inLanguage":"fr-FR","potentialAction":[{"@type":"CommentAction","name":"Comment","target":["https:\/\/www.africa-press.net\/madagascar\/economie\/fete-de-fin-dannee-le-prix-de-la-viande-maintenu#respond"]}]},{"@type":"WebPage","@id":"https:\/\/www.africa-press.net\/madagascar\/economie\/fete-de-fin-dannee-le-prix-de-la-viande-maintenu","url":"https:\/\/www.africa-press.net\/madagascar\/economie\/fete-de-fin-dannee-le-prix-de-la-viande-maintenu","name":"F\u00caTE DE FIN D\u2019ANN\u00c9E - Le prix de la viande maintenu - Madagascar","isPartOf":{"@id":"https:\/\/www.africa-press.net\/madagascar\/#website"},"primaryImageOfPage":{"@id":"https:\/\/www.africa-press.net\/madagascar\/economie\/fete-de-fin-dannee-le-prix-de-la-viande-maintenu#primaryimage"},"image":{"@id":"https:\/\/www.africa-press.net\/madagascar\/economie\/fete-de-fin-dannee-le-prix-de-la-viande-maintenu#primaryimage"},"thumbnailUrl":"https:\/\/static.africa-press.net\/madagascar\/sites\/56\/2023\/12\/sm_1703837983.169141.jpg","datePublished":"2023-12-29T11:30:37+00:00","dateModified":"2023-12-29T12:50:51+00:00","author":{"@id":"https:\/\/www.africa-press.net\/madagascar\/#\/schema\/person\/2b1cf3cd81a31e3cd26889ca66d677f1"},"description":"Les autorite\u0301s e\u0301mettent une mise en garde contre toute hausse injustifie\u0301e des prix de la viande, soulignant qu\u2019aucun c ...","breadcrumb":{"@id":"https:\/\/www.africa-press.net\/madagascar\/economie\/fete-de-fin-dannee-le-prix-de-la-viande-maintenu#breadcrumb"},"inLanguage":"fr-FR","potentialAction":[{"@type":"ReadAction","target":["https:\/\/www.africa-press.net\/madagascar\/economie\/fete-de-fin-dannee-le-prix-de-la-viande-maintenu"]}]},{"@type":"ImageObject","inLanguage":"fr-FR","@id":"https:\/\/www.africa-press.net\/madagascar\/economie\/fete-de-fin-dannee-le-prix-de-la-viande-maintenu#primaryimage","url":"https:\/\/static.africa-press.net\/madagascar\/sites\/56\/2023\/12\/sm_1703837983.169141.jpg","contentUrl":"https:\/\/static.africa-press.net\/madagascar\/sites\/56\/2023\/12\/sm_1703837983.169141.jpg","width":1133,"height":636,"caption":"F\u00caTE DE FIN D\u2019ANN\u00c9E - Le prix de la viande maintenu"},{"@type":"BreadcrumbList","@id":"https:\/\/www.africa-press.net\/madagascar\/economie\/fete-de-fin-dannee-le-prix-de-la-viande-maintenu#breadcrumb","itemListElement":[{"@type":"ListItem","position":1,"name":"Accueil","item":"https:\/\/www.africa-press.net\/madagascar\/"},{"@type":"ListItem","position":2,"name":"F\u00caTE DE FIN D\u2019ANN\u00c9E &#8211; Le prix de la viande maintenu"}]},{"@type":"WebSite","@id":"https:\/\/www.africa-press.net\/madagascar\/#website","url":"https:\/\/www.africa-press.net\/madagascar\/","name":"Madagascar","description":"Just another Africa News Agency Sites site","potentialAction":[{"@type":"SearchAction","target":{"@type":"EntryPoint","urlTemplate":"https:\/\/www.africa-press.net\/madagascar\/?s={search_term_string}"},"query-input":{"@type":"PropertyValueSpecification","valueRequired":true,"valueName":"search_term_string"}}],"inLanguage":"fr-FR"},{"@type":"Person","@id":"https:\/\/www.africa-press.net\/madagascar\/#\/schema\/person\/2b1cf3cd81a31e3cd26889ca66d677f1","name":"cfeditorfr"}]}},"_links":{"self":[{"href":"https:\/\/www.africa-press.net\/madagascar\/wp-json\/wp\/v2\/posts\/23347","targetHints":{"allow":["GET"]}}],"collection":[{"href":"https:\/\/www.africa-press.net\/madagascar\/wp-json\/wp\/v2\/posts"}],"about":[{"href":"https:\/\/www.africa-press.net\/madagascar\/wp-json\/wp\/v2\/types\/post"}],"author":[{"embeddable":true,"href":"https:\/\/www.africa-press.net\/madagascar\/wp-json\/wp\/v2\/users\/82"}],"replies":[{"embeddable":true,"href":"https:\/\/www.africa-press.net\/madagascar\/wp-json\/wp\/v2\/comments?post=23347"}],"version-history":[{"count":0,"href":"https:\/\/www.africa-press.net\/madagascar\/wp-json\/wp\/v2\/posts\/23347\/revisions"}],"wp:featuredmedia":[{"embeddable":true,"href":"https:\/\/www.africa-press.net\/madagascar\/wp-json\/wp\/v2\/media\/23346"}],"wp:attachment":[{"href":"https:\/\/www.africa-press.net\/madagascar\/wp-json\/wp\/v2\/media?parent=23347"}],"wp:term":[{"taxonomy":"category","embeddable":true,"href":"https:\/\/www.africa-press.net\/madagascar\/wp-json\/wp\/v2\/categories?post=23347"},{"taxonomy":"post_tag","embeddable":true,"href":"https:\/\/www.africa-press.net\/madagascar\/wp-json\/wp\/v2\/tags?post=23347"}],"curies":[{"name":"wp","href":"https:\/\/api.w.org\/{rel}","templated":true}]}}