{"id":23490,"date":"2024-01-02T19:27:17","date_gmt":"2024-01-02T19:27:17","guid":{"rendered":"https:\/\/www.africa-press.net\/madagascar\/politique\/nomination-du-premier-ministre-rajoelina-demande-trois-noms-a-la-majorite"},"modified":"2024-01-02T21:41:40","modified_gmt":"2024-01-02T21:41:40","slug":"nomination-du-premier-ministre-rajoelina-demande-trois-noms-a-la-majorite","status":"publish","type":"post","link":"https:\/\/www.africa-press.net\/madagascar\/politique\/nomination-du-premier-ministre-rajoelina-demande-trois-noms-a-la-majorite","title":{"rendered":"NOMINATION DU PREMIER MINISTRE &#8211; Rajoelina demande trois noms \u00e0 la majorit\u00e9"},"content":{"rendered":"<p><span style=\"color: #ff6600\"><strong>Africa-Press &#8211; Madagascar. <\/strong><\/span>Le pre\u0301sident de la Re\u0301publique a aborde\u0301 la question du futur gouvernement dans son discours a\u0300 la nation, dimanche. Il demande a\u0300 la majorite\u0301 a\u0300 l\u2019Assemble\u0301e nationale de lui proposer trois noms de Premiers ministrables.<\/p>\n<p>Trois noms pour faire son choix. C\u2019est ce que Andry Rajoelina, pre\u0301sident de la Re\u0301publique, \u201cattend\u201d de la majorite\u0301 a\u0300 l\u2019Assemble\u0301e nationale. Une de\u0301claration au sujet de la nomination du futur Premier ministre.<\/p>\n<p>Fait rare, le locataire d\u2019Iavoloha aborde de front, un sujet politique tenant en haleine l\u2019opinion publique. Un changement de style qui pourrait indiquer un changement dans sa gestion des affaires politiques.<\/p>\n<p>Quoi qu\u2019il en soit, la nomination du futur Premier ministre et la composition du prochain gouvernement ont e\u0301te\u0301 parmi les sujets inscrits dans l\u2019allocution de fin d\u2019anne\u0301e et de v\u0153ux du Nouvel An du Chef de l\u2019E\u0301tat, dimanche.<\/p>\n<p>\u201cNous poursuivons la mise en place des structures de gouvernance.<\/p>\n<p>Aussi, j\u2019attends que le groupe majoritaire a\u0300 l\u2019Assemble\u0301e nationale pre\u0301sente trois noms, pour que je puisse choisir et nommer le Premier ministre\u201d, de\u0301clare Andry Rajoelina.<\/p>\n<p>Selon l\u2019aline\u0301a 1er de l\u2019article 54 de la Constitution, \u201cle pre\u0301sident de la Re\u0301publique nomme le Premier ministre, pre\u0301sente\u0301 par le parti ou le groupe de partis majoritaire a\u0300 l\u2019Assemble\u0301e nationale\u201d.<\/p>\n<p>Bien qu\u2019il y ait eu quelques de\u0301fections, le groupe parlementaire \u201cIsika rehetra miaraka amin\u2019i Andry Rajoelina\u201d, reste la mastodonte de la Chambre basse.<\/p>\n<p>Les Oranges dominent toujours de la te\u0302te et des e\u0301paules cette institution. Cette pratique de proposer une liste de Premiers ministrables, n\u2019est pas une pratique nouvelle. En 2014, deux noms avaient e\u0301te\u0301 propose\u0301s a\u0300 Hery Rajaonarimampianina, ancien pre\u0301sident de la Re\u0301publique.<\/p>\n<p>Juste apre\u0300s la session spe\u0301ciale marquant le de\u0301but de mandat des de\u0301pute\u0301s actuels, en juillet 2019, le groupe IRD avait de\u0301ja\u0300 \u201cpre\u0301sente\u0301\u201d une liste de trois noms a\u0300 Andry Rajoelina pour qu\u2019il fasse son choix sur celui qu\u2019il allait nommer a\u0300 la te\u0302te du gouvernement.<\/p>\n<p><b>Crite\u0300res stricts<\/b><\/p>\n<p>De prime abord, les parlementaires Oranges vont reprendre la me\u0302me formule pour cette fois-ci. La me\u0302me de\u0301marche pour confectionner la liste des Premiers ministrables sera e\u0301galement reprise, vraisemblablement.<\/p>\n<p>La pre\u0301sentation de \u201cla liste\u201d des chefs du gouvernement potentiels se fera hors de la session parlementaire. Ici encore, la pratique n\u2019est pas nouvelle.<\/p>\n<p>A\u0300 s\u2019en tenir aux e\u0301pisodes pre\u0301ce\u0301dents de changement de gouvernement, les de\u0301pute\u0301s IRD vont se re\u0301unir en pre\u0301sentiel pour certains et par visioconfe\u0301rence pour d\u2019autres, afin de confectionner la liste de leur favori pour sie\u0301ger au Palais de Mahazoarivo.<\/p>\n<p>Une de\u0301le\u0301gation ou bien l\u2019inte\u0301gralite\u0301 des membres du groupe parlementaire Orange remettra ensuite les noms au Pre\u0301sident. Apre\u0300s sa nomination, \u201cle Premier ministre proce\u0300dera a\u0300 la se\u0301lection et la proposition des personnes qui composeront le gouvernement\u201d, ajoute Andry Rajoelina.<\/p>\n<p>Le dernier aline\u0301a de l\u2019article 54 de la Loi fondamentale dispose que \u201csur proposition du Premier ministre, il [le pre\u0301sident de la Re\u0301publique] nomme les membres du gouvernement et met fin a\u0300 leurs fonctions\u201d. Dans son allocution de fin d\u2019anne\u0301e, le locataire d\u2019Iavoloha a fait part des crite\u0300res qui vont de\u0301terminer la nomination des futurs ministres.<\/p>\n<p>Andry Rajoelina pre\u0301vient d\u2019emble\u0301e que, \u201cni les campagnes de communication, ni les pe\u0301titions et collectes de signatures [en faveur d\u2019une personnalite\u0301]\u201d n\u2019auront d\u2019influence sur la nomination des membres du gouvernement.<\/p>\n<p>\u201cLa compe\u0301tence et la technicite\u0301 pour concre\u0301tiser la vision que nous avons trace\u0301e pour de\u0301velopper le Pays, mais surtout, la priorisation de l\u2019inte\u0301re\u0302t supe\u0301rieur de la nation\u201d, sont les crite\u0300res qui de\u0301termineront ses choix annonce-t-il.<\/p>\n<p>\u201cLa vision que nous mettons en \u0153uvre pour de\u0301velopper Madagascar est trop importante. Aussi, ne\u0301cessite-t-elle des crite\u0300res stricts dans la de\u0301signation des ministres.<\/p>\n<p>Puisque la population exige des re\u0301sultats rapides et quantifiables\u201d, soutient ainsi le chef de l\u2019E\u0301tat. Volonte\u0301 et abne\u0301gation a\u0300 servir la nation, probite\u0301 et droiture, capacite\u0301 a\u0300 travailler vite et expe\u0301riences sont e\u0301galement des crite\u0300res requis aux aspirants.<\/p>\n<p>Dans son discours, dimanche, Andry Rajoelina n\u2019a toutefois pas donne\u0301 de de\u0301lai, au groupe IRD, pour la remise de la liste des noms de Premiers ministrables.<\/p>\n<p>\u201cNous suivrons toutes ces e\u0301tapes dans la dignite\u0301 et le calme\u201d, de\u0301clare-t-il juste. Des indiscre\u0301tions chuchotent que les de\u0301marches a\u0300 cet effet devraient de\u0301marrer \u201cde\u0300s cette semaine\u201d. L\u2019objectif serait d\u2019avoir un nouveau gouvernement avant la fin du mois, \u201cvoir durant cette premie\u0300re quinzaine de janvier\u201d.<\/p>\n<p><strong>Pour plus d&rsquo;informations et d&rsquo;analyses sur la <a href=\"https:\/\/www.africa-press.net\/madagascar\">Madagascar<\/a>, suivez <a href=\"https:\/\/www.africa-press.net\/\">Africa-Press<\/a><\/strong><\/p>\n","protected":false},"excerpt":{"rendered":"<p>Africa-Press &#8211; Madagascar. Le pre\u0301sident de la Re\u0301publique a aborde\u0301 la question du futur gouvernement dans son discours a\u0300 la nation, dimanche. Il demande a\u0300 la majorite\u0301 a\u0300 l\u2019Assemble\u0301e nationale de lui proposer trois noms de Premiers ministrables. Trois noms pour faire son choix. C\u2019est ce que Andry Rajoelina, pre\u0301sident de la Re\u0301publique, \u201cattend\u201d de [&hellip;]<\/p>\n","protected":false},"author":82,"featured_media":23489,"comment_status":"open","ping_status":"closed","sticky":false,"template":"","format":"standard","meta":{"footnotes":""},"categories":[2,20,10],"tags":[36,50,49],"class_list":["post-23490","post","type-post","status-publish","format-standard","has-post-thumbnail","hentry","category-politique","category-top-nouvelles","category-toutes-les-actualites","tag-africa-press","tag-africa-press-madagascar","tag-madagascar"],"yoast_head":"<!-- This site is optimized with the Yoast SEO Premium plugin v26.1 (Yoast SEO v27.0) - https:\/\/yoast.com\/product\/yoast-seo-premium-wordpress\/ -->\n<title>NOMINATION DU PREMIER MINISTRE - Rajoelina demande trois noms \u00e0 la majorit\u00e9 - Madagascar<\/title>\n<meta name=\"description\" content=\"Le pre\u0301sident de la Re\u0301publique a aborde\u0301 la question du futur gouvernement dans son discours a\u0300 la nation, dimanche. Il ...\" \/>\n<meta name=\"robots\" content=\"index, follow, max-snippet:-1, max-image-preview:large, max-video-preview:-1\" \/>\n<link rel=\"canonical\" href=\"https:\/\/www.africa-press.net\/madagascar\/politique\/nomination-du-premier-ministre-rajoelina-demande-trois-noms-a-la-majorite\" \/>\n<meta property=\"og:locale\" content=\"fr_FR\" \/>\n<meta property=\"og:type\" content=\"article\" \/>\n<meta property=\"og:title\" content=\"NOMINATION DU PREMIER MINISTRE - Rajoelina demande trois noms \u00e0 la majorit\u00e9\" \/>\n<meta property=\"og:description\" content=\"Le pre\u0301sident de la Re\u0301publique a aborde\u0301 la question du futur gouvernement dans son discours a\u0300 la nation, dimanche. Il ...\" \/>\n<meta property=\"og:url\" content=\"https:\/\/www.africa-press.net\/madagascar\/politique\/nomination-du-premier-ministre-rajoelina-demande-trois-noms-a-la-majorite\" \/>\n<meta property=\"og:site_name\" content=\"Madagascar\" \/>\n<meta property=\"article:published_time\" content=\"2024-01-02T19:27:17+00:00\" \/>\n<meta property=\"article:modified_time\" content=\"2024-01-02T21:41:40+00:00\" \/>\n<meta property=\"og:image\" content=\"https:\/\/static.africa-press.net\/madagascar\/sites\/56\/2024\/01\/sm_1704215131.459843.jpg\" \/>\n\t<meta property=\"og:image:width\" content=\"1025\" \/>\n\t<meta property=\"og:image:height\" content=\"632\" \/>\n\t<meta property=\"og:image:type\" content=\"image\/jpeg\" \/>\n<meta name=\"author\" content=\"cfeditorfr\" \/>\n<meta name=\"twitter:card\" content=\"summary_large_image\" \/>\n<meta name=\"twitter:label1\" content=\"\u00c9crit par\" \/>\n\t<meta name=\"twitter:data1\" content=\"cfeditorfr\" \/>\n\t<meta name=\"twitter:label2\" content=\"Dur\u00e9e de lecture estim\u00e9e\" \/>\n\t<meta name=\"twitter:data2\" content=\"4 minutes\" \/>\n<script type=\"application\/ld+json\" class=\"yoast-schema-graph\">{\"@context\":\"https:\/\/schema.org\",\"@graph\":[{\"@type\":\"Article\",\"@id\":\"https:\/\/www.africa-press.net\/madagascar\/politique\/nomination-du-premier-ministre-rajoelina-demande-trois-noms-a-la-majorite#article\",\"isPartOf\":{\"@id\":\"https:\/\/www.africa-press.net\/madagascar\/politique\/nomination-du-premier-ministre-rajoelina-demande-trois-noms-a-la-majorite\"},\"author\":{\"name\":\"cfeditorfr\",\"@id\":\"https:\/\/www.africa-press.net\/madagascar\/#\/schema\/person\/2b1cf3cd81a31e3cd26889ca66d677f1\"},\"headline\":\"NOMINATION DU PREMIER MINISTRE &#8211; Rajoelina demande trois noms \u00e0 la majorit\u00e9\",\"datePublished\":\"2024-01-02T19:27:17+00:00\",\"dateModified\":\"2024-01-02T21:41:40+00:00\",\"mainEntityOfPage\":{\"@id\":\"https:\/\/www.africa-press.net\/madagascar\/politique\/nomination-du-premier-ministre-rajoelina-demande-trois-noms-a-la-majorite\"},\"wordCount\":846,\"commentCount\":0,\"image\":{\"@id\":\"https:\/\/www.africa-press.net\/madagascar\/politique\/nomination-du-premier-ministre-rajoelina-demande-trois-noms-a-la-majorite#primaryimage\"},\"thumbnailUrl\":\"https:\/\/static.africa-press.net\/madagascar\/sites\/56\/2024\/01\/sm_1704215131.459843.jpg\",\"keywords\":[\"Africa Press\",\"Africa Press-Madagascar\",\"Madagascar\"],\"articleSection\":[\"Politique\",\"Top Nouvelles\",\"Toutes les actualit\u00e9s\"],\"inLanguage\":\"fr-FR\",\"potentialAction\":[{\"@type\":\"CommentAction\",\"name\":\"Comment\",\"target\":[\"https:\/\/www.africa-press.net\/madagascar\/politique\/nomination-du-premier-ministre-rajoelina-demande-trois-noms-a-la-majorite#respond\"]}]},{\"@type\":\"WebPage\",\"@id\":\"https:\/\/www.africa-press.net\/madagascar\/politique\/nomination-du-premier-ministre-rajoelina-demande-trois-noms-a-la-majorite\",\"url\":\"https:\/\/www.africa-press.net\/madagascar\/politique\/nomination-du-premier-ministre-rajoelina-demande-trois-noms-a-la-majorite\",\"name\":\"NOMINATION DU PREMIER MINISTRE - Rajoelina demande trois noms \u00e0 la majorit\u00e9 - Madagascar\",\"isPartOf\":{\"@id\":\"https:\/\/www.africa-press.net\/madagascar\/#website\"},\"primaryImageOfPage\":{\"@id\":\"https:\/\/www.africa-press.net\/madagascar\/politique\/nomination-du-premier-ministre-rajoelina-demande-trois-noms-a-la-majorite#primaryimage\"},\"image\":{\"@id\":\"https:\/\/www.africa-press.net\/madagascar\/politique\/nomination-du-premier-ministre-rajoelina-demande-trois-noms-a-la-majorite#primaryimage\"},\"thumbnailUrl\":\"https:\/\/static.africa-press.net\/madagascar\/sites\/56\/2024\/01\/sm_1704215131.459843.jpg\",\"datePublished\":\"2024-01-02T19:27:17+00:00\",\"dateModified\":\"2024-01-02T21:41:40+00:00\",\"author\":{\"@id\":\"https:\/\/www.africa-press.net\/madagascar\/#\/schema\/person\/2b1cf3cd81a31e3cd26889ca66d677f1\"},\"description\":\"Le pre\u0301sident de la Re\u0301publique a aborde\u0301 la question du futur gouvernement dans son discours a\u0300 la nation, dimanche. Il ...\",\"breadcrumb\":{\"@id\":\"https:\/\/www.africa-press.net\/madagascar\/politique\/nomination-du-premier-ministre-rajoelina-demande-trois-noms-a-la-majorite#breadcrumb\"},\"inLanguage\":\"fr-FR\",\"potentialAction\":[{\"@type\":\"ReadAction\",\"target\":[\"https:\/\/www.africa-press.net\/madagascar\/politique\/nomination-du-premier-ministre-rajoelina-demande-trois-noms-a-la-majorite\"]}]},{\"@type\":\"ImageObject\",\"inLanguage\":\"fr-FR\",\"@id\":\"https:\/\/www.africa-press.net\/madagascar\/politique\/nomination-du-premier-ministre-rajoelina-demande-trois-noms-a-la-majorite#primaryimage\",\"url\":\"https:\/\/static.africa-press.net\/madagascar\/sites\/56\/2024\/01\/sm_1704215131.459843.jpg\",\"contentUrl\":\"https:\/\/static.africa-press.net\/madagascar\/sites\/56\/2024\/01\/sm_1704215131.459843.jpg\",\"width\":1025,\"height\":632,\"caption\":\"NOMINATION DU PREMIER MINISTRE - Rajoelina demande trois noms \u00e0 la majorit\u00e9\"},{\"@type\":\"BreadcrumbList\",\"@id\":\"https:\/\/www.africa-press.net\/madagascar\/politique\/nomination-du-premier-ministre-rajoelina-demande-trois-noms-a-la-majorite#breadcrumb\",\"itemListElement\":[{\"@type\":\"ListItem\",\"position\":1,\"name\":\"Accueil\",\"item\":\"https:\/\/www.africa-press.net\/madagascar\/\"},{\"@type\":\"ListItem\",\"position\":2,\"name\":\"NOMINATION DU PREMIER MINISTRE &#8211; Rajoelina demande trois noms \u00e0 la majorit\u00e9\"}]},{\"@type\":\"WebSite\",\"@id\":\"https:\/\/www.africa-press.net\/madagascar\/#website\",\"url\":\"https:\/\/www.africa-press.net\/madagascar\/\",\"name\":\"Madagascar\",\"description\":\"Just another Africa News Agency Sites site\",\"potentialAction\":[{\"@type\":\"SearchAction\",\"target\":{\"@type\":\"EntryPoint\",\"urlTemplate\":\"https:\/\/www.africa-press.net\/madagascar\/?s={search_term_string}\"},\"query-input\":{\"@type\":\"PropertyValueSpecification\",\"valueRequired\":true,\"valueName\":\"search_term_string\"}}],\"inLanguage\":\"fr-FR\"},{\"@type\":\"Person\",\"@id\":\"https:\/\/www.africa-press.net\/madagascar\/#\/schema\/person\/2b1cf3cd81a31e3cd26889ca66d677f1\",\"name\":\"cfeditorfr\"}]}<\/script>\n<!-- \/ Yoast SEO Premium plugin. -->","yoast_head_json":{"title":"NOMINATION DU PREMIER MINISTRE - Rajoelina demande trois noms \u00e0 la majorit\u00e9 - Madagascar","description":"Le pre\u0301sident de la Re\u0301publique a aborde\u0301 la question du futur gouvernement dans son discours a\u0300 la nation, dimanche. Il ...","robots":{"index":"index","follow":"follow","max-snippet":"max-snippet:-1","max-image-preview":"max-image-preview:large","max-video-preview":"max-video-preview:-1"},"canonical":"https:\/\/www.africa-press.net\/madagascar\/politique\/nomination-du-premier-ministre-rajoelina-demande-trois-noms-a-la-majorite","og_locale":"fr_FR","og_type":"article","og_title":"NOMINATION DU PREMIER MINISTRE - Rajoelina demande trois noms \u00e0 la majorit\u00e9","og_description":"Le pre\u0301sident de la Re\u0301publique a aborde\u0301 la question du futur gouvernement dans son discours a\u0300 la nation, dimanche. Il ...","og_url":"https:\/\/www.africa-press.net\/madagascar\/politique\/nomination-du-premier-ministre-rajoelina-demande-trois-noms-a-la-majorite","og_site_name":"Madagascar","article_published_time":"2024-01-02T19:27:17+00:00","article_modified_time":"2024-01-02T21:41:40+00:00","og_image":[{"width":1025,"height":632,"url":"https:\/\/static.africa-press.net\/madagascar\/sites\/56\/2024\/01\/sm_1704215131.459843.jpg","type":"image\/jpeg"}],"author":"cfeditorfr","twitter_card":"summary_large_image","twitter_misc":{"\u00c9crit par":"cfeditorfr","Dur\u00e9e de lecture estim\u00e9e":"4 minutes"},"schema":{"@context":"https:\/\/schema.org","@graph":[{"@type":"Article","@id":"https:\/\/www.africa-press.net\/madagascar\/politique\/nomination-du-premier-ministre-rajoelina-demande-trois-noms-a-la-majorite#article","isPartOf":{"@id":"https:\/\/www.africa-press.net\/madagascar\/politique\/nomination-du-premier-ministre-rajoelina-demande-trois-noms-a-la-majorite"},"author":{"name":"cfeditorfr","@id":"https:\/\/www.africa-press.net\/madagascar\/#\/schema\/person\/2b1cf3cd81a31e3cd26889ca66d677f1"},"headline":"NOMINATION DU PREMIER MINISTRE &#8211; Rajoelina demande trois noms \u00e0 la majorit\u00e9","datePublished":"2024-01-02T19:27:17+00:00","dateModified":"2024-01-02T21:41:40+00:00","mainEntityOfPage":{"@id":"https:\/\/www.africa-press.net\/madagascar\/politique\/nomination-du-premier-ministre-rajoelina-demande-trois-noms-a-la-majorite"},"wordCount":846,"commentCount":0,"image":{"@id":"https:\/\/www.africa-press.net\/madagascar\/politique\/nomination-du-premier-ministre-rajoelina-demande-trois-noms-a-la-majorite#primaryimage"},"thumbnailUrl":"https:\/\/static.africa-press.net\/madagascar\/sites\/56\/2024\/01\/sm_1704215131.459843.jpg","keywords":["Africa Press","Africa Press-Madagascar","Madagascar"],"articleSection":["Politique","Top Nouvelles","Toutes les actualit\u00e9s"],"inLanguage":"fr-FR","potentialAction":[{"@type":"CommentAction","name":"Comment","target":["https:\/\/www.africa-press.net\/madagascar\/politique\/nomination-du-premier-ministre-rajoelina-demande-trois-noms-a-la-majorite#respond"]}]},{"@type":"WebPage","@id":"https:\/\/www.africa-press.net\/madagascar\/politique\/nomination-du-premier-ministre-rajoelina-demande-trois-noms-a-la-majorite","url":"https:\/\/www.africa-press.net\/madagascar\/politique\/nomination-du-premier-ministre-rajoelina-demande-trois-noms-a-la-majorite","name":"NOMINATION DU PREMIER MINISTRE - Rajoelina demande trois noms \u00e0 la majorit\u00e9 - Madagascar","isPartOf":{"@id":"https:\/\/www.africa-press.net\/madagascar\/#website"},"primaryImageOfPage":{"@id":"https:\/\/www.africa-press.net\/madagascar\/politique\/nomination-du-premier-ministre-rajoelina-demande-trois-noms-a-la-majorite#primaryimage"},"image":{"@id":"https:\/\/www.africa-press.net\/madagascar\/politique\/nomination-du-premier-ministre-rajoelina-demande-trois-noms-a-la-majorite#primaryimage"},"thumbnailUrl":"https:\/\/static.africa-press.net\/madagascar\/sites\/56\/2024\/01\/sm_1704215131.459843.jpg","datePublished":"2024-01-02T19:27:17+00:00","dateModified":"2024-01-02T21:41:40+00:00","author":{"@id":"https:\/\/www.africa-press.net\/madagascar\/#\/schema\/person\/2b1cf3cd81a31e3cd26889ca66d677f1"},"description":"Le pre\u0301sident de la Re\u0301publique a aborde\u0301 la question du futur gouvernement dans son discours a\u0300 la nation, dimanche. Il ...","breadcrumb":{"@id":"https:\/\/www.africa-press.net\/madagascar\/politique\/nomination-du-premier-ministre-rajoelina-demande-trois-noms-a-la-majorite#breadcrumb"},"inLanguage":"fr-FR","potentialAction":[{"@type":"ReadAction","target":["https:\/\/www.africa-press.net\/madagascar\/politique\/nomination-du-premier-ministre-rajoelina-demande-trois-noms-a-la-majorite"]}]},{"@type":"ImageObject","inLanguage":"fr-FR","@id":"https:\/\/www.africa-press.net\/madagascar\/politique\/nomination-du-premier-ministre-rajoelina-demande-trois-noms-a-la-majorite#primaryimage","url":"https:\/\/static.africa-press.net\/madagascar\/sites\/56\/2024\/01\/sm_1704215131.459843.jpg","contentUrl":"https:\/\/static.africa-press.net\/madagascar\/sites\/56\/2024\/01\/sm_1704215131.459843.jpg","width":1025,"height":632,"caption":"NOMINATION DU PREMIER MINISTRE - Rajoelina demande trois noms \u00e0 la majorit\u00e9"},{"@type":"BreadcrumbList","@id":"https:\/\/www.africa-press.net\/madagascar\/politique\/nomination-du-premier-ministre-rajoelina-demande-trois-noms-a-la-majorite#breadcrumb","itemListElement":[{"@type":"ListItem","position":1,"name":"Accueil","item":"https:\/\/www.africa-press.net\/madagascar\/"},{"@type":"ListItem","position":2,"name":"NOMINATION DU PREMIER MINISTRE &#8211; Rajoelina demande trois noms \u00e0 la majorit\u00e9"}]},{"@type":"WebSite","@id":"https:\/\/www.africa-press.net\/madagascar\/#website","url":"https:\/\/www.africa-press.net\/madagascar\/","name":"Madagascar","description":"Just another Africa News Agency Sites site","potentialAction":[{"@type":"SearchAction","target":{"@type":"EntryPoint","urlTemplate":"https:\/\/www.africa-press.net\/madagascar\/?s={search_term_string}"},"query-input":{"@type":"PropertyValueSpecification","valueRequired":true,"valueName":"search_term_string"}}],"inLanguage":"fr-FR"},{"@type":"Person","@id":"https:\/\/www.africa-press.net\/madagascar\/#\/schema\/person\/2b1cf3cd81a31e3cd26889ca66d677f1","name":"cfeditorfr"}]}},"_links":{"self":[{"href":"https:\/\/www.africa-press.net\/madagascar\/wp-json\/wp\/v2\/posts\/23490","targetHints":{"allow":["GET"]}}],"collection":[{"href":"https:\/\/www.africa-press.net\/madagascar\/wp-json\/wp\/v2\/posts"}],"about":[{"href":"https:\/\/www.africa-press.net\/madagascar\/wp-json\/wp\/v2\/types\/post"}],"author":[{"embeddable":true,"href":"https:\/\/www.africa-press.net\/madagascar\/wp-json\/wp\/v2\/users\/82"}],"replies":[{"embeddable":true,"href":"https:\/\/www.africa-press.net\/madagascar\/wp-json\/wp\/v2\/comments?post=23490"}],"version-history":[{"count":0,"href":"https:\/\/www.africa-press.net\/madagascar\/wp-json\/wp\/v2\/posts\/23490\/revisions"}],"wp:featuredmedia":[{"embeddable":true,"href":"https:\/\/www.africa-press.net\/madagascar\/wp-json\/wp\/v2\/media\/23489"}],"wp:attachment":[{"href":"https:\/\/www.africa-press.net\/madagascar\/wp-json\/wp\/v2\/media?parent=23490"}],"wp:term":[{"taxonomy":"category","embeddable":true,"href":"https:\/\/www.africa-press.net\/madagascar\/wp-json\/wp\/v2\/categories?post=23490"},{"taxonomy":"post_tag","embeddable":true,"href":"https:\/\/www.africa-press.net\/madagascar\/wp-json\/wp\/v2\/tags?post=23490"}],"curies":[{"name":"wp","href":"https:\/\/api.w.org\/{rel}","templated":true}]}}