{"id":23507,"date":"2024-01-02T19:58:27","date_gmt":"2024-01-02T19:58:27","guid":{"rendered":"https:\/\/www.africa-press.net\/madagascar\/politique\/exportation-accent-sur-la-transformation-locale-de-la-vanille"},"modified":"2024-01-02T21:46:41","modified_gmt":"2024-01-02T21:46:41","slug":"exportation-accent-sur-la-transformation-locale-de-la-vanille","status":"publish","type":"post","link":"https:\/\/www.africa-press.net\/madagascar\/economie\/exportation-accent-sur-la-transformation-locale-de-la-vanille","title":{"rendered":"EXPORTATION &#8211; Accent sur la transformation locale de la vanille"},"content":{"rendered":"<p><span style=\"color: #ff6600\"><strong>Africa-Press &#8211; Madagascar. <\/strong><\/span>Pour plus de valeur ajoute\u0301e. Andry Rajoelina a annonce\u0301 dans son discours de v\u0153ux a\u0300 la Nation sa volonte\u0301 de faciliter la transformation locale de vanille, avec pour effet la multiplication d\u2019usines d\u2019extraction a\u0300 Madagascar.<\/p>\n<p>Cette mesure vise \u00ab l\u2019exportation de vanille transforme\u0301e, plus re\u0301mune\u0301ratrice ; et pour prote\u0301ger la filie\u0300re et juguler le prix des gousses \u00bb, souligne le pre\u0301sident Andry Rajoelina.<\/p>\n<p>La protection de la vanille se justifie non seulement en tant que filie\u0300re porteuse de l\u2019e\u0301conomie, mais e\u0301galement en tant que filie\u0300re de souverainete\u0301 pour Madagascar. Des extractions d\u2019huiles essentielles de vanille s\u2019ope\u0300rent d\u2019ailleurs de\u0301ja\u0300 dans la Grande i\u0302le, mais elles sont peu nombreuses, la majorite\u0301 des ope\u0301rateurs pre\u0301fe\u0301rant l\u2019exportation de gousses de vanille, pourvoyeurs de devises. Cependant, les revenus peuvent e\u0302tre optimise\u0301s en favorisant l\u2019exportation de produits transforme\u0301s, ce qui valoriserait dans la me\u0302me foule\u0301e une chai\u0302ne de valeur plus re\u0301mune\u0301ratrice.<\/p>\n<p>Entre une gousse de vanille et un extrait d\u2019huile essentielle de vanille, les revenus diffe\u0300rent conside\u0301rablement. Un kilo de vanille est exporte\u0301 FOB a\u0300 250 dollars, qui, en fin de proce\u0301de\u0301 d\u2019extraction, produit 20 a\u0300 50 grammes de vanilline. En ce qui concerne les autres aro\u0302mes, la gousse de vanille contient plus de cent cinquante compose\u0301s.<\/p>\n<p><b>Technologie disponible<\/b><\/p>\n<p>Pour le prix, 30 ml d\u2019huiles extraites de vanille valent 123 000 ariary a\u0300 Madagascar, tandis qu\u2019en Europe, 10 ml cou\u0302tent environ 120 euros, soit plus de 600 000 ariary. Le litre est estime\u0301 a\u0300 partir de 1 175 euros en Europe, soit pre\u0300s de six millions d\u2019ariary. Pour la poudre de vanille, il s\u2019ache\u0300te a\u0300 partir de dix euros le re\u0301cipient de dix grammes.<\/p>\n<p>La technologie d\u2019extraction et de distillation est e\u0301galement disponible localement, si l\u2019on s\u2019en tient a\u0300 la force de la filie\u0300re huilerie essentielle. Dans les principales chai\u0302nes de valeur agroalimentaires, des efforts sont de\u0301ploye\u0301s pour soutenir la mise en place de syste\u0300mes efficaces, diversifie\u0301s et durables pour les cultures d\u2019exportation a\u0300 fort potentiel. La vanille de Madagascar be\u0301ne\u0301ficie de\u0301ja\u0300 d\u2019une renomme\u0301e internationale. La filie\u0300re pre\u0301sente une bonne dynamique et be\u0301ne\u0301ficie du soutien de partenaires techniques et financiers tels que la Banque mondiale, qui a mobilise\u0301 plus de cent millions de dollars pour l\u2019agrobusiness et le tourisme. Cet appui se justifie notamment par le potentiel de croissance en termes de marche\u0301s a\u0300 l\u2019export, de la capacite\u0301 a\u0300 attirer des investissements prive\u0301s, de la cre\u0301ation de valeur ajoute\u0301e, ainsi que des synergies avec d\u2019autres filie\u0300res soutenues, telles que les huiles essentielles.<\/p>\n<p><strong>Pour plus d&rsquo;informations et d&rsquo;analyses sur la <a href=\"https:\/\/www.africa-press.net\/madagascar\">Madagascar<\/a>, suivez <a href=\"https:\/\/www.africa-press.net\/\">Africa-Press<\/a><\/strong><\/p>\n","protected":false},"excerpt":{"rendered":"<p>Africa-Press &#8211; Madagascar. Pour plus de valeur ajoute\u0301e. Andry Rajoelina a annonce\u0301 dans son discours de v\u0153ux a\u0300 la Nation sa volonte\u0301 de faciliter la transformation locale de vanille, avec pour effet la multiplication d\u2019usines d\u2019extraction a\u0300 Madagascar. Cette mesure vise \u00ab l\u2019exportation de vanille transforme\u0301e, plus re\u0301mune\u0301ratrice ; et pour prote\u0301ger la filie\u0300re et [&hellip;]<\/p>\n","protected":false},"author":82,"featured_media":23506,"comment_status":"open","ping_status":"closed","sticky":false,"template":"","format":"standard","meta":{"footnotes":""},"categories":[3,10],"tags":[36,50,49],"class_list":["post-23507","post","type-post","status-publish","format-standard","has-post-thumbnail","hentry","category-economie","category-toutes-les-actualites","tag-africa-press","tag-africa-press-madagascar","tag-madagascar"],"yoast_head":"<!-- This site is optimized with the Yoast SEO Premium plugin v26.1 (Yoast SEO v27.0) - https:\/\/yoast.com\/product\/yoast-seo-premium-wordpress\/ -->\n<title>EXPORTATION - Accent sur la transformation locale de la vanille - Madagascar<\/title>\n<meta name=\"description\" content=\"Pour plus de valeur ajoute\u0301e. Andry Rajoelina a annonce\u0301 dans son discours de v\u0153ux a\u0300 la Nation sa volonte\u0301 de faciliter ...\" \/>\n<meta name=\"robots\" content=\"index, follow, max-snippet:-1, max-image-preview:large, max-video-preview:-1\" \/>\n<link rel=\"canonical\" href=\"https:\/\/www.africa-press.net\/madagascar\/economie\/exportation-accent-sur-la-transformation-locale-de-la-vanille\" \/>\n<meta property=\"og:locale\" content=\"fr_FR\" \/>\n<meta property=\"og:type\" content=\"article\" \/>\n<meta property=\"og:title\" content=\"EXPORTATION - Accent sur la transformation locale de la vanille\" \/>\n<meta property=\"og:description\" content=\"Pour plus de valeur ajoute\u0301e. Andry Rajoelina a annonce\u0301 dans son discours de v\u0153ux a\u0300 la Nation sa volonte\u0301 de faciliter ...\" \/>\n<meta property=\"og:url\" content=\"https:\/\/www.africa-press.net\/madagascar\/economie\/exportation-accent-sur-la-transformation-locale-de-la-vanille\" \/>\n<meta property=\"og:site_name\" content=\"Madagascar\" \/>\n<meta property=\"article:published_time\" content=\"2024-01-02T19:58:27+00:00\" \/>\n<meta property=\"article:modified_time\" content=\"2024-01-02T21:46:41+00:00\" \/>\n<meta property=\"og:image\" content=\"https:\/\/static.africa-press.net\/madagascar\/sites\/56\/2024\/01\/sm_1704215327.075618.jpg\" \/>\n\t<meta property=\"og:image:width\" content=\"921\" \/>\n\t<meta property=\"og:image:height\" content=\"604\" \/>\n\t<meta property=\"og:image:type\" content=\"image\/jpeg\" \/>\n<meta name=\"author\" content=\"cfeditorfr\" \/>\n<meta name=\"twitter:card\" content=\"summary_large_image\" \/>\n<meta name=\"twitter:label1\" content=\"\u00c9crit par\" \/>\n\t<meta name=\"twitter:data1\" content=\"cfeditorfr\" \/>\n\t<meta name=\"twitter:label2\" content=\"Dur\u00e9e de lecture estim\u00e9e\" \/>\n\t<meta name=\"twitter:data2\" content=\"2 minutes\" \/>\n<script type=\"application\/ld+json\" class=\"yoast-schema-graph\">{\"@context\":\"https:\/\/schema.org\",\"@graph\":[{\"@type\":\"Article\",\"@id\":\"https:\/\/www.africa-press.net\/madagascar\/economie\/exportation-accent-sur-la-transformation-locale-de-la-vanille#article\",\"isPartOf\":{\"@id\":\"https:\/\/www.africa-press.net\/madagascar\/economie\/exportation-accent-sur-la-transformation-locale-de-la-vanille\"},\"author\":{\"name\":\"cfeditorfr\",\"@id\":\"https:\/\/www.africa-press.net\/madagascar\/#\/schema\/person\/2b1cf3cd81a31e3cd26889ca66d677f1\"},\"headline\":\"EXPORTATION &#8211; Accent sur la transformation locale de la vanille\",\"datePublished\":\"2024-01-02T19:58:27+00:00\",\"dateModified\":\"2024-01-02T21:46:41+00:00\",\"mainEntityOfPage\":{\"@id\":\"https:\/\/www.africa-press.net\/madagascar\/economie\/exportation-accent-sur-la-transformation-locale-de-la-vanille\"},\"wordCount\":494,\"commentCount\":0,\"image\":{\"@id\":\"https:\/\/www.africa-press.net\/madagascar\/economie\/exportation-accent-sur-la-transformation-locale-de-la-vanille#primaryimage\"},\"thumbnailUrl\":\"https:\/\/static.africa-press.net\/madagascar\/sites\/56\/2024\/01\/sm_1704215327.075618.jpg\",\"keywords\":[\"Africa Press\",\"Africa Press-Madagascar\",\"Madagascar\"],\"articleSection\":[\"\u00c9conomie\",\"Toutes les actualit\u00e9s\"],\"inLanguage\":\"fr-FR\",\"potentialAction\":[{\"@type\":\"CommentAction\",\"name\":\"Comment\",\"target\":[\"https:\/\/www.africa-press.net\/madagascar\/economie\/exportation-accent-sur-la-transformation-locale-de-la-vanille#respond\"]}]},{\"@type\":\"WebPage\",\"@id\":\"https:\/\/www.africa-press.net\/madagascar\/economie\/exportation-accent-sur-la-transformation-locale-de-la-vanille\",\"url\":\"https:\/\/www.africa-press.net\/madagascar\/economie\/exportation-accent-sur-la-transformation-locale-de-la-vanille\",\"name\":\"EXPORTATION - Accent sur la transformation locale de la vanille - Madagascar\",\"isPartOf\":{\"@id\":\"https:\/\/www.africa-press.net\/madagascar\/#website\"},\"primaryImageOfPage\":{\"@id\":\"https:\/\/www.africa-press.net\/madagascar\/economie\/exportation-accent-sur-la-transformation-locale-de-la-vanille#primaryimage\"},\"image\":{\"@id\":\"https:\/\/www.africa-press.net\/madagascar\/economie\/exportation-accent-sur-la-transformation-locale-de-la-vanille#primaryimage\"},\"thumbnailUrl\":\"https:\/\/static.africa-press.net\/madagascar\/sites\/56\/2024\/01\/sm_1704215327.075618.jpg\",\"datePublished\":\"2024-01-02T19:58:27+00:00\",\"dateModified\":\"2024-01-02T21:46:41+00:00\",\"author\":{\"@id\":\"https:\/\/www.africa-press.net\/madagascar\/#\/schema\/person\/2b1cf3cd81a31e3cd26889ca66d677f1\"},\"description\":\"Pour plus de valeur ajoute\u0301e. Andry Rajoelina a annonce\u0301 dans son discours de v\u0153ux a\u0300 la Nation sa volonte\u0301 de faciliter ...\",\"breadcrumb\":{\"@id\":\"https:\/\/www.africa-press.net\/madagascar\/economie\/exportation-accent-sur-la-transformation-locale-de-la-vanille#breadcrumb\"},\"inLanguage\":\"fr-FR\",\"potentialAction\":[{\"@type\":\"ReadAction\",\"target\":[\"https:\/\/www.africa-press.net\/madagascar\/economie\/exportation-accent-sur-la-transformation-locale-de-la-vanille\"]}]},{\"@type\":\"ImageObject\",\"inLanguage\":\"fr-FR\",\"@id\":\"https:\/\/www.africa-press.net\/madagascar\/economie\/exportation-accent-sur-la-transformation-locale-de-la-vanille#primaryimage\",\"url\":\"https:\/\/static.africa-press.net\/madagascar\/sites\/56\/2024\/01\/sm_1704215327.075618.jpg\",\"contentUrl\":\"https:\/\/static.africa-press.net\/madagascar\/sites\/56\/2024\/01\/sm_1704215327.075618.jpg\",\"width\":921,\"height\":604,\"caption\":\"EXPORTATION - Accent sur la transformation locale de la vanille\"},{\"@type\":\"BreadcrumbList\",\"@id\":\"https:\/\/www.africa-press.net\/madagascar\/economie\/exportation-accent-sur-la-transformation-locale-de-la-vanille#breadcrumb\",\"itemListElement\":[{\"@type\":\"ListItem\",\"position\":1,\"name\":\"Accueil\",\"item\":\"https:\/\/www.africa-press.net\/madagascar\/\"},{\"@type\":\"ListItem\",\"position\":2,\"name\":\"EXPORTATION &#8211; Accent sur la transformation locale de la vanille\"}]},{\"@type\":\"WebSite\",\"@id\":\"https:\/\/www.africa-press.net\/madagascar\/#website\",\"url\":\"https:\/\/www.africa-press.net\/madagascar\/\",\"name\":\"Madagascar\",\"description\":\"Just another Africa News Agency Sites site\",\"potentialAction\":[{\"@type\":\"SearchAction\",\"target\":{\"@type\":\"EntryPoint\",\"urlTemplate\":\"https:\/\/www.africa-press.net\/madagascar\/?s={search_term_string}\"},\"query-input\":{\"@type\":\"PropertyValueSpecification\",\"valueRequired\":true,\"valueName\":\"search_term_string\"}}],\"inLanguage\":\"fr-FR\"},{\"@type\":\"Person\",\"@id\":\"https:\/\/www.africa-press.net\/madagascar\/#\/schema\/person\/2b1cf3cd81a31e3cd26889ca66d677f1\",\"name\":\"cfeditorfr\"}]}<\/script>\n<!-- \/ Yoast SEO Premium plugin. -->","yoast_head_json":{"title":"EXPORTATION - Accent sur la transformation locale de la vanille - Madagascar","description":"Pour plus de valeur ajoute\u0301e. Andry Rajoelina a annonce\u0301 dans son discours de v\u0153ux a\u0300 la Nation sa volonte\u0301 de faciliter ...","robots":{"index":"index","follow":"follow","max-snippet":"max-snippet:-1","max-image-preview":"max-image-preview:large","max-video-preview":"max-video-preview:-1"},"canonical":"https:\/\/www.africa-press.net\/madagascar\/economie\/exportation-accent-sur-la-transformation-locale-de-la-vanille","og_locale":"fr_FR","og_type":"article","og_title":"EXPORTATION - Accent sur la transformation locale de la vanille","og_description":"Pour plus de valeur ajoute\u0301e. Andry Rajoelina a annonce\u0301 dans son discours de v\u0153ux a\u0300 la Nation sa volonte\u0301 de faciliter ...","og_url":"https:\/\/www.africa-press.net\/madagascar\/economie\/exportation-accent-sur-la-transformation-locale-de-la-vanille","og_site_name":"Madagascar","article_published_time":"2024-01-02T19:58:27+00:00","article_modified_time":"2024-01-02T21:46:41+00:00","og_image":[{"width":921,"height":604,"url":"https:\/\/static.africa-press.net\/madagascar\/sites\/56\/2024\/01\/sm_1704215327.075618.jpg","type":"image\/jpeg"}],"author":"cfeditorfr","twitter_card":"summary_large_image","twitter_misc":{"\u00c9crit par":"cfeditorfr","Dur\u00e9e de lecture estim\u00e9e":"2 minutes"},"schema":{"@context":"https:\/\/schema.org","@graph":[{"@type":"Article","@id":"https:\/\/www.africa-press.net\/madagascar\/economie\/exportation-accent-sur-la-transformation-locale-de-la-vanille#article","isPartOf":{"@id":"https:\/\/www.africa-press.net\/madagascar\/economie\/exportation-accent-sur-la-transformation-locale-de-la-vanille"},"author":{"name":"cfeditorfr","@id":"https:\/\/www.africa-press.net\/madagascar\/#\/schema\/person\/2b1cf3cd81a31e3cd26889ca66d677f1"},"headline":"EXPORTATION &#8211; Accent sur la transformation locale de la vanille","datePublished":"2024-01-02T19:58:27+00:00","dateModified":"2024-01-02T21:46:41+00:00","mainEntityOfPage":{"@id":"https:\/\/www.africa-press.net\/madagascar\/economie\/exportation-accent-sur-la-transformation-locale-de-la-vanille"},"wordCount":494,"commentCount":0,"image":{"@id":"https:\/\/www.africa-press.net\/madagascar\/economie\/exportation-accent-sur-la-transformation-locale-de-la-vanille#primaryimage"},"thumbnailUrl":"https:\/\/static.africa-press.net\/madagascar\/sites\/56\/2024\/01\/sm_1704215327.075618.jpg","keywords":["Africa Press","Africa Press-Madagascar","Madagascar"],"articleSection":["\u00c9conomie","Toutes les actualit\u00e9s"],"inLanguage":"fr-FR","potentialAction":[{"@type":"CommentAction","name":"Comment","target":["https:\/\/www.africa-press.net\/madagascar\/economie\/exportation-accent-sur-la-transformation-locale-de-la-vanille#respond"]}]},{"@type":"WebPage","@id":"https:\/\/www.africa-press.net\/madagascar\/economie\/exportation-accent-sur-la-transformation-locale-de-la-vanille","url":"https:\/\/www.africa-press.net\/madagascar\/economie\/exportation-accent-sur-la-transformation-locale-de-la-vanille","name":"EXPORTATION - Accent sur la transformation locale de la vanille - Madagascar","isPartOf":{"@id":"https:\/\/www.africa-press.net\/madagascar\/#website"},"primaryImageOfPage":{"@id":"https:\/\/www.africa-press.net\/madagascar\/economie\/exportation-accent-sur-la-transformation-locale-de-la-vanille#primaryimage"},"image":{"@id":"https:\/\/www.africa-press.net\/madagascar\/economie\/exportation-accent-sur-la-transformation-locale-de-la-vanille#primaryimage"},"thumbnailUrl":"https:\/\/static.africa-press.net\/madagascar\/sites\/56\/2024\/01\/sm_1704215327.075618.jpg","datePublished":"2024-01-02T19:58:27+00:00","dateModified":"2024-01-02T21:46:41+00:00","author":{"@id":"https:\/\/www.africa-press.net\/madagascar\/#\/schema\/person\/2b1cf3cd81a31e3cd26889ca66d677f1"},"description":"Pour plus de valeur ajoute\u0301e. Andry Rajoelina a annonce\u0301 dans son discours de v\u0153ux a\u0300 la Nation sa volonte\u0301 de faciliter ...","breadcrumb":{"@id":"https:\/\/www.africa-press.net\/madagascar\/economie\/exportation-accent-sur-la-transformation-locale-de-la-vanille#breadcrumb"},"inLanguage":"fr-FR","potentialAction":[{"@type":"ReadAction","target":["https:\/\/www.africa-press.net\/madagascar\/economie\/exportation-accent-sur-la-transformation-locale-de-la-vanille"]}]},{"@type":"ImageObject","inLanguage":"fr-FR","@id":"https:\/\/www.africa-press.net\/madagascar\/economie\/exportation-accent-sur-la-transformation-locale-de-la-vanille#primaryimage","url":"https:\/\/static.africa-press.net\/madagascar\/sites\/56\/2024\/01\/sm_1704215327.075618.jpg","contentUrl":"https:\/\/static.africa-press.net\/madagascar\/sites\/56\/2024\/01\/sm_1704215327.075618.jpg","width":921,"height":604,"caption":"EXPORTATION - Accent sur la transformation locale de la vanille"},{"@type":"BreadcrumbList","@id":"https:\/\/www.africa-press.net\/madagascar\/economie\/exportation-accent-sur-la-transformation-locale-de-la-vanille#breadcrumb","itemListElement":[{"@type":"ListItem","position":1,"name":"Accueil","item":"https:\/\/www.africa-press.net\/madagascar\/"},{"@type":"ListItem","position":2,"name":"EXPORTATION &#8211; Accent sur la transformation locale de la vanille"}]},{"@type":"WebSite","@id":"https:\/\/www.africa-press.net\/madagascar\/#website","url":"https:\/\/www.africa-press.net\/madagascar\/","name":"Madagascar","description":"Just another Africa News Agency Sites site","potentialAction":[{"@type":"SearchAction","target":{"@type":"EntryPoint","urlTemplate":"https:\/\/www.africa-press.net\/madagascar\/?s={search_term_string}"},"query-input":{"@type":"PropertyValueSpecification","valueRequired":true,"valueName":"search_term_string"}}],"inLanguage":"fr-FR"},{"@type":"Person","@id":"https:\/\/www.africa-press.net\/madagascar\/#\/schema\/person\/2b1cf3cd81a31e3cd26889ca66d677f1","name":"cfeditorfr"}]}},"_links":{"self":[{"href":"https:\/\/www.africa-press.net\/madagascar\/wp-json\/wp\/v2\/posts\/23507","targetHints":{"allow":["GET"]}}],"collection":[{"href":"https:\/\/www.africa-press.net\/madagascar\/wp-json\/wp\/v2\/posts"}],"about":[{"href":"https:\/\/www.africa-press.net\/madagascar\/wp-json\/wp\/v2\/types\/post"}],"author":[{"embeddable":true,"href":"https:\/\/www.africa-press.net\/madagascar\/wp-json\/wp\/v2\/users\/82"}],"replies":[{"embeddable":true,"href":"https:\/\/www.africa-press.net\/madagascar\/wp-json\/wp\/v2\/comments?post=23507"}],"version-history":[{"count":0,"href":"https:\/\/www.africa-press.net\/madagascar\/wp-json\/wp\/v2\/posts\/23507\/revisions"}],"wp:featuredmedia":[{"embeddable":true,"href":"https:\/\/www.africa-press.net\/madagascar\/wp-json\/wp\/v2\/media\/23506"}],"wp:attachment":[{"href":"https:\/\/www.africa-press.net\/madagascar\/wp-json\/wp\/v2\/media?parent=23507"}],"wp:term":[{"taxonomy":"category","embeddable":true,"href":"https:\/\/www.africa-press.net\/madagascar\/wp-json\/wp\/v2\/categories?post=23507"},{"taxonomy":"post_tag","embeddable":true,"href":"https:\/\/www.africa-press.net\/madagascar\/wp-json\/wp\/v2\/tags?post=23507"}],"curies":[{"name":"wp","href":"https:\/\/api.w.org\/{rel}","templated":true}]}}