{"id":23559,"date":"2024-01-03T22:16:18","date_gmt":"2024-01-03T22:16:18","guid":{"rendered":"https:\/\/www.africa-press.net\/madagascar\/politique\/opposition-le-collectif-des-onze-reste-inactif"},"modified":"2024-01-03T23:29:51","modified_gmt":"2024-01-03T23:29:51","slug":"opposition-le-collectif-des-onze-reste-inactif","status":"publish","type":"post","link":"https:\/\/www.africa-press.net\/madagascar\/politique\/opposition-le-collectif-des-onze-reste-inactif","title":{"rendered":"OPPOSITION &#8211; Le collectif des onze reste inactif"},"content":{"rendered":"<p><span style=\"color: #ff6600\"><strong>Africa-Press &#8211; Madagascar. <\/strong><\/span>Les festivite\u0301s sont de\u0301sormais termine\u0301es et la tension politique risque de reprendre. Jusqu\u2019a\u0300 pre\u0301sent, le collectif des candidats reste silencieux malgre\u0301 l\u2019annonce de la poursuite de la lutte.<\/p>\n<p>Une anne\u0301e nouvelle, une strate\u0301gie renouvele\u0301e ? C\u2019est la question qui se pose quant a\u0300 l\u2019intention du collectif des candidats. Avec l\u2019appellation \u00abcandidats\u00bb qui est devenue caduque au moment de l\u2019investiture de Andry Rajoelina en tant que pre\u0301sident de la Re\u0301publique le 16 de\u0301cembre dernier, la solidarite\u0301 des onze est aussi remise en question surtout que, depuis quelques temps, le collectif reste dans un silence radio qui frustre certains de leurs partisans. Joint au te\u0301le\u0301phone hier en de\u0301but de soire\u0301e, Auguste Paraina, membre du collectif, re\u0301fute le fait que la plateforme se de\u0301solidarise en de\u0301clarant que les onze sont toujours ensemble et que la lutte continue.<\/p>\n<p>Malgre\u0301 cette solidarite\u0301 de\u0301clare\u0301e, les actions concre\u0300tes sont absentes et la lutte peine a\u0300 avancer.<\/p>\n<p>Lors d\u2019une re\u0301union entre les membres du collectif au QG du HVM, le mois dernier, suivi par une rencontre entre l\u2019ancien pre\u0301sident Marc Ravalomanana et les membres du RMDM, la formation d\u2019une cellule de crise a e\u0301te\u0301 convenue. Mais jusqu\u2019a\u0300 maintenant, cette cellule n\u2019a pas encore vu le jour et a me\u0302me e\u0301te\u0301 devance\u0301e par d\u2019autre, notamment la cellule de crise \u00abDiovy Madagasikara\u00bb, initie\u0301e par Guy Maxime Ralaiseheno et consorts au mois de de\u0301cembre dernier. Ce qui te\u0301moigne du coup de mou du collectif qui regroupe pourtant plusieurs acteurs majeurs de la politique dans la Grande i\u0302le, a\u0300 savoir des candidats a\u0300 la pre\u0301sidentielle et surtout des personnalite\u0301s qui ont joue\u0301 de grands ro\u0302les dans le pays durant plusieurs anne\u0301es.<\/p>\n<p><b>Ouverture<\/b><\/p>\n<p>L\u2019absence d\u2019action concre\u0300te conduit certains des partisans a\u0300 rebrousser chemin vu que les onze principaux concerne\u0301s sont silencieux face a\u0300 la victoire du nume\u0301ro trois. Il est fort possible que ce manque d\u2019action coi\u0308ncide avec la pe\u0301riode des fe\u0302tes de Noe\u0308l et de fin d\u2019anne\u0301e qui a e\u0301te\u0301 une pe\u0301riode de tre\u0302ve politique avec l\u2019ensemble des acteurs qui sont reste\u0301s silencieux. Seul le pre\u0301sident Andry Rajoelina a effectue\u0301 des sorties me\u0301diatiques en fin d\u2019anne\u0301e avec diverses actions sociales comme la distribution de kits solaires pour les me\u0301nages les plus vulne\u0301rables de la capitale.<\/p>\n<p>Au vu de la conjoncture politique actuelle, il serait aussi difficile pour le collectif de peser dans sa cause malgre\u0301 l\u2019annonce du pre\u0301sident de la Re\u0301publique re\u0301e\u0301lu concernant l\u2019ouverture de l\u2019exe\u0301cutif pour son second quinquennat. Qui dit ouverture ne veut su\u0302rement pas dire jusqu\u2019a\u0300 l\u2019opposition surtout que les entite\u0301s, groupements et partis politiques en dehors du TGV, qui ont soutenu Andry Rajoelina durant la course a\u0300 la magistrature supre\u0302me, sont nombreux et il est perceptible que ce sont eux qui sont concerne\u0301s directement par l\u2019ouverture de\u0301clare\u0301e. Ne\u0301anmoins, quelques-uns des leaders de l\u2019opposition et membres du collectif ont e\u0301te\u0301 vus au stade Barea Mahamasina lors de l\u2019investiture. Geste qui peut e\u0302tre perc\u0327u par certains comme un clin d\u2019\u0153il au patron du TGV afin d\u2019acce\u0301der a\u0300 des postes dans le prochain gouvernement du second mandat du pre\u0301sident Rajoelina.<\/p>\n<p>Le prochain enjeu de taille pour le collectif des anciens candidats a\u0300 la pre\u0301sidentielle sont les e\u0301lections communales et le\u0301gislatives de cette anne\u0301e. La logique veut que s\u2019il veut conserver une influence sur la politique dans le pays, il lui faudra se battre pour avoir le plus de sie\u0300ge possible a\u0300 l\u2019Assemble\u0301e nationale pour faire le contre poids du pouvoir des Oranges qui va s\u2019accroi\u0302tre si l\u2019opposition s\u2019obstine a\u0300 faire le boycott.<\/p>\n<p>Le mois dernier, le collectif a publie\u0301 un communique\u0301 de\u0301clarant leur volonte\u0301 de prendre part aux prochaines e\u0301che\u0301ances e\u0301lectorales a\u0300 condition qu\u2019il y ait plus de transparence de la part des organisateurs des e\u0301lections. C\u2019e\u0301tait de\u0301ja\u0300 une des conditions impose\u0301es par le collectif lors de la dernie\u0300re pre\u0301sidentielle. Condition pie\u0301tine\u0301e, selon ce dernier, par les instances organisatrices de l\u2019e\u0301lection, et ayant mene\u0301 au boycott de la pre\u0301sidentielle par dix des treize candidats valide\u0301s par la Haute Cour Constitutionnelle.<\/p>\n<p><strong>Pour plus d&rsquo;informations et d&rsquo;analyses sur la <a href=\"https:\/\/www.africa-press.net\/madagascar\">Madagascar<\/a>, suivez <a href=\"https:\/\/www.africa-press.net\/\">Africa-Press<\/a><\/strong><\/p>\n","protected":false},"excerpt":{"rendered":"<p>Africa-Press &#8211; Madagascar. Les festivite\u0301s sont de\u0301sormais termine\u0301es et la tension politique risque de reprendre. Jusqu\u2019a\u0300 pre\u0301sent, le collectif des candidats reste silencieux malgre\u0301 l\u2019annonce de la poursuite de la lutte. Une anne\u0301e nouvelle, une strate\u0301gie renouvele\u0301e ? C\u2019est la question qui se pose quant a\u0300 l\u2019intention du collectif des candidats. Avec l\u2019appellation \u00abcandidats\u00bb qui [&hellip;]<\/p>\n","protected":false},"author":82,"featured_media":23558,"comment_status":"open","ping_status":"closed","sticky":false,"template":"","format":"standard","meta":{"footnotes":""},"categories":[2,10],"tags":[36,50,49],"class_list":["post-23559","post","type-post","status-publish","format-standard","has-post-thumbnail","hentry","category-politique","category-toutes-les-actualites","tag-africa-press","tag-africa-press-madagascar","tag-madagascar"],"yoast_head":"<!-- This site is optimized with the Yoast SEO Premium plugin v26.1 (Yoast SEO v27.0) - https:\/\/yoast.com\/product\/yoast-seo-premium-wordpress\/ -->\n<title>OPPOSITION - Le collectif des onze reste inactif - Madagascar<\/title>\n<meta name=\"description\" content=\"Les festivite\u0301s sont de\u0301sormais termine\u0301es et la tension politique risque de reprendre. Jusqu\u2019a\u0300 pre\u0301sent, le collectif ...\" \/>\n<meta name=\"robots\" content=\"index, follow, max-snippet:-1, max-image-preview:large, max-video-preview:-1\" \/>\n<link rel=\"canonical\" href=\"https:\/\/www.africa-press.net\/madagascar\/politique\/opposition-le-collectif-des-onze-reste-inactif\" \/>\n<meta property=\"og:locale\" content=\"fr_FR\" \/>\n<meta property=\"og:type\" content=\"article\" \/>\n<meta property=\"og:title\" content=\"OPPOSITION - Le collectif des onze reste inactif\" \/>\n<meta property=\"og:description\" content=\"Les festivite\u0301s sont de\u0301sormais termine\u0301es et la tension politique risque de reprendre. Jusqu\u2019a\u0300 pre\u0301sent, le collectif ...\" \/>\n<meta property=\"og:url\" content=\"https:\/\/www.africa-press.net\/madagascar\/politique\/opposition-le-collectif-des-onze-reste-inactif\" \/>\n<meta property=\"og:site_name\" content=\"Madagascar\" \/>\n<meta property=\"article:published_time\" content=\"2024-01-03T22:16:18+00:00\" \/>\n<meta property=\"article:modified_time\" content=\"2024-01-03T23:29:51+00:00\" \/>\n<meta property=\"og:image\" content=\"https:\/\/static.africa-press.net\/madagascar\/sites\/56\/2024\/01\/sm_1704308021.893339.jpg\" \/>\n\t<meta property=\"og:image:width\" content=\"1028\" \/>\n\t<meta property=\"og:image:height\" content=\"598\" \/>\n\t<meta property=\"og:image:type\" content=\"image\/jpeg\" \/>\n<meta name=\"author\" content=\"cfeditorfr\" \/>\n<meta name=\"twitter:card\" content=\"summary_large_image\" \/>\n<meta name=\"twitter:label1\" content=\"\u00c9crit par\" \/>\n\t<meta name=\"twitter:data1\" content=\"cfeditorfr\" \/>\n\t<meta name=\"twitter:label2\" content=\"Dur\u00e9e de lecture estim\u00e9e\" \/>\n\t<meta name=\"twitter:data2\" content=\"4 minutes\" \/>\n<script type=\"application\/ld+json\" class=\"yoast-schema-graph\">{\"@context\":\"https:\/\/schema.org\",\"@graph\":[{\"@type\":\"Article\",\"@id\":\"https:\/\/www.africa-press.net\/madagascar\/politique\/opposition-le-collectif-des-onze-reste-inactif#article\",\"isPartOf\":{\"@id\":\"https:\/\/www.africa-press.net\/madagascar\/politique\/opposition-le-collectif-des-onze-reste-inactif\"},\"author\":{\"name\":\"cfeditorfr\",\"@id\":\"https:\/\/www.africa-press.net\/madagascar\/#\/schema\/person\/2b1cf3cd81a31e3cd26889ca66d677f1\"},\"headline\":\"OPPOSITION &#8211; Le collectif des onze reste inactif\",\"datePublished\":\"2024-01-03T22:16:18+00:00\",\"dateModified\":\"2024-01-03T23:29:51+00:00\",\"mainEntityOfPage\":{\"@id\":\"https:\/\/www.africa-press.net\/madagascar\/politique\/opposition-le-collectif-des-onze-reste-inactif\"},\"wordCount\":796,\"commentCount\":0,\"image\":{\"@id\":\"https:\/\/www.africa-press.net\/madagascar\/politique\/opposition-le-collectif-des-onze-reste-inactif#primaryimage\"},\"thumbnailUrl\":\"https:\/\/static.africa-press.net\/madagascar\/sites\/56\/2024\/01\/sm_1704308021.893339.jpg\",\"keywords\":[\"Africa Press\",\"Africa Press-Madagascar\",\"Madagascar\"],\"articleSection\":[\"Politique\",\"Toutes les actualit\u00e9s\"],\"inLanguage\":\"fr-FR\",\"potentialAction\":[{\"@type\":\"CommentAction\",\"name\":\"Comment\",\"target\":[\"https:\/\/www.africa-press.net\/madagascar\/politique\/opposition-le-collectif-des-onze-reste-inactif#respond\"]}]},{\"@type\":\"WebPage\",\"@id\":\"https:\/\/www.africa-press.net\/madagascar\/politique\/opposition-le-collectif-des-onze-reste-inactif\",\"url\":\"https:\/\/www.africa-press.net\/madagascar\/politique\/opposition-le-collectif-des-onze-reste-inactif\",\"name\":\"OPPOSITION - Le collectif des onze reste inactif - Madagascar\",\"isPartOf\":{\"@id\":\"https:\/\/www.africa-press.net\/madagascar\/#website\"},\"primaryImageOfPage\":{\"@id\":\"https:\/\/www.africa-press.net\/madagascar\/politique\/opposition-le-collectif-des-onze-reste-inactif#primaryimage\"},\"image\":{\"@id\":\"https:\/\/www.africa-press.net\/madagascar\/politique\/opposition-le-collectif-des-onze-reste-inactif#primaryimage\"},\"thumbnailUrl\":\"https:\/\/static.africa-press.net\/madagascar\/sites\/56\/2024\/01\/sm_1704308021.893339.jpg\",\"datePublished\":\"2024-01-03T22:16:18+00:00\",\"dateModified\":\"2024-01-03T23:29:51+00:00\",\"author\":{\"@id\":\"https:\/\/www.africa-press.net\/madagascar\/#\/schema\/person\/2b1cf3cd81a31e3cd26889ca66d677f1\"},\"description\":\"Les festivite\u0301s sont de\u0301sormais termine\u0301es et la tension politique risque de reprendre. Jusqu\u2019a\u0300 pre\u0301sent, le collectif ...\",\"breadcrumb\":{\"@id\":\"https:\/\/www.africa-press.net\/madagascar\/politique\/opposition-le-collectif-des-onze-reste-inactif#breadcrumb\"},\"inLanguage\":\"fr-FR\",\"potentialAction\":[{\"@type\":\"ReadAction\",\"target\":[\"https:\/\/www.africa-press.net\/madagascar\/politique\/opposition-le-collectif-des-onze-reste-inactif\"]}]},{\"@type\":\"ImageObject\",\"inLanguage\":\"fr-FR\",\"@id\":\"https:\/\/www.africa-press.net\/madagascar\/politique\/opposition-le-collectif-des-onze-reste-inactif#primaryimage\",\"url\":\"https:\/\/static.africa-press.net\/madagascar\/sites\/56\/2024\/01\/sm_1704308021.893339.jpg\",\"contentUrl\":\"https:\/\/static.africa-press.net\/madagascar\/sites\/56\/2024\/01\/sm_1704308021.893339.jpg\",\"width\":1028,\"height\":598,\"caption\":\"OPPOSITION - Le collectif des onze reste inactif\"},{\"@type\":\"BreadcrumbList\",\"@id\":\"https:\/\/www.africa-press.net\/madagascar\/politique\/opposition-le-collectif-des-onze-reste-inactif#breadcrumb\",\"itemListElement\":[{\"@type\":\"ListItem\",\"position\":1,\"name\":\"Accueil\",\"item\":\"https:\/\/www.africa-press.net\/madagascar\/\"},{\"@type\":\"ListItem\",\"position\":2,\"name\":\"OPPOSITION &#8211; Le collectif des onze reste inactif\"}]},{\"@type\":\"WebSite\",\"@id\":\"https:\/\/www.africa-press.net\/madagascar\/#website\",\"url\":\"https:\/\/www.africa-press.net\/madagascar\/\",\"name\":\"Madagascar\",\"description\":\"Just another Africa News Agency Sites site\",\"potentialAction\":[{\"@type\":\"SearchAction\",\"target\":{\"@type\":\"EntryPoint\",\"urlTemplate\":\"https:\/\/www.africa-press.net\/madagascar\/?s={search_term_string}\"},\"query-input\":{\"@type\":\"PropertyValueSpecification\",\"valueRequired\":true,\"valueName\":\"search_term_string\"}}],\"inLanguage\":\"fr-FR\"},{\"@type\":\"Person\",\"@id\":\"https:\/\/www.africa-press.net\/madagascar\/#\/schema\/person\/2b1cf3cd81a31e3cd26889ca66d677f1\",\"name\":\"cfeditorfr\"}]}<\/script>\n<!-- \/ Yoast SEO Premium plugin. -->","yoast_head_json":{"title":"OPPOSITION - Le collectif des onze reste inactif - Madagascar","description":"Les festivite\u0301s sont de\u0301sormais termine\u0301es et la tension politique risque de reprendre. Jusqu\u2019a\u0300 pre\u0301sent, le collectif ...","robots":{"index":"index","follow":"follow","max-snippet":"max-snippet:-1","max-image-preview":"max-image-preview:large","max-video-preview":"max-video-preview:-1"},"canonical":"https:\/\/www.africa-press.net\/madagascar\/politique\/opposition-le-collectif-des-onze-reste-inactif","og_locale":"fr_FR","og_type":"article","og_title":"OPPOSITION - Le collectif des onze reste inactif","og_description":"Les festivite\u0301s sont de\u0301sormais termine\u0301es et la tension politique risque de reprendre. Jusqu\u2019a\u0300 pre\u0301sent, le collectif ...","og_url":"https:\/\/www.africa-press.net\/madagascar\/politique\/opposition-le-collectif-des-onze-reste-inactif","og_site_name":"Madagascar","article_published_time":"2024-01-03T22:16:18+00:00","article_modified_time":"2024-01-03T23:29:51+00:00","og_image":[{"width":1028,"height":598,"url":"https:\/\/static.africa-press.net\/madagascar\/sites\/56\/2024\/01\/sm_1704308021.893339.jpg","type":"image\/jpeg"}],"author":"cfeditorfr","twitter_card":"summary_large_image","twitter_misc":{"\u00c9crit par":"cfeditorfr","Dur\u00e9e de lecture estim\u00e9e":"4 minutes"},"schema":{"@context":"https:\/\/schema.org","@graph":[{"@type":"Article","@id":"https:\/\/www.africa-press.net\/madagascar\/politique\/opposition-le-collectif-des-onze-reste-inactif#article","isPartOf":{"@id":"https:\/\/www.africa-press.net\/madagascar\/politique\/opposition-le-collectif-des-onze-reste-inactif"},"author":{"name":"cfeditorfr","@id":"https:\/\/www.africa-press.net\/madagascar\/#\/schema\/person\/2b1cf3cd81a31e3cd26889ca66d677f1"},"headline":"OPPOSITION &#8211; Le collectif des onze reste inactif","datePublished":"2024-01-03T22:16:18+00:00","dateModified":"2024-01-03T23:29:51+00:00","mainEntityOfPage":{"@id":"https:\/\/www.africa-press.net\/madagascar\/politique\/opposition-le-collectif-des-onze-reste-inactif"},"wordCount":796,"commentCount":0,"image":{"@id":"https:\/\/www.africa-press.net\/madagascar\/politique\/opposition-le-collectif-des-onze-reste-inactif#primaryimage"},"thumbnailUrl":"https:\/\/static.africa-press.net\/madagascar\/sites\/56\/2024\/01\/sm_1704308021.893339.jpg","keywords":["Africa Press","Africa Press-Madagascar","Madagascar"],"articleSection":["Politique","Toutes les actualit\u00e9s"],"inLanguage":"fr-FR","potentialAction":[{"@type":"CommentAction","name":"Comment","target":["https:\/\/www.africa-press.net\/madagascar\/politique\/opposition-le-collectif-des-onze-reste-inactif#respond"]}]},{"@type":"WebPage","@id":"https:\/\/www.africa-press.net\/madagascar\/politique\/opposition-le-collectif-des-onze-reste-inactif","url":"https:\/\/www.africa-press.net\/madagascar\/politique\/opposition-le-collectif-des-onze-reste-inactif","name":"OPPOSITION - Le collectif des onze reste inactif - Madagascar","isPartOf":{"@id":"https:\/\/www.africa-press.net\/madagascar\/#website"},"primaryImageOfPage":{"@id":"https:\/\/www.africa-press.net\/madagascar\/politique\/opposition-le-collectif-des-onze-reste-inactif#primaryimage"},"image":{"@id":"https:\/\/www.africa-press.net\/madagascar\/politique\/opposition-le-collectif-des-onze-reste-inactif#primaryimage"},"thumbnailUrl":"https:\/\/static.africa-press.net\/madagascar\/sites\/56\/2024\/01\/sm_1704308021.893339.jpg","datePublished":"2024-01-03T22:16:18+00:00","dateModified":"2024-01-03T23:29:51+00:00","author":{"@id":"https:\/\/www.africa-press.net\/madagascar\/#\/schema\/person\/2b1cf3cd81a31e3cd26889ca66d677f1"},"description":"Les festivite\u0301s sont de\u0301sormais termine\u0301es et la tension politique risque de reprendre. Jusqu\u2019a\u0300 pre\u0301sent, le collectif ...","breadcrumb":{"@id":"https:\/\/www.africa-press.net\/madagascar\/politique\/opposition-le-collectif-des-onze-reste-inactif#breadcrumb"},"inLanguage":"fr-FR","potentialAction":[{"@type":"ReadAction","target":["https:\/\/www.africa-press.net\/madagascar\/politique\/opposition-le-collectif-des-onze-reste-inactif"]}]},{"@type":"ImageObject","inLanguage":"fr-FR","@id":"https:\/\/www.africa-press.net\/madagascar\/politique\/opposition-le-collectif-des-onze-reste-inactif#primaryimage","url":"https:\/\/static.africa-press.net\/madagascar\/sites\/56\/2024\/01\/sm_1704308021.893339.jpg","contentUrl":"https:\/\/static.africa-press.net\/madagascar\/sites\/56\/2024\/01\/sm_1704308021.893339.jpg","width":1028,"height":598,"caption":"OPPOSITION - Le collectif des onze reste inactif"},{"@type":"BreadcrumbList","@id":"https:\/\/www.africa-press.net\/madagascar\/politique\/opposition-le-collectif-des-onze-reste-inactif#breadcrumb","itemListElement":[{"@type":"ListItem","position":1,"name":"Accueil","item":"https:\/\/www.africa-press.net\/madagascar\/"},{"@type":"ListItem","position":2,"name":"OPPOSITION &#8211; Le collectif des onze reste inactif"}]},{"@type":"WebSite","@id":"https:\/\/www.africa-press.net\/madagascar\/#website","url":"https:\/\/www.africa-press.net\/madagascar\/","name":"Madagascar","description":"Just another Africa News Agency Sites site","potentialAction":[{"@type":"SearchAction","target":{"@type":"EntryPoint","urlTemplate":"https:\/\/www.africa-press.net\/madagascar\/?s={search_term_string}"},"query-input":{"@type":"PropertyValueSpecification","valueRequired":true,"valueName":"search_term_string"}}],"inLanguage":"fr-FR"},{"@type":"Person","@id":"https:\/\/www.africa-press.net\/madagascar\/#\/schema\/person\/2b1cf3cd81a31e3cd26889ca66d677f1","name":"cfeditorfr"}]}},"_links":{"self":[{"href":"https:\/\/www.africa-press.net\/madagascar\/wp-json\/wp\/v2\/posts\/23559","targetHints":{"allow":["GET"]}}],"collection":[{"href":"https:\/\/www.africa-press.net\/madagascar\/wp-json\/wp\/v2\/posts"}],"about":[{"href":"https:\/\/www.africa-press.net\/madagascar\/wp-json\/wp\/v2\/types\/post"}],"author":[{"embeddable":true,"href":"https:\/\/www.africa-press.net\/madagascar\/wp-json\/wp\/v2\/users\/82"}],"replies":[{"embeddable":true,"href":"https:\/\/www.africa-press.net\/madagascar\/wp-json\/wp\/v2\/comments?post=23559"}],"version-history":[{"count":0,"href":"https:\/\/www.africa-press.net\/madagascar\/wp-json\/wp\/v2\/posts\/23559\/revisions"}],"wp:featuredmedia":[{"embeddable":true,"href":"https:\/\/www.africa-press.net\/madagascar\/wp-json\/wp\/v2\/media\/23558"}],"wp:attachment":[{"href":"https:\/\/www.africa-press.net\/madagascar\/wp-json\/wp\/v2\/media?parent=23559"}],"wp:term":[{"taxonomy":"category","embeddable":true,"href":"https:\/\/www.africa-press.net\/madagascar\/wp-json\/wp\/v2\/categories?post=23559"},{"taxonomy":"post_tag","embeddable":true,"href":"https:\/\/www.africa-press.net\/madagascar\/wp-json\/wp\/v2\/tags?post=23559"}],"curies":[{"name":"wp","href":"https:\/\/api.w.org\/{rel}","templated":true}]}}