{"id":23564,"date":"2024-01-03T22:18:15","date_gmt":"2024-01-03T22:18:15","guid":{"rendered":"https:\/\/www.africa-press.net\/madagascar\/politique\/nomination-du-premier-ministre-ntsay-figure-en-tete-de-la-liste-des-deputes-ird"},"modified":"2024-01-03T23:30:27","modified_gmt":"2024-01-03T23:30:27","slug":"nomination-du-premier-ministre-ntsay-figure-en-tete-de-la-liste-des-deputes-ird","status":"publish","type":"post","link":"https:\/\/www.africa-press.net\/madagascar\/politique\/nomination-du-premier-ministre-ntsay-figure-en-tete-de-la-liste-des-deputes-ird","title":{"rendered":"NOMINATION DU PREMIER MINISTRE &#8211; Ntsay figure en t\u00eate de la liste des d\u00e9put\u00e9s IRD"},"content":{"rendered":"<p><span style=\"color: #ff6600\"><strong>Africa-Press &#8211; Madagascar. <\/strong><\/span>Les e\u0301lus de la majorite\u0301 a\u0300 l\u2019Assemble\u0301e nationale se sont re\u0301unis a\u0300 l\u2019ARENA, a\u0300 Ivandry, quartier ge\u0301ne\u0301ral du camp pre\u0301sidentiel, hier. Il y e\u0301tait question de dresser la liste des trois a\u0300 pre\u0301senter a\u0300 Andry Rajoelina.<\/p>\n<p>C\u2019est fait. Une source avise\u0301e confie que les de\u0301pute\u0301s du groupe parlementaire \u201cIsika rehetra miaraka amin\u2019i Andry Rajoelina\u201d (IRD), a fait son choix quant a\u0300 la liste des trois noms de Premier-ministrables a\u0300 pre\u0301senter au pre\u0301sident de la Re\u0301publique. Le nom de Christian Ntsay, Premier ministre sortant, est en pole position.<\/p>\n<p>\u201cLa re\u0301union est termine\u0301e. Nous avons effectue\u0301 la collecte de signature pour l\u2019approbation de la liste a\u0300 pre\u0301senter au Pre\u0301sident\u201d, indique la source. Durant quelques e\u0301changes en aparte\u0301 et en off, d\u2019autres e\u0301lus IRD confirment l\u2019information. La re\u0301union en question s\u2019est de\u0301roule\u0301e a\u0300 l\u2019ARENA, Ivandry, quartier ge\u0301ne\u0301ral du camp pre\u0301sidentiel, hier, en milieu d\u2019apre\u0300s-midi. A\u0300 peine les fe\u0302tes de fin d\u2019anne\u0301e termine\u0301es, donc, la politique reprend ses droits.<\/p>\n<p>Les de\u0301pute\u0301s IRD se sont donne\u0301 rendez-vous a\u0300 l\u2019ARENA, Ivandry, a\u0300 15 heures, hier. La re\u0301union a e\u0301te\u0301 organise\u0301e en re\u0301ponse a\u0300 la demande de Andry Rajoelina, pre\u0301sident de la Re\u0301publique. Dans son discours de fin d\u2019anne\u0301e et de pre\u0301sentation des v\u0153ux du Nouvel An, dimanche, le locataire d\u2019Iavoloha a de\u0301clare\u0301, \u201cNous poursuivons la mise en place des structures de gouvernance. Aussi, j\u2019attends que le groupe majoritaire a\u0300 l\u2019Assemble\u0301e nationale pre\u0301sente trois noms, pour que je puisse choisir et nommer le Premier ministre\u201d.<\/p>\n<p>L\u2019aline\u0301a 1er de l\u2019article 54 de la Constitution dispose que \u201cle pre\u0301sident de la Re\u0301publique nomme le Premier ministre, pre\u0301sente\u0301 par le parti ou le groupe de partis majoritaire a\u0300 l\u2019Assemble\u0301e nationale\u201d. Cette ligne majoritaire a\u0300 la Chambre basse est compose\u0301e du groupe parlementaire IRD. Proposer une liste de noms de Premier-ministrables, pour que le chef de l\u2019E\u0301tat fasse son choix est devenu une pratique sur laquelle les acteurs politiques s\u2019accordent.<\/p>\n<p>Pareillement, les acteurs politiques se sont accorde\u0301s a\u0300 ce que la pre\u0301sentation d\u2019un ou des noms de Premier-ministrables puisse se faire hors session parlementaire. Les de\u0301pute\u0301s Oranges ont ainsi arre\u0302te\u0301 la liste des trois noms a\u0300 pre\u0301senter au locataire d\u2019Iavoloha. En te\u0302te de cette liste figure le nom du Premier ministre Ntsay. A\u0300 s\u2019en tenir aux chuchotements en coulisse, en effet, le locataire de Mahazoarivo, de\u0301missionnaire, est en bonne place pour e\u0302tre reconduit.<\/p>\n<p><b>Continuite\u0301<\/b><\/p>\n<p>A\u0300 l\u2019issue de la proclamation de sa re\u0301e\u0301lection par la Haute Cour Constitutionnelle (HCC), le 1er de\u0301cembre, a\u0300 Ambohidahy, le pre\u0301sident Rajoelina a de\u0301ja\u0300 laisse\u0301 entendre qu\u2019\u201cOn ne change pas une e\u0301quipe qui gagne\u201d. Des mots qu\u2019il a de\u0301ja\u0300 dits face aux de\u0301pute\u0301s IRD, au Palais d\u2019E\u0301tat d\u2019Iavoloha, lors de la reconduction de Christian Ntsay au poste de Premier ministre, en juillet 2019.<\/p>\n<p>S\u2019agissant des deux autres noms, les sources sont moins parlantes. Avant la ce\u0301re\u0301monie d\u2019investiture du pre\u0301sident de la Re\u0301publique, deux noms ont circule\u0301 comme e\u0301ventuels favoris pour sie\u0301ger a\u0300 la primature. Depuis la re\u0301e\u0301lection de Andry Rajoelina les noms de Marie Michelle Sahondrarimalala, ancienne ministre de l\u2019E\u0301ducation nationale, et de Valery Ramonjavelo, ministre des Transports et de la me\u0301te\u0301orologie, ont e\u0301te\u0301 chuchote\u0301s comme dans la short-list des Premier-ministrables.<\/p>\n<p>Hier pourtant, les de\u0301pute\u0301s questionne\u0301s sur ces deux noms ont e\u0301lude\u0301 le sujet. \u201cNous avons boucle\u0301 la liste. Maintenant, il appartient au Pre\u0301sident de faire son choix et de nommer le Premier ministre\u201d, re\u0301plique juste un e\u0301lu de la Capitale. Quoi qu\u2019il en soit, l\u2019inscription du nom de Christian Ntsay dans la liste n\u2019est pas fortuite. Surtout que l\u2019issue de la dernie\u0300re session parlementaire conforte le malaise qui existe entre l\u2019actuel locataire de Mahazoarivo et une partie des membres de l\u2019Assemble\u0301e nationale, dont des de\u0301pute\u0301s de la majorite\u0301 et leurs allie\u0301s.<\/p>\n<p>\u201cLa continuite\u0301\u201d, serait le mot d\u2019ordre qui aurait de\u0301termine\u0301 ce choix d\u2019inscrire le nom de Christian Ntsay dans la liste a\u0300 pre\u0301senter au locataire d\u2019Iavoloha. \u201cNous re\u0301e\u0301valuerons la question a\u0300 l\u2019issue des e\u0301lections le\u0301gislatives\u201d, ajoute une voix au sein des Oranges. Elle indique, du reste, \u201cnous pensons lui pre\u0301senter ces noms demain apre\u0300s-midi [aujourd\u2019hui], soit jeudi\u201d, indique l\u2019un d\u2019entre eux. Des de\u0301pute\u0301s seraient encore en route pour rejoindre Antananarivo. D\u2019autres, a\u0300 cause du cyclone, ne seront pas de la partie.<\/p>\n<p>\u201cIl y a ceux qui arriveront cette nuit ou demain, et qui vont signer l\u2019acte de pre\u0301sentation demain [aujourd\u2019hui]. D\u2019autres l\u2019ont de\u0301ja\u0300 signe\u0301 par procuration\u201d, ajoute l\u2019une des sources. De prime abord, ce sera une forte de\u0301le\u0301gation de de\u0301pute\u0301s Oranges qui proce\u0301dera a\u0300 la pre\u0301sentation officielle des trois noms de Premier-ministrables a\u0300 Andry Rajoelina. La ce\u0301re\u0301monie devrait se tenir au Palais d\u2019E\u0301tat d\u2019Iavoloha.<\/p>\n<p>La me\u0302me sce\u0300ne a de\u0301ja\u0300 e\u0301te\u0301 joue\u0301e par les de\u0301pute\u0301s IRD, en juillet 2019, lors de la pre\u0301sentation du nom du Premier ministre au Palais d\u2019E\u0301tat d\u2019Iavoloha. La pre\u0301sence en nombre des membres du groupe majoritaire a\u0300 l\u2019institution de Tsimbazaza sera une manie\u0300re d\u2019affirmer que les choix pre\u0301sente\u0301s au chef de l\u2019E\u0301tat sont univoques.<\/p>\n<p><strong>Pour plus d&rsquo;informations et d&rsquo;analyses sur la <a href=\"https:\/\/www.africa-press.net\/madagascar\">Madagascar<\/a>, suivez <a href=\"https:\/\/www.africa-press.net\/\">Africa-Press<\/a><\/strong><\/p>\n","protected":false},"excerpt":{"rendered":"<p>Africa-Press &#8211; Madagascar. Les e\u0301lus de la majorite\u0301 a\u0300 l\u2019Assemble\u0301e nationale se sont re\u0301unis a\u0300 l\u2019ARENA, a\u0300 Ivandry, quartier ge\u0301ne\u0301ral du camp pre\u0301sidentiel, hier. Il y e\u0301tait question de dresser la liste des trois a\u0300 pre\u0301senter a\u0300 Andry Rajoelina. C\u2019est fait. Une source avise\u0301e confie que les de\u0301pute\u0301s du groupe parlementaire \u201cIsika rehetra miaraka amin\u2019i [&hellip;]<\/p>\n","protected":false},"author":82,"featured_media":23562,"comment_status":"open","ping_status":"closed","sticky":false,"template":"","format":"standard","meta":{"footnotes":""},"categories":[2,20,10],"tags":[36,50,49],"class_list":["post-23564","post","type-post","status-publish","format-standard","has-post-thumbnail","hentry","category-politique","category-top-nouvelles","category-toutes-les-actualites","tag-africa-press","tag-africa-press-madagascar","tag-madagascar"],"yoast_head":"<!-- This site is optimized with the Yoast SEO Premium plugin v26.1 (Yoast SEO v27.0) - https:\/\/yoast.com\/product\/yoast-seo-premium-wordpress\/ -->\n<title>NOMINATION DU PREMIER MINISTRE - Ntsay figure en t\u00eate de la liste des d\u00e9put\u00e9s IRD - Madagascar<\/title>\n<meta name=\"description\" content=\"Les e\u0301lus de la majorite\u0301 a\u0300 l\u2019Assemble\u0301e nationale se sont re\u0301unis a\u0300 l\u2019ARENA, a\u0300 Ivandry, quartier ge\u0301ne\u0301ral du camp p ...\" \/>\n<meta name=\"robots\" content=\"index, follow, max-snippet:-1, max-image-preview:large, max-video-preview:-1\" \/>\n<link rel=\"canonical\" href=\"https:\/\/www.africa-press.net\/madagascar\/politique\/nomination-du-premier-ministre-ntsay-figure-en-tete-de-la-liste-des-deputes-ird\" \/>\n<meta property=\"og:locale\" content=\"fr_FR\" \/>\n<meta property=\"og:type\" content=\"article\" \/>\n<meta property=\"og:title\" content=\"NOMINATION DU PREMIER MINISTRE - Ntsay figure en t\u00eate de la liste des d\u00e9put\u00e9s IRD\" \/>\n<meta property=\"og:description\" content=\"Les e\u0301lus de la majorite\u0301 a\u0300 l\u2019Assemble\u0301e nationale se sont re\u0301unis a\u0300 l\u2019ARENA, a\u0300 Ivandry, quartier ge\u0301ne\u0301ral du camp p ...\" \/>\n<meta property=\"og:url\" content=\"https:\/\/www.africa-press.net\/madagascar\/politique\/nomination-du-premier-ministre-ntsay-figure-en-tete-de-la-liste-des-deputes-ird\" \/>\n<meta property=\"og:site_name\" content=\"Madagascar\" \/>\n<meta property=\"article:published_time\" content=\"2024-01-03T22:18:15+00:00\" \/>\n<meta property=\"article:modified_time\" content=\"2024-01-03T23:30:27+00:00\" \/>\n<meta property=\"og:image\" content=\"https:\/\/static.africa-press.net\/madagascar\/sites\/56\/2024\/01\/sm_1704308190.384576.jpg\" \/>\n\t<meta property=\"og:image:width\" content=\"1202\" \/>\n\t<meta property=\"og:image:height\" content=\"633\" \/>\n\t<meta property=\"og:image:type\" content=\"image\/jpeg\" \/>\n<meta name=\"author\" content=\"cfeditorfr\" \/>\n<meta name=\"twitter:card\" content=\"summary_large_image\" \/>\n<meta name=\"twitter:label1\" content=\"\u00c9crit par\" \/>\n\t<meta name=\"twitter:data1\" content=\"cfeditorfr\" \/>\n\t<meta name=\"twitter:label2\" content=\"Dur\u00e9e de lecture estim\u00e9e\" \/>\n\t<meta name=\"twitter:data2\" content=\"5 minutes\" \/>\n<script type=\"application\/ld+json\" class=\"yoast-schema-graph\">{\"@context\":\"https:\/\/schema.org\",\"@graph\":[{\"@type\":\"Article\",\"@id\":\"https:\/\/www.africa-press.net\/madagascar\/politique\/nomination-du-premier-ministre-ntsay-figure-en-tete-de-la-liste-des-deputes-ird#article\",\"isPartOf\":{\"@id\":\"https:\/\/www.africa-press.net\/madagascar\/politique\/nomination-du-premier-ministre-ntsay-figure-en-tete-de-la-liste-des-deputes-ird\"},\"author\":{\"name\":\"cfeditorfr\",\"@id\":\"https:\/\/www.africa-press.net\/madagascar\/#\/schema\/person\/2b1cf3cd81a31e3cd26889ca66d677f1\"},\"headline\":\"NOMINATION DU PREMIER MINISTRE &#8211; Ntsay figure en t\u00eate de la liste des d\u00e9put\u00e9s IRD\",\"datePublished\":\"2024-01-03T22:18:15+00:00\",\"dateModified\":\"2024-01-03T23:30:27+00:00\",\"mainEntityOfPage\":{\"@id\":\"https:\/\/www.africa-press.net\/madagascar\/politique\/nomination-du-premier-ministre-ntsay-figure-en-tete-de-la-liste-des-deputes-ird\"},\"wordCount\":1019,\"commentCount\":0,\"image\":{\"@id\":\"https:\/\/www.africa-press.net\/madagascar\/politique\/nomination-du-premier-ministre-ntsay-figure-en-tete-de-la-liste-des-deputes-ird#primaryimage\"},\"thumbnailUrl\":\"https:\/\/static.africa-press.net\/madagascar\/sites\/56\/2024\/01\/sm_1704308190.384576.jpg\",\"keywords\":[\"Africa Press\",\"Africa Press-Madagascar\",\"Madagascar\"],\"articleSection\":[\"Politique\",\"Top Nouvelles\",\"Toutes les actualit\u00e9s\"],\"inLanguage\":\"fr-FR\",\"potentialAction\":[{\"@type\":\"CommentAction\",\"name\":\"Comment\",\"target\":[\"https:\/\/www.africa-press.net\/madagascar\/politique\/nomination-du-premier-ministre-ntsay-figure-en-tete-de-la-liste-des-deputes-ird#respond\"]}]},{\"@type\":\"WebPage\",\"@id\":\"https:\/\/www.africa-press.net\/madagascar\/politique\/nomination-du-premier-ministre-ntsay-figure-en-tete-de-la-liste-des-deputes-ird\",\"url\":\"https:\/\/www.africa-press.net\/madagascar\/politique\/nomination-du-premier-ministre-ntsay-figure-en-tete-de-la-liste-des-deputes-ird\",\"name\":\"NOMINATION DU PREMIER MINISTRE - Ntsay figure en t\u00eate de la liste des d\u00e9put\u00e9s IRD - Madagascar\",\"isPartOf\":{\"@id\":\"https:\/\/www.africa-press.net\/madagascar\/#website\"},\"primaryImageOfPage\":{\"@id\":\"https:\/\/www.africa-press.net\/madagascar\/politique\/nomination-du-premier-ministre-ntsay-figure-en-tete-de-la-liste-des-deputes-ird#primaryimage\"},\"image\":{\"@id\":\"https:\/\/www.africa-press.net\/madagascar\/politique\/nomination-du-premier-ministre-ntsay-figure-en-tete-de-la-liste-des-deputes-ird#primaryimage\"},\"thumbnailUrl\":\"https:\/\/static.africa-press.net\/madagascar\/sites\/56\/2024\/01\/sm_1704308190.384576.jpg\",\"datePublished\":\"2024-01-03T22:18:15+00:00\",\"dateModified\":\"2024-01-03T23:30:27+00:00\",\"author\":{\"@id\":\"https:\/\/www.africa-press.net\/madagascar\/#\/schema\/person\/2b1cf3cd81a31e3cd26889ca66d677f1\"},\"description\":\"Les e\u0301lus de la majorite\u0301 a\u0300 l\u2019Assemble\u0301e nationale se sont re\u0301unis a\u0300 l\u2019ARENA, a\u0300 Ivandry, quartier ge\u0301ne\u0301ral du camp p ...\",\"breadcrumb\":{\"@id\":\"https:\/\/www.africa-press.net\/madagascar\/politique\/nomination-du-premier-ministre-ntsay-figure-en-tete-de-la-liste-des-deputes-ird#breadcrumb\"},\"inLanguage\":\"fr-FR\",\"potentialAction\":[{\"@type\":\"ReadAction\",\"target\":[\"https:\/\/www.africa-press.net\/madagascar\/politique\/nomination-du-premier-ministre-ntsay-figure-en-tete-de-la-liste-des-deputes-ird\"]}]},{\"@type\":\"ImageObject\",\"inLanguage\":\"fr-FR\",\"@id\":\"https:\/\/www.africa-press.net\/madagascar\/politique\/nomination-du-premier-ministre-ntsay-figure-en-tete-de-la-liste-des-deputes-ird#primaryimage\",\"url\":\"https:\/\/static.africa-press.net\/madagascar\/sites\/56\/2024\/01\/sm_1704308190.384576.jpg\",\"contentUrl\":\"https:\/\/static.africa-press.net\/madagascar\/sites\/56\/2024\/01\/sm_1704308190.384576.jpg\",\"width\":1202,\"height\":633,\"caption\":\"NOMINATION DU PREMIER MINISTRE - Ntsay figure en t\u00eate de la liste des d\u00e9put\u00e9s IRD\"},{\"@type\":\"BreadcrumbList\",\"@id\":\"https:\/\/www.africa-press.net\/madagascar\/politique\/nomination-du-premier-ministre-ntsay-figure-en-tete-de-la-liste-des-deputes-ird#breadcrumb\",\"itemListElement\":[{\"@type\":\"ListItem\",\"position\":1,\"name\":\"Accueil\",\"item\":\"https:\/\/www.africa-press.net\/madagascar\/\"},{\"@type\":\"ListItem\",\"position\":2,\"name\":\"NOMINATION DU PREMIER MINISTRE &#8211; Ntsay figure en t\u00eate de la liste des d\u00e9put\u00e9s IRD\"}]},{\"@type\":\"WebSite\",\"@id\":\"https:\/\/www.africa-press.net\/madagascar\/#website\",\"url\":\"https:\/\/www.africa-press.net\/madagascar\/\",\"name\":\"Madagascar\",\"description\":\"Just another Africa News Agency Sites site\",\"potentialAction\":[{\"@type\":\"SearchAction\",\"target\":{\"@type\":\"EntryPoint\",\"urlTemplate\":\"https:\/\/www.africa-press.net\/madagascar\/?s={search_term_string}\"},\"query-input\":{\"@type\":\"PropertyValueSpecification\",\"valueRequired\":true,\"valueName\":\"search_term_string\"}}],\"inLanguage\":\"fr-FR\"},{\"@type\":\"Person\",\"@id\":\"https:\/\/www.africa-press.net\/madagascar\/#\/schema\/person\/2b1cf3cd81a31e3cd26889ca66d677f1\",\"name\":\"cfeditorfr\"}]}<\/script>\n<!-- \/ Yoast SEO Premium plugin. -->","yoast_head_json":{"title":"NOMINATION DU PREMIER MINISTRE - Ntsay figure en t\u00eate de la liste des d\u00e9put\u00e9s IRD - Madagascar","description":"Les e\u0301lus de la majorite\u0301 a\u0300 l\u2019Assemble\u0301e nationale se sont re\u0301unis a\u0300 l\u2019ARENA, a\u0300 Ivandry, quartier ge\u0301ne\u0301ral du camp p ...","robots":{"index":"index","follow":"follow","max-snippet":"max-snippet:-1","max-image-preview":"max-image-preview:large","max-video-preview":"max-video-preview:-1"},"canonical":"https:\/\/www.africa-press.net\/madagascar\/politique\/nomination-du-premier-ministre-ntsay-figure-en-tete-de-la-liste-des-deputes-ird","og_locale":"fr_FR","og_type":"article","og_title":"NOMINATION DU PREMIER MINISTRE - Ntsay figure en t\u00eate de la liste des d\u00e9put\u00e9s IRD","og_description":"Les e\u0301lus de la majorite\u0301 a\u0300 l\u2019Assemble\u0301e nationale se sont re\u0301unis a\u0300 l\u2019ARENA, a\u0300 Ivandry, quartier ge\u0301ne\u0301ral du camp p ...","og_url":"https:\/\/www.africa-press.net\/madagascar\/politique\/nomination-du-premier-ministre-ntsay-figure-en-tete-de-la-liste-des-deputes-ird","og_site_name":"Madagascar","article_published_time":"2024-01-03T22:18:15+00:00","article_modified_time":"2024-01-03T23:30:27+00:00","og_image":[{"width":1202,"height":633,"url":"https:\/\/static.africa-press.net\/madagascar\/sites\/56\/2024\/01\/sm_1704308190.384576.jpg","type":"image\/jpeg"}],"author":"cfeditorfr","twitter_card":"summary_large_image","twitter_misc":{"\u00c9crit par":"cfeditorfr","Dur\u00e9e de lecture estim\u00e9e":"5 minutes"},"schema":{"@context":"https:\/\/schema.org","@graph":[{"@type":"Article","@id":"https:\/\/www.africa-press.net\/madagascar\/politique\/nomination-du-premier-ministre-ntsay-figure-en-tete-de-la-liste-des-deputes-ird#article","isPartOf":{"@id":"https:\/\/www.africa-press.net\/madagascar\/politique\/nomination-du-premier-ministre-ntsay-figure-en-tete-de-la-liste-des-deputes-ird"},"author":{"name":"cfeditorfr","@id":"https:\/\/www.africa-press.net\/madagascar\/#\/schema\/person\/2b1cf3cd81a31e3cd26889ca66d677f1"},"headline":"NOMINATION DU PREMIER MINISTRE &#8211; Ntsay figure en t\u00eate de la liste des d\u00e9put\u00e9s IRD","datePublished":"2024-01-03T22:18:15+00:00","dateModified":"2024-01-03T23:30:27+00:00","mainEntityOfPage":{"@id":"https:\/\/www.africa-press.net\/madagascar\/politique\/nomination-du-premier-ministre-ntsay-figure-en-tete-de-la-liste-des-deputes-ird"},"wordCount":1019,"commentCount":0,"image":{"@id":"https:\/\/www.africa-press.net\/madagascar\/politique\/nomination-du-premier-ministre-ntsay-figure-en-tete-de-la-liste-des-deputes-ird#primaryimage"},"thumbnailUrl":"https:\/\/static.africa-press.net\/madagascar\/sites\/56\/2024\/01\/sm_1704308190.384576.jpg","keywords":["Africa Press","Africa Press-Madagascar","Madagascar"],"articleSection":["Politique","Top Nouvelles","Toutes les actualit\u00e9s"],"inLanguage":"fr-FR","potentialAction":[{"@type":"CommentAction","name":"Comment","target":["https:\/\/www.africa-press.net\/madagascar\/politique\/nomination-du-premier-ministre-ntsay-figure-en-tete-de-la-liste-des-deputes-ird#respond"]}]},{"@type":"WebPage","@id":"https:\/\/www.africa-press.net\/madagascar\/politique\/nomination-du-premier-ministre-ntsay-figure-en-tete-de-la-liste-des-deputes-ird","url":"https:\/\/www.africa-press.net\/madagascar\/politique\/nomination-du-premier-ministre-ntsay-figure-en-tete-de-la-liste-des-deputes-ird","name":"NOMINATION DU PREMIER MINISTRE - Ntsay figure en t\u00eate de la liste des d\u00e9put\u00e9s IRD - Madagascar","isPartOf":{"@id":"https:\/\/www.africa-press.net\/madagascar\/#website"},"primaryImageOfPage":{"@id":"https:\/\/www.africa-press.net\/madagascar\/politique\/nomination-du-premier-ministre-ntsay-figure-en-tete-de-la-liste-des-deputes-ird#primaryimage"},"image":{"@id":"https:\/\/www.africa-press.net\/madagascar\/politique\/nomination-du-premier-ministre-ntsay-figure-en-tete-de-la-liste-des-deputes-ird#primaryimage"},"thumbnailUrl":"https:\/\/static.africa-press.net\/madagascar\/sites\/56\/2024\/01\/sm_1704308190.384576.jpg","datePublished":"2024-01-03T22:18:15+00:00","dateModified":"2024-01-03T23:30:27+00:00","author":{"@id":"https:\/\/www.africa-press.net\/madagascar\/#\/schema\/person\/2b1cf3cd81a31e3cd26889ca66d677f1"},"description":"Les e\u0301lus de la majorite\u0301 a\u0300 l\u2019Assemble\u0301e nationale se sont re\u0301unis a\u0300 l\u2019ARENA, a\u0300 Ivandry, quartier ge\u0301ne\u0301ral du camp p ...","breadcrumb":{"@id":"https:\/\/www.africa-press.net\/madagascar\/politique\/nomination-du-premier-ministre-ntsay-figure-en-tete-de-la-liste-des-deputes-ird#breadcrumb"},"inLanguage":"fr-FR","potentialAction":[{"@type":"ReadAction","target":["https:\/\/www.africa-press.net\/madagascar\/politique\/nomination-du-premier-ministre-ntsay-figure-en-tete-de-la-liste-des-deputes-ird"]}]},{"@type":"ImageObject","inLanguage":"fr-FR","@id":"https:\/\/www.africa-press.net\/madagascar\/politique\/nomination-du-premier-ministre-ntsay-figure-en-tete-de-la-liste-des-deputes-ird#primaryimage","url":"https:\/\/static.africa-press.net\/madagascar\/sites\/56\/2024\/01\/sm_1704308190.384576.jpg","contentUrl":"https:\/\/static.africa-press.net\/madagascar\/sites\/56\/2024\/01\/sm_1704308190.384576.jpg","width":1202,"height":633,"caption":"NOMINATION DU PREMIER MINISTRE - Ntsay figure en t\u00eate de la liste des d\u00e9put\u00e9s IRD"},{"@type":"BreadcrumbList","@id":"https:\/\/www.africa-press.net\/madagascar\/politique\/nomination-du-premier-ministre-ntsay-figure-en-tete-de-la-liste-des-deputes-ird#breadcrumb","itemListElement":[{"@type":"ListItem","position":1,"name":"Accueil","item":"https:\/\/www.africa-press.net\/madagascar\/"},{"@type":"ListItem","position":2,"name":"NOMINATION DU PREMIER MINISTRE &#8211; Ntsay figure en t\u00eate de la liste des d\u00e9put\u00e9s IRD"}]},{"@type":"WebSite","@id":"https:\/\/www.africa-press.net\/madagascar\/#website","url":"https:\/\/www.africa-press.net\/madagascar\/","name":"Madagascar","description":"Just another Africa News Agency Sites site","potentialAction":[{"@type":"SearchAction","target":{"@type":"EntryPoint","urlTemplate":"https:\/\/www.africa-press.net\/madagascar\/?s={search_term_string}"},"query-input":{"@type":"PropertyValueSpecification","valueRequired":true,"valueName":"search_term_string"}}],"inLanguage":"fr-FR"},{"@type":"Person","@id":"https:\/\/www.africa-press.net\/madagascar\/#\/schema\/person\/2b1cf3cd81a31e3cd26889ca66d677f1","name":"cfeditorfr"}]}},"_links":{"self":[{"href":"https:\/\/www.africa-press.net\/madagascar\/wp-json\/wp\/v2\/posts\/23564","targetHints":{"allow":["GET"]}}],"collection":[{"href":"https:\/\/www.africa-press.net\/madagascar\/wp-json\/wp\/v2\/posts"}],"about":[{"href":"https:\/\/www.africa-press.net\/madagascar\/wp-json\/wp\/v2\/types\/post"}],"author":[{"embeddable":true,"href":"https:\/\/www.africa-press.net\/madagascar\/wp-json\/wp\/v2\/users\/82"}],"replies":[{"embeddable":true,"href":"https:\/\/www.africa-press.net\/madagascar\/wp-json\/wp\/v2\/comments?post=23564"}],"version-history":[{"count":0,"href":"https:\/\/www.africa-press.net\/madagascar\/wp-json\/wp\/v2\/posts\/23564\/revisions"}],"wp:featuredmedia":[{"embeddable":true,"href":"https:\/\/www.africa-press.net\/madagascar\/wp-json\/wp\/v2\/media\/23562"}],"wp:attachment":[{"href":"https:\/\/www.africa-press.net\/madagascar\/wp-json\/wp\/v2\/media?parent=23564"}],"wp:term":[{"taxonomy":"category","embeddable":true,"href":"https:\/\/www.africa-press.net\/madagascar\/wp-json\/wp\/v2\/categories?post=23564"},{"taxonomy":"post_tag","embeddable":true,"href":"https:\/\/www.africa-press.net\/madagascar\/wp-json\/wp\/v2\/tags?post=23564"}],"curies":[{"name":"wp","href":"https:\/\/api.w.org\/{rel}","templated":true}]}}