{"id":23574,"date":"2024-01-04T17:23:35","date_gmt":"2024-01-04T17:23:35","guid":{"rendered":"https:\/\/www.africa-press.net\/madagascar\/politique\/politique-carcerale-la-grace-presidentielle-libere-de-la-place-a-antanimora"},"modified":"2024-01-04T19:27:59","modified_gmt":"2024-01-04T19:27:59","slug":"politique-carcerale-la-grace-presidentielle-libere-de-la-place-a-antanimora","status":"publish","type":"post","link":"https:\/\/www.africa-press.net\/madagascar\/politique\/politique-carcerale-la-grace-presidentielle-libere-de-la-place-a-antanimora","title":{"rendered":"POLITIQUE CARC\u00c9RALE &#8211; La gr\u00e2ce pr\u00e9sidentielle lib\u00e8re de la place \u00e0 Antanimora"},"content":{"rendered":"<p><span style=\"color: #ff6600\"><strong>Africa-Press &#8211; Madagascar. <\/strong><\/span>La gra\u0302ce pre\u0301sidentielle accorde\u0301e par le pre\u0301sident de la Re\u0301publique va permettre a\u0300 la prison d\u2019Antanimora de s\u2019ae\u0301rer et d\u2019avoir un peu plus de place pour les de\u0301tenus\u00bb. Ce sont les mots de Harinirina Thierry Rajaonah, chef de l\u2019e\u0301tablissement pe\u0301nitentiaire, avant-hier. Effectivement, avec la gra\u0302ce, plusieurs de\u0301tenus seront libres et d\u2019autres verront leurs peines diminuer mais on est en ce moment dans les pre\u0301paratifs pour la mise en effectivite\u0301 de la proce\u0301dure, de\u0301clare le chef d\u2019e\u0301tablissement.<\/p>\n<p>Actuellement, environ quatre mille cinq cent prisonniers sont de\u0301tenus a\u0300 Antanimora dont environ 60% ont de\u0301ja\u0300 e\u0301te\u0301 juge\u0301s. Selon toujours le chef d\u2019e\u0301tablissement, la fre\u0301quence des entre\u0301es et sorties de la maison centrale d\u2019Antananarivo est disproportionne\u0301e avec les entre\u0301es qui sont bien plus fre\u0301quentes et nombreuses que les sorties. Ne\u0301anmoins, le nombre de de\u0301tenus a connu une baisse vu qu\u2019au mois de juin de l\u2019anne\u0301e dernie\u0300re, ils e\u0301taient environ cinq mille prisonniers contre environ quatre mille cinq cents en ce moment.<\/p>\n<p><b>La gra\u0302ce<\/b><\/p>\n<p>Le chef d\u2019e\u0301tablissement annonce aussi l\u2019acce\u0301le\u0301ration des pre\u0301paratifs afin que les de\u0301tenus concerne\u0301s par la gra\u0302ce pre\u0301sidentielle puissent en jouir le plus to\u0302t possible.<\/p>\n<p>Lors de son discours a\u0300 la nation en fin d\u2019anne\u0301e, le pre\u0301sident Andry Rajoelina de\u0301cide de gracier 9 757 de\u0301tenus dont 2 766 seront imme\u0301diatement libe\u0301rables apre\u0300s que la de\u0301cision soit de\u0301cre\u0301te\u0301e. Le nombre pour les de\u0301tenus de la maison centrale d\u2019Antananarivo n\u2019est pas encore connu mais les responsables travaillent d\u2019arrache-pied pour les droits des prisonniers et aussi afin de libe\u0301rer de l\u2019espace dans l\u2019enceinte de la prison, estime Thierry Rajaonah.<\/p>\n<p>A\u0300 noter que l\u2019attribution de la remise des peines est soumise a\u0300 plusieurs conditions fixe\u0301es par une le\u0301gislation et la gra\u0302ce pre\u0301sidentielle ne peut e\u0302tre invoque\u0301e que par l\u2019initiative du pre\u0301sident de la Re\u0301publique. Ceux qui ont e\u0301cope\u0301 d\u2019une peine criminelle ne sont pas concerne\u0301s par cette remise de peine alors que les cas du genre arrivent de plus en plus fre\u0301quemment dans l\u2019ensemble du territoire de la Grande i\u0302le. Le viol est l\u2019un des principaux crimes pour lequel les auteurs ne peuvent espe\u0301rer une gra\u0302ce pre\u0301sidentielle. Le pre\u0301sident Rajoelina lors du discours du 31 de\u0301cembre a tenu a\u0300 pre\u0301ciser que le violeur sera puni d\u2019une manie\u0300re exemplaire en pre\u0301conisant la castration chimique afin de stopper les pulsions criminelles des violeurs.<\/p>\n<p><strong>Pour plus d&rsquo;informations et d&rsquo;analyses sur la <a href=\"https:\/\/www.africa-press.net\/madagascar\">Madagascar<\/a>, suivez <a href=\"https:\/\/www.africa-press.net\/\">Africa-Press<\/a><\/strong><\/p>\n","protected":false},"excerpt":{"rendered":"<p>Africa-Press &#8211; Madagascar. La gra\u0302ce pre\u0301sidentielle accorde\u0301e par le pre\u0301sident de la Re\u0301publique va permettre a\u0300 la prison d\u2019Antanimora de s\u2019ae\u0301rer et d\u2019avoir un peu plus de place pour les de\u0301tenus\u00bb. Ce sont les mots de Harinirina Thierry Rajaonah, chef de l\u2019e\u0301tablissement pe\u0301nitentiaire, avant-hier. Effectivement, avec la gra\u0302ce, plusieurs de\u0301tenus seront libres et d\u2019autres verront [&hellip;]<\/p>\n","protected":false},"author":82,"featured_media":23573,"comment_status":"open","ping_status":"closed","sticky":false,"template":"","format":"standard","meta":{"footnotes":""},"categories":[2,10],"tags":[36,50,49],"class_list":["post-23574","post","type-post","status-publish","format-standard","has-post-thumbnail","hentry","category-politique","category-toutes-les-actualites","tag-africa-press","tag-africa-press-madagascar","tag-madagascar"],"yoast_head":"<!-- This site is optimized with the Yoast SEO Premium plugin v26.1 (Yoast SEO v27.0) - https:\/\/yoast.com\/product\/yoast-seo-premium-wordpress\/ -->\n<title>POLITIQUE CARC\u00c9RALE - La gr\u00e2ce pr\u00e9sidentielle lib\u00e8re de la place \u00e0 Antanimora - Madagascar<\/title>\n<meta name=\"description\" content=\"La gra\u0302ce pre\u0301sidentielle accorde\u0301e par le pre\u0301sident de la Re\u0301publique va permettre a\u0300 la prison d\u2019Antanimora de s\u2019ae\u0301r ...\" \/>\n<meta name=\"robots\" content=\"index, follow, max-snippet:-1, max-image-preview:large, max-video-preview:-1\" \/>\n<link rel=\"canonical\" href=\"https:\/\/www.africa-press.net\/madagascar\/politique\/politique-carcerale-la-grace-presidentielle-libere-de-la-place-a-antanimora\" \/>\n<meta property=\"og:locale\" content=\"fr_FR\" \/>\n<meta property=\"og:type\" content=\"article\" \/>\n<meta property=\"og:title\" content=\"POLITIQUE CARC\u00c9RALE - La gr\u00e2ce pr\u00e9sidentielle lib\u00e8re de la place \u00e0 Antanimora\" \/>\n<meta property=\"og:description\" content=\"La gra\u0302ce pre\u0301sidentielle accorde\u0301e par le pre\u0301sident de la Re\u0301publique va permettre a\u0300 la prison d\u2019Antanimora de s\u2019ae\u0301r ...\" \/>\n<meta property=\"og:url\" content=\"https:\/\/www.africa-press.net\/madagascar\/politique\/politique-carcerale-la-grace-presidentielle-libere-de-la-place-a-antanimora\" \/>\n<meta property=\"og:site_name\" content=\"Madagascar\" \/>\n<meta property=\"article:published_time\" content=\"2024-01-04T17:23:35+00:00\" \/>\n<meta property=\"article:modified_time\" content=\"2024-01-04T19:27:59+00:00\" \/>\n<meta property=\"og:image\" content=\"https:\/\/static.africa-press.net\/madagascar\/sites\/56\/2024\/01\/sm_1704380245.068319.jpg\" \/>\n\t<meta property=\"og:image:width\" content=\"997\" \/>\n\t<meta property=\"og:image:height\" content=\"636\" \/>\n\t<meta property=\"og:image:type\" content=\"image\/jpeg\" \/>\n<meta name=\"author\" content=\"cfeditorfr\" \/>\n<meta name=\"twitter:card\" content=\"summary_large_image\" \/>\n<meta name=\"twitter:label1\" content=\"\u00c9crit par\" \/>\n\t<meta name=\"twitter:data1\" content=\"cfeditorfr\" \/>\n\t<meta name=\"twitter:label2\" content=\"Dur\u00e9e de lecture estim\u00e9e\" \/>\n\t<meta name=\"twitter:data2\" content=\"2 minutes\" \/>\n<script type=\"application\/ld+json\" class=\"yoast-schema-graph\">{\"@context\":\"https:\/\/schema.org\",\"@graph\":[{\"@type\":\"Article\",\"@id\":\"https:\/\/www.africa-press.net\/madagascar\/politique\/politique-carcerale-la-grace-presidentielle-libere-de-la-place-a-antanimora#article\",\"isPartOf\":{\"@id\":\"https:\/\/www.africa-press.net\/madagascar\/politique\/politique-carcerale-la-grace-presidentielle-libere-de-la-place-a-antanimora\"},\"author\":{\"name\":\"cfeditorfr\",\"@id\":\"https:\/\/www.africa-press.net\/madagascar\/#\/schema\/person\/2b1cf3cd81a31e3cd26889ca66d677f1\"},\"headline\":\"POLITIQUE CARC\u00c9RALE &#8211; La gr\u00e2ce pr\u00e9sidentielle lib\u00e8re de la place \u00e0 Antanimora\",\"datePublished\":\"2024-01-04T17:23:35+00:00\",\"dateModified\":\"2024-01-04T19:27:59+00:00\",\"mainEntityOfPage\":{\"@id\":\"https:\/\/www.africa-press.net\/madagascar\/politique\/politique-carcerale-la-grace-presidentielle-libere-de-la-place-a-antanimora\"},\"wordCount\":496,\"commentCount\":0,\"image\":{\"@id\":\"https:\/\/www.africa-press.net\/madagascar\/politique\/politique-carcerale-la-grace-presidentielle-libere-de-la-place-a-antanimora#primaryimage\"},\"thumbnailUrl\":\"https:\/\/static.africa-press.net\/madagascar\/sites\/56\/2024\/01\/sm_1704380245.068319.jpg\",\"keywords\":[\"Africa Press\",\"Africa Press-Madagascar\",\"Madagascar\"],\"articleSection\":[\"Politique\",\"Toutes les actualit\u00e9s\"],\"inLanguage\":\"fr-FR\",\"potentialAction\":[{\"@type\":\"CommentAction\",\"name\":\"Comment\",\"target\":[\"https:\/\/www.africa-press.net\/madagascar\/politique\/politique-carcerale-la-grace-presidentielle-libere-de-la-place-a-antanimora#respond\"]}]},{\"@type\":\"WebPage\",\"@id\":\"https:\/\/www.africa-press.net\/madagascar\/politique\/politique-carcerale-la-grace-presidentielle-libere-de-la-place-a-antanimora\",\"url\":\"https:\/\/www.africa-press.net\/madagascar\/politique\/politique-carcerale-la-grace-presidentielle-libere-de-la-place-a-antanimora\",\"name\":\"POLITIQUE CARC\u00c9RALE - La gr\u00e2ce pr\u00e9sidentielle lib\u00e8re de la place \u00e0 Antanimora - Madagascar\",\"isPartOf\":{\"@id\":\"https:\/\/www.africa-press.net\/madagascar\/#website\"},\"primaryImageOfPage\":{\"@id\":\"https:\/\/www.africa-press.net\/madagascar\/politique\/politique-carcerale-la-grace-presidentielle-libere-de-la-place-a-antanimora#primaryimage\"},\"image\":{\"@id\":\"https:\/\/www.africa-press.net\/madagascar\/politique\/politique-carcerale-la-grace-presidentielle-libere-de-la-place-a-antanimora#primaryimage\"},\"thumbnailUrl\":\"https:\/\/static.africa-press.net\/madagascar\/sites\/56\/2024\/01\/sm_1704380245.068319.jpg\",\"datePublished\":\"2024-01-04T17:23:35+00:00\",\"dateModified\":\"2024-01-04T19:27:59+00:00\",\"author\":{\"@id\":\"https:\/\/www.africa-press.net\/madagascar\/#\/schema\/person\/2b1cf3cd81a31e3cd26889ca66d677f1\"},\"description\":\"La gra\u0302ce pre\u0301sidentielle accorde\u0301e par le pre\u0301sident de la Re\u0301publique va permettre a\u0300 la prison d\u2019Antanimora de s\u2019ae\u0301r ...\",\"breadcrumb\":{\"@id\":\"https:\/\/www.africa-press.net\/madagascar\/politique\/politique-carcerale-la-grace-presidentielle-libere-de-la-place-a-antanimora#breadcrumb\"},\"inLanguage\":\"fr-FR\",\"potentialAction\":[{\"@type\":\"ReadAction\",\"target\":[\"https:\/\/www.africa-press.net\/madagascar\/politique\/politique-carcerale-la-grace-presidentielle-libere-de-la-place-a-antanimora\"]}]},{\"@type\":\"ImageObject\",\"inLanguage\":\"fr-FR\",\"@id\":\"https:\/\/www.africa-press.net\/madagascar\/politique\/politique-carcerale-la-grace-presidentielle-libere-de-la-place-a-antanimora#primaryimage\",\"url\":\"https:\/\/static.africa-press.net\/madagascar\/sites\/56\/2024\/01\/sm_1704380245.068319.jpg\",\"contentUrl\":\"https:\/\/static.africa-press.net\/madagascar\/sites\/56\/2024\/01\/sm_1704380245.068319.jpg\",\"width\":997,\"height\":636,\"caption\":\"POLITIQUE CARC\u00c9RALE - La gr\u00e2ce pr\u00e9sidentielle lib\u00e8re de la place \u00e0 Antanimora\"},{\"@type\":\"BreadcrumbList\",\"@id\":\"https:\/\/www.africa-press.net\/madagascar\/politique\/politique-carcerale-la-grace-presidentielle-libere-de-la-place-a-antanimora#breadcrumb\",\"itemListElement\":[{\"@type\":\"ListItem\",\"position\":1,\"name\":\"Accueil\",\"item\":\"https:\/\/www.africa-press.net\/madagascar\/\"},{\"@type\":\"ListItem\",\"position\":2,\"name\":\"POLITIQUE CARC\u00c9RALE &#8211; La gr\u00e2ce pr\u00e9sidentielle lib\u00e8re de la place \u00e0 Antanimora\"}]},{\"@type\":\"WebSite\",\"@id\":\"https:\/\/www.africa-press.net\/madagascar\/#website\",\"url\":\"https:\/\/www.africa-press.net\/madagascar\/\",\"name\":\"Madagascar\",\"description\":\"Just another Africa News Agency Sites site\",\"potentialAction\":[{\"@type\":\"SearchAction\",\"target\":{\"@type\":\"EntryPoint\",\"urlTemplate\":\"https:\/\/www.africa-press.net\/madagascar\/?s={search_term_string}\"},\"query-input\":{\"@type\":\"PropertyValueSpecification\",\"valueRequired\":true,\"valueName\":\"search_term_string\"}}],\"inLanguage\":\"fr-FR\"},{\"@type\":\"Person\",\"@id\":\"https:\/\/www.africa-press.net\/madagascar\/#\/schema\/person\/2b1cf3cd81a31e3cd26889ca66d677f1\",\"name\":\"cfeditorfr\"}]}<\/script>\n<!-- \/ Yoast SEO Premium plugin. -->","yoast_head_json":{"title":"POLITIQUE CARC\u00c9RALE - La gr\u00e2ce pr\u00e9sidentielle lib\u00e8re de la place \u00e0 Antanimora - Madagascar","description":"La gra\u0302ce pre\u0301sidentielle accorde\u0301e par le pre\u0301sident de la Re\u0301publique va permettre a\u0300 la prison d\u2019Antanimora de s\u2019ae\u0301r ...","robots":{"index":"index","follow":"follow","max-snippet":"max-snippet:-1","max-image-preview":"max-image-preview:large","max-video-preview":"max-video-preview:-1"},"canonical":"https:\/\/www.africa-press.net\/madagascar\/politique\/politique-carcerale-la-grace-presidentielle-libere-de-la-place-a-antanimora","og_locale":"fr_FR","og_type":"article","og_title":"POLITIQUE CARC\u00c9RALE - La gr\u00e2ce pr\u00e9sidentielle lib\u00e8re de la place \u00e0 Antanimora","og_description":"La gra\u0302ce pre\u0301sidentielle accorde\u0301e par le pre\u0301sident de la Re\u0301publique va permettre a\u0300 la prison d\u2019Antanimora de s\u2019ae\u0301r ...","og_url":"https:\/\/www.africa-press.net\/madagascar\/politique\/politique-carcerale-la-grace-presidentielle-libere-de-la-place-a-antanimora","og_site_name":"Madagascar","article_published_time":"2024-01-04T17:23:35+00:00","article_modified_time":"2024-01-04T19:27:59+00:00","og_image":[{"width":997,"height":636,"url":"https:\/\/static.africa-press.net\/madagascar\/sites\/56\/2024\/01\/sm_1704380245.068319.jpg","type":"image\/jpeg"}],"author":"cfeditorfr","twitter_card":"summary_large_image","twitter_misc":{"\u00c9crit par":"cfeditorfr","Dur\u00e9e de lecture estim\u00e9e":"2 minutes"},"schema":{"@context":"https:\/\/schema.org","@graph":[{"@type":"Article","@id":"https:\/\/www.africa-press.net\/madagascar\/politique\/politique-carcerale-la-grace-presidentielle-libere-de-la-place-a-antanimora#article","isPartOf":{"@id":"https:\/\/www.africa-press.net\/madagascar\/politique\/politique-carcerale-la-grace-presidentielle-libere-de-la-place-a-antanimora"},"author":{"name":"cfeditorfr","@id":"https:\/\/www.africa-press.net\/madagascar\/#\/schema\/person\/2b1cf3cd81a31e3cd26889ca66d677f1"},"headline":"POLITIQUE CARC\u00c9RALE &#8211; La gr\u00e2ce pr\u00e9sidentielle lib\u00e8re de la place \u00e0 Antanimora","datePublished":"2024-01-04T17:23:35+00:00","dateModified":"2024-01-04T19:27:59+00:00","mainEntityOfPage":{"@id":"https:\/\/www.africa-press.net\/madagascar\/politique\/politique-carcerale-la-grace-presidentielle-libere-de-la-place-a-antanimora"},"wordCount":496,"commentCount":0,"image":{"@id":"https:\/\/www.africa-press.net\/madagascar\/politique\/politique-carcerale-la-grace-presidentielle-libere-de-la-place-a-antanimora#primaryimage"},"thumbnailUrl":"https:\/\/static.africa-press.net\/madagascar\/sites\/56\/2024\/01\/sm_1704380245.068319.jpg","keywords":["Africa Press","Africa Press-Madagascar","Madagascar"],"articleSection":["Politique","Toutes les actualit\u00e9s"],"inLanguage":"fr-FR","potentialAction":[{"@type":"CommentAction","name":"Comment","target":["https:\/\/www.africa-press.net\/madagascar\/politique\/politique-carcerale-la-grace-presidentielle-libere-de-la-place-a-antanimora#respond"]}]},{"@type":"WebPage","@id":"https:\/\/www.africa-press.net\/madagascar\/politique\/politique-carcerale-la-grace-presidentielle-libere-de-la-place-a-antanimora","url":"https:\/\/www.africa-press.net\/madagascar\/politique\/politique-carcerale-la-grace-presidentielle-libere-de-la-place-a-antanimora","name":"POLITIQUE CARC\u00c9RALE - La gr\u00e2ce pr\u00e9sidentielle lib\u00e8re de la place \u00e0 Antanimora - Madagascar","isPartOf":{"@id":"https:\/\/www.africa-press.net\/madagascar\/#website"},"primaryImageOfPage":{"@id":"https:\/\/www.africa-press.net\/madagascar\/politique\/politique-carcerale-la-grace-presidentielle-libere-de-la-place-a-antanimora#primaryimage"},"image":{"@id":"https:\/\/www.africa-press.net\/madagascar\/politique\/politique-carcerale-la-grace-presidentielle-libere-de-la-place-a-antanimora#primaryimage"},"thumbnailUrl":"https:\/\/static.africa-press.net\/madagascar\/sites\/56\/2024\/01\/sm_1704380245.068319.jpg","datePublished":"2024-01-04T17:23:35+00:00","dateModified":"2024-01-04T19:27:59+00:00","author":{"@id":"https:\/\/www.africa-press.net\/madagascar\/#\/schema\/person\/2b1cf3cd81a31e3cd26889ca66d677f1"},"description":"La gra\u0302ce pre\u0301sidentielle accorde\u0301e par le pre\u0301sident de la Re\u0301publique va permettre a\u0300 la prison d\u2019Antanimora de s\u2019ae\u0301r ...","breadcrumb":{"@id":"https:\/\/www.africa-press.net\/madagascar\/politique\/politique-carcerale-la-grace-presidentielle-libere-de-la-place-a-antanimora#breadcrumb"},"inLanguage":"fr-FR","potentialAction":[{"@type":"ReadAction","target":["https:\/\/www.africa-press.net\/madagascar\/politique\/politique-carcerale-la-grace-presidentielle-libere-de-la-place-a-antanimora"]}]},{"@type":"ImageObject","inLanguage":"fr-FR","@id":"https:\/\/www.africa-press.net\/madagascar\/politique\/politique-carcerale-la-grace-presidentielle-libere-de-la-place-a-antanimora#primaryimage","url":"https:\/\/static.africa-press.net\/madagascar\/sites\/56\/2024\/01\/sm_1704380245.068319.jpg","contentUrl":"https:\/\/static.africa-press.net\/madagascar\/sites\/56\/2024\/01\/sm_1704380245.068319.jpg","width":997,"height":636,"caption":"POLITIQUE CARC\u00c9RALE - La gr\u00e2ce pr\u00e9sidentielle lib\u00e8re de la place \u00e0 Antanimora"},{"@type":"BreadcrumbList","@id":"https:\/\/www.africa-press.net\/madagascar\/politique\/politique-carcerale-la-grace-presidentielle-libere-de-la-place-a-antanimora#breadcrumb","itemListElement":[{"@type":"ListItem","position":1,"name":"Accueil","item":"https:\/\/www.africa-press.net\/madagascar\/"},{"@type":"ListItem","position":2,"name":"POLITIQUE CARC\u00c9RALE &#8211; La gr\u00e2ce pr\u00e9sidentielle lib\u00e8re de la place \u00e0 Antanimora"}]},{"@type":"WebSite","@id":"https:\/\/www.africa-press.net\/madagascar\/#website","url":"https:\/\/www.africa-press.net\/madagascar\/","name":"Madagascar","description":"Just another Africa News Agency Sites site","potentialAction":[{"@type":"SearchAction","target":{"@type":"EntryPoint","urlTemplate":"https:\/\/www.africa-press.net\/madagascar\/?s={search_term_string}"},"query-input":{"@type":"PropertyValueSpecification","valueRequired":true,"valueName":"search_term_string"}}],"inLanguage":"fr-FR"},{"@type":"Person","@id":"https:\/\/www.africa-press.net\/madagascar\/#\/schema\/person\/2b1cf3cd81a31e3cd26889ca66d677f1","name":"cfeditorfr"}]}},"_links":{"self":[{"href":"https:\/\/www.africa-press.net\/madagascar\/wp-json\/wp\/v2\/posts\/23574","targetHints":{"allow":["GET"]}}],"collection":[{"href":"https:\/\/www.africa-press.net\/madagascar\/wp-json\/wp\/v2\/posts"}],"about":[{"href":"https:\/\/www.africa-press.net\/madagascar\/wp-json\/wp\/v2\/types\/post"}],"author":[{"embeddable":true,"href":"https:\/\/www.africa-press.net\/madagascar\/wp-json\/wp\/v2\/users\/82"}],"replies":[{"embeddable":true,"href":"https:\/\/www.africa-press.net\/madagascar\/wp-json\/wp\/v2\/comments?post=23574"}],"version-history":[{"count":0,"href":"https:\/\/www.africa-press.net\/madagascar\/wp-json\/wp\/v2\/posts\/23574\/revisions"}],"wp:featuredmedia":[{"embeddable":true,"href":"https:\/\/www.africa-press.net\/madagascar\/wp-json\/wp\/v2\/media\/23573"}],"wp:attachment":[{"href":"https:\/\/www.africa-press.net\/madagascar\/wp-json\/wp\/v2\/media?parent=23574"}],"wp:term":[{"taxonomy":"category","embeddable":true,"href":"https:\/\/www.africa-press.net\/madagascar\/wp-json\/wp\/v2\/categories?post=23574"},{"taxonomy":"post_tag","embeddable":true,"href":"https:\/\/www.africa-press.net\/madagascar\/wp-json\/wp\/v2\/tags?post=23574"}],"curies":[{"name":"wp","href":"https:\/\/api.w.org\/{rel}","templated":true}]}}