{"id":23579,"date":"2024-01-04T17:37:10","date_gmt":"2024-01-04T17:37:10","guid":{"rendered":"https:\/\/www.africa-press.net\/madagascar\/politique\/nomination-du-premier-ministre-la-balle-est-entre-les-mains-du-president-rajoelina"},"modified":"2024-01-04T19:28:54","modified_gmt":"2024-01-04T19:28:54","slug":"nomination-du-premier-ministre-la-balle-est-entre-les-mains-du-president-rajoelina","status":"publish","type":"post","link":"https:\/\/www.africa-press.net\/madagascar\/politique\/nomination-du-premier-ministre-la-balle-est-entre-les-mains-du-president-rajoelina","title":{"rendered":"NOMINATION DU PREMIER MINISTRE &#8211; La balle est entre les mains du Pr\u00e9sident Rajoelina"},"content":{"rendered":"<p><span style=\"color: #ff6600\"><strong>Africa-Press &#8211; Madagascar. <\/strong><\/span>La nomination du Premier ministre ne saurait plus tarder. Finalement, les de\u0301pute\u0301s IRD ont propose\u0301 quatre noms pour le poste de chef du gouvernement.<\/p>\n<p>Suite a\u0300 la de\u0301cision rendue par la Haute Cour Constitutionnelle N\u00b008-HCC\/AR le 1er de\u0301cembre 2023, officialisant les re\u0301sultats du premier tour de l\u2019e\u0301lection pre\u0301sidentielle, le Pre\u0301sident Andry Rajoelina a pre\u0302te\u0301 serment lors de la ce\u0301re\u0301monie solennelle d\u2019investiture qui s\u2019est tenue le 16 de\u0301cembre 2023. Peu apre\u0300s, a\u0300 l\u2019issue du Conseil des ministres du 20 de\u0301cembre 2023, le Premier ministre Christian Ntsay a remis la de\u0301mission de son gouvernement au chef de l\u2019E\u0301tat e\u0301lu. Celui-ci s\u2019est engage\u0301, lors de ce me\u0302me Conseil, a\u0300 ge\u0301rer les affaires courantes jusqu\u2019a\u0300 la constitution d\u2019un nouveau gouvernement.<\/p>\n<p>De\u0301sireux d\u2019entamer ses fonctions pre\u0301sidentielles au plus vite, tout en respectant le caracte\u0300re bice\u0301phale du pouvoir exe\u0301cutif, le Pre\u0301sident Andry Rajoelina a exprime\u0301 un vif inte\u0301re\u0302t a\u0300 nommer rapidement son Premier ministre charge\u0301 de conduire la politique ge\u0301ne\u0301rale de l\u2019E\u0301tat. Ce processus s\u2019inscrit dans un cadre le\u0301gal strict, le Pre\u0301sident Rajoelina se conforme a\u0300 l\u2019article 54 aline\u0301a premier de la Constitution, qui dispose que \u00ab le pre\u0301sident de la Re\u0301publique nomme le Premier ministre, pre\u0301sente\u0301 par le parti ou le groupe de partis majoritaire a\u0300 l\u2019Assemble\u0301e nationale \u00bb.<\/p>\n<p><b>Attente<\/b><\/p>\n<p>Les de\u0301pute\u0301s issus de la majorite\u0301 pre\u0301sidentielle se sont re\u0301unis pour dresser une liste de pre\u0301tendants a\u0300 la Primature. Parmi les nombreux noms e\u0301voque\u0301s, seuls quelques-uns ont e\u0301te\u0301 retenus. Cette liste finale comprend Christian Ntsay (Premier ministre), Marie Michelle Sahondrarimalala (ministre de l\u2019E\u0301ducation nationale), Vale\u0301ry Ramonjavelo (ministre des Transports et de la me\u0301te\u0301orologie) et Fienena Richard (ancien ministre de l\u2019E\u0301nergie, ancien ministre de l\u2019E\u0301conomie et ancien ministre de la Fonction publique). Chacun de ces Premier- ministrables posse\u0300de de grands atouts. Le choix s\u2019annonce ardu pour le Pre\u0301sident Andry Rajoelina qui accordera de l\u2019importance a\u0300 l\u2019expe\u0301rience, l\u2019inte\u0301grite\u0301, la confiance et la loyaute\u0301. Le Premier ministre a\u0300 venir devra de\u0301montrer des compe\u0301tences de haut niveau pour affronter et re\u0301soudre les proble\u0301matiques sociales, politiques, e\u0301conomiques et diplomatiques. Le chef de l\u2019E\u0301tat a eu l\u2019occasion de travailler e\u0301troitement avec ces quatre personnalite\u0301s qui ont fait leur preuve. Cette connaissance mutuelle est un gage d\u2019efficacite\u0301, de continuite\u0301 et de stabilite\u0301 pour l\u2019avenir et pour l\u2019inte\u0301re\u0302t ge\u0301ne\u0301ral.<\/p>\n<p>Parmi les personnalite\u0301s politiques retenues par les de\u0301pute\u0301s, Christian Ntsay coche toutes les cases requises. Il a e\u0301te\u0301 a\u0300 la hauteur de sa fonction et sa loyaute\u0301 envers le Pre\u0301sident Andry Rajoelina est reste\u0301 incontestable depuis 2018. Marie Michelle Sahondrarimalala et Vale\u0301ry Ramonjavelo, e\u0301galement aux co\u0302te\u0301s du Pre\u0301sident depuis cette me\u0302me pe\u0301riode, ont gravi les e\u0301chelons du parti pour acce\u0301der aux fonctions ministe\u0301rielles. Quant a\u0300 Fienena Richard, un allie\u0301 de longue date, il s\u2019est e\u0301gare\u0301 un temps en rejoignant l\u2019opposition avant de revenir vers le Pre\u0301sident Rajoelina.<\/p>\n<p>L\u2019e\u0301ventuelle nomination de Marie Michelle Sahondrarimalala a\u0300 la Primature pourrait constituer une surprise ine\u0301dite. Docteur en me\u0301decine et en droit, et ancienne directrice des e\u0301tudes juridiques de la Pre\u0301sidence de la Re\u0301publique, elle pourrait devenir la premie\u0300re femme a\u0300 occuper le Palais de Mahazoarivo. Reste a\u0300 savoir si le chef de l\u2019E\u0301tat sera refroidi par l\u2019ame\u0300re expe\u0301rience de la trahison de Christine Razanamahasoa, premie\u0300re femme a\u0300 pre\u0301sider l\u2019Assemble\u0301e nationale suite a\u0300 la recommandation du Pre\u0301sident Andry Rajoelina, qui a tourne\u0301 le dos a\u0300 la majorite\u0301 pre\u0301sidentielle pour tenter un coup d\u2019E\u0301tat institutionnel.<\/p>\n<p>L\u2019attente est vive quant au remaniement imminent. Toutefois, il est important de noter que le prochain gouvernement sera provisoire. Le Premier ministre qui sera nomme\u0301 dans les heures a\u0300 venir pourrait voir son mandat e\u0301courte\u0301 dans quelques mois. Cette situation est sujette a\u0300 e\u0301volution, notamment en raison de l\u2019ine\u0301luctable remaniement qui suivra les e\u0301lections le\u0301gislatives pre\u0301vues pour le premier semestre 2024, toujours conforme\u0301ment a\u0300 l\u2019article 54, aline\u0301a premier de la Loi Fondamentale.<\/p>\n<p>A\u0300 pre\u0301sent, la balle se trouve entre les mains du Pre\u0301sident Andry Rajoelina qui ne tardera pas a\u0300 fixer son choix.<\/p>\n<p><strong>Pour plus d&rsquo;informations et d&rsquo;analyses sur la <a href=\"https:\/\/www.africa-press.net\/madagascar\">Madagascar<\/a>, suivez <a href=\"https:\/\/www.africa-press.net\/\">Africa-Press<\/a><\/strong><\/p>\n","protected":false},"excerpt":{"rendered":"<p>Africa-Press &#8211; Madagascar. La nomination du Premier ministre ne saurait plus tarder. Finalement, les de\u0301pute\u0301s IRD ont propose\u0301 quatre noms pour le poste de chef du gouvernement. Suite a\u0300 la de\u0301cision rendue par la Haute Cour Constitutionnelle N\u00b008-HCC\/AR le 1er de\u0301cembre 2023, officialisant les re\u0301sultats du premier tour de l\u2019e\u0301lection pre\u0301sidentielle, le Pre\u0301sident Andry Rajoelina [&hellip;]<\/p>\n","protected":false},"author":82,"featured_media":23578,"comment_status":"open","ping_status":"closed","sticky":false,"template":"","format":"standard","meta":{"footnotes":""},"categories":[2,20,10],"tags":[36,50,49],"class_list":["post-23579","post","type-post","status-publish","format-standard","has-post-thumbnail","hentry","category-politique","category-top-nouvelles","category-toutes-les-actualites","tag-africa-press","tag-africa-press-madagascar","tag-madagascar"],"yoast_head":"<!-- This site is optimized with the Yoast SEO Premium plugin v26.1 (Yoast SEO v27.0) - https:\/\/yoast.com\/product\/yoast-seo-premium-wordpress\/ -->\n<title>NOMINATION DU PREMIER MINISTRE - La balle est entre les mains du Pr\u00e9sident Rajoelina - Madagascar<\/title>\n<meta name=\"description\" content=\"La nomination du Premier ministre ne saurait plus tarder. Finalement, les de\u0301pute\u0301s IRD ont propose\u0301 quatre noms pour le ...\" \/>\n<meta name=\"robots\" content=\"index, follow, max-snippet:-1, max-image-preview:large, max-video-preview:-1\" \/>\n<link rel=\"canonical\" href=\"https:\/\/www.africa-press.net\/madagascar\/politique\/nomination-du-premier-ministre-la-balle-est-entre-les-mains-du-president-rajoelina\" \/>\n<meta property=\"og:locale\" content=\"fr_FR\" \/>\n<meta property=\"og:type\" content=\"article\" \/>\n<meta property=\"og:title\" content=\"NOMINATION DU PREMIER MINISTRE - La balle est entre les mains du Pr\u00e9sident Rajoelina\" \/>\n<meta property=\"og:description\" content=\"La nomination du Premier ministre ne saurait plus tarder. Finalement, les de\u0301pute\u0301s IRD ont propose\u0301 quatre noms pour le ...\" \/>\n<meta property=\"og:url\" content=\"https:\/\/www.africa-press.net\/madagascar\/politique\/nomination-du-premier-ministre-la-balle-est-entre-les-mains-du-president-rajoelina\" \/>\n<meta property=\"og:site_name\" content=\"Madagascar\" \/>\n<meta property=\"article:published_time\" content=\"2024-01-04T17:37:10+00:00\" \/>\n<meta property=\"article:modified_time\" content=\"2024-01-04T19:28:54+00:00\" \/>\n<meta property=\"og:image\" content=\"https:\/\/static.africa-press.net\/madagascar\/sites\/56\/2024\/01\/sm_1704380276.851405.jpg\" \/>\n\t<meta property=\"og:image:width\" content=\"976\" \/>\n\t<meta property=\"og:image:height\" content=\"638\" \/>\n\t<meta property=\"og:image:type\" content=\"image\/jpeg\" \/>\n<meta name=\"author\" content=\"cfeditorfr\" \/>\n<meta name=\"twitter:card\" content=\"summary_large_image\" \/>\n<meta name=\"twitter:label1\" content=\"\u00c9crit par\" \/>\n\t<meta name=\"twitter:data1\" content=\"cfeditorfr\" \/>\n\t<meta name=\"twitter:label2\" content=\"Dur\u00e9e de lecture estim\u00e9e\" \/>\n\t<meta name=\"twitter:data2\" content=\"4 minutes\" \/>\n<script type=\"application\/ld+json\" class=\"yoast-schema-graph\">{\"@context\":\"https:\/\/schema.org\",\"@graph\":[{\"@type\":\"Article\",\"@id\":\"https:\/\/www.africa-press.net\/madagascar\/politique\/nomination-du-premier-ministre-la-balle-est-entre-les-mains-du-president-rajoelina#article\",\"isPartOf\":{\"@id\":\"https:\/\/www.africa-press.net\/madagascar\/politique\/nomination-du-premier-ministre-la-balle-est-entre-les-mains-du-president-rajoelina\"},\"author\":{\"name\":\"cfeditorfr\",\"@id\":\"https:\/\/www.africa-press.net\/madagascar\/#\/schema\/person\/2b1cf3cd81a31e3cd26889ca66d677f1\"},\"headline\":\"NOMINATION DU PREMIER MINISTRE &#8211; La balle est entre les mains du Pr\u00e9sident Rajoelina\",\"datePublished\":\"2024-01-04T17:37:10+00:00\",\"dateModified\":\"2024-01-04T19:28:54+00:00\",\"mainEntityOfPage\":{\"@id\":\"https:\/\/www.africa-press.net\/madagascar\/politique\/nomination-du-premier-ministre-la-balle-est-entre-les-mains-du-president-rajoelina\"},\"wordCount\":804,\"commentCount\":0,\"image\":{\"@id\":\"https:\/\/www.africa-press.net\/madagascar\/politique\/nomination-du-premier-ministre-la-balle-est-entre-les-mains-du-president-rajoelina#primaryimage\"},\"thumbnailUrl\":\"https:\/\/static.africa-press.net\/madagascar\/sites\/56\/2024\/01\/sm_1704380276.851405.jpg\",\"keywords\":[\"Africa Press\",\"Africa Press-Madagascar\",\"Madagascar\"],\"articleSection\":[\"Politique\",\"Top Nouvelles\",\"Toutes les actualit\u00e9s\"],\"inLanguage\":\"fr-FR\",\"potentialAction\":[{\"@type\":\"CommentAction\",\"name\":\"Comment\",\"target\":[\"https:\/\/www.africa-press.net\/madagascar\/politique\/nomination-du-premier-ministre-la-balle-est-entre-les-mains-du-president-rajoelina#respond\"]}]},{\"@type\":\"WebPage\",\"@id\":\"https:\/\/www.africa-press.net\/madagascar\/politique\/nomination-du-premier-ministre-la-balle-est-entre-les-mains-du-president-rajoelina\",\"url\":\"https:\/\/www.africa-press.net\/madagascar\/politique\/nomination-du-premier-ministre-la-balle-est-entre-les-mains-du-president-rajoelina\",\"name\":\"NOMINATION DU PREMIER MINISTRE - La balle est entre les mains du Pr\u00e9sident Rajoelina - Madagascar\",\"isPartOf\":{\"@id\":\"https:\/\/www.africa-press.net\/madagascar\/#website\"},\"primaryImageOfPage\":{\"@id\":\"https:\/\/www.africa-press.net\/madagascar\/politique\/nomination-du-premier-ministre-la-balle-est-entre-les-mains-du-president-rajoelina#primaryimage\"},\"image\":{\"@id\":\"https:\/\/www.africa-press.net\/madagascar\/politique\/nomination-du-premier-ministre-la-balle-est-entre-les-mains-du-president-rajoelina#primaryimage\"},\"thumbnailUrl\":\"https:\/\/static.africa-press.net\/madagascar\/sites\/56\/2024\/01\/sm_1704380276.851405.jpg\",\"datePublished\":\"2024-01-04T17:37:10+00:00\",\"dateModified\":\"2024-01-04T19:28:54+00:00\",\"author\":{\"@id\":\"https:\/\/www.africa-press.net\/madagascar\/#\/schema\/person\/2b1cf3cd81a31e3cd26889ca66d677f1\"},\"description\":\"La nomination du Premier ministre ne saurait plus tarder. Finalement, les de\u0301pute\u0301s IRD ont propose\u0301 quatre noms pour le ...\",\"breadcrumb\":{\"@id\":\"https:\/\/www.africa-press.net\/madagascar\/politique\/nomination-du-premier-ministre-la-balle-est-entre-les-mains-du-president-rajoelina#breadcrumb\"},\"inLanguage\":\"fr-FR\",\"potentialAction\":[{\"@type\":\"ReadAction\",\"target\":[\"https:\/\/www.africa-press.net\/madagascar\/politique\/nomination-du-premier-ministre-la-balle-est-entre-les-mains-du-president-rajoelina\"]}]},{\"@type\":\"ImageObject\",\"inLanguage\":\"fr-FR\",\"@id\":\"https:\/\/www.africa-press.net\/madagascar\/politique\/nomination-du-premier-ministre-la-balle-est-entre-les-mains-du-president-rajoelina#primaryimage\",\"url\":\"https:\/\/static.africa-press.net\/madagascar\/sites\/56\/2024\/01\/sm_1704380276.851405.jpg\",\"contentUrl\":\"https:\/\/static.africa-press.net\/madagascar\/sites\/56\/2024\/01\/sm_1704380276.851405.jpg\",\"width\":976,\"height\":638,\"caption\":\"NOMINATION DU PREMIER MINISTRE - La balle est entre les mains du Pr\u00e9sident Rajoelina\"},{\"@type\":\"BreadcrumbList\",\"@id\":\"https:\/\/www.africa-press.net\/madagascar\/politique\/nomination-du-premier-ministre-la-balle-est-entre-les-mains-du-president-rajoelina#breadcrumb\",\"itemListElement\":[{\"@type\":\"ListItem\",\"position\":1,\"name\":\"Accueil\",\"item\":\"https:\/\/www.africa-press.net\/madagascar\/\"},{\"@type\":\"ListItem\",\"position\":2,\"name\":\"NOMINATION DU PREMIER MINISTRE &#8211; La balle est entre les mains du Pr\u00e9sident Rajoelina\"}]},{\"@type\":\"WebSite\",\"@id\":\"https:\/\/www.africa-press.net\/madagascar\/#website\",\"url\":\"https:\/\/www.africa-press.net\/madagascar\/\",\"name\":\"Madagascar\",\"description\":\"Just another Africa News Agency Sites site\",\"potentialAction\":[{\"@type\":\"SearchAction\",\"target\":{\"@type\":\"EntryPoint\",\"urlTemplate\":\"https:\/\/www.africa-press.net\/madagascar\/?s={search_term_string}\"},\"query-input\":{\"@type\":\"PropertyValueSpecification\",\"valueRequired\":true,\"valueName\":\"search_term_string\"}}],\"inLanguage\":\"fr-FR\"},{\"@type\":\"Person\",\"@id\":\"https:\/\/www.africa-press.net\/madagascar\/#\/schema\/person\/2b1cf3cd81a31e3cd26889ca66d677f1\",\"name\":\"cfeditorfr\"}]}<\/script>\n<!-- \/ Yoast SEO Premium plugin. -->","yoast_head_json":{"title":"NOMINATION DU PREMIER MINISTRE - La balle est entre les mains du Pr\u00e9sident Rajoelina - Madagascar","description":"La nomination du Premier ministre ne saurait plus tarder. Finalement, les de\u0301pute\u0301s IRD ont propose\u0301 quatre noms pour le ...","robots":{"index":"index","follow":"follow","max-snippet":"max-snippet:-1","max-image-preview":"max-image-preview:large","max-video-preview":"max-video-preview:-1"},"canonical":"https:\/\/www.africa-press.net\/madagascar\/politique\/nomination-du-premier-ministre-la-balle-est-entre-les-mains-du-president-rajoelina","og_locale":"fr_FR","og_type":"article","og_title":"NOMINATION DU PREMIER MINISTRE - La balle est entre les mains du Pr\u00e9sident Rajoelina","og_description":"La nomination du Premier ministre ne saurait plus tarder. Finalement, les de\u0301pute\u0301s IRD ont propose\u0301 quatre noms pour le ...","og_url":"https:\/\/www.africa-press.net\/madagascar\/politique\/nomination-du-premier-ministre-la-balle-est-entre-les-mains-du-president-rajoelina","og_site_name":"Madagascar","article_published_time":"2024-01-04T17:37:10+00:00","article_modified_time":"2024-01-04T19:28:54+00:00","og_image":[{"width":976,"height":638,"url":"https:\/\/static.africa-press.net\/madagascar\/sites\/56\/2024\/01\/sm_1704380276.851405.jpg","type":"image\/jpeg"}],"author":"cfeditorfr","twitter_card":"summary_large_image","twitter_misc":{"\u00c9crit par":"cfeditorfr","Dur\u00e9e de lecture estim\u00e9e":"4 minutes"},"schema":{"@context":"https:\/\/schema.org","@graph":[{"@type":"Article","@id":"https:\/\/www.africa-press.net\/madagascar\/politique\/nomination-du-premier-ministre-la-balle-est-entre-les-mains-du-president-rajoelina#article","isPartOf":{"@id":"https:\/\/www.africa-press.net\/madagascar\/politique\/nomination-du-premier-ministre-la-balle-est-entre-les-mains-du-president-rajoelina"},"author":{"name":"cfeditorfr","@id":"https:\/\/www.africa-press.net\/madagascar\/#\/schema\/person\/2b1cf3cd81a31e3cd26889ca66d677f1"},"headline":"NOMINATION DU PREMIER MINISTRE &#8211; La balle est entre les mains du Pr\u00e9sident Rajoelina","datePublished":"2024-01-04T17:37:10+00:00","dateModified":"2024-01-04T19:28:54+00:00","mainEntityOfPage":{"@id":"https:\/\/www.africa-press.net\/madagascar\/politique\/nomination-du-premier-ministre-la-balle-est-entre-les-mains-du-president-rajoelina"},"wordCount":804,"commentCount":0,"image":{"@id":"https:\/\/www.africa-press.net\/madagascar\/politique\/nomination-du-premier-ministre-la-balle-est-entre-les-mains-du-president-rajoelina#primaryimage"},"thumbnailUrl":"https:\/\/static.africa-press.net\/madagascar\/sites\/56\/2024\/01\/sm_1704380276.851405.jpg","keywords":["Africa Press","Africa Press-Madagascar","Madagascar"],"articleSection":["Politique","Top Nouvelles","Toutes les actualit\u00e9s"],"inLanguage":"fr-FR","potentialAction":[{"@type":"CommentAction","name":"Comment","target":["https:\/\/www.africa-press.net\/madagascar\/politique\/nomination-du-premier-ministre-la-balle-est-entre-les-mains-du-president-rajoelina#respond"]}]},{"@type":"WebPage","@id":"https:\/\/www.africa-press.net\/madagascar\/politique\/nomination-du-premier-ministre-la-balle-est-entre-les-mains-du-president-rajoelina","url":"https:\/\/www.africa-press.net\/madagascar\/politique\/nomination-du-premier-ministre-la-balle-est-entre-les-mains-du-president-rajoelina","name":"NOMINATION DU PREMIER MINISTRE - La balle est entre les mains du Pr\u00e9sident Rajoelina - Madagascar","isPartOf":{"@id":"https:\/\/www.africa-press.net\/madagascar\/#website"},"primaryImageOfPage":{"@id":"https:\/\/www.africa-press.net\/madagascar\/politique\/nomination-du-premier-ministre-la-balle-est-entre-les-mains-du-president-rajoelina#primaryimage"},"image":{"@id":"https:\/\/www.africa-press.net\/madagascar\/politique\/nomination-du-premier-ministre-la-balle-est-entre-les-mains-du-president-rajoelina#primaryimage"},"thumbnailUrl":"https:\/\/static.africa-press.net\/madagascar\/sites\/56\/2024\/01\/sm_1704380276.851405.jpg","datePublished":"2024-01-04T17:37:10+00:00","dateModified":"2024-01-04T19:28:54+00:00","author":{"@id":"https:\/\/www.africa-press.net\/madagascar\/#\/schema\/person\/2b1cf3cd81a31e3cd26889ca66d677f1"},"description":"La nomination du Premier ministre ne saurait plus tarder. Finalement, les de\u0301pute\u0301s IRD ont propose\u0301 quatre noms pour le ...","breadcrumb":{"@id":"https:\/\/www.africa-press.net\/madagascar\/politique\/nomination-du-premier-ministre-la-balle-est-entre-les-mains-du-president-rajoelina#breadcrumb"},"inLanguage":"fr-FR","potentialAction":[{"@type":"ReadAction","target":["https:\/\/www.africa-press.net\/madagascar\/politique\/nomination-du-premier-ministre-la-balle-est-entre-les-mains-du-president-rajoelina"]}]},{"@type":"ImageObject","inLanguage":"fr-FR","@id":"https:\/\/www.africa-press.net\/madagascar\/politique\/nomination-du-premier-ministre-la-balle-est-entre-les-mains-du-president-rajoelina#primaryimage","url":"https:\/\/static.africa-press.net\/madagascar\/sites\/56\/2024\/01\/sm_1704380276.851405.jpg","contentUrl":"https:\/\/static.africa-press.net\/madagascar\/sites\/56\/2024\/01\/sm_1704380276.851405.jpg","width":976,"height":638,"caption":"NOMINATION DU PREMIER MINISTRE - La balle est entre les mains du Pr\u00e9sident Rajoelina"},{"@type":"BreadcrumbList","@id":"https:\/\/www.africa-press.net\/madagascar\/politique\/nomination-du-premier-ministre-la-balle-est-entre-les-mains-du-president-rajoelina#breadcrumb","itemListElement":[{"@type":"ListItem","position":1,"name":"Accueil","item":"https:\/\/www.africa-press.net\/madagascar\/"},{"@type":"ListItem","position":2,"name":"NOMINATION DU PREMIER MINISTRE &#8211; La balle est entre les mains du Pr\u00e9sident Rajoelina"}]},{"@type":"WebSite","@id":"https:\/\/www.africa-press.net\/madagascar\/#website","url":"https:\/\/www.africa-press.net\/madagascar\/","name":"Madagascar","description":"Just another Africa News Agency Sites site","potentialAction":[{"@type":"SearchAction","target":{"@type":"EntryPoint","urlTemplate":"https:\/\/www.africa-press.net\/madagascar\/?s={search_term_string}"},"query-input":{"@type":"PropertyValueSpecification","valueRequired":true,"valueName":"search_term_string"}}],"inLanguage":"fr-FR"},{"@type":"Person","@id":"https:\/\/www.africa-press.net\/madagascar\/#\/schema\/person\/2b1cf3cd81a31e3cd26889ca66d677f1","name":"cfeditorfr"}]}},"_links":{"self":[{"href":"https:\/\/www.africa-press.net\/madagascar\/wp-json\/wp\/v2\/posts\/23579","targetHints":{"allow":["GET"]}}],"collection":[{"href":"https:\/\/www.africa-press.net\/madagascar\/wp-json\/wp\/v2\/posts"}],"about":[{"href":"https:\/\/www.africa-press.net\/madagascar\/wp-json\/wp\/v2\/types\/post"}],"author":[{"embeddable":true,"href":"https:\/\/www.africa-press.net\/madagascar\/wp-json\/wp\/v2\/users\/82"}],"replies":[{"embeddable":true,"href":"https:\/\/www.africa-press.net\/madagascar\/wp-json\/wp\/v2\/comments?post=23579"}],"version-history":[{"count":0,"href":"https:\/\/www.africa-press.net\/madagascar\/wp-json\/wp\/v2\/posts\/23579\/revisions"}],"wp:featuredmedia":[{"embeddable":true,"href":"https:\/\/www.africa-press.net\/madagascar\/wp-json\/wp\/v2\/media\/23578"}],"wp:attachment":[{"href":"https:\/\/www.africa-press.net\/madagascar\/wp-json\/wp\/v2\/media?parent=23579"}],"wp:term":[{"taxonomy":"category","embeddable":true,"href":"https:\/\/www.africa-press.net\/madagascar\/wp-json\/wp\/v2\/categories?post=23579"},{"taxonomy":"post_tag","embeddable":true,"href":"https:\/\/www.africa-press.net\/madagascar\/wp-json\/wp\/v2\/tags?post=23579"}],"curies":[{"name":"wp","href":"https:\/\/api.w.org\/{rel}","templated":true}]}}