{"id":23609,"date":"2024-01-04T17:49:05","date_gmt":"2024-01-04T17:49:05","guid":{"rendered":"https:\/\/www.africa-press.net\/madagascar\/politique\/importations-et-ventes-le-marche-de-lautomobile-ralentit"},"modified":"2024-01-05T10:55:36","modified_gmt":"2024-01-05T10:55:36","slug":"importations-et-ventes-le-marche-de-lautomobile-ralentit","status":"publish","type":"post","link":"https:\/\/www.africa-press.net\/madagascar\/economie\/importations-et-ventes-le-marche-de-lautomobile-ralentit","title":{"rendered":"IMPORTATIONS ET VENTES &#8211; Le march\u00e9 de l\u2019automobile ralentit"},"content":{"rendered":"<p><span style=\"color: #ff6600\"><strong>Africa-Press &#8211; Madagascar. <\/strong><\/span>Apre\u0300s les anne\u0301es de re\u0301silience et de boom du secteur automobile a\u0300 Madagascar, le marche\u0301 de l\u2019automobile et surtout celui de l\u2019importation de voitures neuves est au ralenti.<\/p>\n<p>C\u2019est une de ces fois ou\u0300 les ventes de ve\u0301hicules neufs reculent a\u0300 vue d\u2019\u0153il, au de\u0301triment de la re\u0301organisation du marche\u0301 des ve\u0301hicules d\u2019occasion qui pullulent presque a\u0300 chaque coin de rue. By-pass, Antanimbarinandriana, Analamahitsy, Ankazomanga, les petits points de vente de voitures d\u2019occasion foisonnent, a\u0300 ne pas oublier e\u0301galement les revendeurs de ce type de voiture sur les re\u0301seaux sociaux qui sont devenus un ve\u0301ritable phe\u0301nome\u0300ne a\u0300 l\u2019heure actuelle. Cela te\u0301moigne d\u2019un recul a\u0300 vue d\u2019\u0153il des ventes de ve\u0301hicules neufs. Co\u0302te\u0301 frontie\u0300res e\u0301galement, les derniers chiffres fournis par la direction ge\u0301ne\u0301rale des Douanes font e\u0301tat de ce fle\u0301chissement des importations. 3 886 ve\u0301hicules neufs mis a\u0300 la consommation pour les dix premiers mois de 2023 soit une valeur CAF qui s\u2019e\u0301le\u0300ve a\u0300 401,4 milliards d\u2019ariary en termes d\u2019importations si l\u2019on se fie au tableau de bord dresse\u0301 par cette institution pour cet exercice 2023. Des chiffres relativement infe\u0301rieurs a\u0300 ceux enregistre\u0301s en 2022. Anne\u0301e durant laquelle les importations de ve\u0301hicules neufs qui ont ensuite e\u0301te\u0301 mis a\u0300 la consommation ont atteint une valeur CAF qui s\u2019e\u0301levait jusqu\u2019a\u0300 453 milliards d\u2019ariary avec plus de cinq mille ve\u0301hicules qui ont e\u0301te\u0301 mis en vente par la douane.<\/p>\n<p><b>Bonne impression<\/b><\/p>\n<p>Qu\u2019est-il alors arrive\u0301 au marche\u0301 automobile de la Grande i\u0302le ? Un des secteurs qui avaient surve\u0301cu, tant bien que mal a\u0300 la crise sanitaire ayant touche\u0301 de plein fouet il y a de cela quatre ans une multitude de secteurs d\u2019activite\u0301s. Globalement, l\u2019ensemble de l\u2019importation et de l\u2019immatriculation de ve\u0301hicules a connu une baisse au cours de ces derniers mois, comme le montrent les statistiques susmentionne\u0301es. Ne\u0301anmoins, une autre frange de ce marche\u0301 se re\u0301organise avec les ve\u0301hicules d\u2019occasion qui commencent a\u0300 refaire une bonne impression chez les consommateurs mais e\u0301galement les \u00ab concessionnaires \u00bb en herbe ici et la\u0300 qui y trouvent leur compte.<\/p>\n<p>D\u2019ailleurs, parmi les ve\u0301hicules mis a\u0300 la consommation, il n\u2019y a pas que les voitures neuves. Quoi qu\u2019il en soit, une opinion assez populaire d\u2019ailleurs chez les importateurs (particuliers ou revendeurs) veut que les taxes exone\u0301re\u0301es lors de l\u2019importation des ve\u0301hicules y soient pour quelque chose. \u00ab Auparavant, pour importer un ve\u0301hicule, nous n\u2019avions eu affaire qu\u2019a\u0300 trois taxes et autres dispositions fiscales. Maintenant, ce n\u2019est plus le cas. Quelques taxes en plus ont e\u0301te\u0301 ajoute\u0301es ce qui est devenu un casse-te\u0302te mais aussi une autre charge pour nos portefeuilles \u00bb, confie un importateur re\u0301gulier de ve\u0301hicules via la douane. D\u2019autres spe\u0301cialistes soutiennent pour leur part que \u00abLes ve\u0301hicules reviennent cher a\u0300 l\u2019importation. Cette tendance est fonction du taux de change. En effet, les ope\u0301rations de de\u0301douanement se font ge\u0301ne\u0301ralement en euro puis sont convertis en ariary, raison pour laquelle selon les cours, les prix des taxes peuvent s\u2019ave\u0301rer lourds pour certains importateurs \u00bb, explique un spe\u0301cialiste.<\/p>\n<p><strong>Pour plus d&rsquo;informations et d&rsquo;analyses sur la <a href=\"https:\/\/www.africa-press.net\/madagascar\">Madagascar<\/a>, suivez <a href=\"https:\/\/www.africa-press.net\/\">Africa-Press<\/a><\/strong><\/p>\n","protected":false},"excerpt":{"rendered":"<p>Africa-Press &#8211; Madagascar. Apre\u0300s les anne\u0301es de re\u0301silience et de boom du secteur automobile a\u0300 Madagascar, le marche\u0301 de l\u2019automobile et surtout celui de l\u2019importation de voitures neuves est au ralenti. C\u2019est une de ces fois ou\u0300 les ventes de ve\u0301hicules neufs reculent a\u0300 vue d\u2019\u0153il, au de\u0301triment de la re\u0301organisation du marche\u0301 des ve\u0301hicules [&hellip;]<\/p>\n","protected":false},"author":82,"featured_media":23608,"comment_status":"open","ping_status":"closed","sticky":false,"template":"","format":"standard","meta":{"footnotes":""},"categories":[3,10],"tags":[36,50,49],"class_list":["post-23609","post","type-post","status-publish","format-standard","has-post-thumbnail","hentry","category-economie","category-toutes-les-actualites","tag-africa-press","tag-africa-press-madagascar","tag-madagascar"],"yoast_head":"<!-- This site is optimized with the Yoast SEO Premium plugin v26.1 (Yoast SEO v27.0) - https:\/\/yoast.com\/product\/yoast-seo-premium-wordpress\/ -->\n<title>IMPORTATIONS ET VENTES - Le march\u00e9 de l\u2019automobile ralentit - Madagascar<\/title>\n<meta name=\"description\" content=\"Apre\u0300s les anne\u0301es de re\u0301silience et de boom du secteur automobile a\u0300 Madagascar, le marche\u0301 de l\u2019automobile et surtout ...\" \/>\n<meta name=\"robots\" content=\"index, follow, max-snippet:-1, max-image-preview:large, max-video-preview:-1\" \/>\n<link rel=\"canonical\" href=\"https:\/\/www.africa-press.net\/madagascar\/economie\/importations-et-ventes-le-marche-de-lautomobile-ralentit\" \/>\n<meta property=\"og:locale\" content=\"fr_FR\" \/>\n<meta property=\"og:type\" content=\"article\" \/>\n<meta property=\"og:title\" content=\"IMPORTATIONS ET VENTES - Le march\u00e9 de l\u2019automobile ralentit\" \/>\n<meta property=\"og:description\" content=\"Apre\u0300s les anne\u0301es de re\u0301silience et de boom du secteur automobile a\u0300 Madagascar, le marche\u0301 de l\u2019automobile et surtout ...\" \/>\n<meta property=\"og:url\" content=\"https:\/\/www.africa-press.net\/madagascar\/economie\/importations-et-ventes-le-marche-de-lautomobile-ralentit\" \/>\n<meta property=\"og:site_name\" content=\"Madagascar\" \/>\n<meta property=\"article:published_time\" content=\"2024-01-04T17:49:05+00:00\" \/>\n<meta property=\"article:modified_time\" content=\"2024-01-05T10:55:36+00:00\" \/>\n<meta property=\"og:image\" content=\"https:\/\/static.africa-press.net\/madagascar\/sites\/56\/2024\/01\/sm_1704383447.415313.jpg\" \/>\n\t<meta property=\"og:image:width\" content=\"1184\" \/>\n\t<meta property=\"og:image:height\" content=\"634\" \/>\n\t<meta property=\"og:image:type\" content=\"image\/jpeg\" \/>\n<meta name=\"author\" content=\"cfeditorfr\" \/>\n<meta name=\"twitter:card\" content=\"summary_large_image\" \/>\n<meta name=\"twitter:label1\" content=\"\u00c9crit par\" \/>\n\t<meta name=\"twitter:data1\" content=\"cfeditorfr\" \/>\n\t<meta name=\"twitter:label2\" content=\"Dur\u00e9e de lecture estim\u00e9e\" \/>\n\t<meta name=\"twitter:data2\" content=\"3 minutes\" \/>\n<script type=\"application\/ld+json\" class=\"yoast-schema-graph\">{\"@context\":\"https:\/\/schema.org\",\"@graph\":[{\"@type\":\"Article\",\"@id\":\"https:\/\/www.africa-press.net\/madagascar\/economie\/importations-et-ventes-le-marche-de-lautomobile-ralentit#article\",\"isPartOf\":{\"@id\":\"https:\/\/www.africa-press.net\/madagascar\/economie\/importations-et-ventes-le-marche-de-lautomobile-ralentit\"},\"author\":{\"name\":\"cfeditorfr\",\"@id\":\"https:\/\/www.africa-press.net\/madagascar\/#\/schema\/person\/2b1cf3cd81a31e3cd26889ca66d677f1\"},\"headline\":\"IMPORTATIONS ET VENTES &#8211; Le march\u00e9 de l\u2019automobile ralentit\",\"datePublished\":\"2024-01-04T17:49:05+00:00\",\"dateModified\":\"2024-01-05T10:55:36+00:00\",\"mainEntityOfPage\":{\"@id\":\"https:\/\/www.africa-press.net\/madagascar\/economie\/importations-et-ventes-le-marche-de-lautomobile-ralentit\"},\"wordCount\":595,\"commentCount\":0,\"image\":{\"@id\":\"https:\/\/www.africa-press.net\/madagascar\/economie\/importations-et-ventes-le-marche-de-lautomobile-ralentit#primaryimage\"},\"thumbnailUrl\":\"https:\/\/static.africa-press.net\/madagascar\/sites\/56\/2024\/01\/sm_1704383447.415313.jpg\",\"keywords\":[\"Africa Press\",\"Africa Press-Madagascar\",\"Madagascar\"],\"articleSection\":[\"\u00c9conomie\",\"Toutes les actualit\u00e9s\"],\"inLanguage\":\"fr-FR\",\"potentialAction\":[{\"@type\":\"CommentAction\",\"name\":\"Comment\",\"target\":[\"https:\/\/www.africa-press.net\/madagascar\/economie\/importations-et-ventes-le-marche-de-lautomobile-ralentit#respond\"]}]},{\"@type\":\"WebPage\",\"@id\":\"https:\/\/www.africa-press.net\/madagascar\/economie\/importations-et-ventes-le-marche-de-lautomobile-ralentit\",\"url\":\"https:\/\/www.africa-press.net\/madagascar\/economie\/importations-et-ventes-le-marche-de-lautomobile-ralentit\",\"name\":\"IMPORTATIONS ET VENTES - Le march\u00e9 de l\u2019automobile ralentit - Madagascar\",\"isPartOf\":{\"@id\":\"https:\/\/www.africa-press.net\/madagascar\/#website\"},\"primaryImageOfPage\":{\"@id\":\"https:\/\/www.africa-press.net\/madagascar\/economie\/importations-et-ventes-le-marche-de-lautomobile-ralentit#primaryimage\"},\"image\":{\"@id\":\"https:\/\/www.africa-press.net\/madagascar\/economie\/importations-et-ventes-le-marche-de-lautomobile-ralentit#primaryimage\"},\"thumbnailUrl\":\"https:\/\/static.africa-press.net\/madagascar\/sites\/56\/2024\/01\/sm_1704383447.415313.jpg\",\"datePublished\":\"2024-01-04T17:49:05+00:00\",\"dateModified\":\"2024-01-05T10:55:36+00:00\",\"author\":{\"@id\":\"https:\/\/www.africa-press.net\/madagascar\/#\/schema\/person\/2b1cf3cd81a31e3cd26889ca66d677f1\"},\"description\":\"Apre\u0300s les anne\u0301es de re\u0301silience et de boom du secteur automobile a\u0300 Madagascar, le marche\u0301 de l\u2019automobile et surtout ...\",\"breadcrumb\":{\"@id\":\"https:\/\/www.africa-press.net\/madagascar\/economie\/importations-et-ventes-le-marche-de-lautomobile-ralentit#breadcrumb\"},\"inLanguage\":\"fr-FR\",\"potentialAction\":[{\"@type\":\"ReadAction\",\"target\":[\"https:\/\/www.africa-press.net\/madagascar\/economie\/importations-et-ventes-le-marche-de-lautomobile-ralentit\"]}]},{\"@type\":\"ImageObject\",\"inLanguage\":\"fr-FR\",\"@id\":\"https:\/\/www.africa-press.net\/madagascar\/economie\/importations-et-ventes-le-marche-de-lautomobile-ralentit#primaryimage\",\"url\":\"https:\/\/static.africa-press.net\/madagascar\/sites\/56\/2024\/01\/sm_1704383447.415313.jpg\",\"contentUrl\":\"https:\/\/static.africa-press.net\/madagascar\/sites\/56\/2024\/01\/sm_1704383447.415313.jpg\",\"width\":1184,\"height\":634,\"caption\":\"IMPORTATIONS ET VENTES - Le march\u00e9 de l\u2019automobile ralentit\"},{\"@type\":\"BreadcrumbList\",\"@id\":\"https:\/\/www.africa-press.net\/madagascar\/economie\/importations-et-ventes-le-marche-de-lautomobile-ralentit#breadcrumb\",\"itemListElement\":[{\"@type\":\"ListItem\",\"position\":1,\"name\":\"Accueil\",\"item\":\"https:\/\/www.africa-press.net\/madagascar\/\"},{\"@type\":\"ListItem\",\"position\":2,\"name\":\"IMPORTATIONS ET VENTES &#8211; Le march\u00e9 de l\u2019automobile ralentit\"}]},{\"@type\":\"WebSite\",\"@id\":\"https:\/\/www.africa-press.net\/madagascar\/#website\",\"url\":\"https:\/\/www.africa-press.net\/madagascar\/\",\"name\":\"Madagascar\",\"description\":\"Just another Africa News Agency Sites site\",\"potentialAction\":[{\"@type\":\"SearchAction\",\"target\":{\"@type\":\"EntryPoint\",\"urlTemplate\":\"https:\/\/www.africa-press.net\/madagascar\/?s={search_term_string}\"},\"query-input\":{\"@type\":\"PropertyValueSpecification\",\"valueRequired\":true,\"valueName\":\"search_term_string\"}}],\"inLanguage\":\"fr-FR\"},{\"@type\":\"Person\",\"@id\":\"https:\/\/www.africa-press.net\/madagascar\/#\/schema\/person\/2b1cf3cd81a31e3cd26889ca66d677f1\",\"name\":\"cfeditorfr\"}]}<\/script>\n<!-- \/ Yoast SEO Premium plugin. -->","yoast_head_json":{"title":"IMPORTATIONS ET VENTES - Le march\u00e9 de l\u2019automobile ralentit - Madagascar","description":"Apre\u0300s les anne\u0301es de re\u0301silience et de boom du secteur automobile a\u0300 Madagascar, le marche\u0301 de l\u2019automobile et surtout ...","robots":{"index":"index","follow":"follow","max-snippet":"max-snippet:-1","max-image-preview":"max-image-preview:large","max-video-preview":"max-video-preview:-1"},"canonical":"https:\/\/www.africa-press.net\/madagascar\/economie\/importations-et-ventes-le-marche-de-lautomobile-ralentit","og_locale":"fr_FR","og_type":"article","og_title":"IMPORTATIONS ET VENTES - Le march\u00e9 de l\u2019automobile ralentit","og_description":"Apre\u0300s les anne\u0301es de re\u0301silience et de boom du secteur automobile a\u0300 Madagascar, le marche\u0301 de l\u2019automobile et surtout ...","og_url":"https:\/\/www.africa-press.net\/madagascar\/economie\/importations-et-ventes-le-marche-de-lautomobile-ralentit","og_site_name":"Madagascar","article_published_time":"2024-01-04T17:49:05+00:00","article_modified_time":"2024-01-05T10:55:36+00:00","og_image":[{"width":1184,"height":634,"url":"https:\/\/static.africa-press.net\/madagascar\/sites\/56\/2024\/01\/sm_1704383447.415313.jpg","type":"image\/jpeg"}],"author":"cfeditorfr","twitter_card":"summary_large_image","twitter_misc":{"\u00c9crit par":"cfeditorfr","Dur\u00e9e de lecture estim\u00e9e":"3 minutes"},"schema":{"@context":"https:\/\/schema.org","@graph":[{"@type":"Article","@id":"https:\/\/www.africa-press.net\/madagascar\/economie\/importations-et-ventes-le-marche-de-lautomobile-ralentit#article","isPartOf":{"@id":"https:\/\/www.africa-press.net\/madagascar\/economie\/importations-et-ventes-le-marche-de-lautomobile-ralentit"},"author":{"name":"cfeditorfr","@id":"https:\/\/www.africa-press.net\/madagascar\/#\/schema\/person\/2b1cf3cd81a31e3cd26889ca66d677f1"},"headline":"IMPORTATIONS ET VENTES &#8211; Le march\u00e9 de l\u2019automobile ralentit","datePublished":"2024-01-04T17:49:05+00:00","dateModified":"2024-01-05T10:55:36+00:00","mainEntityOfPage":{"@id":"https:\/\/www.africa-press.net\/madagascar\/economie\/importations-et-ventes-le-marche-de-lautomobile-ralentit"},"wordCount":595,"commentCount":0,"image":{"@id":"https:\/\/www.africa-press.net\/madagascar\/economie\/importations-et-ventes-le-marche-de-lautomobile-ralentit#primaryimage"},"thumbnailUrl":"https:\/\/static.africa-press.net\/madagascar\/sites\/56\/2024\/01\/sm_1704383447.415313.jpg","keywords":["Africa Press","Africa Press-Madagascar","Madagascar"],"articleSection":["\u00c9conomie","Toutes les actualit\u00e9s"],"inLanguage":"fr-FR","potentialAction":[{"@type":"CommentAction","name":"Comment","target":["https:\/\/www.africa-press.net\/madagascar\/economie\/importations-et-ventes-le-marche-de-lautomobile-ralentit#respond"]}]},{"@type":"WebPage","@id":"https:\/\/www.africa-press.net\/madagascar\/economie\/importations-et-ventes-le-marche-de-lautomobile-ralentit","url":"https:\/\/www.africa-press.net\/madagascar\/economie\/importations-et-ventes-le-marche-de-lautomobile-ralentit","name":"IMPORTATIONS ET VENTES - Le march\u00e9 de l\u2019automobile ralentit - Madagascar","isPartOf":{"@id":"https:\/\/www.africa-press.net\/madagascar\/#website"},"primaryImageOfPage":{"@id":"https:\/\/www.africa-press.net\/madagascar\/economie\/importations-et-ventes-le-marche-de-lautomobile-ralentit#primaryimage"},"image":{"@id":"https:\/\/www.africa-press.net\/madagascar\/economie\/importations-et-ventes-le-marche-de-lautomobile-ralentit#primaryimage"},"thumbnailUrl":"https:\/\/static.africa-press.net\/madagascar\/sites\/56\/2024\/01\/sm_1704383447.415313.jpg","datePublished":"2024-01-04T17:49:05+00:00","dateModified":"2024-01-05T10:55:36+00:00","author":{"@id":"https:\/\/www.africa-press.net\/madagascar\/#\/schema\/person\/2b1cf3cd81a31e3cd26889ca66d677f1"},"description":"Apre\u0300s les anne\u0301es de re\u0301silience et de boom du secteur automobile a\u0300 Madagascar, le marche\u0301 de l\u2019automobile et surtout ...","breadcrumb":{"@id":"https:\/\/www.africa-press.net\/madagascar\/economie\/importations-et-ventes-le-marche-de-lautomobile-ralentit#breadcrumb"},"inLanguage":"fr-FR","potentialAction":[{"@type":"ReadAction","target":["https:\/\/www.africa-press.net\/madagascar\/economie\/importations-et-ventes-le-marche-de-lautomobile-ralentit"]}]},{"@type":"ImageObject","inLanguage":"fr-FR","@id":"https:\/\/www.africa-press.net\/madagascar\/economie\/importations-et-ventes-le-marche-de-lautomobile-ralentit#primaryimage","url":"https:\/\/static.africa-press.net\/madagascar\/sites\/56\/2024\/01\/sm_1704383447.415313.jpg","contentUrl":"https:\/\/static.africa-press.net\/madagascar\/sites\/56\/2024\/01\/sm_1704383447.415313.jpg","width":1184,"height":634,"caption":"IMPORTATIONS ET VENTES - Le march\u00e9 de l\u2019automobile ralentit"},{"@type":"BreadcrumbList","@id":"https:\/\/www.africa-press.net\/madagascar\/economie\/importations-et-ventes-le-marche-de-lautomobile-ralentit#breadcrumb","itemListElement":[{"@type":"ListItem","position":1,"name":"Accueil","item":"https:\/\/www.africa-press.net\/madagascar\/"},{"@type":"ListItem","position":2,"name":"IMPORTATIONS ET VENTES &#8211; Le march\u00e9 de l\u2019automobile ralentit"}]},{"@type":"WebSite","@id":"https:\/\/www.africa-press.net\/madagascar\/#website","url":"https:\/\/www.africa-press.net\/madagascar\/","name":"Madagascar","description":"Just another Africa News Agency Sites site","potentialAction":[{"@type":"SearchAction","target":{"@type":"EntryPoint","urlTemplate":"https:\/\/www.africa-press.net\/madagascar\/?s={search_term_string}"},"query-input":{"@type":"PropertyValueSpecification","valueRequired":true,"valueName":"search_term_string"}}],"inLanguage":"fr-FR"},{"@type":"Person","@id":"https:\/\/www.africa-press.net\/madagascar\/#\/schema\/person\/2b1cf3cd81a31e3cd26889ca66d677f1","name":"cfeditorfr"}]}},"_links":{"self":[{"href":"https:\/\/www.africa-press.net\/madagascar\/wp-json\/wp\/v2\/posts\/23609","targetHints":{"allow":["GET"]}}],"collection":[{"href":"https:\/\/www.africa-press.net\/madagascar\/wp-json\/wp\/v2\/posts"}],"about":[{"href":"https:\/\/www.africa-press.net\/madagascar\/wp-json\/wp\/v2\/types\/post"}],"author":[{"embeddable":true,"href":"https:\/\/www.africa-press.net\/madagascar\/wp-json\/wp\/v2\/users\/82"}],"replies":[{"embeddable":true,"href":"https:\/\/www.africa-press.net\/madagascar\/wp-json\/wp\/v2\/comments?post=23609"}],"version-history":[{"count":0,"href":"https:\/\/www.africa-press.net\/madagascar\/wp-json\/wp\/v2\/posts\/23609\/revisions"}],"wp:featuredmedia":[{"embeddable":true,"href":"https:\/\/www.africa-press.net\/madagascar\/wp-json\/wp\/v2\/media\/23608"}],"wp:attachment":[{"href":"https:\/\/www.africa-press.net\/madagascar\/wp-json\/wp\/v2\/media?parent=23609"}],"wp:term":[{"taxonomy":"category","embeddable":true,"href":"https:\/\/www.africa-press.net\/madagascar\/wp-json\/wp\/v2\/categories?post=23609"},{"taxonomy":"post_tag","embeddable":true,"href":"https:\/\/www.africa-press.net\/madagascar\/wp-json\/wp\/v2\/tags?post=23609"}],"curies":[{"name":"wp","href":"https:\/\/api.w.org\/{rel}","templated":true}]}}