{"id":23624,"date":"2024-01-05T09:56:19","date_gmt":"2024-01-05T09:56:19","guid":{"rendered":"https:\/\/www.africa-press.net\/madagascar\/politique\/andry-rajoelina-reconduit-christian-ntsay-au-poste-de-premier-ministre"},"modified":"2024-01-05T11:56:11","modified_gmt":"2024-01-05T11:56:11","slug":"andry-rajoelina-reconduit-christian-ntsay-au-poste-de-premier-ministre","status":"publish","type":"post","link":"https:\/\/www.africa-press.net\/madagascar\/politique\/andry-rajoelina-reconduit-christian-ntsay-au-poste-de-premier-ministre","title":{"rendered":"Andry Rajoelina reconduit Christian Ntsay au poste de Premier ministre"},"content":{"rendered":"<p><span style=\"color: #ff6600\"><strong>Africa-Press &#8211; Madagascar. <\/strong><\/span>Le Pre\u0301sident malgache Andry Rajoelina a de\u0301cide\u0301 de reconduire Christian Ntsay au poste de Premier Ministre pour son second mandat a\u0300 la te\u0302te du pays.<\/p>\n<p>Il a fait part de sa de\u0301cision au cours d\u2019une annonce officielle ce jeudi 04 janvier au palais d\u2019E\u0301tat d\u2019Iavoloha, en pre\u0301sence des parlementaires.<\/p>\n<p>Sa reconduction \u00ab n\u2019est pas un hasard \u00bb, selon le Pre\u0301sident.<\/p>\n<p>Avec cette reconduction, Christian Ntsay bat le record de longe\u0301vite\u0301 en tant que Premier ministre au cours de cette quatrie\u0300me Re\u0301publique malgache.<\/p>\n<p>Il a e\u0301te\u0301 nomme\u0301 a\u0300 l\u2019issue d\u2019une crise politique en 2018. Il a, par la suite, e\u0301te\u0301 maintenu a\u0300 son poste apre\u0300s l\u2019e\u0301lection du Pre\u0301sident Andry Rajoelina en 2019.<\/p>\n<p>Le Chef de l\u2019E\u0301tat lui a accorde\u0301 une confiance ine\u0301branlable tout le long de son premier mandat pre\u0301sidentiel.<\/p>\n<p>Christian Ntsay a de\u0301missionne\u0301 avec son gouvernement, lors du conseil des ministres du mercredi 20 de\u0301cembre 2023 et assurait la gestion des affaires courantes depuis cette date.<\/p>\n<p>Selon la Constitution malgache, le parti qui de\u0301tient la majorite\u0301 au Parlement soumet des propositions au pre\u0301sident de la Re\u0301publique auquel appartient le dernier mot.<\/p>\n<p>Trois noms ont e\u0301te\u0301 propose\u0301s par la majorite\u0301, selon la Pre\u0301sidence.<\/p>\n<p>\u00ab Il y a un besoin d\u2019apporter des solutions rapides et durables. J\u2019attends que le Premier Ministre fasse preuve de rigueur et surmonte tous les obstacles dans la marche vers le de\u0301veloppement \u00bb, indique Andry Rajoelina, au cours d\u2019un bref discours.<\/p>\n<p>Il n\u2019a pas manque\u0301 d\u2019insister sur \u00ab la loyaute\u0301 \u00bb qui, selon lui, est une qualite\u0301 rare et sacre\u0301e en politique. Les expe\u0301riences dans la gouvernance, le leadership et les relations internationales ont e\u0301te\u0301 les crite\u0300res qui ont de\u0301termine\u0301 le choix du Pre\u0301sident, selon ses explications.<\/p>\n<p>Avec ce choix, le Pre\u0301sident garde dans sa ligne de mire les prochaines e\u0301lections le\u0301gislatives, qui doivent e\u0302tre organise\u0301es au cour du premier semestre de 2024, en vue d&rsquo;obtenir la majorite\u0301 au Parlement. Un autre gage de stabilite\u0301 pour le re\u0301gime.<\/p>\n<p>Le Pre\u0301sident annonce que la se\u0301lection des membres du gouvernement se fera a\u0300 partir de ce vendredi, avec le Premier Ministre.<\/p>\n<p>Re\u0301e\u0301lu au premier tour de la Pre\u0301sidentielle le 16 novembre 2023, Andry Rajoelina nomme son Premier ministre, pre\u0300s de deux semaines apre\u0300s son investiture le 16 de\u0301cembre.<\/p>\n<p><strong>Pour plus d&rsquo;informations et d&rsquo;analyses sur la <a href=\"https:\/\/www.africa-press.net\/madagascar\">Madagascar<\/a>, suivez <a href=\"https:\/\/www.africa-press.net\/\">Africa-Press<\/a><\/strong><\/p>\n","protected":false},"excerpt":{"rendered":"<p>Africa-Press &#8211; Madagascar. Le Pre\u0301sident malgache Andry Rajoelina a de\u0301cide\u0301 de reconduire Christian Ntsay au poste de Premier Ministre pour son second mandat a\u0300 la te\u0302te du pays. Il a fait part de sa de\u0301cision au cours d\u2019une annonce officielle ce jeudi 04 janvier au palais d\u2019E\u0301tat d\u2019Iavoloha, en pre\u0301sence des parlementaires. Sa reconduction \u00ab [&hellip;]<\/p>\n","protected":false},"author":82,"featured_media":23623,"comment_status":"open","ping_status":"closed","sticky":false,"template":"","format":"standard","meta":{"footnotes":""},"categories":[2,20,10],"tags":[36,50,53,49,1031],"class_list":["post-23624","post","type-post","status-publish","format-standard","has-post-thumbnail","hentry","category-politique","category-top-nouvelles","category-toutes-les-actualites","tag-africa-press","tag-africa-press-madagascar","tag-andry-rajoelina","tag-madagascar","tag-premier-ministre"],"yoast_head":"<!-- This site is optimized with the Yoast SEO Premium plugin v26.1 (Yoast SEO v27.0) - https:\/\/yoast.com\/product\/yoast-seo-premium-wordpress\/ -->\n<title>Andry Rajoelina reconduit Christian Ntsay au poste de Premier ministre - Madagascar<\/title>\n<meta name=\"description\" content=\"Le Pre\u0301sident malgache Andry Rajoelina a de\u0301cide\u0301 de reconduire Christian Ntsay au poste de Premier Ministre pour son se ...\" \/>\n<meta name=\"robots\" content=\"index, follow, max-snippet:-1, max-image-preview:large, max-video-preview:-1\" \/>\n<link rel=\"canonical\" href=\"https:\/\/www.africa-press.net\/madagascar\/politique\/andry-rajoelina-reconduit-christian-ntsay-au-poste-de-premier-ministre\" \/>\n<meta property=\"og:locale\" content=\"fr_FR\" \/>\n<meta property=\"og:type\" content=\"article\" \/>\n<meta property=\"og:title\" content=\"Andry Rajoelina reconduit Christian Ntsay au poste de Premier ministre\" \/>\n<meta property=\"og:description\" content=\"Le Pre\u0301sident malgache Andry Rajoelina a de\u0301cide\u0301 de reconduire Christian Ntsay au poste de Premier Ministre pour son se ...\" \/>\n<meta property=\"og:url\" content=\"https:\/\/www.africa-press.net\/madagascar\/politique\/andry-rajoelina-reconduit-christian-ntsay-au-poste-de-premier-ministre\" \/>\n<meta property=\"og:site_name\" content=\"Madagascar\" \/>\n<meta property=\"article:published_time\" content=\"2024-01-05T09:56:19+00:00\" \/>\n<meta property=\"article:modified_time\" content=\"2024-01-05T11:56:11+00:00\" \/>\n<meta property=\"og:image\" content=\"https:\/\/static.africa-press.net\/madagascar\/sites\/56\/2024\/01\/sm_1704439417.645019.jpg\" \/>\n\t<meta property=\"og:image:width\" content=\"864\" \/>\n\t<meta property=\"og:image:height\" content=\"486\" \/>\n\t<meta property=\"og:image:type\" content=\"image\/jpeg\" \/>\n<meta name=\"author\" content=\"cfeditorfr\" \/>\n<meta name=\"twitter:card\" content=\"summary_large_image\" \/>\n<meta name=\"twitter:label1\" content=\"\u00c9crit par\" \/>\n\t<meta name=\"twitter:data1\" content=\"cfeditorfr\" \/>\n\t<meta name=\"twitter:label2\" content=\"Dur\u00e9e de lecture estim\u00e9e\" \/>\n\t<meta name=\"twitter:data2\" content=\"2 minutes\" \/>\n<script type=\"application\/ld+json\" class=\"yoast-schema-graph\">{\"@context\":\"https:\/\/schema.org\",\"@graph\":[{\"@type\":\"Article\",\"@id\":\"https:\/\/www.africa-press.net\/madagascar\/politique\/andry-rajoelina-reconduit-christian-ntsay-au-poste-de-premier-ministre#article\",\"isPartOf\":{\"@id\":\"https:\/\/www.africa-press.net\/madagascar\/politique\/andry-rajoelina-reconduit-christian-ntsay-au-poste-de-premier-ministre\"},\"author\":{\"name\":\"cfeditorfr\",\"@id\":\"https:\/\/www.africa-press.net\/madagascar\/#\/schema\/person\/2b1cf3cd81a31e3cd26889ca66d677f1\"},\"headline\":\"Andry Rajoelina reconduit Christian Ntsay au poste de Premier ministre\",\"datePublished\":\"2024-01-05T09:56:19+00:00\",\"dateModified\":\"2024-01-05T11:56:11+00:00\",\"mainEntityOfPage\":{\"@id\":\"https:\/\/www.africa-press.net\/madagascar\/politique\/andry-rajoelina-reconduit-christian-ntsay-au-poste-de-premier-ministre\"},\"wordCount\":439,\"commentCount\":0,\"image\":{\"@id\":\"https:\/\/www.africa-press.net\/madagascar\/politique\/andry-rajoelina-reconduit-christian-ntsay-au-poste-de-premier-ministre#primaryimage\"},\"thumbnailUrl\":\"https:\/\/static.africa-press.net\/madagascar\/sites\/56\/2024\/01\/sm_1704439417.645019.jpg\",\"keywords\":[\"Africa Press\",\"Africa Press-Madagascar\",\"Andry Rajoelina\",\"Madagascar\",\"Premier ministre\"],\"articleSection\":[\"Politique\",\"Top Nouvelles\",\"Toutes les actualit\u00e9s\"],\"inLanguage\":\"fr-FR\",\"potentialAction\":[{\"@type\":\"CommentAction\",\"name\":\"Comment\",\"target\":[\"https:\/\/www.africa-press.net\/madagascar\/politique\/andry-rajoelina-reconduit-christian-ntsay-au-poste-de-premier-ministre#respond\"]}]},{\"@type\":\"WebPage\",\"@id\":\"https:\/\/www.africa-press.net\/madagascar\/politique\/andry-rajoelina-reconduit-christian-ntsay-au-poste-de-premier-ministre\",\"url\":\"https:\/\/www.africa-press.net\/madagascar\/politique\/andry-rajoelina-reconduit-christian-ntsay-au-poste-de-premier-ministre\",\"name\":\"Andry Rajoelina reconduit Christian Ntsay au poste de Premier ministre - Madagascar\",\"isPartOf\":{\"@id\":\"https:\/\/www.africa-press.net\/madagascar\/#website\"},\"primaryImageOfPage\":{\"@id\":\"https:\/\/www.africa-press.net\/madagascar\/politique\/andry-rajoelina-reconduit-christian-ntsay-au-poste-de-premier-ministre#primaryimage\"},\"image\":{\"@id\":\"https:\/\/www.africa-press.net\/madagascar\/politique\/andry-rajoelina-reconduit-christian-ntsay-au-poste-de-premier-ministre#primaryimage\"},\"thumbnailUrl\":\"https:\/\/static.africa-press.net\/madagascar\/sites\/56\/2024\/01\/sm_1704439417.645019.jpg\",\"datePublished\":\"2024-01-05T09:56:19+00:00\",\"dateModified\":\"2024-01-05T11:56:11+00:00\",\"author\":{\"@id\":\"https:\/\/www.africa-press.net\/madagascar\/#\/schema\/person\/2b1cf3cd81a31e3cd26889ca66d677f1\"},\"description\":\"Le Pre\u0301sident malgache Andry Rajoelina a de\u0301cide\u0301 de reconduire Christian Ntsay au poste de Premier Ministre pour son se ...\",\"breadcrumb\":{\"@id\":\"https:\/\/www.africa-press.net\/madagascar\/politique\/andry-rajoelina-reconduit-christian-ntsay-au-poste-de-premier-ministre#breadcrumb\"},\"inLanguage\":\"fr-FR\",\"potentialAction\":[{\"@type\":\"ReadAction\",\"target\":[\"https:\/\/www.africa-press.net\/madagascar\/politique\/andry-rajoelina-reconduit-christian-ntsay-au-poste-de-premier-ministre\"]}]},{\"@type\":\"ImageObject\",\"inLanguage\":\"fr-FR\",\"@id\":\"https:\/\/www.africa-press.net\/madagascar\/politique\/andry-rajoelina-reconduit-christian-ntsay-au-poste-de-premier-ministre#primaryimage\",\"url\":\"https:\/\/static.africa-press.net\/madagascar\/sites\/56\/2024\/01\/sm_1704439417.645019.jpg\",\"contentUrl\":\"https:\/\/static.africa-press.net\/madagascar\/sites\/56\/2024\/01\/sm_1704439417.645019.jpg\",\"width\":864,\"height\":486,\"caption\":\"Andry Rajoelina reconduit Christian Ntsay au poste de Premier ministre\"},{\"@type\":\"BreadcrumbList\",\"@id\":\"https:\/\/www.africa-press.net\/madagascar\/politique\/andry-rajoelina-reconduit-christian-ntsay-au-poste-de-premier-ministre#breadcrumb\",\"itemListElement\":[{\"@type\":\"ListItem\",\"position\":1,\"name\":\"Accueil\",\"item\":\"https:\/\/www.africa-press.net\/madagascar\/\"},{\"@type\":\"ListItem\",\"position\":2,\"name\":\"Andry Rajoelina reconduit Christian Ntsay au poste de Premier ministre\"}]},{\"@type\":\"WebSite\",\"@id\":\"https:\/\/www.africa-press.net\/madagascar\/#website\",\"url\":\"https:\/\/www.africa-press.net\/madagascar\/\",\"name\":\"Madagascar\",\"description\":\"Just another Africa News Agency Sites site\",\"potentialAction\":[{\"@type\":\"SearchAction\",\"target\":{\"@type\":\"EntryPoint\",\"urlTemplate\":\"https:\/\/www.africa-press.net\/madagascar\/?s={search_term_string}\"},\"query-input\":{\"@type\":\"PropertyValueSpecification\",\"valueRequired\":true,\"valueName\":\"search_term_string\"}}],\"inLanguage\":\"fr-FR\"},{\"@type\":\"Person\",\"@id\":\"https:\/\/www.africa-press.net\/madagascar\/#\/schema\/person\/2b1cf3cd81a31e3cd26889ca66d677f1\",\"name\":\"cfeditorfr\"}]}<\/script>\n<!-- \/ Yoast SEO Premium plugin. -->","yoast_head_json":{"title":"Andry Rajoelina reconduit Christian Ntsay au poste de Premier ministre - Madagascar","description":"Le Pre\u0301sident malgache Andry Rajoelina a de\u0301cide\u0301 de reconduire Christian Ntsay au poste de Premier Ministre pour son se ...","robots":{"index":"index","follow":"follow","max-snippet":"max-snippet:-1","max-image-preview":"max-image-preview:large","max-video-preview":"max-video-preview:-1"},"canonical":"https:\/\/www.africa-press.net\/madagascar\/politique\/andry-rajoelina-reconduit-christian-ntsay-au-poste-de-premier-ministre","og_locale":"fr_FR","og_type":"article","og_title":"Andry Rajoelina reconduit Christian Ntsay au poste de Premier ministre","og_description":"Le Pre\u0301sident malgache Andry Rajoelina a de\u0301cide\u0301 de reconduire Christian Ntsay au poste de Premier Ministre pour son se ...","og_url":"https:\/\/www.africa-press.net\/madagascar\/politique\/andry-rajoelina-reconduit-christian-ntsay-au-poste-de-premier-ministre","og_site_name":"Madagascar","article_published_time":"2024-01-05T09:56:19+00:00","article_modified_time":"2024-01-05T11:56:11+00:00","og_image":[{"width":864,"height":486,"url":"https:\/\/static.africa-press.net\/madagascar\/sites\/56\/2024\/01\/sm_1704439417.645019.jpg","type":"image\/jpeg"}],"author":"cfeditorfr","twitter_card":"summary_large_image","twitter_misc":{"\u00c9crit par":"cfeditorfr","Dur\u00e9e de lecture estim\u00e9e":"2 minutes"},"schema":{"@context":"https:\/\/schema.org","@graph":[{"@type":"Article","@id":"https:\/\/www.africa-press.net\/madagascar\/politique\/andry-rajoelina-reconduit-christian-ntsay-au-poste-de-premier-ministre#article","isPartOf":{"@id":"https:\/\/www.africa-press.net\/madagascar\/politique\/andry-rajoelina-reconduit-christian-ntsay-au-poste-de-premier-ministre"},"author":{"name":"cfeditorfr","@id":"https:\/\/www.africa-press.net\/madagascar\/#\/schema\/person\/2b1cf3cd81a31e3cd26889ca66d677f1"},"headline":"Andry Rajoelina reconduit Christian Ntsay au poste de Premier ministre","datePublished":"2024-01-05T09:56:19+00:00","dateModified":"2024-01-05T11:56:11+00:00","mainEntityOfPage":{"@id":"https:\/\/www.africa-press.net\/madagascar\/politique\/andry-rajoelina-reconduit-christian-ntsay-au-poste-de-premier-ministre"},"wordCount":439,"commentCount":0,"image":{"@id":"https:\/\/www.africa-press.net\/madagascar\/politique\/andry-rajoelina-reconduit-christian-ntsay-au-poste-de-premier-ministre#primaryimage"},"thumbnailUrl":"https:\/\/static.africa-press.net\/madagascar\/sites\/56\/2024\/01\/sm_1704439417.645019.jpg","keywords":["Africa Press","Africa Press-Madagascar","Andry Rajoelina","Madagascar","Premier ministre"],"articleSection":["Politique","Top Nouvelles","Toutes les actualit\u00e9s"],"inLanguage":"fr-FR","potentialAction":[{"@type":"CommentAction","name":"Comment","target":["https:\/\/www.africa-press.net\/madagascar\/politique\/andry-rajoelina-reconduit-christian-ntsay-au-poste-de-premier-ministre#respond"]}]},{"@type":"WebPage","@id":"https:\/\/www.africa-press.net\/madagascar\/politique\/andry-rajoelina-reconduit-christian-ntsay-au-poste-de-premier-ministre","url":"https:\/\/www.africa-press.net\/madagascar\/politique\/andry-rajoelina-reconduit-christian-ntsay-au-poste-de-premier-ministre","name":"Andry Rajoelina reconduit Christian Ntsay au poste de Premier ministre - Madagascar","isPartOf":{"@id":"https:\/\/www.africa-press.net\/madagascar\/#website"},"primaryImageOfPage":{"@id":"https:\/\/www.africa-press.net\/madagascar\/politique\/andry-rajoelina-reconduit-christian-ntsay-au-poste-de-premier-ministre#primaryimage"},"image":{"@id":"https:\/\/www.africa-press.net\/madagascar\/politique\/andry-rajoelina-reconduit-christian-ntsay-au-poste-de-premier-ministre#primaryimage"},"thumbnailUrl":"https:\/\/static.africa-press.net\/madagascar\/sites\/56\/2024\/01\/sm_1704439417.645019.jpg","datePublished":"2024-01-05T09:56:19+00:00","dateModified":"2024-01-05T11:56:11+00:00","author":{"@id":"https:\/\/www.africa-press.net\/madagascar\/#\/schema\/person\/2b1cf3cd81a31e3cd26889ca66d677f1"},"description":"Le Pre\u0301sident malgache Andry Rajoelina a de\u0301cide\u0301 de reconduire Christian Ntsay au poste de Premier Ministre pour son se ...","breadcrumb":{"@id":"https:\/\/www.africa-press.net\/madagascar\/politique\/andry-rajoelina-reconduit-christian-ntsay-au-poste-de-premier-ministre#breadcrumb"},"inLanguage":"fr-FR","potentialAction":[{"@type":"ReadAction","target":["https:\/\/www.africa-press.net\/madagascar\/politique\/andry-rajoelina-reconduit-christian-ntsay-au-poste-de-premier-ministre"]}]},{"@type":"ImageObject","inLanguage":"fr-FR","@id":"https:\/\/www.africa-press.net\/madagascar\/politique\/andry-rajoelina-reconduit-christian-ntsay-au-poste-de-premier-ministre#primaryimage","url":"https:\/\/static.africa-press.net\/madagascar\/sites\/56\/2024\/01\/sm_1704439417.645019.jpg","contentUrl":"https:\/\/static.africa-press.net\/madagascar\/sites\/56\/2024\/01\/sm_1704439417.645019.jpg","width":864,"height":486,"caption":"Andry Rajoelina reconduit Christian Ntsay au poste de Premier ministre"},{"@type":"BreadcrumbList","@id":"https:\/\/www.africa-press.net\/madagascar\/politique\/andry-rajoelina-reconduit-christian-ntsay-au-poste-de-premier-ministre#breadcrumb","itemListElement":[{"@type":"ListItem","position":1,"name":"Accueil","item":"https:\/\/www.africa-press.net\/madagascar\/"},{"@type":"ListItem","position":2,"name":"Andry Rajoelina reconduit Christian Ntsay au poste de Premier ministre"}]},{"@type":"WebSite","@id":"https:\/\/www.africa-press.net\/madagascar\/#website","url":"https:\/\/www.africa-press.net\/madagascar\/","name":"Madagascar","description":"Just another Africa News Agency Sites site","potentialAction":[{"@type":"SearchAction","target":{"@type":"EntryPoint","urlTemplate":"https:\/\/www.africa-press.net\/madagascar\/?s={search_term_string}"},"query-input":{"@type":"PropertyValueSpecification","valueRequired":true,"valueName":"search_term_string"}}],"inLanguage":"fr-FR"},{"@type":"Person","@id":"https:\/\/www.africa-press.net\/madagascar\/#\/schema\/person\/2b1cf3cd81a31e3cd26889ca66d677f1","name":"cfeditorfr"}]}},"_links":{"self":[{"href":"https:\/\/www.africa-press.net\/madagascar\/wp-json\/wp\/v2\/posts\/23624","targetHints":{"allow":["GET"]}}],"collection":[{"href":"https:\/\/www.africa-press.net\/madagascar\/wp-json\/wp\/v2\/posts"}],"about":[{"href":"https:\/\/www.africa-press.net\/madagascar\/wp-json\/wp\/v2\/types\/post"}],"author":[{"embeddable":true,"href":"https:\/\/www.africa-press.net\/madagascar\/wp-json\/wp\/v2\/users\/82"}],"replies":[{"embeddable":true,"href":"https:\/\/www.africa-press.net\/madagascar\/wp-json\/wp\/v2\/comments?post=23624"}],"version-history":[{"count":0,"href":"https:\/\/www.africa-press.net\/madagascar\/wp-json\/wp\/v2\/posts\/23624\/revisions"}],"wp:featuredmedia":[{"embeddable":true,"href":"https:\/\/www.africa-press.net\/madagascar\/wp-json\/wp\/v2\/media\/23623"}],"wp:attachment":[{"href":"https:\/\/www.africa-press.net\/madagascar\/wp-json\/wp\/v2\/media?parent=23624"}],"wp:term":[{"taxonomy":"category","embeddable":true,"href":"https:\/\/www.africa-press.net\/madagascar\/wp-json\/wp\/v2\/categories?post=23624"},{"taxonomy":"post_tag","embeddable":true,"href":"https:\/\/www.africa-press.net\/madagascar\/wp-json\/wp\/v2\/tags?post=23624"}],"curies":[{"name":"wp","href":"https:\/\/api.w.org\/{rel}","templated":true}]}}