{"id":23666,"date":"2024-01-05T16:53:41","date_gmt":"2024-01-05T16:53:41","guid":{"rendered":"https:\/\/www.africa-press.net\/madagascar\/politique\/exposition-la-terre-a-travers-les-regards-de-cinq-artistes"},"modified":"2024-01-05T19:01:55","modified_gmt":"2024-01-05T19:01:55","slug":"exposition-la-terre-a-travers-les-regards-de-cinq-artistes","status":"publish","type":"post","link":"https:\/\/www.africa-press.net\/madagascar\/culture-et-art\/exposition-la-terre-a-travers-les-regards-de-cinq-artistes","title":{"rendered":"EXPOSITION &#8211; La Terre \u00e0 travers les regards de cinq artistes"},"content":{"rendered":"<p><span style=\"color: #ff6600\"><strong>Africa-Press &#8211; Madagascar. <\/strong><\/span>L&rsquo;exposition qui s\u2019intitule \u00ab La nouvelle Terre \u00bb, mettant en vedette les \u0153uvres de cinq artistes, prendra place a\u0300 Hakanto Contemporary a\u0300 partir du 6 janvier et offrira une exploration artistique captivante jusqu&rsquo;au 20 avril.<\/p>\n<p>Hakanto Contemporary a\u0300 Ankadimbahoaka accueillera une exposition exceptionnelle intitule\u0301e \u00ab La nouvelle Terre \u00bb du 6 janvier au 20 avril, mettant en lumie\u0300re les \u0153uvres originales de cinq artistes talentueux qui sont Amir Juvara Andrianalitiana, alias Amir.J, Joe\u0308lle Aresoa, e\u0301galement dite Joey Aresoa, Aina Jo Harimanjato dit Jo Aina, Richianny Raherinjatovo ou Richianny Ratovo, et Mbolatiana Raoilison, alias Clipse Teean. Cette exposition explore le the\u0300me de la Terre, chaque artiste interpre\u0301tant le sujet de manie\u0300re personnelle et le pre\u0301sentant a\u0300 travers son art. \u00ab Les cinq jeunes artistes partagent leurs engagements et visions de cette \u00ab\u00a0Nouvelle Terre\u00a0\u00bb. Apre\u0300s des se\u0301ances de travail base\u0301es sur la re\u0301flexion et le partage, ils ont cre\u0301e\u0301 des installations originales spe\u0301cialement pour cette exposition, avec le soutien de l&rsquo;e\u0301quipe de Hakanto Contemporary. Cette communion artistique offre une opportunite\u0301 de repenser notre relation avec la Terre et contribue a\u0300 renforcer nos engagements envers notre patrie commune \u00bb, souligne Joe\u0308l Andrianomearisoa, commissaire de l&rsquo;exposition. Les \u0153uvres expose\u0301es e\u0301mergent du de\u0301sir d&rsquo;explorer artistiquement la the\u0301matique de l&rsquo;e\u0301cologie a\u0300 travers les quatre e\u0301le\u0301ments, avec la Terre en tant qu&rsquo;e\u0301le\u0301ment central. Elles incarnent e\u0301galement les initiatives de pre\u0301servation de la Terre en vue de construire un meilleur futur pour les ge\u0301ne\u0301rations a\u0300 venir.<\/p>\n<p>Chacun des artistes apporte une perspective unique a\u0300 l&rsquo;exposition. Amir.J pre\u0301sente une installation symbolique avec une plante, Katrafay, et des morceaux de charbon, exprimant une renaissance et une innocence a\u0300 travers un autoportrait. Joey Aresoa offre une repre\u0301sentation artistique de Mandritsara, la ville de son enfance, a\u0300 travers mille cent quarante bouteilles contenant trente huit types diffe\u0301rents de terre, de Mandritsara a\u0300 Anjeda, la terre de ses ance\u0302tres.<\/p>\n<p><b>Inspire\u0301 de leur ve\u0301cu<\/b><\/p>\n<p>Elle raconte ainsi son histoire a\u0300 travers trente-huit poe\u0300mes diffuse\u0301s en boucle lors de l\u2019exposition. Jo Aina de\u0301voile \u00ab\u00a0Makafoka\u00a0\u00bb, une exploration artistique de son espace intime, sa chambre et son chez-lui, ou\u0300 pour lui, la Terre est synonyme de vie quotidienne, d&rsquo;amitie\u0301s, et du feu repre\u0301sentant constamment son \u0153uvre. Richianny Ratovo pre\u0301sente \u00ab\u00a0Somambisamby\u00a0\u00bb a\u0300 travers des peintures sur verre et des sculptures, narratif du jour en pleine lune dit \u00ab somambisamby \u00bb. Clipse Teean, artiste pluridisciplinaire de street art, pre\u0301sente \u00ab\u00a0Izao\u00a0\u00bb a\u0300 travers des techniques mixtes et du pla\u0302tre.<\/p>\n<p><strong>Pour plus d&rsquo;informations et d&rsquo;analyses sur la <a href=\"https:\/\/www.africa-press.net\/madagascar\">Madagascar<\/a>, suivez <a href=\"https:\/\/www.africa-press.net\/\">Africa-Press<\/a><\/strong><\/p>\n","protected":false},"excerpt":{"rendered":"<p>Africa-Press &#8211; Madagascar. L&rsquo;exposition qui s\u2019intitule \u00ab La nouvelle Terre \u00bb, mettant en vedette les \u0153uvres de cinq artistes, prendra place a\u0300 Hakanto Contemporary a\u0300 partir du 6 janvier et offrira une exploration artistique captivante jusqu&rsquo;au 20 avril. Hakanto Contemporary a\u0300 Ankadimbahoaka accueillera une exposition exceptionnelle intitule\u0301e \u00ab La nouvelle Terre \u00bb du 6 janvier [&hellip;]<\/p>\n","protected":false},"author":82,"featured_media":23665,"comment_status":"open","ping_status":"closed","sticky":false,"template":"","format":"standard","meta":{"footnotes":""},"categories":[5,10],"tags":[36,50,49],"class_list":["post-23666","post","type-post","status-publish","format-standard","has-post-thumbnail","hentry","category-culture-et-art","category-toutes-les-actualites","tag-africa-press","tag-africa-press-madagascar","tag-madagascar"],"yoast_head":"<!-- This site is optimized with the Yoast SEO Premium plugin v26.1 (Yoast SEO v27.0) - https:\/\/yoast.com\/product\/yoast-seo-premium-wordpress\/ -->\n<title>EXPOSITION - La Terre \u00e0 travers les regards de cinq artistes - Madagascar<\/title>\n<meta name=\"description\" content=\"L&#039;exposition qui s\u2019intitule \u00ab La nouvelle Terre \u00bb, mettant en vedette les \u0153uvres de cinq artistes, prendra place a\u0300 Haka ...\" \/>\n<meta name=\"robots\" content=\"index, follow, max-snippet:-1, max-image-preview:large, max-video-preview:-1\" \/>\n<link rel=\"canonical\" href=\"https:\/\/www.africa-press.net\/madagascar\/culture-et-art\/exposition-la-terre-a-travers-les-regards-de-cinq-artistes\" \/>\n<meta property=\"og:locale\" content=\"fr_FR\" \/>\n<meta property=\"og:type\" content=\"article\" \/>\n<meta property=\"og:title\" content=\"EXPOSITION - La Terre \u00e0 travers les regards de cinq artistes\" \/>\n<meta property=\"og:description\" content=\"L&#039;exposition qui s\u2019intitule \u00ab La nouvelle Terre \u00bb, mettant en vedette les \u0153uvres de cinq artistes, prendra place a\u0300 Haka ...\" \/>\n<meta property=\"og:url\" content=\"https:\/\/www.africa-press.net\/madagascar\/culture-et-art\/exposition-la-terre-a-travers-les-regards-de-cinq-artistes\" \/>\n<meta property=\"og:site_name\" content=\"Madagascar\" \/>\n<meta property=\"article:published_time\" content=\"2024-01-05T16:53:41+00:00\" \/>\n<meta property=\"article:modified_time\" content=\"2024-01-05T19:01:55+00:00\" \/>\n<meta property=\"og:image\" content=\"https:\/\/static.africa-press.net\/madagascar\/sites\/56\/2024\/01\/sm_1704465058.911295.jpg\" \/>\n\t<meta property=\"og:image:width\" content=\"1041\" \/>\n\t<meta property=\"og:image:height\" content=\"637\" \/>\n\t<meta property=\"og:image:type\" content=\"image\/jpeg\" \/>\n<meta name=\"author\" content=\"cfeditorfr\" \/>\n<meta name=\"twitter:card\" content=\"summary_large_image\" \/>\n<meta name=\"twitter:label1\" content=\"\u00c9crit par\" \/>\n\t<meta name=\"twitter:data1\" content=\"cfeditorfr\" \/>\n\t<meta name=\"twitter:label2\" content=\"Dur\u00e9e de lecture estim\u00e9e\" \/>\n\t<meta name=\"twitter:data2\" content=\"2 minutes\" \/>\n<script type=\"application\/ld+json\" class=\"yoast-schema-graph\">{\"@context\":\"https:\/\/schema.org\",\"@graph\":[{\"@type\":\"Article\",\"@id\":\"https:\/\/www.africa-press.net\/madagascar\/culture-et-art\/exposition-la-terre-a-travers-les-regards-de-cinq-artistes#article\",\"isPartOf\":{\"@id\":\"https:\/\/www.africa-press.net\/madagascar\/culture-et-art\/exposition-la-terre-a-travers-les-regards-de-cinq-artistes\"},\"author\":{\"name\":\"cfeditorfr\",\"@id\":\"https:\/\/www.africa-press.net\/madagascar\/#\/schema\/person\/2b1cf3cd81a31e3cd26889ca66d677f1\"},\"headline\":\"EXPOSITION &#8211; La Terre \u00e0 travers les regards de cinq artistes\",\"datePublished\":\"2024-01-05T16:53:41+00:00\",\"dateModified\":\"2024-01-05T19:01:55+00:00\",\"mainEntityOfPage\":{\"@id\":\"https:\/\/www.africa-press.net\/madagascar\/culture-et-art\/exposition-la-terre-a-travers-les-regards-de-cinq-artistes\"},\"wordCount\":467,\"commentCount\":0,\"image\":{\"@id\":\"https:\/\/www.africa-press.net\/madagascar\/culture-et-art\/exposition-la-terre-a-travers-les-regards-de-cinq-artistes#primaryimage\"},\"thumbnailUrl\":\"https:\/\/static.africa-press.net\/madagascar\/sites\/56\/2024\/01\/sm_1704465058.911295.jpg\",\"keywords\":[\"Africa Press\",\"Africa Press-Madagascar\",\"Madagascar\"],\"articleSection\":[\"Culture et Art\",\"Toutes les actualit\u00e9s\"],\"inLanguage\":\"fr-FR\",\"potentialAction\":[{\"@type\":\"CommentAction\",\"name\":\"Comment\",\"target\":[\"https:\/\/www.africa-press.net\/madagascar\/culture-et-art\/exposition-la-terre-a-travers-les-regards-de-cinq-artistes#respond\"]}]},{\"@type\":\"WebPage\",\"@id\":\"https:\/\/www.africa-press.net\/madagascar\/culture-et-art\/exposition-la-terre-a-travers-les-regards-de-cinq-artistes\",\"url\":\"https:\/\/www.africa-press.net\/madagascar\/culture-et-art\/exposition-la-terre-a-travers-les-regards-de-cinq-artistes\",\"name\":\"EXPOSITION - La Terre \u00e0 travers les regards de cinq artistes - Madagascar\",\"isPartOf\":{\"@id\":\"https:\/\/www.africa-press.net\/madagascar\/#website\"},\"primaryImageOfPage\":{\"@id\":\"https:\/\/www.africa-press.net\/madagascar\/culture-et-art\/exposition-la-terre-a-travers-les-regards-de-cinq-artistes#primaryimage\"},\"image\":{\"@id\":\"https:\/\/www.africa-press.net\/madagascar\/culture-et-art\/exposition-la-terre-a-travers-les-regards-de-cinq-artistes#primaryimage\"},\"thumbnailUrl\":\"https:\/\/static.africa-press.net\/madagascar\/sites\/56\/2024\/01\/sm_1704465058.911295.jpg\",\"datePublished\":\"2024-01-05T16:53:41+00:00\",\"dateModified\":\"2024-01-05T19:01:55+00:00\",\"author\":{\"@id\":\"https:\/\/www.africa-press.net\/madagascar\/#\/schema\/person\/2b1cf3cd81a31e3cd26889ca66d677f1\"},\"description\":\"L'exposition qui s\u2019intitule \u00ab La nouvelle Terre \u00bb, mettant en vedette les \u0153uvres de cinq artistes, prendra place a\u0300 Haka ...\",\"breadcrumb\":{\"@id\":\"https:\/\/www.africa-press.net\/madagascar\/culture-et-art\/exposition-la-terre-a-travers-les-regards-de-cinq-artistes#breadcrumb\"},\"inLanguage\":\"fr-FR\",\"potentialAction\":[{\"@type\":\"ReadAction\",\"target\":[\"https:\/\/www.africa-press.net\/madagascar\/culture-et-art\/exposition-la-terre-a-travers-les-regards-de-cinq-artistes\"]}]},{\"@type\":\"ImageObject\",\"inLanguage\":\"fr-FR\",\"@id\":\"https:\/\/www.africa-press.net\/madagascar\/culture-et-art\/exposition-la-terre-a-travers-les-regards-de-cinq-artistes#primaryimage\",\"url\":\"https:\/\/static.africa-press.net\/madagascar\/sites\/56\/2024\/01\/sm_1704465058.911295.jpg\",\"contentUrl\":\"https:\/\/static.africa-press.net\/madagascar\/sites\/56\/2024\/01\/sm_1704465058.911295.jpg\",\"width\":1041,\"height\":637,\"caption\":\"EXPOSITION - La Terre \u00e0 travers les regards de cinq artistes\"},{\"@type\":\"BreadcrumbList\",\"@id\":\"https:\/\/www.africa-press.net\/madagascar\/culture-et-art\/exposition-la-terre-a-travers-les-regards-de-cinq-artistes#breadcrumb\",\"itemListElement\":[{\"@type\":\"ListItem\",\"position\":1,\"name\":\"Accueil\",\"item\":\"https:\/\/www.africa-press.net\/madagascar\/\"},{\"@type\":\"ListItem\",\"position\":2,\"name\":\"EXPOSITION &#8211; La Terre \u00e0 travers les regards de cinq artistes\"}]},{\"@type\":\"WebSite\",\"@id\":\"https:\/\/www.africa-press.net\/madagascar\/#website\",\"url\":\"https:\/\/www.africa-press.net\/madagascar\/\",\"name\":\"Madagascar\",\"description\":\"Just another Africa News Agency Sites site\",\"potentialAction\":[{\"@type\":\"SearchAction\",\"target\":{\"@type\":\"EntryPoint\",\"urlTemplate\":\"https:\/\/www.africa-press.net\/madagascar\/?s={search_term_string}\"},\"query-input\":{\"@type\":\"PropertyValueSpecification\",\"valueRequired\":true,\"valueName\":\"search_term_string\"}}],\"inLanguage\":\"fr-FR\"},{\"@type\":\"Person\",\"@id\":\"https:\/\/www.africa-press.net\/madagascar\/#\/schema\/person\/2b1cf3cd81a31e3cd26889ca66d677f1\",\"name\":\"cfeditorfr\"}]}<\/script>\n<!-- \/ Yoast SEO Premium plugin. -->","yoast_head_json":{"title":"EXPOSITION - La Terre \u00e0 travers les regards de cinq artistes - Madagascar","description":"L'exposition qui s\u2019intitule \u00ab La nouvelle Terre \u00bb, mettant en vedette les \u0153uvres de cinq artistes, prendra place a\u0300 Haka ...","robots":{"index":"index","follow":"follow","max-snippet":"max-snippet:-1","max-image-preview":"max-image-preview:large","max-video-preview":"max-video-preview:-1"},"canonical":"https:\/\/www.africa-press.net\/madagascar\/culture-et-art\/exposition-la-terre-a-travers-les-regards-de-cinq-artistes","og_locale":"fr_FR","og_type":"article","og_title":"EXPOSITION - La Terre \u00e0 travers les regards de cinq artistes","og_description":"L'exposition qui s\u2019intitule \u00ab La nouvelle Terre \u00bb, mettant en vedette les \u0153uvres de cinq artistes, prendra place a\u0300 Haka ...","og_url":"https:\/\/www.africa-press.net\/madagascar\/culture-et-art\/exposition-la-terre-a-travers-les-regards-de-cinq-artistes","og_site_name":"Madagascar","article_published_time":"2024-01-05T16:53:41+00:00","article_modified_time":"2024-01-05T19:01:55+00:00","og_image":[{"width":1041,"height":637,"url":"https:\/\/static.africa-press.net\/madagascar\/sites\/56\/2024\/01\/sm_1704465058.911295.jpg","type":"image\/jpeg"}],"author":"cfeditorfr","twitter_card":"summary_large_image","twitter_misc":{"\u00c9crit par":"cfeditorfr","Dur\u00e9e de lecture estim\u00e9e":"2 minutes"},"schema":{"@context":"https:\/\/schema.org","@graph":[{"@type":"Article","@id":"https:\/\/www.africa-press.net\/madagascar\/culture-et-art\/exposition-la-terre-a-travers-les-regards-de-cinq-artistes#article","isPartOf":{"@id":"https:\/\/www.africa-press.net\/madagascar\/culture-et-art\/exposition-la-terre-a-travers-les-regards-de-cinq-artistes"},"author":{"name":"cfeditorfr","@id":"https:\/\/www.africa-press.net\/madagascar\/#\/schema\/person\/2b1cf3cd81a31e3cd26889ca66d677f1"},"headline":"EXPOSITION &#8211; La Terre \u00e0 travers les regards de cinq artistes","datePublished":"2024-01-05T16:53:41+00:00","dateModified":"2024-01-05T19:01:55+00:00","mainEntityOfPage":{"@id":"https:\/\/www.africa-press.net\/madagascar\/culture-et-art\/exposition-la-terre-a-travers-les-regards-de-cinq-artistes"},"wordCount":467,"commentCount":0,"image":{"@id":"https:\/\/www.africa-press.net\/madagascar\/culture-et-art\/exposition-la-terre-a-travers-les-regards-de-cinq-artistes#primaryimage"},"thumbnailUrl":"https:\/\/static.africa-press.net\/madagascar\/sites\/56\/2024\/01\/sm_1704465058.911295.jpg","keywords":["Africa Press","Africa Press-Madagascar","Madagascar"],"articleSection":["Culture et Art","Toutes les actualit\u00e9s"],"inLanguage":"fr-FR","potentialAction":[{"@type":"CommentAction","name":"Comment","target":["https:\/\/www.africa-press.net\/madagascar\/culture-et-art\/exposition-la-terre-a-travers-les-regards-de-cinq-artistes#respond"]}]},{"@type":"WebPage","@id":"https:\/\/www.africa-press.net\/madagascar\/culture-et-art\/exposition-la-terre-a-travers-les-regards-de-cinq-artistes","url":"https:\/\/www.africa-press.net\/madagascar\/culture-et-art\/exposition-la-terre-a-travers-les-regards-de-cinq-artistes","name":"EXPOSITION - La Terre \u00e0 travers les regards de cinq artistes - Madagascar","isPartOf":{"@id":"https:\/\/www.africa-press.net\/madagascar\/#website"},"primaryImageOfPage":{"@id":"https:\/\/www.africa-press.net\/madagascar\/culture-et-art\/exposition-la-terre-a-travers-les-regards-de-cinq-artistes#primaryimage"},"image":{"@id":"https:\/\/www.africa-press.net\/madagascar\/culture-et-art\/exposition-la-terre-a-travers-les-regards-de-cinq-artistes#primaryimage"},"thumbnailUrl":"https:\/\/static.africa-press.net\/madagascar\/sites\/56\/2024\/01\/sm_1704465058.911295.jpg","datePublished":"2024-01-05T16:53:41+00:00","dateModified":"2024-01-05T19:01:55+00:00","author":{"@id":"https:\/\/www.africa-press.net\/madagascar\/#\/schema\/person\/2b1cf3cd81a31e3cd26889ca66d677f1"},"description":"L'exposition qui s\u2019intitule \u00ab La nouvelle Terre \u00bb, mettant en vedette les \u0153uvres de cinq artistes, prendra place a\u0300 Haka ...","breadcrumb":{"@id":"https:\/\/www.africa-press.net\/madagascar\/culture-et-art\/exposition-la-terre-a-travers-les-regards-de-cinq-artistes#breadcrumb"},"inLanguage":"fr-FR","potentialAction":[{"@type":"ReadAction","target":["https:\/\/www.africa-press.net\/madagascar\/culture-et-art\/exposition-la-terre-a-travers-les-regards-de-cinq-artistes"]}]},{"@type":"ImageObject","inLanguage":"fr-FR","@id":"https:\/\/www.africa-press.net\/madagascar\/culture-et-art\/exposition-la-terre-a-travers-les-regards-de-cinq-artistes#primaryimage","url":"https:\/\/static.africa-press.net\/madagascar\/sites\/56\/2024\/01\/sm_1704465058.911295.jpg","contentUrl":"https:\/\/static.africa-press.net\/madagascar\/sites\/56\/2024\/01\/sm_1704465058.911295.jpg","width":1041,"height":637,"caption":"EXPOSITION - La Terre \u00e0 travers les regards de cinq artistes"},{"@type":"BreadcrumbList","@id":"https:\/\/www.africa-press.net\/madagascar\/culture-et-art\/exposition-la-terre-a-travers-les-regards-de-cinq-artistes#breadcrumb","itemListElement":[{"@type":"ListItem","position":1,"name":"Accueil","item":"https:\/\/www.africa-press.net\/madagascar\/"},{"@type":"ListItem","position":2,"name":"EXPOSITION &#8211; La Terre \u00e0 travers les regards de cinq artistes"}]},{"@type":"WebSite","@id":"https:\/\/www.africa-press.net\/madagascar\/#website","url":"https:\/\/www.africa-press.net\/madagascar\/","name":"Madagascar","description":"Just another Africa News Agency Sites site","potentialAction":[{"@type":"SearchAction","target":{"@type":"EntryPoint","urlTemplate":"https:\/\/www.africa-press.net\/madagascar\/?s={search_term_string}"},"query-input":{"@type":"PropertyValueSpecification","valueRequired":true,"valueName":"search_term_string"}}],"inLanguage":"fr-FR"},{"@type":"Person","@id":"https:\/\/www.africa-press.net\/madagascar\/#\/schema\/person\/2b1cf3cd81a31e3cd26889ca66d677f1","name":"cfeditorfr"}]}},"_links":{"self":[{"href":"https:\/\/www.africa-press.net\/madagascar\/wp-json\/wp\/v2\/posts\/23666","targetHints":{"allow":["GET"]}}],"collection":[{"href":"https:\/\/www.africa-press.net\/madagascar\/wp-json\/wp\/v2\/posts"}],"about":[{"href":"https:\/\/www.africa-press.net\/madagascar\/wp-json\/wp\/v2\/types\/post"}],"author":[{"embeddable":true,"href":"https:\/\/www.africa-press.net\/madagascar\/wp-json\/wp\/v2\/users\/82"}],"replies":[{"embeddable":true,"href":"https:\/\/www.africa-press.net\/madagascar\/wp-json\/wp\/v2\/comments?post=23666"}],"version-history":[{"count":0,"href":"https:\/\/www.africa-press.net\/madagascar\/wp-json\/wp\/v2\/posts\/23666\/revisions"}],"wp:featuredmedia":[{"embeddable":true,"href":"https:\/\/www.africa-press.net\/madagascar\/wp-json\/wp\/v2\/media\/23665"}],"wp:attachment":[{"href":"https:\/\/www.africa-press.net\/madagascar\/wp-json\/wp\/v2\/media?parent=23666"}],"wp:term":[{"taxonomy":"category","embeddable":true,"href":"https:\/\/www.africa-press.net\/madagascar\/wp-json\/wp\/v2\/categories?post=23666"},{"taxonomy":"post_tag","embeddable":true,"href":"https:\/\/www.africa-press.net\/madagascar\/wp-json\/wp\/v2\/tags?post=23666"}],"curies":[{"name":"wp","href":"https:\/\/api.w.org\/{rel}","templated":true}]}}