{"id":23673,"date":"2024-01-05T17:00:51","date_gmt":"2024-01-05T17:00:51","guid":{"rendered":"https:\/\/www.africa-press.net\/madagascar\/politique\/afrobasket-2025-mmadi-mathias-manque-a-lappel-2"},"modified":"2024-01-05T19:03:28","modified_gmt":"2024-01-05T19:03:28","slug":"afrobasket-2025-mmadi-mathias-manque-a-lappel-2","status":"publish","type":"post","link":"https:\/\/www.africa-press.net\/madagascar\/sports\/afrobasket-2025-mmadi-mathias-manque-a-lappel-2","title":{"rendered":"AFROBASKET 2025 &#8211; M\u2019Madi Mathias manque \u00e0 l\u2019appel"},"content":{"rendered":"<p><span style=\"color: #ff6600\"><strong>Africa-Press &#8211; Madagascar. <\/strong><\/span>En marge de la pre\u0301-qualification a\u0300 l\u2019Afrobasket 2025 que Madagascar va he\u0301berger, du 15 au 19 janvier, les fans du jeune meneur malgache expatrie\u0301, M\u2019Madi Mathias qui est aux E\u0301tats-Unis, seront de\u0301c\u0327us. Il ne reviendra pas au pays, cette fois-ci, car il n\u2019a pas obtenu l\u2019autorisation de son club, de l\u2019Universite\u0301 du Comte\u0301 de Sewards.<\/p>\n<p>Selon un membre de la Fe\u0301de\u0301ration malgache du basketball, son club ne l\u2019a pas autorise\u0301 a\u0300 rejoindre la se\u0301lection nationale malgache, car il s\u2019est re\u0301tabli d\u2019une blessure au genou et son club veut le prote\u0301ger puisqu\u2019il figure parmi les piliers de son e\u0301quipe.<\/p>\n<p>Son absence n\u2019aura aucun impact sur la pre\u0301paration de l\u2019e\u0301quipe nationale malgache, qui est pre\u0301vue de\u0301buter ce jour, sauf changement de dernie\u0300re minute.<\/p>\n<p><strong>Pour plus d&rsquo;informations et d&rsquo;analyses sur la <a href=\"https:\/\/www.africa-press.net\/madagascar\">Madagascar<\/a>, suivez <a href=\"https:\/\/www.africa-press.net\/\">Africa-Press<\/a><\/strong><\/p>\n","protected":false},"excerpt":{"rendered":"<p>Africa-Press &#8211; Madagascar. En marge de la pre\u0301-qualification a\u0300 l\u2019Afrobasket 2025 que Madagascar va he\u0301berger, du 15 au 19 janvier, les fans du jeune meneur malgache expatrie\u0301, M\u2019Madi Mathias qui est aux E\u0301tats-Unis, seront de\u0301c\u0327us. Il ne reviendra pas au pays, cette fois-ci, car il n\u2019a pas obtenu l\u2019autorisation de son club, de l\u2019Universite\u0301 du [&hellip;]<\/p>\n","protected":false},"author":82,"featured_media":23672,"comment_status":"open","ping_status":"closed","sticky":false,"template":"","format":"standard","meta":{"footnotes":""},"categories":[6,10],"tags":[36,50,49],"class_list":["post-23673","post","type-post","status-publish","format-standard","has-post-thumbnail","hentry","category-sports","category-toutes-les-actualites","tag-africa-press","tag-africa-press-madagascar","tag-madagascar"],"yoast_head":"<!-- This site is optimized with the Yoast SEO Premium plugin v26.1 (Yoast SEO v27.0) - https:\/\/yoast.com\/product\/yoast-seo-premium-wordpress\/ -->\n<title>AFROBASKET 2025 - M\u2019Madi Mathias manque \u00e0 l\u2019appel - Madagascar<\/title>\n<meta name=\"description\" content=\"En marge de la pre\u0301-qualification a\u0300 l\u2019Afrobasket 2025 que Madagascar va he\u0301berger, du 15 au 19 janvier, les fans du jeu ...\" \/>\n<meta name=\"robots\" content=\"index, follow, max-snippet:-1, max-image-preview:large, max-video-preview:-1\" \/>\n<link rel=\"canonical\" href=\"https:\/\/www.africa-press.net\/madagascar\/sports\/afrobasket-2025-mmadi-mathias-manque-a-lappel-2\" \/>\n<meta property=\"og:locale\" content=\"fr_FR\" \/>\n<meta property=\"og:type\" content=\"article\" \/>\n<meta property=\"og:title\" content=\"AFROBASKET 2025 - M\u2019Madi Mathias manque \u00e0 l\u2019appel\" \/>\n<meta property=\"og:description\" content=\"En marge de la pre\u0301-qualification a\u0300 l\u2019Afrobasket 2025 que Madagascar va he\u0301berger, du 15 au 19 janvier, les fans du jeu ...\" \/>\n<meta property=\"og:url\" content=\"https:\/\/www.africa-press.net\/madagascar\/sports\/afrobasket-2025-mmadi-mathias-manque-a-lappel-2\" \/>\n<meta property=\"og:site_name\" content=\"Madagascar\" \/>\n<meta property=\"article:published_time\" content=\"2024-01-05T17:00:51+00:00\" \/>\n<meta property=\"article:modified_time\" content=\"2024-01-05T19:03:28+00:00\" \/>\n<meta property=\"og:image\" content=\"https:\/\/static.africa-press.net\/madagascar\/sites\/56\/2024\/01\/sm_1704465119.261235.jpg\" \/>\n\t<meta property=\"og:image:width\" content=\"1078\" \/>\n\t<meta property=\"og:image:height\" content=\"605\" \/>\n\t<meta property=\"og:image:type\" content=\"image\/jpeg\" \/>\n<meta name=\"author\" content=\"cfeditorfr\" \/>\n<meta name=\"twitter:card\" content=\"summary_large_image\" \/>\n<meta name=\"twitter:label1\" content=\"\u00c9crit par\" \/>\n\t<meta name=\"twitter:data1\" content=\"cfeditorfr\" \/>\n\t<meta name=\"twitter:label2\" content=\"Dur\u00e9e de lecture estim\u00e9e\" \/>\n\t<meta name=\"twitter:data2\" content=\"1 minute\" \/>\n<script type=\"application\/ld+json\" class=\"yoast-schema-graph\">{\"@context\":\"https:\/\/schema.org\",\"@graph\":[{\"@type\":\"Article\",\"@id\":\"https:\/\/www.africa-press.net\/madagascar\/sports\/afrobasket-2025-mmadi-mathias-manque-a-lappel-2#article\",\"isPartOf\":{\"@id\":\"https:\/\/www.africa-press.net\/madagascar\/sports\/afrobasket-2025-mmadi-mathias-manque-a-lappel-2\"},\"author\":{\"name\":\"cfeditorfr\",\"@id\":\"https:\/\/www.africa-press.net\/madagascar\/#\/schema\/person\/2b1cf3cd81a31e3cd26889ca66d677f1\"},\"headline\":\"AFROBASKET 2025 &#8211; M\u2019Madi Mathias manque \u00e0 l\u2019appel\",\"datePublished\":\"2024-01-05T17:00:51+00:00\",\"dateModified\":\"2024-01-05T19:03:28+00:00\",\"mainEntityOfPage\":{\"@id\":\"https:\/\/www.africa-press.net\/madagascar\/sports\/afrobasket-2025-mmadi-mathias-manque-a-lappel-2\"},\"wordCount\":168,\"commentCount\":0,\"image\":{\"@id\":\"https:\/\/www.africa-press.net\/madagascar\/sports\/afrobasket-2025-mmadi-mathias-manque-a-lappel-2#primaryimage\"},\"thumbnailUrl\":\"https:\/\/static.africa-press.net\/madagascar\/sites\/56\/2024\/01\/sm_1704465119.261235.jpg\",\"keywords\":[\"Africa Press\",\"Africa Press-Madagascar\",\"Madagascar\"],\"articleSection\":[\"Sports\",\"Toutes les actualit\u00e9s\"],\"inLanguage\":\"fr-FR\",\"potentialAction\":[{\"@type\":\"CommentAction\",\"name\":\"Comment\",\"target\":[\"https:\/\/www.africa-press.net\/madagascar\/sports\/afrobasket-2025-mmadi-mathias-manque-a-lappel-2#respond\"]}]},{\"@type\":\"WebPage\",\"@id\":\"https:\/\/www.africa-press.net\/madagascar\/sports\/afrobasket-2025-mmadi-mathias-manque-a-lappel-2\",\"url\":\"https:\/\/www.africa-press.net\/madagascar\/sports\/afrobasket-2025-mmadi-mathias-manque-a-lappel-2\",\"name\":\"AFROBASKET 2025 - M\u2019Madi Mathias manque \u00e0 l\u2019appel - Madagascar\",\"isPartOf\":{\"@id\":\"https:\/\/www.africa-press.net\/madagascar\/#website\"},\"primaryImageOfPage\":{\"@id\":\"https:\/\/www.africa-press.net\/madagascar\/sports\/afrobasket-2025-mmadi-mathias-manque-a-lappel-2#primaryimage\"},\"image\":{\"@id\":\"https:\/\/www.africa-press.net\/madagascar\/sports\/afrobasket-2025-mmadi-mathias-manque-a-lappel-2#primaryimage\"},\"thumbnailUrl\":\"https:\/\/static.africa-press.net\/madagascar\/sites\/56\/2024\/01\/sm_1704465119.261235.jpg\",\"datePublished\":\"2024-01-05T17:00:51+00:00\",\"dateModified\":\"2024-01-05T19:03:28+00:00\",\"author\":{\"@id\":\"https:\/\/www.africa-press.net\/madagascar\/#\/schema\/person\/2b1cf3cd81a31e3cd26889ca66d677f1\"},\"description\":\"En marge de la pre\u0301-qualification a\u0300 l\u2019Afrobasket 2025 que Madagascar va he\u0301berger, du 15 au 19 janvier, les fans du jeu ...\",\"breadcrumb\":{\"@id\":\"https:\/\/www.africa-press.net\/madagascar\/sports\/afrobasket-2025-mmadi-mathias-manque-a-lappel-2#breadcrumb\"},\"inLanguage\":\"fr-FR\",\"potentialAction\":[{\"@type\":\"ReadAction\",\"target\":[\"https:\/\/www.africa-press.net\/madagascar\/sports\/afrobasket-2025-mmadi-mathias-manque-a-lappel-2\"]}]},{\"@type\":\"ImageObject\",\"inLanguage\":\"fr-FR\",\"@id\":\"https:\/\/www.africa-press.net\/madagascar\/sports\/afrobasket-2025-mmadi-mathias-manque-a-lappel-2#primaryimage\",\"url\":\"https:\/\/static.africa-press.net\/madagascar\/sites\/56\/2024\/01\/sm_1704465119.261235.jpg\",\"contentUrl\":\"https:\/\/static.africa-press.net\/madagascar\/sites\/56\/2024\/01\/sm_1704465119.261235.jpg\",\"width\":1078,\"height\":605,\"caption\":\"AFROBASKET 2025 - M\u2019Madi Mathias manque \u00e0 l\u2019appel\"},{\"@type\":\"BreadcrumbList\",\"@id\":\"https:\/\/www.africa-press.net\/madagascar\/sports\/afrobasket-2025-mmadi-mathias-manque-a-lappel-2#breadcrumb\",\"itemListElement\":[{\"@type\":\"ListItem\",\"position\":1,\"name\":\"Accueil\",\"item\":\"https:\/\/www.africa-press.net\/madagascar\/\"},{\"@type\":\"ListItem\",\"position\":2,\"name\":\"AFROBASKET 2025 &#8211; M\u2019Madi Mathias manque \u00e0 l\u2019appel\"}]},{\"@type\":\"WebSite\",\"@id\":\"https:\/\/www.africa-press.net\/madagascar\/#website\",\"url\":\"https:\/\/www.africa-press.net\/madagascar\/\",\"name\":\"Madagascar\",\"description\":\"Just another Africa News Agency Sites site\",\"potentialAction\":[{\"@type\":\"SearchAction\",\"target\":{\"@type\":\"EntryPoint\",\"urlTemplate\":\"https:\/\/www.africa-press.net\/madagascar\/?s={search_term_string}\"},\"query-input\":{\"@type\":\"PropertyValueSpecification\",\"valueRequired\":true,\"valueName\":\"search_term_string\"}}],\"inLanguage\":\"fr-FR\"},{\"@type\":\"Person\",\"@id\":\"https:\/\/www.africa-press.net\/madagascar\/#\/schema\/person\/2b1cf3cd81a31e3cd26889ca66d677f1\",\"name\":\"cfeditorfr\"}]}<\/script>\n<!-- \/ Yoast SEO Premium plugin. -->","yoast_head_json":{"title":"AFROBASKET 2025 - M\u2019Madi Mathias manque \u00e0 l\u2019appel - Madagascar","description":"En marge de la pre\u0301-qualification a\u0300 l\u2019Afrobasket 2025 que Madagascar va he\u0301berger, du 15 au 19 janvier, les fans du jeu ...","robots":{"index":"index","follow":"follow","max-snippet":"max-snippet:-1","max-image-preview":"max-image-preview:large","max-video-preview":"max-video-preview:-1"},"canonical":"https:\/\/www.africa-press.net\/madagascar\/sports\/afrobasket-2025-mmadi-mathias-manque-a-lappel-2","og_locale":"fr_FR","og_type":"article","og_title":"AFROBASKET 2025 - M\u2019Madi Mathias manque \u00e0 l\u2019appel","og_description":"En marge de la pre\u0301-qualification a\u0300 l\u2019Afrobasket 2025 que Madagascar va he\u0301berger, du 15 au 19 janvier, les fans du jeu ...","og_url":"https:\/\/www.africa-press.net\/madagascar\/sports\/afrobasket-2025-mmadi-mathias-manque-a-lappel-2","og_site_name":"Madagascar","article_published_time":"2024-01-05T17:00:51+00:00","article_modified_time":"2024-01-05T19:03:28+00:00","og_image":[{"width":1078,"height":605,"url":"https:\/\/static.africa-press.net\/madagascar\/sites\/56\/2024\/01\/sm_1704465119.261235.jpg","type":"image\/jpeg"}],"author":"cfeditorfr","twitter_card":"summary_large_image","twitter_misc":{"\u00c9crit par":"cfeditorfr","Dur\u00e9e de lecture estim\u00e9e":"1 minute"},"schema":{"@context":"https:\/\/schema.org","@graph":[{"@type":"Article","@id":"https:\/\/www.africa-press.net\/madagascar\/sports\/afrobasket-2025-mmadi-mathias-manque-a-lappel-2#article","isPartOf":{"@id":"https:\/\/www.africa-press.net\/madagascar\/sports\/afrobasket-2025-mmadi-mathias-manque-a-lappel-2"},"author":{"name":"cfeditorfr","@id":"https:\/\/www.africa-press.net\/madagascar\/#\/schema\/person\/2b1cf3cd81a31e3cd26889ca66d677f1"},"headline":"AFROBASKET 2025 &#8211; M\u2019Madi Mathias manque \u00e0 l\u2019appel","datePublished":"2024-01-05T17:00:51+00:00","dateModified":"2024-01-05T19:03:28+00:00","mainEntityOfPage":{"@id":"https:\/\/www.africa-press.net\/madagascar\/sports\/afrobasket-2025-mmadi-mathias-manque-a-lappel-2"},"wordCount":168,"commentCount":0,"image":{"@id":"https:\/\/www.africa-press.net\/madagascar\/sports\/afrobasket-2025-mmadi-mathias-manque-a-lappel-2#primaryimage"},"thumbnailUrl":"https:\/\/static.africa-press.net\/madagascar\/sites\/56\/2024\/01\/sm_1704465119.261235.jpg","keywords":["Africa Press","Africa Press-Madagascar","Madagascar"],"articleSection":["Sports","Toutes les actualit\u00e9s"],"inLanguage":"fr-FR","potentialAction":[{"@type":"CommentAction","name":"Comment","target":["https:\/\/www.africa-press.net\/madagascar\/sports\/afrobasket-2025-mmadi-mathias-manque-a-lappel-2#respond"]}]},{"@type":"WebPage","@id":"https:\/\/www.africa-press.net\/madagascar\/sports\/afrobasket-2025-mmadi-mathias-manque-a-lappel-2","url":"https:\/\/www.africa-press.net\/madagascar\/sports\/afrobasket-2025-mmadi-mathias-manque-a-lappel-2","name":"AFROBASKET 2025 - M\u2019Madi Mathias manque \u00e0 l\u2019appel - Madagascar","isPartOf":{"@id":"https:\/\/www.africa-press.net\/madagascar\/#website"},"primaryImageOfPage":{"@id":"https:\/\/www.africa-press.net\/madagascar\/sports\/afrobasket-2025-mmadi-mathias-manque-a-lappel-2#primaryimage"},"image":{"@id":"https:\/\/www.africa-press.net\/madagascar\/sports\/afrobasket-2025-mmadi-mathias-manque-a-lappel-2#primaryimage"},"thumbnailUrl":"https:\/\/static.africa-press.net\/madagascar\/sites\/56\/2024\/01\/sm_1704465119.261235.jpg","datePublished":"2024-01-05T17:00:51+00:00","dateModified":"2024-01-05T19:03:28+00:00","author":{"@id":"https:\/\/www.africa-press.net\/madagascar\/#\/schema\/person\/2b1cf3cd81a31e3cd26889ca66d677f1"},"description":"En marge de la pre\u0301-qualification a\u0300 l\u2019Afrobasket 2025 que Madagascar va he\u0301berger, du 15 au 19 janvier, les fans du jeu ...","breadcrumb":{"@id":"https:\/\/www.africa-press.net\/madagascar\/sports\/afrobasket-2025-mmadi-mathias-manque-a-lappel-2#breadcrumb"},"inLanguage":"fr-FR","potentialAction":[{"@type":"ReadAction","target":["https:\/\/www.africa-press.net\/madagascar\/sports\/afrobasket-2025-mmadi-mathias-manque-a-lappel-2"]}]},{"@type":"ImageObject","inLanguage":"fr-FR","@id":"https:\/\/www.africa-press.net\/madagascar\/sports\/afrobasket-2025-mmadi-mathias-manque-a-lappel-2#primaryimage","url":"https:\/\/static.africa-press.net\/madagascar\/sites\/56\/2024\/01\/sm_1704465119.261235.jpg","contentUrl":"https:\/\/static.africa-press.net\/madagascar\/sites\/56\/2024\/01\/sm_1704465119.261235.jpg","width":1078,"height":605,"caption":"AFROBASKET 2025 - M\u2019Madi Mathias manque \u00e0 l\u2019appel"},{"@type":"BreadcrumbList","@id":"https:\/\/www.africa-press.net\/madagascar\/sports\/afrobasket-2025-mmadi-mathias-manque-a-lappel-2#breadcrumb","itemListElement":[{"@type":"ListItem","position":1,"name":"Accueil","item":"https:\/\/www.africa-press.net\/madagascar\/"},{"@type":"ListItem","position":2,"name":"AFROBASKET 2025 &#8211; M\u2019Madi Mathias manque \u00e0 l\u2019appel"}]},{"@type":"WebSite","@id":"https:\/\/www.africa-press.net\/madagascar\/#website","url":"https:\/\/www.africa-press.net\/madagascar\/","name":"Madagascar","description":"Just another Africa News Agency Sites site","potentialAction":[{"@type":"SearchAction","target":{"@type":"EntryPoint","urlTemplate":"https:\/\/www.africa-press.net\/madagascar\/?s={search_term_string}"},"query-input":{"@type":"PropertyValueSpecification","valueRequired":true,"valueName":"search_term_string"}}],"inLanguage":"fr-FR"},{"@type":"Person","@id":"https:\/\/www.africa-press.net\/madagascar\/#\/schema\/person\/2b1cf3cd81a31e3cd26889ca66d677f1","name":"cfeditorfr"}]}},"_links":{"self":[{"href":"https:\/\/www.africa-press.net\/madagascar\/wp-json\/wp\/v2\/posts\/23673","targetHints":{"allow":["GET"]}}],"collection":[{"href":"https:\/\/www.africa-press.net\/madagascar\/wp-json\/wp\/v2\/posts"}],"about":[{"href":"https:\/\/www.africa-press.net\/madagascar\/wp-json\/wp\/v2\/types\/post"}],"author":[{"embeddable":true,"href":"https:\/\/www.africa-press.net\/madagascar\/wp-json\/wp\/v2\/users\/82"}],"replies":[{"embeddable":true,"href":"https:\/\/www.africa-press.net\/madagascar\/wp-json\/wp\/v2\/comments?post=23673"}],"version-history":[{"count":0,"href":"https:\/\/www.africa-press.net\/madagascar\/wp-json\/wp\/v2\/posts\/23673\/revisions"}],"wp:featuredmedia":[{"embeddable":true,"href":"https:\/\/www.africa-press.net\/madagascar\/wp-json\/wp\/v2\/media\/23672"}],"wp:attachment":[{"href":"https:\/\/www.africa-press.net\/madagascar\/wp-json\/wp\/v2\/media?parent=23673"}],"wp:term":[{"taxonomy":"category","embeddable":true,"href":"https:\/\/www.africa-press.net\/madagascar\/wp-json\/wp\/v2\/categories?post=23673"},{"taxonomy":"post_tag","embeddable":true,"href":"https:\/\/www.africa-press.net\/madagascar\/wp-json\/wp\/v2\/tags?post=23673"}],"curies":[{"name":"wp","href":"https:\/\/api.w.org\/{rel}","templated":true}]}}