{"id":23680,"date":"2024-01-06T20:43:54","date_gmt":"2024-01-06T20:43:54","guid":{"rendered":"https:\/\/www.africa-press.net\/madagascar\/politique\/assemblee-nationale-elections-legislatives-anticipees-en-vue"},"modified":"2024-01-06T22:30:50","modified_gmt":"2024-01-06T22:30:50","slug":"assemblee-nationale-elections-legislatives-anticipees-en-vue","status":"publish","type":"post","link":"https:\/\/www.africa-press.net\/madagascar\/politique\/assemblee-nationale-elections-legislatives-anticipees-en-vue","title":{"rendered":"ASSEMBL\u00c9E NATIONALE &#8211; \u00c9lections l\u00e9gislatives anticip\u00e9es en vue"},"content":{"rendered":"<p><span style=\"color: #ff6600\"><strong>Africa-Press &#8211; Madagascar. <\/strong><\/span>L\u2019e\u0301lection des nouveaux parlementaires de la chambre basse est pre\u0301vue avant l\u2019expiration des pouvoirs de l\u2019assemble\u0301e nationale. Toutefois, la Ceni annonce ne pas vouloir organiser d\u2019e\u0301lections tant que la pe\u0301riode de pluie est en vigueur.<\/p>\n<p>Avant le mois de juin. C\u2019est la pre\u0301vision de la tenue des prochaines e\u0301lections le\u0301gislatives de la commission e\u0301lectorale nationale inde\u0301pendante. Une pe\u0301riode qui intervient un temps avant la fin du mandat des parlementaires de la chambre basse mais qui est tout a\u0300 fait logique selon Soava Andriamarotafika, rapporteur ge\u0301ne\u0301ral de la Ceni hier : \u00abIl est plus pratique de proce\u0301der aux le\u0301gislatives avant que le mandat des de\u0301pute\u0301s ne se termine afin d\u2019e\u0301viter les pole\u0301miques sur le fait de l\u2019effectivite\u0301 des parlementaires hors mandat\u00bb, explique t-il. Ne\u0301anmoins, aucune date n\u2019est fixe\u0301e jusqu\u2019a\u0300 pre\u0301sent mais l\u2019organe de pre\u0301paration des e\u0301lections se dispose d\u2019ores et de\u0301ja\u0300 a\u0300 cette e\u0301che\u0301ance strate\u0301gique pour la suite du second mandat du Pre\u0301sident Andry Rajoelina.<\/p>\n<p>Lors de son annonce de la reconduction de Christian Ntsay au poste de premier ministre jeudi soir au palais d\u2019Iavoloha, le pre\u0301sident de la re\u0301publique a soutenu l\u2019importance des prochaines le\u0301gislatives dans l\u2019optique de la constitution d\u2019une nouvelle majorite\u0301 a\u0300 l\u2019assemble\u0301e nationale et sur le fait qu\u2019a\u0300 ce moment, \u00abnous aurons une personne pre\u0302te a\u0300 me\u0302me de conduire les re\u0301formes et les visions pose\u0301es.\u00bb<\/p>\n<p><b>E\u0301lection anticipe\u0301e<\/b><\/p>\n<p>Les e\u0301lections le\u0301gislatives et l\u2019obtention de cette nouvelle majorite\u0301 conditionnent donc l\u2019avenir du de\u0301sormais \u00ab nouveau \u00bb premier ministre et de sa future e\u0301quipe. Effectivement, la pratique re\u0301publicaine veut que Christian Ntsay de\u0301pose une nouvelle fois sa de\u0301mission a\u0300 l\u2019issu de cette e\u0301lection.<\/p>\n<p>Selon l\u2019article 3 aline\u0301a premier de la loi organique 2018-010 re\u0301gissant l\u2019e\u0301lection des de\u0301pute\u0301s a\u0300 l\u2019assemble\u0301e nationale, \u00ab en dehors du cas de dissolution de l\u2019assemble\u0301e nationale pre\u0301vue et re\u0301gie par la constitution, l\u2019e\u0301lection pour le renouvellement ge\u0301ne\u0301ral des membres de l\u2019assemble\u0301e nationale a lieu dans les quarante jours qui pre\u0301ce\u0300dent l\u2019expiration des pouvoirs de l\u2019assemble\u0301e nationale \u00bb. Ce qui signifie que le fait que les e\u0301lections le\u0301gislatives se tiennent avant la fin du mandat des de\u0301pute\u0301s est pre\u0301vu par la loi et qu\u2019il ne s\u2019agit nullement d\u2019e\u0301lections anticipe\u0301es.<\/p>\n<p>C\u2019est aussi ce que soutien Soava Andriamarotafika en de\u0301clarant que \u00ab la tenue des e\u0301lections le\u0301gislatives avant la fin du mandat des de\u0301pute\u0301s ne signifie pas que ce sont des e\u0301lections anticipe\u0301es puisque ce genre de scrutin n\u2019intervient que par les conditions pre\u0301vues par la loi comme la dissolution de l\u2019assemble\u0301e nationale. Cependant, aucune e\u0301lection n\u2019est pre\u0301vue avant que la pe\u0301riode de pluie ne se termine\u00bb, poursuivit le rapporteur ge\u0301ne\u0301ral de la Ceni hier. La question qui re\u0301side est donc de savoir si le scrutin va intervenir avant la premie\u0300re session ordinaire de cette anne\u0301e, qui est pre\u0301vue le premier mardi de mai selon la constitution ou apre\u0300s. Christian Ntsay et consorts auront donc bel et bien quelques mois avant une e\u0301ventuelle de\u0301mission apre\u0300s quoi, les cartes seront redistribue\u0301es si on s\u2019en tient aux dires du pre\u0301sident de la re\u0301publique jeudi dernier a\u0300 Iavoloha.<\/p>\n<p>De son co\u0302te\u0301, l\u2019opposition commence de\u0301ja\u0300 aussi a\u0300 pre\u0301parer le terrain pour les prochaines le\u0301gislatives. Si la plupart des partis de l\u2019opposition restent jusqu\u2019a\u0300 pre\u0301sent silencieux quant a\u0300 leur volonte\u0301 de participer aux e\u0301lections communales et le\u0301gislatives, certains de\u0301montrent de\u0300s maintenant qu\u2019ils sont pre\u0302ts a\u0300 en de\u0301coudre apre\u0300s la de\u0301ba\u0302cle des dernie\u0300res pre\u0301sidentielles. Le parti \u00abTiako I Madagasikara\u00bb de l\u2019ancien pre\u0301sident Marc Ravalomanana est un des premiers a\u0300 afficher ses ambitions a\u0300 participer aux prochaines e\u0301che\u0301ances e\u0301lectorales. Le \u00abHery vaovao ho an\u2019i Madagasikara\u00bb a aussi montre\u0301 sa volonte\u0301 de briguer les prochaines e\u0301lections. Or, cette intention est assortie de revendications assez similaires aux revendications du collectif des candidats du temps des pre\u0301sidentielles.<\/p>\n<p><b>E\u0301lection communale<\/b><\/p>\n<p>Malgre\u0301 l\u2019e\u0301che\u0301ance des mandats municipaux arrivant a\u0300 terme ce mois ci, la commission e\u0301lectorale nationale inde\u0301pendante (Ceni) annonce par le biais de son rapporteur ge\u0301ne\u0301ral, Soava Andriamarotafika qu\u2019aucune e\u0301lection ne se fera en pe\u0301riode de pluie. Du co\u0302te\u0301 de l\u2019action exe\u0301cutive, pour ce qui succe\u0300dera la date de fin de mandat des maires, celui-ci annonce que c\u2019est aux gouvernants de de\u0301cider entre, nommer des pre\u0301sidents de de\u0301le\u0301gations spe\u0301ciales ou bien prolonger de quelques mois le mandat des maires.<\/p>\n<p><strong>Pour plus d&rsquo;informations et d&rsquo;analyses sur la <a href=\"https:\/\/www.africa-press.net\/madagascar\">Madagascar<\/a>, suivez <a href=\"https:\/\/www.africa-press.net\/\">Africa-Press<\/a><\/strong><\/p>\n","protected":false},"excerpt":{"rendered":"<p>Africa-Press &#8211; Madagascar. L\u2019e\u0301lection des nouveaux parlementaires de la chambre basse est pre\u0301vue avant l\u2019expiration des pouvoirs de l\u2019assemble\u0301e nationale. Toutefois, la Ceni annonce ne pas vouloir organiser d\u2019e\u0301lections tant que la pe\u0301riode de pluie est en vigueur. Avant le mois de juin. C\u2019est la pre\u0301vision de la tenue des prochaines e\u0301lections le\u0301gislatives de la [&hellip;]<\/p>\n","protected":false},"author":82,"featured_media":23679,"comment_status":"open","ping_status":"closed","sticky":false,"template":"","format":"standard","meta":{"footnotes":""},"categories":[2,20,10],"tags":[36,50,49],"class_list":["post-23680","post","type-post","status-publish","format-standard","has-post-thumbnail","hentry","category-politique","category-top-nouvelles","category-toutes-les-actualites","tag-africa-press","tag-africa-press-madagascar","tag-madagascar"],"yoast_head":"<!-- This site is optimized with the Yoast SEO Premium plugin v26.1 (Yoast SEO v27.0) - https:\/\/yoast.com\/product\/yoast-seo-premium-wordpress\/ -->\n<title>ASSEMBL\u00c9E NATIONALE - \u00c9lections l\u00e9gislatives anticip\u00e9es en vue - Madagascar<\/title>\n<meta name=\"description\" content=\"L\u2019e\u0301lection des nouveaux parlementaires de la chambre basse est pre\u0301vue avant l\u2019expiration des pouvoirs de l\u2019assemble\u0301e ...\" \/>\n<meta name=\"robots\" content=\"index, follow, max-snippet:-1, max-image-preview:large, max-video-preview:-1\" \/>\n<link rel=\"canonical\" href=\"https:\/\/www.africa-press.net\/madagascar\/politique\/assemblee-nationale-elections-legislatives-anticipees-en-vue\" \/>\n<meta property=\"og:locale\" content=\"fr_FR\" \/>\n<meta property=\"og:type\" content=\"article\" \/>\n<meta property=\"og:title\" content=\"ASSEMBL\u00c9E NATIONALE - \u00c9lections l\u00e9gislatives anticip\u00e9es en vue\" \/>\n<meta property=\"og:description\" content=\"L\u2019e\u0301lection des nouveaux parlementaires de la chambre basse est pre\u0301vue avant l\u2019expiration des pouvoirs de l\u2019assemble\u0301e ...\" \/>\n<meta property=\"og:url\" content=\"https:\/\/www.africa-press.net\/madagascar\/politique\/assemblee-nationale-elections-legislatives-anticipees-en-vue\" \/>\n<meta property=\"og:site_name\" content=\"Madagascar\" \/>\n<meta property=\"article:published_time\" content=\"2024-01-06T20:43:54+00:00\" \/>\n<meta property=\"article:modified_time\" content=\"2024-01-06T22:30:50+00:00\" \/>\n<meta property=\"og:image\" content=\"https:\/\/static.africa-press.net\/madagascar\/sites\/56\/2024\/01\/sm_1704563947.97522.jpg\" \/>\n\t<meta property=\"og:image:width\" content=\"997\" \/>\n\t<meta property=\"og:image:height\" content=\"638\" \/>\n\t<meta property=\"og:image:type\" content=\"image\/jpeg\" \/>\n<meta name=\"author\" content=\"cfeditorfr\" \/>\n<meta name=\"twitter:card\" content=\"summary_large_image\" \/>\n<meta name=\"twitter:label1\" content=\"\u00c9crit par\" \/>\n\t<meta name=\"twitter:data1\" content=\"cfeditorfr\" \/>\n\t<meta name=\"twitter:label2\" content=\"Dur\u00e9e de lecture estim\u00e9e\" \/>\n\t<meta name=\"twitter:data2\" content=\"4 minutes\" \/>\n<script type=\"application\/ld+json\" class=\"yoast-schema-graph\">{\"@context\":\"https:\/\/schema.org\",\"@graph\":[{\"@type\":\"Article\",\"@id\":\"https:\/\/www.africa-press.net\/madagascar\/politique\/assemblee-nationale-elections-legislatives-anticipees-en-vue#article\",\"isPartOf\":{\"@id\":\"https:\/\/www.africa-press.net\/madagascar\/politique\/assemblee-nationale-elections-legislatives-anticipees-en-vue\"},\"author\":{\"name\":\"cfeditorfr\",\"@id\":\"https:\/\/www.africa-press.net\/madagascar\/#\/schema\/person\/2b1cf3cd81a31e3cd26889ca66d677f1\"},\"headline\":\"ASSEMBL\u00c9E NATIONALE &#8211; \u00c9lections l\u00e9gislatives anticip\u00e9es en vue\",\"datePublished\":\"2024-01-06T20:43:54+00:00\",\"dateModified\":\"2024-01-06T22:30:50+00:00\",\"mainEntityOfPage\":{\"@id\":\"https:\/\/www.africa-press.net\/madagascar\/politique\/assemblee-nationale-elections-legislatives-anticipees-en-vue\"},\"wordCount\":887,\"commentCount\":0,\"image\":{\"@id\":\"https:\/\/www.africa-press.net\/madagascar\/politique\/assemblee-nationale-elections-legislatives-anticipees-en-vue#primaryimage\"},\"thumbnailUrl\":\"https:\/\/static.africa-press.net\/madagascar\/sites\/56\/2024\/01\/sm_1704563947.97522.jpg\",\"keywords\":[\"Africa Press\",\"Africa Press-Madagascar\",\"Madagascar\"],\"articleSection\":[\"Politique\",\"Top Nouvelles\",\"Toutes les actualit\u00e9s\"],\"inLanguage\":\"fr-FR\",\"potentialAction\":[{\"@type\":\"CommentAction\",\"name\":\"Comment\",\"target\":[\"https:\/\/www.africa-press.net\/madagascar\/politique\/assemblee-nationale-elections-legislatives-anticipees-en-vue#respond\"]}]},{\"@type\":\"WebPage\",\"@id\":\"https:\/\/www.africa-press.net\/madagascar\/politique\/assemblee-nationale-elections-legislatives-anticipees-en-vue\",\"url\":\"https:\/\/www.africa-press.net\/madagascar\/politique\/assemblee-nationale-elections-legislatives-anticipees-en-vue\",\"name\":\"ASSEMBL\u00c9E NATIONALE - \u00c9lections l\u00e9gislatives anticip\u00e9es en vue - Madagascar\",\"isPartOf\":{\"@id\":\"https:\/\/www.africa-press.net\/madagascar\/#website\"},\"primaryImageOfPage\":{\"@id\":\"https:\/\/www.africa-press.net\/madagascar\/politique\/assemblee-nationale-elections-legislatives-anticipees-en-vue#primaryimage\"},\"image\":{\"@id\":\"https:\/\/www.africa-press.net\/madagascar\/politique\/assemblee-nationale-elections-legislatives-anticipees-en-vue#primaryimage\"},\"thumbnailUrl\":\"https:\/\/static.africa-press.net\/madagascar\/sites\/56\/2024\/01\/sm_1704563947.97522.jpg\",\"datePublished\":\"2024-01-06T20:43:54+00:00\",\"dateModified\":\"2024-01-06T22:30:50+00:00\",\"author\":{\"@id\":\"https:\/\/www.africa-press.net\/madagascar\/#\/schema\/person\/2b1cf3cd81a31e3cd26889ca66d677f1\"},\"description\":\"L\u2019e\u0301lection des nouveaux parlementaires de la chambre basse est pre\u0301vue avant l\u2019expiration des pouvoirs de l\u2019assemble\u0301e ...\",\"breadcrumb\":{\"@id\":\"https:\/\/www.africa-press.net\/madagascar\/politique\/assemblee-nationale-elections-legislatives-anticipees-en-vue#breadcrumb\"},\"inLanguage\":\"fr-FR\",\"potentialAction\":[{\"@type\":\"ReadAction\",\"target\":[\"https:\/\/www.africa-press.net\/madagascar\/politique\/assemblee-nationale-elections-legislatives-anticipees-en-vue\"]}]},{\"@type\":\"ImageObject\",\"inLanguage\":\"fr-FR\",\"@id\":\"https:\/\/www.africa-press.net\/madagascar\/politique\/assemblee-nationale-elections-legislatives-anticipees-en-vue#primaryimage\",\"url\":\"https:\/\/static.africa-press.net\/madagascar\/sites\/56\/2024\/01\/sm_1704563947.97522.jpg\",\"contentUrl\":\"https:\/\/static.africa-press.net\/madagascar\/sites\/56\/2024\/01\/sm_1704563947.97522.jpg\",\"width\":997,\"height\":638,\"caption\":\"ASSEMBL\u00c9E NATIONALE - \u00c9lections l\u00e9gislatives anticip\u00e9es en vue\"},{\"@type\":\"BreadcrumbList\",\"@id\":\"https:\/\/www.africa-press.net\/madagascar\/politique\/assemblee-nationale-elections-legislatives-anticipees-en-vue#breadcrumb\",\"itemListElement\":[{\"@type\":\"ListItem\",\"position\":1,\"name\":\"Accueil\",\"item\":\"https:\/\/www.africa-press.net\/madagascar\/\"},{\"@type\":\"ListItem\",\"position\":2,\"name\":\"ASSEMBL\u00c9E NATIONALE &#8211; \u00c9lections l\u00e9gislatives anticip\u00e9es en vue\"}]},{\"@type\":\"WebSite\",\"@id\":\"https:\/\/www.africa-press.net\/madagascar\/#website\",\"url\":\"https:\/\/www.africa-press.net\/madagascar\/\",\"name\":\"Madagascar\",\"description\":\"Just another Africa News Agency Sites site\",\"potentialAction\":[{\"@type\":\"SearchAction\",\"target\":{\"@type\":\"EntryPoint\",\"urlTemplate\":\"https:\/\/www.africa-press.net\/madagascar\/?s={search_term_string}\"},\"query-input\":{\"@type\":\"PropertyValueSpecification\",\"valueRequired\":true,\"valueName\":\"search_term_string\"}}],\"inLanguage\":\"fr-FR\"},{\"@type\":\"Person\",\"@id\":\"https:\/\/www.africa-press.net\/madagascar\/#\/schema\/person\/2b1cf3cd81a31e3cd26889ca66d677f1\",\"name\":\"cfeditorfr\"}]}<\/script>\n<!-- \/ Yoast SEO Premium plugin. -->","yoast_head_json":{"title":"ASSEMBL\u00c9E NATIONALE - \u00c9lections l\u00e9gislatives anticip\u00e9es en vue - Madagascar","description":"L\u2019e\u0301lection des nouveaux parlementaires de la chambre basse est pre\u0301vue avant l\u2019expiration des pouvoirs de l\u2019assemble\u0301e ...","robots":{"index":"index","follow":"follow","max-snippet":"max-snippet:-1","max-image-preview":"max-image-preview:large","max-video-preview":"max-video-preview:-1"},"canonical":"https:\/\/www.africa-press.net\/madagascar\/politique\/assemblee-nationale-elections-legislatives-anticipees-en-vue","og_locale":"fr_FR","og_type":"article","og_title":"ASSEMBL\u00c9E NATIONALE - \u00c9lections l\u00e9gislatives anticip\u00e9es en vue","og_description":"L\u2019e\u0301lection des nouveaux parlementaires de la chambre basse est pre\u0301vue avant l\u2019expiration des pouvoirs de l\u2019assemble\u0301e ...","og_url":"https:\/\/www.africa-press.net\/madagascar\/politique\/assemblee-nationale-elections-legislatives-anticipees-en-vue","og_site_name":"Madagascar","article_published_time":"2024-01-06T20:43:54+00:00","article_modified_time":"2024-01-06T22:30:50+00:00","og_image":[{"width":997,"height":638,"url":"https:\/\/static.africa-press.net\/madagascar\/sites\/56\/2024\/01\/sm_1704563947.97522.jpg","type":"image\/jpeg"}],"author":"cfeditorfr","twitter_card":"summary_large_image","twitter_misc":{"\u00c9crit par":"cfeditorfr","Dur\u00e9e de lecture estim\u00e9e":"4 minutes"},"schema":{"@context":"https:\/\/schema.org","@graph":[{"@type":"Article","@id":"https:\/\/www.africa-press.net\/madagascar\/politique\/assemblee-nationale-elections-legislatives-anticipees-en-vue#article","isPartOf":{"@id":"https:\/\/www.africa-press.net\/madagascar\/politique\/assemblee-nationale-elections-legislatives-anticipees-en-vue"},"author":{"name":"cfeditorfr","@id":"https:\/\/www.africa-press.net\/madagascar\/#\/schema\/person\/2b1cf3cd81a31e3cd26889ca66d677f1"},"headline":"ASSEMBL\u00c9E NATIONALE &#8211; \u00c9lections l\u00e9gislatives anticip\u00e9es en vue","datePublished":"2024-01-06T20:43:54+00:00","dateModified":"2024-01-06T22:30:50+00:00","mainEntityOfPage":{"@id":"https:\/\/www.africa-press.net\/madagascar\/politique\/assemblee-nationale-elections-legislatives-anticipees-en-vue"},"wordCount":887,"commentCount":0,"image":{"@id":"https:\/\/www.africa-press.net\/madagascar\/politique\/assemblee-nationale-elections-legislatives-anticipees-en-vue#primaryimage"},"thumbnailUrl":"https:\/\/static.africa-press.net\/madagascar\/sites\/56\/2024\/01\/sm_1704563947.97522.jpg","keywords":["Africa Press","Africa Press-Madagascar","Madagascar"],"articleSection":["Politique","Top Nouvelles","Toutes les actualit\u00e9s"],"inLanguage":"fr-FR","potentialAction":[{"@type":"CommentAction","name":"Comment","target":["https:\/\/www.africa-press.net\/madagascar\/politique\/assemblee-nationale-elections-legislatives-anticipees-en-vue#respond"]}]},{"@type":"WebPage","@id":"https:\/\/www.africa-press.net\/madagascar\/politique\/assemblee-nationale-elections-legislatives-anticipees-en-vue","url":"https:\/\/www.africa-press.net\/madagascar\/politique\/assemblee-nationale-elections-legislatives-anticipees-en-vue","name":"ASSEMBL\u00c9E NATIONALE - \u00c9lections l\u00e9gislatives anticip\u00e9es en vue - Madagascar","isPartOf":{"@id":"https:\/\/www.africa-press.net\/madagascar\/#website"},"primaryImageOfPage":{"@id":"https:\/\/www.africa-press.net\/madagascar\/politique\/assemblee-nationale-elections-legislatives-anticipees-en-vue#primaryimage"},"image":{"@id":"https:\/\/www.africa-press.net\/madagascar\/politique\/assemblee-nationale-elections-legislatives-anticipees-en-vue#primaryimage"},"thumbnailUrl":"https:\/\/static.africa-press.net\/madagascar\/sites\/56\/2024\/01\/sm_1704563947.97522.jpg","datePublished":"2024-01-06T20:43:54+00:00","dateModified":"2024-01-06T22:30:50+00:00","author":{"@id":"https:\/\/www.africa-press.net\/madagascar\/#\/schema\/person\/2b1cf3cd81a31e3cd26889ca66d677f1"},"description":"L\u2019e\u0301lection des nouveaux parlementaires de la chambre basse est pre\u0301vue avant l\u2019expiration des pouvoirs de l\u2019assemble\u0301e ...","breadcrumb":{"@id":"https:\/\/www.africa-press.net\/madagascar\/politique\/assemblee-nationale-elections-legislatives-anticipees-en-vue#breadcrumb"},"inLanguage":"fr-FR","potentialAction":[{"@type":"ReadAction","target":["https:\/\/www.africa-press.net\/madagascar\/politique\/assemblee-nationale-elections-legislatives-anticipees-en-vue"]}]},{"@type":"ImageObject","inLanguage":"fr-FR","@id":"https:\/\/www.africa-press.net\/madagascar\/politique\/assemblee-nationale-elections-legislatives-anticipees-en-vue#primaryimage","url":"https:\/\/static.africa-press.net\/madagascar\/sites\/56\/2024\/01\/sm_1704563947.97522.jpg","contentUrl":"https:\/\/static.africa-press.net\/madagascar\/sites\/56\/2024\/01\/sm_1704563947.97522.jpg","width":997,"height":638,"caption":"ASSEMBL\u00c9E NATIONALE - \u00c9lections l\u00e9gislatives anticip\u00e9es en vue"},{"@type":"BreadcrumbList","@id":"https:\/\/www.africa-press.net\/madagascar\/politique\/assemblee-nationale-elections-legislatives-anticipees-en-vue#breadcrumb","itemListElement":[{"@type":"ListItem","position":1,"name":"Accueil","item":"https:\/\/www.africa-press.net\/madagascar\/"},{"@type":"ListItem","position":2,"name":"ASSEMBL\u00c9E NATIONALE &#8211; \u00c9lections l\u00e9gislatives anticip\u00e9es en vue"}]},{"@type":"WebSite","@id":"https:\/\/www.africa-press.net\/madagascar\/#website","url":"https:\/\/www.africa-press.net\/madagascar\/","name":"Madagascar","description":"Just another Africa News Agency Sites site","potentialAction":[{"@type":"SearchAction","target":{"@type":"EntryPoint","urlTemplate":"https:\/\/www.africa-press.net\/madagascar\/?s={search_term_string}"},"query-input":{"@type":"PropertyValueSpecification","valueRequired":true,"valueName":"search_term_string"}}],"inLanguage":"fr-FR"},{"@type":"Person","@id":"https:\/\/www.africa-press.net\/madagascar\/#\/schema\/person\/2b1cf3cd81a31e3cd26889ca66d677f1","name":"cfeditorfr"}]}},"_links":{"self":[{"href":"https:\/\/www.africa-press.net\/madagascar\/wp-json\/wp\/v2\/posts\/23680","targetHints":{"allow":["GET"]}}],"collection":[{"href":"https:\/\/www.africa-press.net\/madagascar\/wp-json\/wp\/v2\/posts"}],"about":[{"href":"https:\/\/www.africa-press.net\/madagascar\/wp-json\/wp\/v2\/types\/post"}],"author":[{"embeddable":true,"href":"https:\/\/www.africa-press.net\/madagascar\/wp-json\/wp\/v2\/users\/82"}],"replies":[{"embeddable":true,"href":"https:\/\/www.africa-press.net\/madagascar\/wp-json\/wp\/v2\/comments?post=23680"}],"version-history":[{"count":0,"href":"https:\/\/www.africa-press.net\/madagascar\/wp-json\/wp\/v2\/posts\/23680\/revisions"}],"wp:featuredmedia":[{"embeddable":true,"href":"https:\/\/www.africa-press.net\/madagascar\/wp-json\/wp\/v2\/media\/23679"}],"wp:attachment":[{"href":"https:\/\/www.africa-press.net\/madagascar\/wp-json\/wp\/v2\/media?parent=23680"}],"wp:term":[{"taxonomy":"category","embeddable":true,"href":"https:\/\/www.africa-press.net\/madagascar\/wp-json\/wp\/v2\/categories?post=23680"},{"taxonomy":"post_tag","embeddable":true,"href":"https:\/\/www.africa-press.net\/madagascar\/wp-json\/wp\/v2\/tags?post=23680"}],"curies":[{"name":"wp","href":"https:\/\/api.w.org\/{rel}","templated":true}]}}