{"id":23732,"date":"2024-01-08T20:57:14","date_gmt":"2024-01-08T20:57:14","guid":{"rendered":"https:\/\/www.africa-press.net\/madagascar\/politique\/formation-du-gouvernement-les-tractations-sactivent-en-coulisses"},"modified":"2024-01-08T23:35:07","modified_gmt":"2024-01-08T23:35:07","slug":"formation-du-gouvernement-les-tractations-sactivent-en-coulisses","status":"publish","type":"post","link":"https:\/\/www.africa-press.net\/madagascar\/politique\/formation-du-gouvernement-les-tractations-sactivent-en-coulisses","title":{"rendered":"FORMATION DU GOUVERNEMENT &#8211; Les tractations s\u2019activent en coulisses"},"content":{"rendered":"<p><span style=\"color: #ff6600\"><strong>Africa-Press &#8211; Madagascar. <\/strong><\/span>Apre\u0300s la nomination du Premier ministre, c\u2019est la composition du gouvernement qui tient en haleine l\u2019opinion. La date de pre\u0301sentation de la nouvelle e\u0301quipe n\u2019est pas pre\u0301cise\u0301e, mais les tractations vont bon train en coulisses.<\/p>\n<p>Les e\u0301tats-majors politiques s\u2019activent. Le calme apparent sur la sce\u0300ne publique diffe\u0300re avec les tractations en coulisses au sujet de la composition du nouveau gouvernement.<\/p>\n<p>Selon les informations, les curriculum vitae (CV) des postulants aux diffe\u0301rents de\u0301partements ministe\u0301riels s\u2019empilent a\u0300 la re\u0301ception du Palais d\u2019E\u0301tat de Mahazoarivo et aupre\u0300s de celle du Palais d\u2019E\u0301tat d\u2019Ambohitsorohitra. Ceci, suivant la consigne e\u0301dicte\u0301e par Andry Rajoelina, pre\u0301sident de la Re\u0301publique, lors de la nomination du Premier ministre, jeudi. Le locataire d\u2019Iavoloha a demande\u0301 a\u0300 tous ceux qui s\u2019estiment remplir les crite\u0300res requis pour e\u0302tre ministre de de\u0301poser leur CV a\u0300 la primature, a\u0300 Mahazoarivo, et une copie a\u0300 la pre\u0301sidence de la Re\u0301publique, a\u0300 Ambohitsorohitra.<\/p>\n<p>Le traitement des dossiers de candidatures, les consultations et entretiens auraient de\u0301ja\u0300 de\u0301marre\u0301. Outre ceux qui ont spontane\u0301ment postule\u0301, les tractations s\u2019e\u0301largissent aussi a\u0300 des entite\u0301s en dehors du cercle de la coalition pre\u0301sidentielle. Des partis et acteurs politiques dans les rangs de l\u2019opposition, \u201cmais relativement mode\u0301re\u0301s\u201d, auraient ainsi e\u0301te\u0301 approche\u0301s. A\u0300 s\u2019en tenir aux propos du pre\u0301sident de la Re\u0301publique, \u201cl\u2019ouverture\u201d devrait e\u0302tre un des mots cle\u0301s de la composition de la nouvelle e\u0301quipe gouvernementale.<\/p>\n<p>L\u2019autre mot d\u2019ordre du futur gouvernement est \u201cle social\u201d. Durant le premier Conseil des ministres de son second mandat, le 20 de\u0301cembre, Andry Rajoelina a dresse\u0301 les priorite\u0301s de l\u2019e\u0301quipe gouvernementale dans les cent jours. La mise a\u0300 disposition des me\u0301nages les plus vulne\u0301rables de formation en agriculture et e\u0301levage. Ceci, en vue de l\u2019exploitation de terrains qui leur seront mis a\u0300 disposition et leur permettra de changer de vie. Il y a aussi la formation des femmes et des jeunes pour l\u2019acce\u0300s au travail ou les encourager a\u0300 entreprendre.<\/p>\n<p>La poursuite de la transformation nume\u0301rique au sein de l\u2019administration, a\u0300 commencer par la distribution des carnets de Fokontany biome\u0301triques. La gratuite\u0301 des contraceptifs figure aussi dans les objectifs des cent jours. De me\u0302me pour la mise en vente de riz a\u0300 bas prix, l\u2019acce\u0300s aux engrais pour les agriculteurs. Il y a aussi la lutte contre la perte de valeur de l\u2019ariary sur le marche\u0301 des devises et le renforcement de la lutte contre l\u2019inse\u0301curite\u0301.<\/p>\n<p><b>Organigramme<\/b><\/p>\n<p>Comme le veut la Constitution, le prochain gouvernement aura la charge de mettre en \u0153uvre la politique ge\u0301ne\u0301rale de l\u2019E\u0301tat (PGE). Une PGE qui sera axe\u0301e sur les \u201ctrois piliers\u201d sur lesquels le locataire d\u2019Iavoloha compte asseoir son second mandat. Il s\u2019agit du de\u0301veloppement du capital humain, de l\u2019industrialisation et de la bonne gouvernance. En rapport a\u0300 ce dernier point, justement, Andry Rajoelina souligne que \u201cla droiture et l\u2019inte\u0301grite\u0301\u201d, sont des crite\u0300res stricts pour la se\u0301lection des futurs ministres.<\/p>\n<p>A\u0300 s\u2019en tenir au discours du Pre\u0301sident, a\u0300 Iavoloha, jeudi, chaque ministre doit remplir les crite\u0300res qu\u2019il a e\u0301dicte\u0301s. Qu\u2019il s\u2019agisse de candidature spontane\u0301e, ou bien de recommandation issue des tractations avec des entite\u0301s politiques, il n\u2019y aura pas d\u2019exception. Les postulants seront soumis a\u0300 un test pour e\u0301valuer leur compe\u0301tence. Ils devront aussi \u201cpre\u0302ter serment\u201d, et signer un engagement public. Il s\u2019agit de s\u2019engager \u201ca\u0300 quitter ses fonctions ou bien a\u0300 en e\u0302tre imme\u0301diatement de\u0301mis s\u2019ils n\u2019accomplissent pas leur ta\u0302che comme il se doit\u201d.<\/p>\n<p>La capacite\u0301 a\u0300 travailler vite, l \u2019abne\u0301gation en faveur de la que\u0302te du bien-e\u0302tre de la population, la que\u0302te constante du bien-e\u0302tre commun, ainsi que la pre\u0301servation de l\u2019inte\u0301re\u0302t supe\u0301rieur de la nation, sont les autres cases que devront remplir les aspirants ministres. Selon les sources, les discussions se portent aussi sur la structure du prochain gouvernement. L\u2019ide\u0301e de mise en place de secre\u0301tariats d\u2019E\u0301tat se pre\u0301cise. Ils viendront s\u2019ajouter au secre\u0301tariat d\u2019E\u0301tat charge\u0301 de la Gendarmerie nationale et celui charge\u0301 des Nouvelles villes et de l\u2019habitat.<\/p>\n<p>Depuis le jour de la reconduction de Christian Ntsay comme locataire de Mahazoarivo, des voix chuchotent la possibilite\u0301 qu\u2019une ou deux vice-primatures figurent dans l\u2019organigramme du nouveau gouvernement. De prime abord, les cogitations sur l\u2019agencement des de\u0301partements ministe\u0301riels re\u0301pondent a\u0300 des conside\u0301rations politiques. Une fac\u0327on de ratisser large, dans l\u2019optique de l\u2019ouverture voulue par le chef de l\u2019E\u0301tat.<\/p>\n<p>\u201cJe mesure la confiance que la population a place\u0301e en moi. Je suis conscient qu\u2019elle aspire a\u0300 ce que chaque me\u0301nage jouisse du progre\u0300s que nous escomptons. Aussi, devons-nous apporter des solutions rapides et durables aux proble\u0300mes actuels et ceux persistants, mais e\u0301galement pour relever les de\u0301fis pose\u0301s\u201d, a de\u0301clare\u0301 le pre\u0301sident de la Re\u0301publique lors de la nomination du Premier ministre, jeudi. Ceux qui sie\u0301geront au sein du futur gouvernement auront ainsi une obligation de re\u0301sultat. Sauf revirement, la nouvelle e\u0301quipe pourrait e\u0302tre connue avant le Conseil des ministres de mercredi.<\/p>\n<p><strong>Pour plus d&rsquo;informations et d&rsquo;analyses sur la <a href=\"https:\/\/www.africa-press.net\/madagascar\">Madagascar<\/a>, suivez <a href=\"https:\/\/www.africa-press.net\/\">Africa-Press<\/a><\/strong><\/p>\n","protected":false},"excerpt":{"rendered":"<p>Africa-Press &#8211; Madagascar. Apre\u0300s la nomination du Premier ministre, c\u2019est la composition du gouvernement qui tient en haleine l\u2019opinion. La date de pre\u0301sentation de la nouvelle e\u0301quipe n\u2019est pas pre\u0301cise\u0301e, mais les tractations vont bon train en coulisses. Les e\u0301tats-majors politiques s\u2019activent. Le calme apparent sur la sce\u0300ne publique diffe\u0300re avec les tractations en coulisses [&hellip;]<\/p>\n","protected":false},"author":82,"featured_media":23731,"comment_status":"open","ping_status":"closed","sticky":false,"template":"","format":"standard","meta":{"footnotes":""},"categories":[2,20,10],"tags":[36,50,49],"class_list":["post-23732","post","type-post","status-publish","format-standard","has-post-thumbnail","hentry","category-politique","category-top-nouvelles","category-toutes-les-actualites","tag-africa-press","tag-africa-press-madagascar","tag-madagascar"],"yoast_head":"<!-- This site is optimized with the Yoast SEO Premium plugin v26.1 (Yoast SEO v27.0) - https:\/\/yoast.com\/product\/yoast-seo-premium-wordpress\/ -->\n<title>FORMATION DU GOUVERNEMENT - Les tractations s\u2019activent en coulisses - Madagascar<\/title>\n<meta name=\"description\" content=\"Apre\u0300s la nomination du Premier ministre, c\u2019est la composition du gouvernement qui tient en haleine l\u2019opinion. La date d ...\" \/>\n<meta name=\"robots\" content=\"index, follow, max-snippet:-1, max-image-preview:large, max-video-preview:-1\" \/>\n<link rel=\"canonical\" href=\"https:\/\/www.africa-press.net\/madagascar\/politique\/formation-du-gouvernement-les-tractations-sactivent-en-coulisses\" \/>\n<meta property=\"og:locale\" content=\"fr_FR\" \/>\n<meta property=\"og:type\" content=\"article\" \/>\n<meta property=\"og:title\" content=\"FORMATION DU GOUVERNEMENT - Les tractations s\u2019activent en coulisses\" \/>\n<meta property=\"og:description\" content=\"Apre\u0300s la nomination du Premier ministre, c\u2019est la composition du gouvernement qui tient en haleine l\u2019opinion. La date d ...\" \/>\n<meta property=\"og:url\" content=\"https:\/\/www.africa-press.net\/madagascar\/politique\/formation-du-gouvernement-les-tractations-sactivent-en-coulisses\" \/>\n<meta property=\"og:site_name\" content=\"Madagascar\" \/>\n<meta property=\"article:published_time\" content=\"2024-01-08T20:57:14+00:00\" \/>\n<meta property=\"article:modified_time\" content=\"2024-01-08T23:35:07+00:00\" \/>\n<meta property=\"og:image\" content=\"https:\/\/static.africa-press.net\/madagascar\/sites\/56\/2024\/01\/sm_1704740649.39812.jpg\" \/>\n\t<meta property=\"og:image:width\" content=\"954\" \/>\n\t<meta property=\"og:image:height\" content=\"627\" \/>\n\t<meta property=\"og:image:type\" content=\"image\/jpeg\" \/>\n<meta name=\"author\" content=\"cfeditorfr\" \/>\n<meta name=\"twitter:card\" content=\"summary_large_image\" \/>\n<meta name=\"twitter:label1\" content=\"\u00c9crit par\" \/>\n\t<meta name=\"twitter:data1\" content=\"cfeditorfr\" \/>\n\t<meta name=\"twitter:label2\" content=\"Dur\u00e9e de lecture estim\u00e9e\" \/>\n\t<meta name=\"twitter:data2\" content=\"5 minutes\" \/>\n<script type=\"application\/ld+json\" class=\"yoast-schema-graph\">{\"@context\":\"https:\/\/schema.org\",\"@graph\":[{\"@type\":\"Article\",\"@id\":\"https:\/\/www.africa-press.net\/madagascar\/politique\/formation-du-gouvernement-les-tractations-sactivent-en-coulisses#article\",\"isPartOf\":{\"@id\":\"https:\/\/www.africa-press.net\/madagascar\/politique\/formation-du-gouvernement-les-tractations-sactivent-en-coulisses\"},\"author\":{\"name\":\"cfeditorfr\",\"@id\":\"https:\/\/www.africa-press.net\/madagascar\/#\/schema\/person\/2b1cf3cd81a31e3cd26889ca66d677f1\"},\"headline\":\"FORMATION DU GOUVERNEMENT &#8211; Les tractations s\u2019activent en coulisses\",\"datePublished\":\"2024-01-08T20:57:14+00:00\",\"dateModified\":\"2024-01-08T23:35:07+00:00\",\"mainEntityOfPage\":{\"@id\":\"https:\/\/www.africa-press.net\/madagascar\/politique\/formation-du-gouvernement-les-tractations-sactivent-en-coulisses\"},\"wordCount\":973,\"commentCount\":0,\"image\":{\"@id\":\"https:\/\/www.africa-press.net\/madagascar\/politique\/formation-du-gouvernement-les-tractations-sactivent-en-coulisses#primaryimage\"},\"thumbnailUrl\":\"https:\/\/static.africa-press.net\/madagascar\/sites\/56\/2024\/01\/sm_1704740649.39812.jpg\",\"keywords\":[\"Africa Press\",\"Africa Press-Madagascar\",\"Madagascar\"],\"articleSection\":[\"Politique\",\"Top Nouvelles\",\"Toutes les actualit\u00e9s\"],\"inLanguage\":\"fr-FR\",\"potentialAction\":[{\"@type\":\"CommentAction\",\"name\":\"Comment\",\"target\":[\"https:\/\/www.africa-press.net\/madagascar\/politique\/formation-du-gouvernement-les-tractations-sactivent-en-coulisses#respond\"]}]},{\"@type\":\"WebPage\",\"@id\":\"https:\/\/www.africa-press.net\/madagascar\/politique\/formation-du-gouvernement-les-tractations-sactivent-en-coulisses\",\"url\":\"https:\/\/www.africa-press.net\/madagascar\/politique\/formation-du-gouvernement-les-tractations-sactivent-en-coulisses\",\"name\":\"FORMATION DU GOUVERNEMENT - Les tractations s\u2019activent en coulisses - Madagascar\",\"isPartOf\":{\"@id\":\"https:\/\/www.africa-press.net\/madagascar\/#website\"},\"primaryImageOfPage\":{\"@id\":\"https:\/\/www.africa-press.net\/madagascar\/politique\/formation-du-gouvernement-les-tractations-sactivent-en-coulisses#primaryimage\"},\"image\":{\"@id\":\"https:\/\/www.africa-press.net\/madagascar\/politique\/formation-du-gouvernement-les-tractations-sactivent-en-coulisses#primaryimage\"},\"thumbnailUrl\":\"https:\/\/static.africa-press.net\/madagascar\/sites\/56\/2024\/01\/sm_1704740649.39812.jpg\",\"datePublished\":\"2024-01-08T20:57:14+00:00\",\"dateModified\":\"2024-01-08T23:35:07+00:00\",\"author\":{\"@id\":\"https:\/\/www.africa-press.net\/madagascar\/#\/schema\/person\/2b1cf3cd81a31e3cd26889ca66d677f1\"},\"description\":\"Apre\u0300s la nomination du Premier ministre, c\u2019est la composition du gouvernement qui tient en haleine l\u2019opinion. La date d ...\",\"breadcrumb\":{\"@id\":\"https:\/\/www.africa-press.net\/madagascar\/politique\/formation-du-gouvernement-les-tractations-sactivent-en-coulisses#breadcrumb\"},\"inLanguage\":\"fr-FR\",\"potentialAction\":[{\"@type\":\"ReadAction\",\"target\":[\"https:\/\/www.africa-press.net\/madagascar\/politique\/formation-du-gouvernement-les-tractations-sactivent-en-coulisses\"]}]},{\"@type\":\"ImageObject\",\"inLanguage\":\"fr-FR\",\"@id\":\"https:\/\/www.africa-press.net\/madagascar\/politique\/formation-du-gouvernement-les-tractations-sactivent-en-coulisses#primaryimage\",\"url\":\"https:\/\/static.africa-press.net\/madagascar\/sites\/56\/2024\/01\/sm_1704740649.39812.jpg\",\"contentUrl\":\"https:\/\/static.africa-press.net\/madagascar\/sites\/56\/2024\/01\/sm_1704740649.39812.jpg\",\"width\":954,\"height\":627,\"caption\":\"FORMATION DU GOUVERNEMENT - Les tractations s\u2019activent en coulisses\"},{\"@type\":\"BreadcrumbList\",\"@id\":\"https:\/\/www.africa-press.net\/madagascar\/politique\/formation-du-gouvernement-les-tractations-sactivent-en-coulisses#breadcrumb\",\"itemListElement\":[{\"@type\":\"ListItem\",\"position\":1,\"name\":\"Accueil\",\"item\":\"https:\/\/www.africa-press.net\/madagascar\/\"},{\"@type\":\"ListItem\",\"position\":2,\"name\":\"FORMATION DU GOUVERNEMENT &#8211; Les tractations s\u2019activent en coulisses\"}]},{\"@type\":\"WebSite\",\"@id\":\"https:\/\/www.africa-press.net\/madagascar\/#website\",\"url\":\"https:\/\/www.africa-press.net\/madagascar\/\",\"name\":\"Madagascar\",\"description\":\"Just another Africa News Agency Sites site\",\"potentialAction\":[{\"@type\":\"SearchAction\",\"target\":{\"@type\":\"EntryPoint\",\"urlTemplate\":\"https:\/\/www.africa-press.net\/madagascar\/?s={search_term_string}\"},\"query-input\":{\"@type\":\"PropertyValueSpecification\",\"valueRequired\":true,\"valueName\":\"search_term_string\"}}],\"inLanguage\":\"fr-FR\"},{\"@type\":\"Person\",\"@id\":\"https:\/\/www.africa-press.net\/madagascar\/#\/schema\/person\/2b1cf3cd81a31e3cd26889ca66d677f1\",\"name\":\"cfeditorfr\"}]}<\/script>\n<!-- \/ Yoast SEO Premium plugin. -->","yoast_head_json":{"title":"FORMATION DU GOUVERNEMENT - Les tractations s\u2019activent en coulisses - Madagascar","description":"Apre\u0300s la nomination du Premier ministre, c\u2019est la composition du gouvernement qui tient en haleine l\u2019opinion. La date d ...","robots":{"index":"index","follow":"follow","max-snippet":"max-snippet:-1","max-image-preview":"max-image-preview:large","max-video-preview":"max-video-preview:-1"},"canonical":"https:\/\/www.africa-press.net\/madagascar\/politique\/formation-du-gouvernement-les-tractations-sactivent-en-coulisses","og_locale":"fr_FR","og_type":"article","og_title":"FORMATION DU GOUVERNEMENT - Les tractations s\u2019activent en coulisses","og_description":"Apre\u0300s la nomination du Premier ministre, c\u2019est la composition du gouvernement qui tient en haleine l\u2019opinion. La date d ...","og_url":"https:\/\/www.africa-press.net\/madagascar\/politique\/formation-du-gouvernement-les-tractations-sactivent-en-coulisses","og_site_name":"Madagascar","article_published_time":"2024-01-08T20:57:14+00:00","article_modified_time":"2024-01-08T23:35:07+00:00","og_image":[{"width":954,"height":627,"url":"https:\/\/static.africa-press.net\/madagascar\/sites\/56\/2024\/01\/sm_1704740649.39812.jpg","type":"image\/jpeg"}],"author":"cfeditorfr","twitter_card":"summary_large_image","twitter_misc":{"\u00c9crit par":"cfeditorfr","Dur\u00e9e de lecture estim\u00e9e":"5 minutes"},"schema":{"@context":"https:\/\/schema.org","@graph":[{"@type":"Article","@id":"https:\/\/www.africa-press.net\/madagascar\/politique\/formation-du-gouvernement-les-tractations-sactivent-en-coulisses#article","isPartOf":{"@id":"https:\/\/www.africa-press.net\/madagascar\/politique\/formation-du-gouvernement-les-tractations-sactivent-en-coulisses"},"author":{"name":"cfeditorfr","@id":"https:\/\/www.africa-press.net\/madagascar\/#\/schema\/person\/2b1cf3cd81a31e3cd26889ca66d677f1"},"headline":"FORMATION DU GOUVERNEMENT &#8211; Les tractations s\u2019activent en coulisses","datePublished":"2024-01-08T20:57:14+00:00","dateModified":"2024-01-08T23:35:07+00:00","mainEntityOfPage":{"@id":"https:\/\/www.africa-press.net\/madagascar\/politique\/formation-du-gouvernement-les-tractations-sactivent-en-coulisses"},"wordCount":973,"commentCount":0,"image":{"@id":"https:\/\/www.africa-press.net\/madagascar\/politique\/formation-du-gouvernement-les-tractations-sactivent-en-coulisses#primaryimage"},"thumbnailUrl":"https:\/\/static.africa-press.net\/madagascar\/sites\/56\/2024\/01\/sm_1704740649.39812.jpg","keywords":["Africa Press","Africa Press-Madagascar","Madagascar"],"articleSection":["Politique","Top Nouvelles","Toutes les actualit\u00e9s"],"inLanguage":"fr-FR","potentialAction":[{"@type":"CommentAction","name":"Comment","target":["https:\/\/www.africa-press.net\/madagascar\/politique\/formation-du-gouvernement-les-tractations-sactivent-en-coulisses#respond"]}]},{"@type":"WebPage","@id":"https:\/\/www.africa-press.net\/madagascar\/politique\/formation-du-gouvernement-les-tractations-sactivent-en-coulisses","url":"https:\/\/www.africa-press.net\/madagascar\/politique\/formation-du-gouvernement-les-tractations-sactivent-en-coulisses","name":"FORMATION DU GOUVERNEMENT - Les tractations s\u2019activent en coulisses - Madagascar","isPartOf":{"@id":"https:\/\/www.africa-press.net\/madagascar\/#website"},"primaryImageOfPage":{"@id":"https:\/\/www.africa-press.net\/madagascar\/politique\/formation-du-gouvernement-les-tractations-sactivent-en-coulisses#primaryimage"},"image":{"@id":"https:\/\/www.africa-press.net\/madagascar\/politique\/formation-du-gouvernement-les-tractations-sactivent-en-coulisses#primaryimage"},"thumbnailUrl":"https:\/\/static.africa-press.net\/madagascar\/sites\/56\/2024\/01\/sm_1704740649.39812.jpg","datePublished":"2024-01-08T20:57:14+00:00","dateModified":"2024-01-08T23:35:07+00:00","author":{"@id":"https:\/\/www.africa-press.net\/madagascar\/#\/schema\/person\/2b1cf3cd81a31e3cd26889ca66d677f1"},"description":"Apre\u0300s la nomination du Premier ministre, c\u2019est la composition du gouvernement qui tient en haleine l\u2019opinion. La date d ...","breadcrumb":{"@id":"https:\/\/www.africa-press.net\/madagascar\/politique\/formation-du-gouvernement-les-tractations-sactivent-en-coulisses#breadcrumb"},"inLanguage":"fr-FR","potentialAction":[{"@type":"ReadAction","target":["https:\/\/www.africa-press.net\/madagascar\/politique\/formation-du-gouvernement-les-tractations-sactivent-en-coulisses"]}]},{"@type":"ImageObject","inLanguage":"fr-FR","@id":"https:\/\/www.africa-press.net\/madagascar\/politique\/formation-du-gouvernement-les-tractations-sactivent-en-coulisses#primaryimage","url":"https:\/\/static.africa-press.net\/madagascar\/sites\/56\/2024\/01\/sm_1704740649.39812.jpg","contentUrl":"https:\/\/static.africa-press.net\/madagascar\/sites\/56\/2024\/01\/sm_1704740649.39812.jpg","width":954,"height":627,"caption":"FORMATION DU GOUVERNEMENT - Les tractations s\u2019activent en coulisses"},{"@type":"BreadcrumbList","@id":"https:\/\/www.africa-press.net\/madagascar\/politique\/formation-du-gouvernement-les-tractations-sactivent-en-coulisses#breadcrumb","itemListElement":[{"@type":"ListItem","position":1,"name":"Accueil","item":"https:\/\/www.africa-press.net\/madagascar\/"},{"@type":"ListItem","position":2,"name":"FORMATION DU GOUVERNEMENT &#8211; Les tractations s\u2019activent en coulisses"}]},{"@type":"WebSite","@id":"https:\/\/www.africa-press.net\/madagascar\/#website","url":"https:\/\/www.africa-press.net\/madagascar\/","name":"Madagascar","description":"Just another Africa News Agency Sites site","potentialAction":[{"@type":"SearchAction","target":{"@type":"EntryPoint","urlTemplate":"https:\/\/www.africa-press.net\/madagascar\/?s={search_term_string}"},"query-input":{"@type":"PropertyValueSpecification","valueRequired":true,"valueName":"search_term_string"}}],"inLanguage":"fr-FR"},{"@type":"Person","@id":"https:\/\/www.africa-press.net\/madagascar\/#\/schema\/person\/2b1cf3cd81a31e3cd26889ca66d677f1","name":"cfeditorfr"}]}},"_links":{"self":[{"href":"https:\/\/www.africa-press.net\/madagascar\/wp-json\/wp\/v2\/posts\/23732","targetHints":{"allow":["GET"]}}],"collection":[{"href":"https:\/\/www.africa-press.net\/madagascar\/wp-json\/wp\/v2\/posts"}],"about":[{"href":"https:\/\/www.africa-press.net\/madagascar\/wp-json\/wp\/v2\/types\/post"}],"author":[{"embeddable":true,"href":"https:\/\/www.africa-press.net\/madagascar\/wp-json\/wp\/v2\/users\/82"}],"replies":[{"embeddable":true,"href":"https:\/\/www.africa-press.net\/madagascar\/wp-json\/wp\/v2\/comments?post=23732"}],"version-history":[{"count":0,"href":"https:\/\/www.africa-press.net\/madagascar\/wp-json\/wp\/v2\/posts\/23732\/revisions"}],"wp:featuredmedia":[{"embeddable":true,"href":"https:\/\/www.africa-press.net\/madagascar\/wp-json\/wp\/v2\/media\/23731"}],"wp:attachment":[{"href":"https:\/\/www.africa-press.net\/madagascar\/wp-json\/wp\/v2\/media?parent=23732"}],"wp:term":[{"taxonomy":"category","embeddable":true,"href":"https:\/\/www.africa-press.net\/madagascar\/wp-json\/wp\/v2\/categories?post=23732"},{"taxonomy":"post_tag","embeddable":true,"href":"https:\/\/www.africa-press.net\/madagascar\/wp-json\/wp\/v2\/tags?post=23732"}],"curies":[{"name":"wp","href":"https:\/\/api.w.org\/{rel}","templated":true}]}}