{"id":23735,"date":"2024-01-08T20:59:27","date_gmt":"2024-01-08T20:59:27","guid":{"rendered":"https:\/\/www.africa-press.net\/madagascar\/politique\/biodiversite-les-fonds-du-secteur-prive-sollicites"},"modified":"2024-01-08T23:35:35","modified_gmt":"2024-01-08T23:35:35","slug":"biodiversite-les-fonds-du-secteur-prive-sollicites","status":"publish","type":"post","link":"https:\/\/www.africa-press.net\/madagascar\/toutes-les-actualites\/biodiversite-les-fonds-du-secteur-prive-sollicites","title":{"rendered":"BIODIVERSIT\u00c9 &#8211; Les fonds du secteur priv\u00e9 sollicit\u00e9s"},"content":{"rendered":"<p><span style=\"color: #ff6600\"><strong>Africa-Press &#8211; Madagascar. <\/strong><\/span>La protection de la biodiversite\u0301 ainsi que de nos Aires prote\u0301ge\u0301es est l\u2019affaire de tous, mais aussi des pouvoirs publics et des entreprises. Pour ces dernie\u0300res justement, une nouvelle initiative vient de voir le jour pour \u00abConstruire un pont entre financement prive\u0301 et conservation\u00bb. Il s\u2019agit la\u0300 du de\u0301fi lance\u0301 par la Fondation pour les Aires prote\u0301ge\u0301es et la biodiversite\u0301 a\u0300 Madagascar (FAPBM) qui a rec\u0327u un soutien financier du projet Bridge (litte\u0301ralement un pont) a\u0300 l\u2019issue de la se\u0301lection de cet organisme des suites d\u2019un appel d\u2019offres lance\u0301 il y a quelques temps.<\/p>\n<p>L\u2019enjeu est de mobiliser les acteurs du secteur prive\u0301 a\u0300 e\u0301mettre des fonds en faveur de la conservation et de la pre\u0301servation de la biodiversite\u0301. \u00abCe me\u0301canisme pre\u0301voit la cre\u0301ation d\u2019un fonds d\u2019entreprise de\u0301die\u0301 aux activite\u0301s de conservation, ainsi que le de\u0301ploiement d\u2019un financement base\u0301 sur la nature\u00bb, indique la FAPBM dans un communique\u0301. De manie\u0300re \u00abvolontaire\u00bb, les entreprises seront alors sollicite\u0301es a\u0300 effectuer des actions environnementales \u00abque ce soit dans leur de\u0301marche de Responsabilite\u0301 Socie\u0301tale des entreprises (RSE) ou non\u00bb, fait-on savoir.<\/p>\n<p><b>Uniformisation<\/b><\/p>\n<p>Il va sans dire qu\u2019il ne s\u2019agit pas du premier projet ou\u0300 l\u2019implication du secteur prive\u0301 est encourage\u0301e. A\u0300 noter que Madagascar est de\u0301ja\u0300 be\u0301ne\u0301ficiaire de l\u2019Initiative mondiale pour la finance de la biodiversite\u0301\u0301 (BIOFIN) qui est un partenariat mondial ge\u0301re\u0301\u0301 par le Programme des Nations unies pour le De\u0301veloppement, avec notamment le support de la Commission europe\u0301enne et des gouvernements de l\u2019Allemagne, de la Suisse, de la Norve\u0300ge et de la Flandre.<\/p>\n<p>A\u0300 l\u2019heure actuelle, les acteurs du secteur prive\u0301 sont de plus en plus sollicite\u0301s et davantage pre\u0301sents sur le terrain. Avec l\u2019uniformisation des de\u0301marches RSE, nombre d\u2019entreprises du secteur prive\u0301 se mettent dore\u0301navant au vert et voient en l\u2019adaptation et la lutte contre le changement climatique une occasion de mobiliser de nouvelles ressources tout en contribuant a\u0300 pre\u0301server l\u2019environnement. Depuis quelques anne\u0301es, entreprises et a\u0300 plus forte raison le secteur prive\u0301 be\u0301ne\u0301ficient de diffe\u0301rents appuis financiers. Nota mment de la part du Fond vert pour le climat (FVC) , le premier fonds mondial pour l\u2019Environnement, s\u2019adressant principalement aux pays du Sud. Afrique du Nord, subsaharienne, Asie et quelques pays d\u2019Ame\u0301rique latine, la donne commence a\u0300 changer.<\/p>\n<p>En effet les pays de l\u2019Afrique subsaharienne dont Madagascar fait partie font des efforts pour s\u2019arrimer aux conditionnalite\u0301s et re\u0301glementations exige\u0301es par le FVC. Tout le monde semble comprendre que l\u2019heure est de\u0301sormais a\u0300 l\u2019action pour se pre\u0301server d\u2019une de\u0301gradation encore plus pousse\u0301e de la plane\u0300te et les entreprises de n\u2019importe quelle taille sont en premie\u0300re ligne par rapport a\u0300 l\u2019e\u0301chelon des responsabilite\u0301s. En effet, si au stade actuel, les e\u0301valuations sur l\u2019impact des se\u0301cheresses agricoles et e\u0301cologiques ne sont pas toutes concordantes, la contribution humaine aux changements observe\u0301s est bien e\u0301tablie.<\/p>\n<p><strong>Pour plus d&rsquo;informations et d&rsquo;analyses sur la <a href=\"https:\/\/www.africa-press.net\/madagascar\">Madagascar<\/a>, suivez <a href=\"https:\/\/www.africa-press.net\/\">Africa-Press<\/a><\/strong><\/p>\n","protected":false},"excerpt":{"rendered":"<p>Africa-Press &#8211; Madagascar. La protection de la biodiversite\u0301 ainsi que de nos Aires prote\u0301ge\u0301es est l\u2019affaire de tous, mais aussi des pouvoirs publics et des entreprises. Pour ces dernie\u0300res justement, une nouvelle initiative vient de voir le jour pour \u00abConstruire un pont entre financement prive\u0301 et conservation\u00bb. Il s\u2019agit la\u0300 du de\u0301fi lance\u0301 par la [&hellip;]<\/p>\n","protected":false},"author":82,"featured_media":23734,"comment_status":"open","ping_status":"closed","sticky":false,"template":"","format":"standard","meta":{"footnotes":""},"categories":[21,10],"tags":[36,50,49],"class_list":["post-23735","post","type-post","status-publish","format-standard","has-post-thumbnail","hentry","category-communaute","category-toutes-les-actualites","tag-africa-press","tag-africa-press-madagascar","tag-madagascar"],"yoast_head":"<!-- This site is optimized with the Yoast SEO Premium plugin v26.1 (Yoast SEO v27.0) - https:\/\/yoast.com\/product\/yoast-seo-premium-wordpress\/ -->\n<title>BIODIVERSIT\u00c9 - Les fonds du secteur priv\u00e9 sollicit\u00e9s - Madagascar<\/title>\n<meta name=\"description\" content=\"La protection de la biodiversite\u0301 ainsi que de nos Aires prote\u0301ge\u0301es est l\u2019affaire de tous, mais aussi des pouvoirs publ ...\" \/>\n<meta name=\"robots\" content=\"index, follow, max-snippet:-1, max-image-preview:large, max-video-preview:-1\" \/>\n<link rel=\"canonical\" href=\"https:\/\/www.africa-press.net\/madagascar\/toutes-les-actualites\/biodiversite-les-fonds-du-secteur-prive-sollicites\" \/>\n<meta property=\"og:locale\" content=\"fr_FR\" \/>\n<meta property=\"og:type\" content=\"article\" \/>\n<meta property=\"og:title\" content=\"BIODIVERSIT\u00c9 - Les fonds du secteur priv\u00e9 sollicit\u00e9s\" \/>\n<meta property=\"og:description\" content=\"La protection de la biodiversite\u0301 ainsi que de nos Aires prote\u0301ge\u0301es est l\u2019affaire de tous, mais aussi des pouvoirs publ ...\" \/>\n<meta property=\"og:url\" content=\"https:\/\/www.africa-press.net\/madagascar\/toutes-les-actualites\/biodiversite-les-fonds-du-secteur-prive-sollicites\" \/>\n<meta property=\"og:site_name\" content=\"Madagascar\" \/>\n<meta property=\"article:published_time\" content=\"2024-01-08T20:59:27+00:00\" \/>\n<meta property=\"article:modified_time\" content=\"2024-01-08T23:35:35+00:00\" \/>\n<meta property=\"og:image\" content=\"https:\/\/static.africa-press.net\/madagascar\/sites\/56\/2024\/01\/sm_1704740672.469921.jpg\" \/>\n\t<meta property=\"og:image:width\" content=\"1248\" \/>\n\t<meta property=\"og:image:height\" content=\"628\" \/>\n\t<meta property=\"og:image:type\" content=\"image\/jpeg\" \/>\n<meta name=\"author\" content=\"cfeditorfr\" \/>\n<meta name=\"twitter:card\" content=\"summary_large_image\" \/>\n<meta name=\"twitter:label1\" content=\"\u00c9crit par\" \/>\n\t<meta name=\"twitter:data1\" content=\"cfeditorfr\" \/>\n\t<meta name=\"twitter:label2\" content=\"Dur\u00e9e de lecture estim\u00e9e\" \/>\n\t<meta name=\"twitter:data2\" content=\"3 minutes\" \/>\n<script type=\"application\/ld+json\" class=\"yoast-schema-graph\">{\"@context\":\"https:\/\/schema.org\",\"@graph\":[{\"@type\":\"Article\",\"@id\":\"https:\/\/www.africa-press.net\/madagascar\/toutes-les-actualites\/biodiversite-les-fonds-du-secteur-prive-sollicites#article\",\"isPartOf\":{\"@id\":\"https:\/\/www.africa-press.net\/madagascar\/toutes-les-actualites\/biodiversite-les-fonds-du-secteur-prive-sollicites\"},\"author\":{\"name\":\"cfeditorfr\",\"@id\":\"https:\/\/www.africa-press.net\/madagascar\/#\/schema\/person\/2b1cf3cd81a31e3cd26889ca66d677f1\"},\"headline\":\"BIODIVERSIT\u00c9 &#8211; Les fonds du secteur priv\u00e9 sollicit\u00e9s\",\"datePublished\":\"2024-01-08T20:59:27+00:00\",\"dateModified\":\"2024-01-08T23:35:35+00:00\",\"mainEntityOfPage\":{\"@id\":\"https:\/\/www.africa-press.net\/madagascar\/toutes-les-actualites\/biodiversite-les-fonds-du-secteur-prive-sollicites\"},\"wordCount\":567,\"commentCount\":0,\"image\":{\"@id\":\"https:\/\/www.africa-press.net\/madagascar\/toutes-les-actualites\/biodiversite-les-fonds-du-secteur-prive-sollicites#primaryimage\"},\"thumbnailUrl\":\"https:\/\/static.africa-press.net\/madagascar\/sites\/56\/2024\/01\/sm_1704740672.469921.jpg\",\"keywords\":[\"Africa Press\",\"Africa Press-Madagascar\",\"Madagascar\"],\"articleSection\":[\"Communaut\u00e9\",\"Toutes les actualit\u00e9s\"],\"inLanguage\":\"fr-FR\",\"potentialAction\":[{\"@type\":\"CommentAction\",\"name\":\"Comment\",\"target\":[\"https:\/\/www.africa-press.net\/madagascar\/toutes-les-actualites\/biodiversite-les-fonds-du-secteur-prive-sollicites#respond\"]}]},{\"@type\":\"WebPage\",\"@id\":\"https:\/\/www.africa-press.net\/madagascar\/toutes-les-actualites\/biodiversite-les-fonds-du-secteur-prive-sollicites\",\"url\":\"https:\/\/www.africa-press.net\/madagascar\/toutes-les-actualites\/biodiversite-les-fonds-du-secteur-prive-sollicites\",\"name\":\"BIODIVERSIT\u00c9 - Les fonds du secteur priv\u00e9 sollicit\u00e9s - Madagascar\",\"isPartOf\":{\"@id\":\"https:\/\/www.africa-press.net\/madagascar\/#website\"},\"primaryImageOfPage\":{\"@id\":\"https:\/\/www.africa-press.net\/madagascar\/toutes-les-actualites\/biodiversite-les-fonds-du-secteur-prive-sollicites#primaryimage\"},\"image\":{\"@id\":\"https:\/\/www.africa-press.net\/madagascar\/toutes-les-actualites\/biodiversite-les-fonds-du-secteur-prive-sollicites#primaryimage\"},\"thumbnailUrl\":\"https:\/\/static.africa-press.net\/madagascar\/sites\/56\/2024\/01\/sm_1704740672.469921.jpg\",\"datePublished\":\"2024-01-08T20:59:27+00:00\",\"dateModified\":\"2024-01-08T23:35:35+00:00\",\"author\":{\"@id\":\"https:\/\/www.africa-press.net\/madagascar\/#\/schema\/person\/2b1cf3cd81a31e3cd26889ca66d677f1\"},\"description\":\"La protection de la biodiversite\u0301 ainsi que de nos Aires prote\u0301ge\u0301es est l\u2019affaire de tous, mais aussi des pouvoirs publ ...\",\"breadcrumb\":{\"@id\":\"https:\/\/www.africa-press.net\/madagascar\/toutes-les-actualites\/biodiversite-les-fonds-du-secteur-prive-sollicites#breadcrumb\"},\"inLanguage\":\"fr-FR\",\"potentialAction\":[{\"@type\":\"ReadAction\",\"target\":[\"https:\/\/www.africa-press.net\/madagascar\/toutes-les-actualites\/biodiversite-les-fonds-du-secteur-prive-sollicites\"]}]},{\"@type\":\"ImageObject\",\"inLanguage\":\"fr-FR\",\"@id\":\"https:\/\/www.africa-press.net\/madagascar\/toutes-les-actualites\/biodiversite-les-fonds-du-secteur-prive-sollicites#primaryimage\",\"url\":\"https:\/\/static.africa-press.net\/madagascar\/sites\/56\/2024\/01\/sm_1704740672.469921.jpg\",\"contentUrl\":\"https:\/\/static.africa-press.net\/madagascar\/sites\/56\/2024\/01\/sm_1704740672.469921.jpg\",\"width\":1248,\"height\":628,\"caption\":\"BIODIVERSIT\u00c9 - Les fonds du secteur priv\u00e9 sollicit\u00e9s\"},{\"@type\":\"BreadcrumbList\",\"@id\":\"https:\/\/www.africa-press.net\/madagascar\/toutes-les-actualites\/biodiversite-les-fonds-du-secteur-prive-sollicites#breadcrumb\",\"itemListElement\":[{\"@type\":\"ListItem\",\"position\":1,\"name\":\"Accueil\",\"item\":\"https:\/\/www.africa-press.net\/madagascar\/\"},{\"@type\":\"ListItem\",\"position\":2,\"name\":\"BIODIVERSIT\u00c9 &#8211; Les fonds du secteur priv\u00e9 sollicit\u00e9s\"}]},{\"@type\":\"WebSite\",\"@id\":\"https:\/\/www.africa-press.net\/madagascar\/#website\",\"url\":\"https:\/\/www.africa-press.net\/madagascar\/\",\"name\":\"Madagascar\",\"description\":\"Just another Africa News Agency Sites site\",\"potentialAction\":[{\"@type\":\"SearchAction\",\"target\":{\"@type\":\"EntryPoint\",\"urlTemplate\":\"https:\/\/www.africa-press.net\/madagascar\/?s={search_term_string}\"},\"query-input\":{\"@type\":\"PropertyValueSpecification\",\"valueRequired\":true,\"valueName\":\"search_term_string\"}}],\"inLanguage\":\"fr-FR\"},{\"@type\":\"Person\",\"@id\":\"https:\/\/www.africa-press.net\/madagascar\/#\/schema\/person\/2b1cf3cd81a31e3cd26889ca66d677f1\",\"name\":\"cfeditorfr\"}]}<\/script>\n<!-- \/ Yoast SEO Premium plugin. -->","yoast_head_json":{"title":"BIODIVERSIT\u00c9 - Les fonds du secteur priv\u00e9 sollicit\u00e9s - Madagascar","description":"La protection de la biodiversite\u0301 ainsi que de nos Aires prote\u0301ge\u0301es est l\u2019affaire de tous, mais aussi des pouvoirs publ ...","robots":{"index":"index","follow":"follow","max-snippet":"max-snippet:-1","max-image-preview":"max-image-preview:large","max-video-preview":"max-video-preview:-1"},"canonical":"https:\/\/www.africa-press.net\/madagascar\/toutes-les-actualites\/biodiversite-les-fonds-du-secteur-prive-sollicites","og_locale":"fr_FR","og_type":"article","og_title":"BIODIVERSIT\u00c9 - Les fonds du secteur priv\u00e9 sollicit\u00e9s","og_description":"La protection de la biodiversite\u0301 ainsi que de nos Aires prote\u0301ge\u0301es est l\u2019affaire de tous, mais aussi des pouvoirs publ ...","og_url":"https:\/\/www.africa-press.net\/madagascar\/toutes-les-actualites\/biodiversite-les-fonds-du-secteur-prive-sollicites","og_site_name":"Madagascar","article_published_time":"2024-01-08T20:59:27+00:00","article_modified_time":"2024-01-08T23:35:35+00:00","og_image":[{"width":1248,"height":628,"url":"https:\/\/static.africa-press.net\/madagascar\/sites\/56\/2024\/01\/sm_1704740672.469921.jpg","type":"image\/jpeg"}],"author":"cfeditorfr","twitter_card":"summary_large_image","twitter_misc":{"\u00c9crit par":"cfeditorfr","Dur\u00e9e de lecture estim\u00e9e":"3 minutes"},"schema":{"@context":"https:\/\/schema.org","@graph":[{"@type":"Article","@id":"https:\/\/www.africa-press.net\/madagascar\/toutes-les-actualites\/biodiversite-les-fonds-du-secteur-prive-sollicites#article","isPartOf":{"@id":"https:\/\/www.africa-press.net\/madagascar\/toutes-les-actualites\/biodiversite-les-fonds-du-secteur-prive-sollicites"},"author":{"name":"cfeditorfr","@id":"https:\/\/www.africa-press.net\/madagascar\/#\/schema\/person\/2b1cf3cd81a31e3cd26889ca66d677f1"},"headline":"BIODIVERSIT\u00c9 &#8211; Les fonds du secteur priv\u00e9 sollicit\u00e9s","datePublished":"2024-01-08T20:59:27+00:00","dateModified":"2024-01-08T23:35:35+00:00","mainEntityOfPage":{"@id":"https:\/\/www.africa-press.net\/madagascar\/toutes-les-actualites\/biodiversite-les-fonds-du-secteur-prive-sollicites"},"wordCount":567,"commentCount":0,"image":{"@id":"https:\/\/www.africa-press.net\/madagascar\/toutes-les-actualites\/biodiversite-les-fonds-du-secteur-prive-sollicites#primaryimage"},"thumbnailUrl":"https:\/\/static.africa-press.net\/madagascar\/sites\/56\/2024\/01\/sm_1704740672.469921.jpg","keywords":["Africa Press","Africa Press-Madagascar","Madagascar"],"articleSection":["Communaut\u00e9","Toutes les actualit\u00e9s"],"inLanguage":"fr-FR","potentialAction":[{"@type":"CommentAction","name":"Comment","target":["https:\/\/www.africa-press.net\/madagascar\/toutes-les-actualites\/biodiversite-les-fonds-du-secteur-prive-sollicites#respond"]}]},{"@type":"WebPage","@id":"https:\/\/www.africa-press.net\/madagascar\/toutes-les-actualites\/biodiversite-les-fonds-du-secteur-prive-sollicites","url":"https:\/\/www.africa-press.net\/madagascar\/toutes-les-actualites\/biodiversite-les-fonds-du-secteur-prive-sollicites","name":"BIODIVERSIT\u00c9 - Les fonds du secteur priv\u00e9 sollicit\u00e9s - Madagascar","isPartOf":{"@id":"https:\/\/www.africa-press.net\/madagascar\/#website"},"primaryImageOfPage":{"@id":"https:\/\/www.africa-press.net\/madagascar\/toutes-les-actualites\/biodiversite-les-fonds-du-secteur-prive-sollicites#primaryimage"},"image":{"@id":"https:\/\/www.africa-press.net\/madagascar\/toutes-les-actualites\/biodiversite-les-fonds-du-secteur-prive-sollicites#primaryimage"},"thumbnailUrl":"https:\/\/static.africa-press.net\/madagascar\/sites\/56\/2024\/01\/sm_1704740672.469921.jpg","datePublished":"2024-01-08T20:59:27+00:00","dateModified":"2024-01-08T23:35:35+00:00","author":{"@id":"https:\/\/www.africa-press.net\/madagascar\/#\/schema\/person\/2b1cf3cd81a31e3cd26889ca66d677f1"},"description":"La protection de la biodiversite\u0301 ainsi que de nos Aires prote\u0301ge\u0301es est l\u2019affaire de tous, mais aussi des pouvoirs publ ...","breadcrumb":{"@id":"https:\/\/www.africa-press.net\/madagascar\/toutes-les-actualites\/biodiversite-les-fonds-du-secteur-prive-sollicites#breadcrumb"},"inLanguage":"fr-FR","potentialAction":[{"@type":"ReadAction","target":["https:\/\/www.africa-press.net\/madagascar\/toutes-les-actualites\/biodiversite-les-fonds-du-secteur-prive-sollicites"]}]},{"@type":"ImageObject","inLanguage":"fr-FR","@id":"https:\/\/www.africa-press.net\/madagascar\/toutes-les-actualites\/biodiversite-les-fonds-du-secteur-prive-sollicites#primaryimage","url":"https:\/\/static.africa-press.net\/madagascar\/sites\/56\/2024\/01\/sm_1704740672.469921.jpg","contentUrl":"https:\/\/static.africa-press.net\/madagascar\/sites\/56\/2024\/01\/sm_1704740672.469921.jpg","width":1248,"height":628,"caption":"BIODIVERSIT\u00c9 - Les fonds du secteur priv\u00e9 sollicit\u00e9s"},{"@type":"BreadcrumbList","@id":"https:\/\/www.africa-press.net\/madagascar\/toutes-les-actualites\/biodiversite-les-fonds-du-secteur-prive-sollicites#breadcrumb","itemListElement":[{"@type":"ListItem","position":1,"name":"Accueil","item":"https:\/\/www.africa-press.net\/madagascar\/"},{"@type":"ListItem","position":2,"name":"BIODIVERSIT\u00c9 &#8211; Les fonds du secteur priv\u00e9 sollicit\u00e9s"}]},{"@type":"WebSite","@id":"https:\/\/www.africa-press.net\/madagascar\/#website","url":"https:\/\/www.africa-press.net\/madagascar\/","name":"Madagascar","description":"Just another Africa News Agency Sites site","potentialAction":[{"@type":"SearchAction","target":{"@type":"EntryPoint","urlTemplate":"https:\/\/www.africa-press.net\/madagascar\/?s={search_term_string}"},"query-input":{"@type":"PropertyValueSpecification","valueRequired":true,"valueName":"search_term_string"}}],"inLanguage":"fr-FR"},{"@type":"Person","@id":"https:\/\/www.africa-press.net\/madagascar\/#\/schema\/person\/2b1cf3cd81a31e3cd26889ca66d677f1","name":"cfeditorfr"}]}},"_links":{"self":[{"href":"https:\/\/www.africa-press.net\/madagascar\/wp-json\/wp\/v2\/posts\/23735","targetHints":{"allow":["GET"]}}],"collection":[{"href":"https:\/\/www.africa-press.net\/madagascar\/wp-json\/wp\/v2\/posts"}],"about":[{"href":"https:\/\/www.africa-press.net\/madagascar\/wp-json\/wp\/v2\/types\/post"}],"author":[{"embeddable":true,"href":"https:\/\/www.africa-press.net\/madagascar\/wp-json\/wp\/v2\/users\/82"}],"replies":[{"embeddable":true,"href":"https:\/\/www.africa-press.net\/madagascar\/wp-json\/wp\/v2\/comments?post=23735"}],"version-history":[{"count":0,"href":"https:\/\/www.africa-press.net\/madagascar\/wp-json\/wp\/v2\/posts\/23735\/revisions"}],"wp:featuredmedia":[{"embeddable":true,"href":"https:\/\/www.africa-press.net\/madagascar\/wp-json\/wp\/v2\/media\/23734"}],"wp:attachment":[{"href":"https:\/\/www.africa-press.net\/madagascar\/wp-json\/wp\/v2\/media?parent=23735"}],"wp:term":[{"taxonomy":"category","embeddable":true,"href":"https:\/\/www.africa-press.net\/madagascar\/wp-json\/wp\/v2\/categories?post=23735"},{"taxonomy":"post_tag","embeddable":true,"href":"https:\/\/www.africa-press.net\/madagascar\/wp-json\/wp\/v2\/tags?post=23735"}],"curies":[{"name":"wp","href":"https:\/\/api.w.org\/{rel}","templated":true}]}}