{"id":23811,"date":"2024-01-10T17:58:08","date_gmt":"2024-01-10T17:58:08","guid":{"rendered":"https:\/\/www.africa-press.net\/madagascar\/politique\/executif-le-gouvernement-attendu-en-fin-de-semaine"},"modified":"2024-01-10T19:03:24","modified_gmt":"2024-01-10T19:03:24","slug":"executif-le-gouvernement-attendu-en-fin-de-semaine","status":"publish","type":"post","link":"https:\/\/www.africa-press.net\/madagascar\/politique\/executif-le-gouvernement-attendu-en-fin-de-semaine","title":{"rendered":"EX\u00c9CUTIF &#8211; Le gouvernement attendu en fin de semaine"},"content":{"rendered":"<p><span style=\"color: #ff6600\"><strong>Africa-Press &#8211; Madagascar. <\/strong><\/span>Sauf chamboulement de programme, la nouvelle e\u0301quipe gouvernementale sera pre\u0301sente\u0301e officiellement en fin de semaine. Dans une ide\u0301e de professionnalisation du recrutement, les nominations seront pre\u0301ce\u0301de\u0301es d\u2019entretiens et de tests d\u2019e\u0301valuation.<\/p>\n<p>Le compte a\u0300 rebours est enclenche\u0301. Les informations sur l\u2019architecture et la pre\u0301sentation du nouveau gouvernement commencent a\u0300 se pre\u0301ciser. S\u2019agissant de l\u2019officialisation de la nouvelle e\u0301quipe, les noms et le visage de ceux qui la composeront sont attendus pour la fin de semaine.<\/p>\n<p>De sources avise\u0301es, la proce\u0301dure de se\u0301lection des ministres entre dans sa dernie\u0300re ligne droite. Sauf changement, Christian Ntsay, Premier ministre, pre\u0301sentera a\u0300 Andry Rajoelina, pre\u0301sident de la Re\u0301publique, la liste des pre\u0301se\u0301lectionne\u0301s demain. Comme le veut la Constitution, \u201csur proposition du Premier ministre, il [le Pre\u0301sident] nomme les membres du gouvernement et met fin a\u0300 leurs fonctions\u201d. Ce sera une e\u0301quipe de l\u2019Exe\u0301cutif au complet donc qui prendra en main les affaires nationales a\u0300 partir de la semaine prochaine.<\/p>\n<p>\u201cLe tandem Rajoelina-Ntsay n\u2019a pas de temps a\u0300 perdre. Il entend se mettre au travail le plus rapidement possible. Le Premier ministre Ntsay pre\u0301sentera la liste des ministres de son prochain gouvernement, pour validation, au pre\u0301sident Rajoelina. Lequel annoncera les noms retenus au plus tard en fin de semaine\u201d, affirme une des sources contacte\u0301es. Elle ajoute, ne\u0301anmoins, que \u201cconforme\u0301ment aux directives pre\u0301sidentielles, les candidats aux postes de ministres seront soumis a\u0300 une batterie d\u2019e\u0301preuves et de tests\u201d.<\/p>\n<p><b>Exemplarite\u0301<\/b><\/p>\n<p>Dans l\u2019allocution qu\u2019il a prononce\u0301e durant la nomination du chef du gouvernement, a\u0300 Iavoloha, jeudi, Andry Rajoelina a indique\u0301 que le test sert a\u0300 e\u0301valuer si le postulant a\u0300 e\u0302tre ministre dispose re\u0301ellement des compe\u0301tences ne\u0301cessaires a\u0300 la fonction a\u0300 laquelle il aspire. \u201cIls seront e\u0301value\u0301s par un panel d\u2019experts. Le but n\u2019est pas de de\u0301nicher la perle rare, mais de professionnaliser le processus de recrutement\u201d, est l\u2019explication de la mise en place de ces e\u0301tapes de se\u0301lection.<\/p>\n<p>L\u2019ide\u0301e derrie\u0300re la mise en place de tests pre\u0301alables a\u0300 la nomination des ministres est aussi, \u201cde rappeler qu\u2019au-dela\u0300 de leur mission administrative, les ministres jouent un ro\u0302le politique, non pas au sens de politique politicienne, mais au sens de protagonistes proactifs dans la mise en \u0153uvre de la politique ge\u0301ne\u0301rale de l\u2019E\u0301tat\u201d. Outre le test d\u2019e\u0301valuation, le pre\u0301sident de la Re\u0301publique a ajoute\u0301, dans son allocution de jeudi, que pre\u0301alablement a\u0300 leur entre\u0301e en fonction, chaque membre du gouvernement devra \u201cpre\u0302ter serment\u201d.<\/p>\n<p>Il s\u2019agira d\u2019un serment d\u2019inte\u0301grite\u0301 et de droiture. A\u0300 s\u2019en tenir au discours pre\u0301sidentiel de jeudi, toujours, la prestation de serment s\u2019accompagnera de la signature d\u2019un engagement e\u0301crit devant la Nation. Lorsqu\u2019il a annonce\u0301 la reconduction de Christian Ntsay au poste de Premier ministre, le locataire d\u2019Iavoloha a souligne\u0301 qu\u2019a\u0300 ses yeux, \u201cla loyaute\u0301\u201d est une valeur importante. \u201cToutefois, une loyaute\u0301 a\u0300 toute e\u0301preuve et un parcours acade\u0301mique brillant ne suffisent plus pour e\u0302tre ministre\u201d, souligne une des sources.<\/p>\n<p>L\u2019exemplarite\u0301 et la probite\u0301 sont e\u0301galement des points cruciaux pour e\u0302tre se\u0301lectionne\u0301 a\u0300 sie\u0301ger au sein du gouvernement, selon les explications. Des crite\u0300res e\u0301galement mis en exergue par Andry Rajoelina, jeudi, a\u0300 Iavoloha. \u201cA\u0300 juste titre, le pre\u0301sident de la Re\u0301publique veut s\u2019entourer de personnes dynamiques, dote\u0301es d\u2019une forte personnalite\u0301, pe\u0301tries de patriotisme, aptes au leadership et de\u0301sireuses de servir le peuple\u201d, affirme une voix au sein du camp pre\u0301sidentiel.<\/p>\n<p>Cette source avance, du reste, que le chef de l\u2019E\u0301tat \u201centend mettre en place une culture oriente\u0301e vers le re\u0301sultat. Une exigence en cohe\u0301rence avec les principes du service public. En d\u2019autres termes, les membres du gouvernement devront e\u0302tre a\u0300 me\u0302me d\u2019atteindre des objectifs qualitatifs et quantitatifs, servant l\u2019inte\u0301re\u0302t ge\u0301ne\u0301ral, a\u0300 court et moyen terme\u201d. A\u0300 l\u2019entendre, cette rigueur dans la se\u0301lection des ministres pre\u0301vaudra e\u0301galement dans le recrutement des hauts responsables qui s\u2019ensuivra, comme les secre\u0301taires ge\u0301ne\u0301raux et directeurs des ministe\u0300res.<\/p>\n<p>\u201cCette de\u0301marche s\u2019inscrit dans une approche progressiste et est une confirmation de la volonte\u0301 pre\u0301sidentielle de poursuivre la modernisation de l\u2019administration publique, ainsi que la mise en place de la bonne gouvernance\u201d, assure-t-elle. S\u2019agissant de l\u2019architecture du futur gouvernement, par ailleurs, toujours dans cette optique d\u2019efficacite\u0301 et de re\u0301sultat rapide, \u201cdes secre\u0301tariats d\u2019E\u0301tat seront mis en place afin d\u2019alle\u0301ger la charge de travail de quelques ministe\u0300res\u201d. Verdict a\u0300 la fin de cette semaine.<\/p>\n<p><strong>Pour plus d&rsquo;informations et d&rsquo;analyses sur la <a href=\"https:\/\/www.africa-press.net\/madagascar\">Madagascar<\/a>, suivez <a href=\"https:\/\/www.africa-press.net\/\">Africa-Press<\/a><\/strong><\/p>\n","protected":false},"excerpt":{"rendered":"<p>Africa-Press &#8211; Madagascar. Sauf chamboulement de programme, la nouvelle e\u0301quipe gouvernementale sera pre\u0301sente\u0301e officiellement en fin de semaine. Dans une ide\u0301e de professionnalisation du recrutement, les nominations seront pre\u0301ce\u0301de\u0301es d\u2019entretiens et de tests d\u2019e\u0301valuation. Le compte a\u0300 rebours est enclenche\u0301. Les informations sur l\u2019architecture et la pre\u0301sentation du nouveau gouvernement commencent a\u0300 se pre\u0301ciser. S\u2019agissant [&hellip;]<\/p>\n","protected":false},"author":82,"featured_media":23810,"comment_status":"open","ping_status":"closed","sticky":false,"template":"","format":"standard","meta":{"footnotes":""},"categories":[2,20,10],"tags":[36,50,49],"class_list":["post-23811","post","type-post","status-publish","format-standard","has-post-thumbnail","hentry","category-politique","category-top-nouvelles","category-toutes-les-actualites","tag-africa-press","tag-africa-press-madagascar","tag-madagascar"],"yoast_head":"<!-- This site is optimized with the Yoast SEO Premium plugin v26.1 (Yoast SEO v27.0) - https:\/\/yoast.com\/product\/yoast-seo-premium-wordpress\/ -->\n<title>EX\u00c9CUTIF - Le gouvernement attendu en fin de semaine - Madagascar<\/title>\n<meta name=\"description\" content=\"Sauf chamboulement de programme, la nouvelle e\u0301quipe gouvernementale sera pre\u0301sente\u0301e officiellement en fin de semaine. ...\" \/>\n<meta name=\"robots\" content=\"index, follow, max-snippet:-1, max-image-preview:large, max-video-preview:-1\" \/>\n<link rel=\"canonical\" href=\"https:\/\/www.africa-press.net\/madagascar\/politique\/executif-le-gouvernement-attendu-en-fin-de-semaine\" \/>\n<meta property=\"og:locale\" content=\"fr_FR\" \/>\n<meta property=\"og:type\" content=\"article\" \/>\n<meta property=\"og:title\" content=\"EX\u00c9CUTIF - Le gouvernement attendu en fin de semaine\" \/>\n<meta property=\"og:description\" content=\"Sauf chamboulement de programme, la nouvelle e\u0301quipe gouvernementale sera pre\u0301sente\u0301e officiellement en fin de semaine. ...\" \/>\n<meta property=\"og:url\" content=\"https:\/\/www.africa-press.net\/madagascar\/politique\/executif-le-gouvernement-attendu-en-fin-de-semaine\" \/>\n<meta property=\"og:site_name\" content=\"Madagascar\" \/>\n<meta property=\"article:published_time\" content=\"2024-01-10T17:58:08+00:00\" \/>\n<meta property=\"article:modified_time\" content=\"2024-01-10T19:03:24+00:00\" \/>\n<meta property=\"og:image\" content=\"https:\/\/static.africa-press.net\/madagascar\/sites\/56\/2024\/01\/sm_1704897107.811702.jpg\" \/>\n\t<meta property=\"og:image:width\" content=\"965\" \/>\n\t<meta property=\"og:image:height\" content=\"635\" \/>\n\t<meta property=\"og:image:type\" content=\"image\/jpeg\" \/>\n<meta name=\"author\" content=\"cfeditorfr\" \/>\n<meta name=\"twitter:card\" content=\"summary_large_image\" \/>\n<meta name=\"twitter:label1\" content=\"\u00c9crit par\" \/>\n\t<meta name=\"twitter:data1\" content=\"cfeditorfr\" \/>\n\t<meta name=\"twitter:label2\" content=\"Dur\u00e9e de lecture estim\u00e9e\" \/>\n\t<meta name=\"twitter:data2\" content=\"4 minutes\" \/>\n<script type=\"application\/ld+json\" class=\"yoast-schema-graph\">{\"@context\":\"https:\/\/schema.org\",\"@graph\":[{\"@type\":\"Article\",\"@id\":\"https:\/\/www.africa-press.net\/madagascar\/politique\/executif-le-gouvernement-attendu-en-fin-de-semaine#article\",\"isPartOf\":{\"@id\":\"https:\/\/www.africa-press.net\/madagascar\/politique\/executif-le-gouvernement-attendu-en-fin-de-semaine\"},\"author\":{\"name\":\"cfeditorfr\",\"@id\":\"https:\/\/www.africa-press.net\/madagascar\/#\/schema\/person\/2b1cf3cd81a31e3cd26889ca66d677f1\"},\"headline\":\"EX\u00c9CUTIF &#8211; Le gouvernement attendu en fin de semaine\",\"datePublished\":\"2024-01-10T17:58:08+00:00\",\"dateModified\":\"2024-01-10T19:03:24+00:00\",\"mainEntityOfPage\":{\"@id\":\"https:\/\/www.africa-press.net\/madagascar\/politique\/executif-le-gouvernement-attendu-en-fin-de-semaine\"},\"wordCount\":862,\"commentCount\":0,\"image\":{\"@id\":\"https:\/\/www.africa-press.net\/madagascar\/politique\/executif-le-gouvernement-attendu-en-fin-de-semaine#primaryimage\"},\"thumbnailUrl\":\"https:\/\/static.africa-press.net\/madagascar\/sites\/56\/2024\/01\/sm_1704897107.811702.jpg\",\"keywords\":[\"Africa Press\",\"Africa Press-Madagascar\",\"Madagascar\"],\"articleSection\":[\"Politique\",\"Top Nouvelles\",\"Toutes les actualit\u00e9s\"],\"inLanguage\":\"fr-FR\",\"potentialAction\":[{\"@type\":\"CommentAction\",\"name\":\"Comment\",\"target\":[\"https:\/\/www.africa-press.net\/madagascar\/politique\/executif-le-gouvernement-attendu-en-fin-de-semaine#respond\"]}]},{\"@type\":\"WebPage\",\"@id\":\"https:\/\/www.africa-press.net\/madagascar\/politique\/executif-le-gouvernement-attendu-en-fin-de-semaine\",\"url\":\"https:\/\/www.africa-press.net\/madagascar\/politique\/executif-le-gouvernement-attendu-en-fin-de-semaine\",\"name\":\"EX\u00c9CUTIF - Le gouvernement attendu en fin de semaine - Madagascar\",\"isPartOf\":{\"@id\":\"https:\/\/www.africa-press.net\/madagascar\/#website\"},\"primaryImageOfPage\":{\"@id\":\"https:\/\/www.africa-press.net\/madagascar\/politique\/executif-le-gouvernement-attendu-en-fin-de-semaine#primaryimage\"},\"image\":{\"@id\":\"https:\/\/www.africa-press.net\/madagascar\/politique\/executif-le-gouvernement-attendu-en-fin-de-semaine#primaryimage\"},\"thumbnailUrl\":\"https:\/\/static.africa-press.net\/madagascar\/sites\/56\/2024\/01\/sm_1704897107.811702.jpg\",\"datePublished\":\"2024-01-10T17:58:08+00:00\",\"dateModified\":\"2024-01-10T19:03:24+00:00\",\"author\":{\"@id\":\"https:\/\/www.africa-press.net\/madagascar\/#\/schema\/person\/2b1cf3cd81a31e3cd26889ca66d677f1\"},\"description\":\"Sauf chamboulement de programme, la nouvelle e\u0301quipe gouvernementale sera pre\u0301sente\u0301e officiellement en fin de semaine. ...\",\"breadcrumb\":{\"@id\":\"https:\/\/www.africa-press.net\/madagascar\/politique\/executif-le-gouvernement-attendu-en-fin-de-semaine#breadcrumb\"},\"inLanguage\":\"fr-FR\",\"potentialAction\":[{\"@type\":\"ReadAction\",\"target\":[\"https:\/\/www.africa-press.net\/madagascar\/politique\/executif-le-gouvernement-attendu-en-fin-de-semaine\"]}]},{\"@type\":\"ImageObject\",\"inLanguage\":\"fr-FR\",\"@id\":\"https:\/\/www.africa-press.net\/madagascar\/politique\/executif-le-gouvernement-attendu-en-fin-de-semaine#primaryimage\",\"url\":\"https:\/\/static.africa-press.net\/madagascar\/sites\/56\/2024\/01\/sm_1704897107.811702.jpg\",\"contentUrl\":\"https:\/\/static.africa-press.net\/madagascar\/sites\/56\/2024\/01\/sm_1704897107.811702.jpg\",\"width\":965,\"height\":635,\"caption\":\"EX\u00c9CUTIF - Le gouvernement attendu en fin de semaine\"},{\"@type\":\"BreadcrumbList\",\"@id\":\"https:\/\/www.africa-press.net\/madagascar\/politique\/executif-le-gouvernement-attendu-en-fin-de-semaine#breadcrumb\",\"itemListElement\":[{\"@type\":\"ListItem\",\"position\":1,\"name\":\"Accueil\",\"item\":\"https:\/\/www.africa-press.net\/madagascar\/\"},{\"@type\":\"ListItem\",\"position\":2,\"name\":\"EX\u00c9CUTIF &#8211; Le gouvernement attendu en fin de semaine\"}]},{\"@type\":\"WebSite\",\"@id\":\"https:\/\/www.africa-press.net\/madagascar\/#website\",\"url\":\"https:\/\/www.africa-press.net\/madagascar\/\",\"name\":\"Madagascar\",\"description\":\"Just another Africa News Agency Sites site\",\"potentialAction\":[{\"@type\":\"SearchAction\",\"target\":{\"@type\":\"EntryPoint\",\"urlTemplate\":\"https:\/\/www.africa-press.net\/madagascar\/?s={search_term_string}\"},\"query-input\":{\"@type\":\"PropertyValueSpecification\",\"valueRequired\":true,\"valueName\":\"search_term_string\"}}],\"inLanguage\":\"fr-FR\"},{\"@type\":\"Person\",\"@id\":\"https:\/\/www.africa-press.net\/madagascar\/#\/schema\/person\/2b1cf3cd81a31e3cd26889ca66d677f1\",\"name\":\"cfeditorfr\"}]}<\/script>\n<!-- \/ Yoast SEO Premium plugin. -->","yoast_head_json":{"title":"EX\u00c9CUTIF - Le gouvernement attendu en fin de semaine - Madagascar","description":"Sauf chamboulement de programme, la nouvelle e\u0301quipe gouvernementale sera pre\u0301sente\u0301e officiellement en fin de semaine. ...","robots":{"index":"index","follow":"follow","max-snippet":"max-snippet:-1","max-image-preview":"max-image-preview:large","max-video-preview":"max-video-preview:-1"},"canonical":"https:\/\/www.africa-press.net\/madagascar\/politique\/executif-le-gouvernement-attendu-en-fin-de-semaine","og_locale":"fr_FR","og_type":"article","og_title":"EX\u00c9CUTIF - Le gouvernement attendu en fin de semaine","og_description":"Sauf chamboulement de programme, la nouvelle e\u0301quipe gouvernementale sera pre\u0301sente\u0301e officiellement en fin de semaine. ...","og_url":"https:\/\/www.africa-press.net\/madagascar\/politique\/executif-le-gouvernement-attendu-en-fin-de-semaine","og_site_name":"Madagascar","article_published_time":"2024-01-10T17:58:08+00:00","article_modified_time":"2024-01-10T19:03:24+00:00","og_image":[{"width":965,"height":635,"url":"https:\/\/static.africa-press.net\/madagascar\/sites\/56\/2024\/01\/sm_1704897107.811702.jpg","type":"image\/jpeg"}],"author":"cfeditorfr","twitter_card":"summary_large_image","twitter_misc":{"\u00c9crit par":"cfeditorfr","Dur\u00e9e de lecture estim\u00e9e":"4 minutes"},"schema":{"@context":"https:\/\/schema.org","@graph":[{"@type":"Article","@id":"https:\/\/www.africa-press.net\/madagascar\/politique\/executif-le-gouvernement-attendu-en-fin-de-semaine#article","isPartOf":{"@id":"https:\/\/www.africa-press.net\/madagascar\/politique\/executif-le-gouvernement-attendu-en-fin-de-semaine"},"author":{"name":"cfeditorfr","@id":"https:\/\/www.africa-press.net\/madagascar\/#\/schema\/person\/2b1cf3cd81a31e3cd26889ca66d677f1"},"headline":"EX\u00c9CUTIF &#8211; Le gouvernement attendu en fin de semaine","datePublished":"2024-01-10T17:58:08+00:00","dateModified":"2024-01-10T19:03:24+00:00","mainEntityOfPage":{"@id":"https:\/\/www.africa-press.net\/madagascar\/politique\/executif-le-gouvernement-attendu-en-fin-de-semaine"},"wordCount":862,"commentCount":0,"image":{"@id":"https:\/\/www.africa-press.net\/madagascar\/politique\/executif-le-gouvernement-attendu-en-fin-de-semaine#primaryimage"},"thumbnailUrl":"https:\/\/static.africa-press.net\/madagascar\/sites\/56\/2024\/01\/sm_1704897107.811702.jpg","keywords":["Africa Press","Africa Press-Madagascar","Madagascar"],"articleSection":["Politique","Top Nouvelles","Toutes les actualit\u00e9s"],"inLanguage":"fr-FR","potentialAction":[{"@type":"CommentAction","name":"Comment","target":["https:\/\/www.africa-press.net\/madagascar\/politique\/executif-le-gouvernement-attendu-en-fin-de-semaine#respond"]}]},{"@type":"WebPage","@id":"https:\/\/www.africa-press.net\/madagascar\/politique\/executif-le-gouvernement-attendu-en-fin-de-semaine","url":"https:\/\/www.africa-press.net\/madagascar\/politique\/executif-le-gouvernement-attendu-en-fin-de-semaine","name":"EX\u00c9CUTIF - Le gouvernement attendu en fin de semaine - Madagascar","isPartOf":{"@id":"https:\/\/www.africa-press.net\/madagascar\/#website"},"primaryImageOfPage":{"@id":"https:\/\/www.africa-press.net\/madagascar\/politique\/executif-le-gouvernement-attendu-en-fin-de-semaine#primaryimage"},"image":{"@id":"https:\/\/www.africa-press.net\/madagascar\/politique\/executif-le-gouvernement-attendu-en-fin-de-semaine#primaryimage"},"thumbnailUrl":"https:\/\/static.africa-press.net\/madagascar\/sites\/56\/2024\/01\/sm_1704897107.811702.jpg","datePublished":"2024-01-10T17:58:08+00:00","dateModified":"2024-01-10T19:03:24+00:00","author":{"@id":"https:\/\/www.africa-press.net\/madagascar\/#\/schema\/person\/2b1cf3cd81a31e3cd26889ca66d677f1"},"description":"Sauf chamboulement de programme, la nouvelle e\u0301quipe gouvernementale sera pre\u0301sente\u0301e officiellement en fin de semaine. ...","breadcrumb":{"@id":"https:\/\/www.africa-press.net\/madagascar\/politique\/executif-le-gouvernement-attendu-en-fin-de-semaine#breadcrumb"},"inLanguage":"fr-FR","potentialAction":[{"@type":"ReadAction","target":["https:\/\/www.africa-press.net\/madagascar\/politique\/executif-le-gouvernement-attendu-en-fin-de-semaine"]}]},{"@type":"ImageObject","inLanguage":"fr-FR","@id":"https:\/\/www.africa-press.net\/madagascar\/politique\/executif-le-gouvernement-attendu-en-fin-de-semaine#primaryimage","url":"https:\/\/static.africa-press.net\/madagascar\/sites\/56\/2024\/01\/sm_1704897107.811702.jpg","contentUrl":"https:\/\/static.africa-press.net\/madagascar\/sites\/56\/2024\/01\/sm_1704897107.811702.jpg","width":965,"height":635,"caption":"EX\u00c9CUTIF - Le gouvernement attendu en fin de semaine"},{"@type":"BreadcrumbList","@id":"https:\/\/www.africa-press.net\/madagascar\/politique\/executif-le-gouvernement-attendu-en-fin-de-semaine#breadcrumb","itemListElement":[{"@type":"ListItem","position":1,"name":"Accueil","item":"https:\/\/www.africa-press.net\/madagascar\/"},{"@type":"ListItem","position":2,"name":"EX\u00c9CUTIF &#8211; Le gouvernement attendu en fin de semaine"}]},{"@type":"WebSite","@id":"https:\/\/www.africa-press.net\/madagascar\/#website","url":"https:\/\/www.africa-press.net\/madagascar\/","name":"Madagascar","description":"Just another Africa News Agency Sites site","potentialAction":[{"@type":"SearchAction","target":{"@type":"EntryPoint","urlTemplate":"https:\/\/www.africa-press.net\/madagascar\/?s={search_term_string}"},"query-input":{"@type":"PropertyValueSpecification","valueRequired":true,"valueName":"search_term_string"}}],"inLanguage":"fr-FR"},{"@type":"Person","@id":"https:\/\/www.africa-press.net\/madagascar\/#\/schema\/person\/2b1cf3cd81a31e3cd26889ca66d677f1","name":"cfeditorfr"}]}},"_links":{"self":[{"href":"https:\/\/www.africa-press.net\/madagascar\/wp-json\/wp\/v2\/posts\/23811","targetHints":{"allow":["GET"]}}],"collection":[{"href":"https:\/\/www.africa-press.net\/madagascar\/wp-json\/wp\/v2\/posts"}],"about":[{"href":"https:\/\/www.africa-press.net\/madagascar\/wp-json\/wp\/v2\/types\/post"}],"author":[{"embeddable":true,"href":"https:\/\/www.africa-press.net\/madagascar\/wp-json\/wp\/v2\/users\/82"}],"replies":[{"embeddable":true,"href":"https:\/\/www.africa-press.net\/madagascar\/wp-json\/wp\/v2\/comments?post=23811"}],"version-history":[{"count":0,"href":"https:\/\/www.africa-press.net\/madagascar\/wp-json\/wp\/v2\/posts\/23811\/revisions"}],"wp:featuredmedia":[{"embeddable":true,"href":"https:\/\/www.africa-press.net\/madagascar\/wp-json\/wp\/v2\/media\/23810"}],"wp:attachment":[{"href":"https:\/\/www.africa-press.net\/madagascar\/wp-json\/wp\/v2\/media?parent=23811"}],"wp:term":[{"taxonomy":"category","embeddable":true,"href":"https:\/\/www.africa-press.net\/madagascar\/wp-json\/wp\/v2\/categories?post=23811"},{"taxonomy":"post_tag","embeddable":true,"href":"https:\/\/www.africa-press.net\/madagascar\/wp-json\/wp\/v2\/tags?post=23811"}],"curies":[{"name":"wp","href":"https:\/\/api.w.org\/{rel}","templated":true}]}}