{"id":23817,"date":"2024-01-10T18:02:02","date_gmt":"2024-01-10T18:02:02","guid":{"rendered":"https:\/\/www.africa-press.net\/madagascar\/politique\/exposition-lifm-rend-hommage-a-ndrematoa"},"modified":"2024-01-10T19:28:59","modified_gmt":"2024-01-10T19:28:59","slug":"exposition-lifm-rend-hommage-a-ndrematoa","status":"publish","type":"post","link":"https:\/\/www.africa-press.net\/madagascar\/culture-et-art\/exposition-lifm-rend-hommage-a-ndrematoa","title":{"rendered":"EXPOSITION &#8211; L\u2019IFM rend hommage \u00e0 Ndrematoa"},"content":{"rendered":"<p><span style=\"color: #ff6600\"><strong>Africa-Press &#8211; Madagascar. <\/strong><\/span>Une exposition en hommage a\u0300 Ndrematoa est organise\u0301e a\u0300 l\u2019IFM Analakely. Elle retrace le chemin parcouru par ce grand be\u0301de\u0301iste malgache.<\/p>\n<p>Actuellement, l\u2019Institut Franc\u0327ais de Madagascar (IFM) rend hommage a\u0300 Dieudonne\u0301 Rakotonomenjanahary dit Ndrematoa, un be\u0301de\u0301iste, de\u0301ce\u0301de\u0301 le 11 novembre 2023 a\u0300 l\u2019a\u0302ge de 67 ans. Cette reconnaissance se concre\u0301tise par une exposition discre\u0300te de ses archives et de ses dessins, a\u0300 de\u0301couvrir jusqu\u2019au 31 janvier a\u0300 la me\u0301diathe\u0300que Analakely. Au c\u0153ur de cette exposition se trouvent neuf livres qui capturent l\u2019essence me\u0302me de son art.<\/p>\n<p>Des \u0153uvres emble\u0301matiques telles que \u00abAventures dans l\u2019oce\u0301an Indien\u00bb, \u00abLa porte du Sud\u00bb, \u00abPolifika\u00bb, \u00abCommissaire Kouame\u0301\u00bb, et bien d\u2019autres, te\u0301moignent de son ge\u0301nie artistique. Des collaborations notables avec des personnalite\u0301s telles qu\u2019E\u0301mile Bravo, Alexandre Astier, Steven Dupre\u0301, Ana Penyas, Sabien Clement, Mieke Versyp, Linnea Sterte, et me\u0302me une immersion dans l\u2019univers musical avec \u00abKiss The Sky\u00bb de Jimi Hendrix ont e\u0301galement marque\u0301 son parcours. \u00ab De ses premiers coups de crayon au charbon lorsqu\u2019il e\u0301tait enfant, au Festival d\u2019Angoule\u0302me, Ndrematoa, retraite\u0301 de l\u2019IFM pour lequel il avait travaille\u0301 pendant pre\u0300s de 30 ans, a trace\u0301 son chemin avec une douceur discre\u0300te. Ses dessins, empreints de l\u2019a\u0302me vivante de Madagascar, ont e\u0301te\u0301 les te\u0301moins silencieux de l\u2019e\u0301volution de son pays, capturant les sourires et les re\u0301alite\u0301s dans un ballet de traits complexes, aussi dro\u0302les que corrosifs\u00bb, souligne la responsable de l\u2019IFM.<\/p>\n<p><b>Ambassadeur<\/b><\/p>\n<p>Ndrematoa a pre\u0301sente\u0301 ses meilleures caricatures et remporte\u0301 le premier concours de bande dessine\u0301e organise\u0301 par le Centre Culturel Albert Camus (CCAC) en 1984 qui est l\u2019IFM actuel, ouvrant ainsi la voie a\u0300 sa participation a\u0300 la 13e e\u0301dition du ce\u0301le\u0300bre Festival d\u2019Angoule\u0302me l\u2019anne\u0301e suivante.<\/p>\n<p>\u00ab A\u0300 l\u2019e\u0301poque, j\u2019ai rencontre\u0301 Ndrematoa une fois par mois chaque jeudi au CCAC pour l\u2019organisation du Festival Gasy Bulle destine\u0301 aux be\u0301de\u0301istes malgaches. Nous avons partage\u0301 des expositions en 2008, 2009, 2010. Ndrematoa a un style unique sur la bande dessine\u0301e qui est tre\u0300s spe\u0301cial \u00bb, se reme\u0301more l\u2019artiste AIRJP Tagman. De\u0300s l\u2019a\u0302ge de six ans, Ndrematoa avait commence\u0301 a\u0300 dessiner avec un morceau de charbon, re\u0301ve\u0301lant ainsi son talent d\u2019autodidacte au fil des ans.<\/p>\n<p>Caricaturiste au quotidien Atrika et a\u0300 l\u2019hebdomadaire Vaovao dans les anne\u0301es 80, il a repre\u0301sente\u0301 avec brio Madagascar dans divers festivals de\u0301die\u0301s a\u0300 cet art. \u00ab Depuis mon enfance, j\u2019e\u0301tais fan de sa bande dessine\u0301e sur les journaux, surtout sur des personnages humoristiques, mais il ne lui donnait pas de nom. En tant que be\u0301de\u0301iste, nous nous sommes rencontre\u0301s souvent au CCAC depuis 2003. J\u2019ai de\u0301couvert sa simplicite\u0301 et son sens de l\u2019humour unique que j\u2019avais vu dans les journaux de mon enfance. Nous e\u0301tions des e\u0301diteurs du Festival Des Bulles dans l\u2019Oce\u0301an a\u0300 La Re\u0301union. Il m\u2019a tout raconte\u0301 de son parcours pour me motiver. Nous l\u2019avons invite\u0301 a\u0300 Paris en 2021 pour le Festival SO BD pour un te\u0301moignage artistique, lui et moi \u00bb, te\u0301moigne le be\u0301de\u0301iste William Rasoanaivo dit Pov.<\/p>\n<p><strong>Pour plus d&rsquo;informations et d&rsquo;analyses sur la <a href=\"https:\/\/www.africa-press.net\/madagascar\">Madagascar<\/a>, suivez <a href=\"https:\/\/www.africa-press.net\/\">Africa-Press<\/a><\/strong><\/p>\n","protected":false},"excerpt":{"rendered":"<p>Africa-Press &#8211; Madagascar. Une exposition en hommage a\u0300 Ndrematoa est organise\u0301e a\u0300 l\u2019IFM Analakely. Elle retrace le chemin parcouru par ce grand be\u0301de\u0301iste malgache. Actuellement, l\u2019Institut Franc\u0327ais de Madagascar (IFM) rend hommage a\u0300 Dieudonne\u0301 Rakotonomenjanahary dit Ndrematoa, un be\u0301de\u0301iste, de\u0301ce\u0301de\u0301 le 11 novembre 2023 a\u0300 l\u2019a\u0302ge de 67 ans. Cette reconnaissance se concre\u0301tise par une [&hellip;]<\/p>\n","protected":false},"author":82,"featured_media":23816,"comment_status":"open","ping_status":"closed","sticky":false,"template":"","format":"standard","meta":{"footnotes":""},"categories":[5,10],"tags":[36,50,49],"class_list":["post-23817","post","type-post","status-publish","format-standard","has-post-thumbnail","hentry","category-culture-et-art","category-toutes-les-actualites","tag-africa-press","tag-africa-press-madagascar","tag-madagascar"],"yoast_head":"<!-- This site is optimized with the Yoast SEO Premium plugin v26.1 (Yoast SEO v27.0) - https:\/\/yoast.com\/product\/yoast-seo-premium-wordpress\/ -->\n<title>EXPOSITION - L\u2019IFM rend hommage \u00e0 Ndrematoa - Madagascar<\/title>\n<meta name=\"description\" content=\"Une exposition en hommage a\u0300 Ndrematoa est organise\u0301e a\u0300 l\u2019IFM Analakely. Elle retrace le chemin parcouru par ce grand b ...\" \/>\n<meta name=\"robots\" content=\"index, follow, max-snippet:-1, max-image-preview:large, max-video-preview:-1\" \/>\n<link rel=\"canonical\" href=\"https:\/\/www.africa-press.net\/madagascar\/culture-et-art\/exposition-lifm-rend-hommage-a-ndrematoa\" \/>\n<meta property=\"og:locale\" content=\"fr_FR\" \/>\n<meta property=\"og:type\" content=\"article\" \/>\n<meta property=\"og:title\" content=\"EXPOSITION - L\u2019IFM rend hommage \u00e0 Ndrematoa\" \/>\n<meta property=\"og:description\" content=\"Une exposition en hommage a\u0300 Ndrematoa est organise\u0301e a\u0300 l\u2019IFM Analakely. Elle retrace le chemin parcouru par ce grand b ...\" \/>\n<meta property=\"og:url\" content=\"https:\/\/www.africa-press.net\/madagascar\/culture-et-art\/exposition-lifm-rend-hommage-a-ndrematoa\" \/>\n<meta property=\"og:site_name\" content=\"Madagascar\" \/>\n<meta property=\"article:published_time\" content=\"2024-01-10T18:02:02+00:00\" \/>\n<meta property=\"article:modified_time\" content=\"2024-01-10T19:28:59+00:00\" \/>\n<meta property=\"og:image\" content=\"https:\/\/static.africa-press.net\/madagascar\/sites\/56\/2024\/01\/sm_1704898712.741326.jpg\" \/>\n\t<meta property=\"og:image:width\" content=\"1193\" \/>\n\t<meta property=\"og:image:height\" content=\"601\" \/>\n\t<meta property=\"og:image:type\" content=\"image\/jpeg\" \/>\n<meta name=\"author\" content=\"cfeditorfr\" \/>\n<meta name=\"twitter:card\" content=\"summary_large_image\" \/>\n<meta name=\"twitter:label1\" content=\"\u00c9crit par\" \/>\n\t<meta name=\"twitter:data1\" content=\"cfeditorfr\" \/>\n\t<meta name=\"twitter:label2\" content=\"Dur\u00e9e de lecture estim\u00e9e\" \/>\n\t<meta name=\"twitter:data2\" content=\"3 minutes\" \/>\n<script type=\"application\/ld+json\" class=\"yoast-schema-graph\">{\"@context\":\"https:\/\/schema.org\",\"@graph\":[{\"@type\":\"Article\",\"@id\":\"https:\/\/www.africa-press.net\/madagascar\/culture-et-art\/exposition-lifm-rend-hommage-a-ndrematoa#article\",\"isPartOf\":{\"@id\":\"https:\/\/www.africa-press.net\/madagascar\/culture-et-art\/exposition-lifm-rend-hommage-a-ndrematoa\"},\"author\":{\"name\":\"cfeditorfr\",\"@id\":\"https:\/\/www.africa-press.net\/madagascar\/#\/schema\/person\/2b1cf3cd81a31e3cd26889ca66d677f1\"},\"headline\":\"EXPOSITION &#8211; L\u2019IFM rend hommage \u00e0 Ndrematoa\",\"datePublished\":\"2024-01-10T18:02:02+00:00\",\"dateModified\":\"2024-01-10T19:28:59+00:00\",\"mainEntityOfPage\":{\"@id\":\"https:\/\/www.africa-press.net\/madagascar\/culture-et-art\/exposition-lifm-rend-hommage-a-ndrematoa\"},\"wordCount\":589,\"commentCount\":0,\"image\":{\"@id\":\"https:\/\/www.africa-press.net\/madagascar\/culture-et-art\/exposition-lifm-rend-hommage-a-ndrematoa#primaryimage\"},\"thumbnailUrl\":\"https:\/\/static.africa-press.net\/madagascar\/sites\/56\/2024\/01\/sm_1704898712.741326.jpg\",\"keywords\":[\"Africa Press\",\"Africa Press-Madagascar\",\"Madagascar\"],\"articleSection\":[\"Culture et Art\",\"Toutes les actualit\u00e9s\"],\"inLanguage\":\"fr-FR\",\"potentialAction\":[{\"@type\":\"CommentAction\",\"name\":\"Comment\",\"target\":[\"https:\/\/www.africa-press.net\/madagascar\/culture-et-art\/exposition-lifm-rend-hommage-a-ndrematoa#respond\"]}]},{\"@type\":\"WebPage\",\"@id\":\"https:\/\/www.africa-press.net\/madagascar\/culture-et-art\/exposition-lifm-rend-hommage-a-ndrematoa\",\"url\":\"https:\/\/www.africa-press.net\/madagascar\/culture-et-art\/exposition-lifm-rend-hommage-a-ndrematoa\",\"name\":\"EXPOSITION - L\u2019IFM rend hommage \u00e0 Ndrematoa - Madagascar\",\"isPartOf\":{\"@id\":\"https:\/\/www.africa-press.net\/madagascar\/#website\"},\"primaryImageOfPage\":{\"@id\":\"https:\/\/www.africa-press.net\/madagascar\/culture-et-art\/exposition-lifm-rend-hommage-a-ndrematoa#primaryimage\"},\"image\":{\"@id\":\"https:\/\/www.africa-press.net\/madagascar\/culture-et-art\/exposition-lifm-rend-hommage-a-ndrematoa#primaryimage\"},\"thumbnailUrl\":\"https:\/\/static.africa-press.net\/madagascar\/sites\/56\/2024\/01\/sm_1704898712.741326.jpg\",\"datePublished\":\"2024-01-10T18:02:02+00:00\",\"dateModified\":\"2024-01-10T19:28:59+00:00\",\"author\":{\"@id\":\"https:\/\/www.africa-press.net\/madagascar\/#\/schema\/person\/2b1cf3cd81a31e3cd26889ca66d677f1\"},\"description\":\"Une exposition en hommage a\u0300 Ndrematoa est organise\u0301e a\u0300 l\u2019IFM Analakely. Elle retrace le chemin parcouru par ce grand b ...\",\"breadcrumb\":{\"@id\":\"https:\/\/www.africa-press.net\/madagascar\/culture-et-art\/exposition-lifm-rend-hommage-a-ndrematoa#breadcrumb\"},\"inLanguage\":\"fr-FR\",\"potentialAction\":[{\"@type\":\"ReadAction\",\"target\":[\"https:\/\/www.africa-press.net\/madagascar\/culture-et-art\/exposition-lifm-rend-hommage-a-ndrematoa\"]}]},{\"@type\":\"ImageObject\",\"inLanguage\":\"fr-FR\",\"@id\":\"https:\/\/www.africa-press.net\/madagascar\/culture-et-art\/exposition-lifm-rend-hommage-a-ndrematoa#primaryimage\",\"url\":\"https:\/\/static.africa-press.net\/madagascar\/sites\/56\/2024\/01\/sm_1704898712.741326.jpg\",\"contentUrl\":\"https:\/\/static.africa-press.net\/madagascar\/sites\/56\/2024\/01\/sm_1704898712.741326.jpg\",\"width\":1193,\"height\":601,\"caption\":\"EXPOSITION - L\u2019IFM rend hommage \u00e0 Ndrematoa\"},{\"@type\":\"BreadcrumbList\",\"@id\":\"https:\/\/www.africa-press.net\/madagascar\/culture-et-art\/exposition-lifm-rend-hommage-a-ndrematoa#breadcrumb\",\"itemListElement\":[{\"@type\":\"ListItem\",\"position\":1,\"name\":\"Accueil\",\"item\":\"https:\/\/www.africa-press.net\/madagascar\/\"},{\"@type\":\"ListItem\",\"position\":2,\"name\":\"EXPOSITION &#8211; L\u2019IFM rend hommage \u00e0 Ndrematoa\"}]},{\"@type\":\"WebSite\",\"@id\":\"https:\/\/www.africa-press.net\/madagascar\/#website\",\"url\":\"https:\/\/www.africa-press.net\/madagascar\/\",\"name\":\"Madagascar\",\"description\":\"Just another Africa News Agency Sites site\",\"potentialAction\":[{\"@type\":\"SearchAction\",\"target\":{\"@type\":\"EntryPoint\",\"urlTemplate\":\"https:\/\/www.africa-press.net\/madagascar\/?s={search_term_string}\"},\"query-input\":{\"@type\":\"PropertyValueSpecification\",\"valueRequired\":true,\"valueName\":\"search_term_string\"}}],\"inLanguage\":\"fr-FR\"},{\"@type\":\"Person\",\"@id\":\"https:\/\/www.africa-press.net\/madagascar\/#\/schema\/person\/2b1cf3cd81a31e3cd26889ca66d677f1\",\"name\":\"cfeditorfr\"}]}<\/script>\n<!-- \/ Yoast SEO Premium plugin. -->","yoast_head_json":{"title":"EXPOSITION - L\u2019IFM rend hommage \u00e0 Ndrematoa - Madagascar","description":"Une exposition en hommage a\u0300 Ndrematoa est organise\u0301e a\u0300 l\u2019IFM Analakely. Elle retrace le chemin parcouru par ce grand b ...","robots":{"index":"index","follow":"follow","max-snippet":"max-snippet:-1","max-image-preview":"max-image-preview:large","max-video-preview":"max-video-preview:-1"},"canonical":"https:\/\/www.africa-press.net\/madagascar\/culture-et-art\/exposition-lifm-rend-hommage-a-ndrematoa","og_locale":"fr_FR","og_type":"article","og_title":"EXPOSITION - L\u2019IFM rend hommage \u00e0 Ndrematoa","og_description":"Une exposition en hommage a\u0300 Ndrematoa est organise\u0301e a\u0300 l\u2019IFM Analakely. Elle retrace le chemin parcouru par ce grand b ...","og_url":"https:\/\/www.africa-press.net\/madagascar\/culture-et-art\/exposition-lifm-rend-hommage-a-ndrematoa","og_site_name":"Madagascar","article_published_time":"2024-01-10T18:02:02+00:00","article_modified_time":"2024-01-10T19:28:59+00:00","og_image":[{"width":1193,"height":601,"url":"https:\/\/static.africa-press.net\/madagascar\/sites\/56\/2024\/01\/sm_1704898712.741326.jpg","type":"image\/jpeg"}],"author":"cfeditorfr","twitter_card":"summary_large_image","twitter_misc":{"\u00c9crit par":"cfeditorfr","Dur\u00e9e de lecture estim\u00e9e":"3 minutes"},"schema":{"@context":"https:\/\/schema.org","@graph":[{"@type":"Article","@id":"https:\/\/www.africa-press.net\/madagascar\/culture-et-art\/exposition-lifm-rend-hommage-a-ndrematoa#article","isPartOf":{"@id":"https:\/\/www.africa-press.net\/madagascar\/culture-et-art\/exposition-lifm-rend-hommage-a-ndrematoa"},"author":{"name":"cfeditorfr","@id":"https:\/\/www.africa-press.net\/madagascar\/#\/schema\/person\/2b1cf3cd81a31e3cd26889ca66d677f1"},"headline":"EXPOSITION &#8211; L\u2019IFM rend hommage \u00e0 Ndrematoa","datePublished":"2024-01-10T18:02:02+00:00","dateModified":"2024-01-10T19:28:59+00:00","mainEntityOfPage":{"@id":"https:\/\/www.africa-press.net\/madagascar\/culture-et-art\/exposition-lifm-rend-hommage-a-ndrematoa"},"wordCount":589,"commentCount":0,"image":{"@id":"https:\/\/www.africa-press.net\/madagascar\/culture-et-art\/exposition-lifm-rend-hommage-a-ndrematoa#primaryimage"},"thumbnailUrl":"https:\/\/static.africa-press.net\/madagascar\/sites\/56\/2024\/01\/sm_1704898712.741326.jpg","keywords":["Africa Press","Africa Press-Madagascar","Madagascar"],"articleSection":["Culture et Art","Toutes les actualit\u00e9s"],"inLanguage":"fr-FR","potentialAction":[{"@type":"CommentAction","name":"Comment","target":["https:\/\/www.africa-press.net\/madagascar\/culture-et-art\/exposition-lifm-rend-hommage-a-ndrematoa#respond"]}]},{"@type":"WebPage","@id":"https:\/\/www.africa-press.net\/madagascar\/culture-et-art\/exposition-lifm-rend-hommage-a-ndrematoa","url":"https:\/\/www.africa-press.net\/madagascar\/culture-et-art\/exposition-lifm-rend-hommage-a-ndrematoa","name":"EXPOSITION - L\u2019IFM rend hommage \u00e0 Ndrematoa - Madagascar","isPartOf":{"@id":"https:\/\/www.africa-press.net\/madagascar\/#website"},"primaryImageOfPage":{"@id":"https:\/\/www.africa-press.net\/madagascar\/culture-et-art\/exposition-lifm-rend-hommage-a-ndrematoa#primaryimage"},"image":{"@id":"https:\/\/www.africa-press.net\/madagascar\/culture-et-art\/exposition-lifm-rend-hommage-a-ndrematoa#primaryimage"},"thumbnailUrl":"https:\/\/static.africa-press.net\/madagascar\/sites\/56\/2024\/01\/sm_1704898712.741326.jpg","datePublished":"2024-01-10T18:02:02+00:00","dateModified":"2024-01-10T19:28:59+00:00","author":{"@id":"https:\/\/www.africa-press.net\/madagascar\/#\/schema\/person\/2b1cf3cd81a31e3cd26889ca66d677f1"},"description":"Une exposition en hommage a\u0300 Ndrematoa est organise\u0301e a\u0300 l\u2019IFM Analakely. Elle retrace le chemin parcouru par ce grand b ...","breadcrumb":{"@id":"https:\/\/www.africa-press.net\/madagascar\/culture-et-art\/exposition-lifm-rend-hommage-a-ndrematoa#breadcrumb"},"inLanguage":"fr-FR","potentialAction":[{"@type":"ReadAction","target":["https:\/\/www.africa-press.net\/madagascar\/culture-et-art\/exposition-lifm-rend-hommage-a-ndrematoa"]}]},{"@type":"ImageObject","inLanguage":"fr-FR","@id":"https:\/\/www.africa-press.net\/madagascar\/culture-et-art\/exposition-lifm-rend-hommage-a-ndrematoa#primaryimage","url":"https:\/\/static.africa-press.net\/madagascar\/sites\/56\/2024\/01\/sm_1704898712.741326.jpg","contentUrl":"https:\/\/static.africa-press.net\/madagascar\/sites\/56\/2024\/01\/sm_1704898712.741326.jpg","width":1193,"height":601,"caption":"EXPOSITION - L\u2019IFM rend hommage \u00e0 Ndrematoa"},{"@type":"BreadcrumbList","@id":"https:\/\/www.africa-press.net\/madagascar\/culture-et-art\/exposition-lifm-rend-hommage-a-ndrematoa#breadcrumb","itemListElement":[{"@type":"ListItem","position":1,"name":"Accueil","item":"https:\/\/www.africa-press.net\/madagascar\/"},{"@type":"ListItem","position":2,"name":"EXPOSITION &#8211; L\u2019IFM rend hommage \u00e0 Ndrematoa"}]},{"@type":"WebSite","@id":"https:\/\/www.africa-press.net\/madagascar\/#website","url":"https:\/\/www.africa-press.net\/madagascar\/","name":"Madagascar","description":"Just another Africa News Agency Sites site","potentialAction":[{"@type":"SearchAction","target":{"@type":"EntryPoint","urlTemplate":"https:\/\/www.africa-press.net\/madagascar\/?s={search_term_string}"},"query-input":{"@type":"PropertyValueSpecification","valueRequired":true,"valueName":"search_term_string"}}],"inLanguage":"fr-FR"},{"@type":"Person","@id":"https:\/\/www.africa-press.net\/madagascar\/#\/schema\/person\/2b1cf3cd81a31e3cd26889ca66d677f1","name":"cfeditorfr"}]}},"_links":{"self":[{"href":"https:\/\/www.africa-press.net\/madagascar\/wp-json\/wp\/v2\/posts\/23817","targetHints":{"allow":["GET"]}}],"collection":[{"href":"https:\/\/www.africa-press.net\/madagascar\/wp-json\/wp\/v2\/posts"}],"about":[{"href":"https:\/\/www.africa-press.net\/madagascar\/wp-json\/wp\/v2\/types\/post"}],"author":[{"embeddable":true,"href":"https:\/\/www.africa-press.net\/madagascar\/wp-json\/wp\/v2\/users\/82"}],"replies":[{"embeddable":true,"href":"https:\/\/www.africa-press.net\/madagascar\/wp-json\/wp\/v2\/comments?post=23817"}],"version-history":[{"count":0,"href":"https:\/\/www.africa-press.net\/madagascar\/wp-json\/wp\/v2\/posts\/23817\/revisions"}],"wp:featuredmedia":[{"embeddable":true,"href":"https:\/\/www.africa-press.net\/madagascar\/wp-json\/wp\/v2\/media\/23816"}],"wp:attachment":[{"href":"https:\/\/www.africa-press.net\/madagascar\/wp-json\/wp\/v2\/media?parent=23817"}],"wp:term":[{"taxonomy":"category","embeddable":true,"href":"https:\/\/www.africa-press.net\/madagascar\/wp-json\/wp\/v2\/categories?post=23817"},{"taxonomy":"post_tag","embeddable":true,"href":"https:\/\/www.africa-press.net\/madagascar\/wp-json\/wp\/v2\/tags?post=23817"}],"curies":[{"name":"wp","href":"https:\/\/api.w.org\/{rel}","templated":true}]}}