{"id":23860,"date":"2024-01-11T11:48:25","date_gmt":"2024-01-11T11:48:25","guid":{"rendered":"https:\/\/www.africa-press.net\/madagascar\/politique\/conjoncture-le-nonce-apostolique-appelle-a-lapaisement"},"modified":"2024-01-11T12:53:13","modified_gmt":"2024-01-11T12:53:13","slug":"conjoncture-le-nonce-apostolique-appelle-a-lapaisement","status":"publish","type":"post","link":"https:\/\/www.africa-press.net\/madagascar\/politique\/conjoncture-le-nonce-apostolique-appelle-a-lapaisement","title":{"rendered":"CONJONCTURE &#8211; Le Nonce Apostolique appelle \u00e0 l\u2019apaisement"},"content":{"rendered":"<p><span style=\"color: #ff6600\"><strong>Africa-Press &#8211; Madagascar. <\/strong><\/span>Monseigneur Thomasz Grysa, Nonce Apostolique, a prononce\u0301 ses v\u0153ux pour la nouvelle anne\u0301e, dans une vide\u0301o publie\u0301e hier. Il appelle de ses v\u0153ux la paix et la re\u0301conciliation a\u0300 Madagascar.<\/p>\n<p>La paix et la re\u0301conciliation. C\u2019est a\u0300 quoi Monseigneur Thomasz Grysa, Nonce Apostolique, appelle de ses v\u0153ux pour la population malgache, en cette nouvelle anne\u0301e. Des v\u0153ux qu\u2019il a prononce\u0301s dans une vide\u0301o diffuse\u0301e sur la page Facebook de la radio Don Bosco, hier.<\/p>\n<p>\u201cL\u2019anne\u0301e dernie\u0300re, nous avons eu un peu de tension a\u0300 cause des e\u0301ve\u0301nements politiques. Mais, cette anne\u0301e, il faut commencer sous le signe de la paix. C\u2019est en fait le message central de Noe\u0308l, la paix\u201d, de\u0301clare le repre\u0301sentant diplomatique du Vatican, sie\u0300ge de l\u2019E\u0301glise catholique apostolique romaine (ECAR). Sur sa lance\u0301e, le pre\u0301lat ajoute, \u201cnous devons e\u0302tre capables de nous re\u0301concilier, de vivre ensemble, de revenir au principe du Fihavanana\u201d.<\/p>\n<p>Le concept du Fihavanana conjugue les valeurs que sont la re\u0301conciliation, le pardon, la que\u0302te de consensus pour l\u2019inte\u0301re\u0302t commun et la paix. \u201cCe principe dont Madagascar peut e\u0302tre fier, mais qu\u2019il faut quand me\u0302me mettre en pratique\u201d, souligne Monseigneur Thomasz Grysa. Effectivement, bien que claironne\u0301 a\u0300 souhait et vocife\u0301re\u0301 a\u0300 tout vent, le principe du Fihavanana est rarement applique\u0301 dans les joutes politiques, notamment, pour re\u0301soudre et mettre fin aux querelles qui chamboulent la vie de la nation.<\/p>\n<p>Arrive\u0301 au tout de\u0301but de l\u2019anne\u0301e 2023, Monseigneur Thomasz Grysa, comme d\u2019autres diplomates, a du\u0302 se mettre rapidement au fait de la situation nationale. L\u2019atmosphe\u0300re politique dans la Grande i\u0302le a commence\u0301 a\u0300 se re\u0301chauffer face a\u0300 la perspective de l\u2019e\u0301lection pre\u0301sidentielle. A\u0300 l\u2019instar de ses pairs au sein du corps diplomatique, et la communaute\u0301 internationale, le Nonce Apostolique a visiblement e\u0301te\u0301 tenu en haleine par le bras de fer politique et les manifestations populaires ayant agite\u0301 la pe\u0301riode pre\u0301-e\u0301lectorale.<\/p>\n<p>Tout comme ses pairs au sein du corps diplomatique et une partie de l\u2019opinion nationale et internationale, le repre\u0301sentant du Pape a probablement pousse\u0301 un ouf de soulagement sur l\u2019issue apaise\u0301e de l\u2019e\u0301lection pre\u0301sidentielle. Une frange de la classe politique tambourinait, en effet, la pre\u0301diction selon laquelle le maintien du scrutin allait conduire la nation au chaos.<\/p>\n<p><b>Collaboration<\/b><\/p>\n<p>Toujours dans la droite de la position de la communaute\u0301 internationale, le Nonce Apostolique appelle a\u0300 pre\u0301server l\u2019apaisement politique acquis durant et apre\u0300s l\u2019e\u0301lection pre\u0301sidentielle. D\u2019autant plus que, par la voix de la Confe\u0301rence des e\u0301ve\u0302ques de Madagascar (CEM), l\u2019e\u0301glise catholique a plaide\u0301 pour la tenue de l\u2019e\u0301lection pre\u0301sidentielle. La Confe\u0301rence e\u0301piscopale a avance\u0301 l\u2019argument qu\u2019il appartient au peuple d\u2019e\u0301lire ses dirigeants.<\/p>\n<p>Outre la dimension religieuse de ses mots, les v\u0153ux de re\u0301conciliation et de paix e\u0301mis par Monseigneur Thomasz Grysa, pourraient avoir pour but d\u2019e\u0301viter un relent des vives tensions politiques. Un objectif que partagent aussi les multiples appels a\u0300 l\u2019apaisement lance\u0301s par les partenaires internationaux au lendemain de l\u2019e\u0301lection pre\u0301sidentielle. \u201cIl faut que cette anne\u0301e soit l\u2019anne\u0301e de la paix, de la collaboration, et de la confiance mutuelle, qu\u2019il faut retrouver dans la nation\u201d, ajoute ainsi l\u2019ambassadeur du Saint-Sie\u0300ge.<\/p>\n<p>Une fois encore, les mots du Nonce Apostolique font e\u0301cho aux de\u0301clarations des partenaires internationaux de la Grande i\u0302le. Ces derniers demandent au pre\u0301sident de la Re\u0301publique d\u2019initier des concertations avec ses opposants. Le but est d\u2019e\u0301viter de nouvelles tensions politiques, accompagne\u0301es de velle\u0301ite\u0301 de sortir du cadre constitutionnel. Des concertations pour mettre a\u0300 plat les motifs de contestation, comme le cadre juridique et les institutions e\u0301lectorales.<\/p>\n<p>Pour l\u2019heure, cependant, les te\u0302tes sont ailleurs du co\u0302te\u0301 des tenants du pouvoir. Ces derniers sont pris par la se\u0301lection des futurs membres du gouvernement. De son co\u0302te\u0301, l\u2019opposition qui affirme toujours ne pas reconnai\u0302tre le scrutin pre\u0301sidentiel et ses re\u0301sultats essaie tant bien que mal de rester pre\u0301sent sur la sce\u0300ne politique. Cependant, le mouvement conduit par le collectif des candidats, qui a e\u0301te\u0301 le fer de lance des actions de contestation du pouvoir par l\u2019opposition, s\u2019e\u0301tiole.<\/p>\n<p>Pour tenir leurs partisans en alerte, pourtant, la coalition des anciens pre\u0301tendants a\u0300 la magistrature supre\u0302me affirme syste\u0301matiquement que \u201cla lutte continue\u201d. Au-dela\u0300 des e\u0301changes d\u2019amabilite\u0301 par me\u0301dias interpose\u0301s et le militantisme nume\u0301rique, l\u2019atmosphe\u0300re politique sur terrain est relativement paisible. Toutefois, l\u2019atmosphe\u0300re politique va de nouveau se re\u0301chauffer dans la perspective des e\u0301lections communales et le\u0301gislatives a\u0300 venir. L\u2019objectif est d\u2019avoir un jeu politique et des joutes e\u0301lectorales saines, sans intention de remettre les compteurs re\u0301publicains et de\u0301mocratiques a\u0300 ze\u0301ro.<\/p>\n<p><strong>Pour plus d&rsquo;informations et d&rsquo;analyses sur la <a href=\"https:\/\/www.africa-press.net\/madagascar\">Madagascar<\/a>, suivez <a href=\"https:\/\/www.africa-press.net\/\">Africa-Press<\/a><\/strong><\/p>\n","protected":false},"excerpt":{"rendered":"<p>Africa-Press &#8211; Madagascar. Monseigneur Thomasz Grysa, Nonce Apostolique, a prononce\u0301 ses v\u0153ux pour la nouvelle anne\u0301e, dans une vide\u0301o publie\u0301e hier. Il appelle de ses v\u0153ux la paix et la re\u0301conciliation a\u0300 Madagascar. La paix et la re\u0301conciliation. C\u2019est a\u0300 quoi Monseigneur Thomasz Grysa, Nonce Apostolique, appelle de ses v\u0153ux pour la population malgache, en [&hellip;]<\/p>\n","protected":false},"author":82,"featured_media":23859,"comment_status":"open","ping_status":"closed","sticky":false,"template":"","format":"standard","meta":{"footnotes":""},"categories":[2,20,10],"tags":[36,50,49],"class_list":["post-23860","post","type-post","status-publish","format-standard","has-post-thumbnail","hentry","category-politique","category-top-nouvelles","category-toutes-les-actualites","tag-africa-press","tag-africa-press-madagascar","tag-madagascar"],"yoast_head":"<!-- This site is optimized with the Yoast SEO Premium plugin v26.1 (Yoast SEO v27.0) - https:\/\/yoast.com\/product\/yoast-seo-premium-wordpress\/ -->\n<title>CONJONCTURE - Le Nonce Apostolique appelle \u00e0 l\u2019apaisement - Madagascar<\/title>\n<meta name=\"description\" content=\"Monseigneur Thomasz Grysa, Nonce Apostolique, a prononce\u0301 ses v\u0153ux pour la nouvelle anne\u0301e, dans une vide\u0301o publie\u0301e hie ...\" \/>\n<meta name=\"robots\" content=\"index, follow, max-snippet:-1, max-image-preview:large, max-video-preview:-1\" \/>\n<link rel=\"canonical\" href=\"https:\/\/www.africa-press.net\/madagascar\/politique\/conjoncture-le-nonce-apostolique-appelle-a-lapaisement\" \/>\n<meta property=\"og:locale\" content=\"fr_FR\" \/>\n<meta property=\"og:type\" content=\"article\" \/>\n<meta property=\"og:title\" content=\"CONJONCTURE - Le Nonce Apostolique appelle \u00e0 l\u2019apaisement\" \/>\n<meta property=\"og:description\" content=\"Monseigneur Thomasz Grysa, Nonce Apostolique, a prononce\u0301 ses v\u0153ux pour la nouvelle anne\u0301e, dans une vide\u0301o publie\u0301e hie ...\" \/>\n<meta property=\"og:url\" content=\"https:\/\/www.africa-press.net\/madagascar\/politique\/conjoncture-le-nonce-apostolique-appelle-a-lapaisement\" \/>\n<meta property=\"og:site_name\" content=\"Madagascar\" \/>\n<meta property=\"article:published_time\" content=\"2024-01-11T11:48:25+00:00\" \/>\n<meta property=\"article:modified_time\" content=\"2024-01-11T12:53:13+00:00\" \/>\n<meta property=\"og:image\" content=\"https:\/\/static.africa-press.net\/madagascar\/sites\/56\/2024\/01\/sm_1704961352.689846.jpg\" \/>\n\t<meta property=\"og:image:width\" content=\"1280\" \/>\n\t<meta property=\"og:image:height\" content=\"720\" \/>\n\t<meta property=\"og:image:type\" content=\"image\/jpeg\" \/>\n<meta name=\"author\" content=\"cfeditorfr\" \/>\n<meta name=\"twitter:card\" content=\"summary_large_image\" \/>\n<meta name=\"twitter:label1\" content=\"\u00c9crit par\" \/>\n\t<meta name=\"twitter:data1\" content=\"cfeditorfr\" \/>\n\t<meta name=\"twitter:label2\" content=\"Dur\u00e9e de lecture estim\u00e9e\" \/>\n\t<meta name=\"twitter:data2\" content=\"4 minutes\" \/>\n<script type=\"application\/ld+json\" class=\"yoast-schema-graph\">{\"@context\":\"https:\/\/schema.org\",\"@graph\":[{\"@type\":\"Article\",\"@id\":\"https:\/\/www.africa-press.net\/madagascar\/politique\/conjoncture-le-nonce-apostolique-appelle-a-lapaisement#article\",\"isPartOf\":{\"@id\":\"https:\/\/www.africa-press.net\/madagascar\/politique\/conjoncture-le-nonce-apostolique-appelle-a-lapaisement\"},\"author\":{\"name\":\"cfeditorfr\",\"@id\":\"https:\/\/www.africa-press.net\/madagascar\/#\/schema\/person\/2b1cf3cd81a31e3cd26889ca66d677f1\"},\"headline\":\"CONJONCTURE &#8211; Le Nonce Apostolique appelle \u00e0 l\u2019apaisement\",\"datePublished\":\"2024-01-11T11:48:25+00:00\",\"dateModified\":\"2024-01-11T12:53:13+00:00\",\"mainEntityOfPage\":{\"@id\":\"https:\/\/www.africa-press.net\/madagascar\/politique\/conjoncture-le-nonce-apostolique-appelle-a-lapaisement\"},\"wordCount\":900,\"commentCount\":0,\"image\":{\"@id\":\"https:\/\/www.africa-press.net\/madagascar\/politique\/conjoncture-le-nonce-apostolique-appelle-a-lapaisement#primaryimage\"},\"thumbnailUrl\":\"https:\/\/static.africa-press.net\/madagascar\/sites\/56\/2024\/01\/sm_1704961352.689846.jpg\",\"keywords\":[\"Africa Press\",\"Africa Press-Madagascar\",\"Madagascar\"],\"articleSection\":[\"Politique\",\"Top Nouvelles\",\"Toutes les actualit\u00e9s\"],\"inLanguage\":\"fr-FR\",\"potentialAction\":[{\"@type\":\"CommentAction\",\"name\":\"Comment\",\"target\":[\"https:\/\/www.africa-press.net\/madagascar\/politique\/conjoncture-le-nonce-apostolique-appelle-a-lapaisement#respond\"]}]},{\"@type\":\"WebPage\",\"@id\":\"https:\/\/www.africa-press.net\/madagascar\/politique\/conjoncture-le-nonce-apostolique-appelle-a-lapaisement\",\"url\":\"https:\/\/www.africa-press.net\/madagascar\/politique\/conjoncture-le-nonce-apostolique-appelle-a-lapaisement\",\"name\":\"CONJONCTURE - Le Nonce Apostolique appelle \u00e0 l\u2019apaisement - Madagascar\",\"isPartOf\":{\"@id\":\"https:\/\/www.africa-press.net\/madagascar\/#website\"},\"primaryImageOfPage\":{\"@id\":\"https:\/\/www.africa-press.net\/madagascar\/politique\/conjoncture-le-nonce-apostolique-appelle-a-lapaisement#primaryimage\"},\"image\":{\"@id\":\"https:\/\/www.africa-press.net\/madagascar\/politique\/conjoncture-le-nonce-apostolique-appelle-a-lapaisement#primaryimage\"},\"thumbnailUrl\":\"https:\/\/static.africa-press.net\/madagascar\/sites\/56\/2024\/01\/sm_1704961352.689846.jpg\",\"datePublished\":\"2024-01-11T11:48:25+00:00\",\"dateModified\":\"2024-01-11T12:53:13+00:00\",\"author\":{\"@id\":\"https:\/\/www.africa-press.net\/madagascar\/#\/schema\/person\/2b1cf3cd81a31e3cd26889ca66d677f1\"},\"description\":\"Monseigneur Thomasz Grysa, Nonce Apostolique, a prononce\u0301 ses v\u0153ux pour la nouvelle anne\u0301e, dans une vide\u0301o publie\u0301e hie ...\",\"breadcrumb\":{\"@id\":\"https:\/\/www.africa-press.net\/madagascar\/politique\/conjoncture-le-nonce-apostolique-appelle-a-lapaisement#breadcrumb\"},\"inLanguage\":\"fr-FR\",\"potentialAction\":[{\"@type\":\"ReadAction\",\"target\":[\"https:\/\/www.africa-press.net\/madagascar\/politique\/conjoncture-le-nonce-apostolique-appelle-a-lapaisement\"]}]},{\"@type\":\"ImageObject\",\"inLanguage\":\"fr-FR\",\"@id\":\"https:\/\/www.africa-press.net\/madagascar\/politique\/conjoncture-le-nonce-apostolique-appelle-a-lapaisement#primaryimage\",\"url\":\"https:\/\/static.africa-press.net\/madagascar\/sites\/56\/2024\/01\/sm_1704961352.689846.jpg\",\"contentUrl\":\"https:\/\/static.africa-press.net\/madagascar\/sites\/56\/2024\/01\/sm_1704961352.689846.jpg\",\"width\":1280,\"height\":720,\"caption\":\"CONJONCTURE - Le Nonce Apostolique appelle \u00e0 l\u2019apaisement\"},{\"@type\":\"BreadcrumbList\",\"@id\":\"https:\/\/www.africa-press.net\/madagascar\/politique\/conjoncture-le-nonce-apostolique-appelle-a-lapaisement#breadcrumb\",\"itemListElement\":[{\"@type\":\"ListItem\",\"position\":1,\"name\":\"Accueil\",\"item\":\"https:\/\/www.africa-press.net\/madagascar\/\"},{\"@type\":\"ListItem\",\"position\":2,\"name\":\"CONJONCTURE &#8211; Le Nonce Apostolique appelle \u00e0 l\u2019apaisement\"}]},{\"@type\":\"WebSite\",\"@id\":\"https:\/\/www.africa-press.net\/madagascar\/#website\",\"url\":\"https:\/\/www.africa-press.net\/madagascar\/\",\"name\":\"Madagascar\",\"description\":\"Just another Africa News Agency Sites site\",\"potentialAction\":[{\"@type\":\"SearchAction\",\"target\":{\"@type\":\"EntryPoint\",\"urlTemplate\":\"https:\/\/www.africa-press.net\/madagascar\/?s={search_term_string}\"},\"query-input\":{\"@type\":\"PropertyValueSpecification\",\"valueRequired\":true,\"valueName\":\"search_term_string\"}}],\"inLanguage\":\"fr-FR\"},{\"@type\":\"Person\",\"@id\":\"https:\/\/www.africa-press.net\/madagascar\/#\/schema\/person\/2b1cf3cd81a31e3cd26889ca66d677f1\",\"name\":\"cfeditorfr\"}]}<\/script>\n<!-- \/ Yoast SEO Premium plugin. -->","yoast_head_json":{"title":"CONJONCTURE - Le Nonce Apostolique appelle \u00e0 l\u2019apaisement - Madagascar","description":"Monseigneur Thomasz Grysa, Nonce Apostolique, a prononce\u0301 ses v\u0153ux pour la nouvelle anne\u0301e, dans une vide\u0301o publie\u0301e hie ...","robots":{"index":"index","follow":"follow","max-snippet":"max-snippet:-1","max-image-preview":"max-image-preview:large","max-video-preview":"max-video-preview:-1"},"canonical":"https:\/\/www.africa-press.net\/madagascar\/politique\/conjoncture-le-nonce-apostolique-appelle-a-lapaisement","og_locale":"fr_FR","og_type":"article","og_title":"CONJONCTURE - Le Nonce Apostolique appelle \u00e0 l\u2019apaisement","og_description":"Monseigneur Thomasz Grysa, Nonce Apostolique, a prononce\u0301 ses v\u0153ux pour la nouvelle anne\u0301e, dans une vide\u0301o publie\u0301e hie ...","og_url":"https:\/\/www.africa-press.net\/madagascar\/politique\/conjoncture-le-nonce-apostolique-appelle-a-lapaisement","og_site_name":"Madagascar","article_published_time":"2024-01-11T11:48:25+00:00","article_modified_time":"2024-01-11T12:53:13+00:00","og_image":[{"width":1280,"height":720,"url":"https:\/\/static.africa-press.net\/madagascar\/sites\/56\/2024\/01\/sm_1704961352.689846.jpg","type":"image\/jpeg"}],"author":"cfeditorfr","twitter_card":"summary_large_image","twitter_misc":{"\u00c9crit par":"cfeditorfr","Dur\u00e9e de lecture estim\u00e9e":"4 minutes"},"schema":{"@context":"https:\/\/schema.org","@graph":[{"@type":"Article","@id":"https:\/\/www.africa-press.net\/madagascar\/politique\/conjoncture-le-nonce-apostolique-appelle-a-lapaisement#article","isPartOf":{"@id":"https:\/\/www.africa-press.net\/madagascar\/politique\/conjoncture-le-nonce-apostolique-appelle-a-lapaisement"},"author":{"name":"cfeditorfr","@id":"https:\/\/www.africa-press.net\/madagascar\/#\/schema\/person\/2b1cf3cd81a31e3cd26889ca66d677f1"},"headline":"CONJONCTURE &#8211; Le Nonce Apostolique appelle \u00e0 l\u2019apaisement","datePublished":"2024-01-11T11:48:25+00:00","dateModified":"2024-01-11T12:53:13+00:00","mainEntityOfPage":{"@id":"https:\/\/www.africa-press.net\/madagascar\/politique\/conjoncture-le-nonce-apostolique-appelle-a-lapaisement"},"wordCount":900,"commentCount":0,"image":{"@id":"https:\/\/www.africa-press.net\/madagascar\/politique\/conjoncture-le-nonce-apostolique-appelle-a-lapaisement#primaryimage"},"thumbnailUrl":"https:\/\/static.africa-press.net\/madagascar\/sites\/56\/2024\/01\/sm_1704961352.689846.jpg","keywords":["Africa Press","Africa Press-Madagascar","Madagascar"],"articleSection":["Politique","Top Nouvelles","Toutes les actualit\u00e9s"],"inLanguage":"fr-FR","potentialAction":[{"@type":"CommentAction","name":"Comment","target":["https:\/\/www.africa-press.net\/madagascar\/politique\/conjoncture-le-nonce-apostolique-appelle-a-lapaisement#respond"]}]},{"@type":"WebPage","@id":"https:\/\/www.africa-press.net\/madagascar\/politique\/conjoncture-le-nonce-apostolique-appelle-a-lapaisement","url":"https:\/\/www.africa-press.net\/madagascar\/politique\/conjoncture-le-nonce-apostolique-appelle-a-lapaisement","name":"CONJONCTURE - Le Nonce Apostolique appelle \u00e0 l\u2019apaisement - Madagascar","isPartOf":{"@id":"https:\/\/www.africa-press.net\/madagascar\/#website"},"primaryImageOfPage":{"@id":"https:\/\/www.africa-press.net\/madagascar\/politique\/conjoncture-le-nonce-apostolique-appelle-a-lapaisement#primaryimage"},"image":{"@id":"https:\/\/www.africa-press.net\/madagascar\/politique\/conjoncture-le-nonce-apostolique-appelle-a-lapaisement#primaryimage"},"thumbnailUrl":"https:\/\/static.africa-press.net\/madagascar\/sites\/56\/2024\/01\/sm_1704961352.689846.jpg","datePublished":"2024-01-11T11:48:25+00:00","dateModified":"2024-01-11T12:53:13+00:00","author":{"@id":"https:\/\/www.africa-press.net\/madagascar\/#\/schema\/person\/2b1cf3cd81a31e3cd26889ca66d677f1"},"description":"Monseigneur Thomasz Grysa, Nonce Apostolique, a prononce\u0301 ses v\u0153ux pour la nouvelle anne\u0301e, dans une vide\u0301o publie\u0301e hie ...","breadcrumb":{"@id":"https:\/\/www.africa-press.net\/madagascar\/politique\/conjoncture-le-nonce-apostolique-appelle-a-lapaisement#breadcrumb"},"inLanguage":"fr-FR","potentialAction":[{"@type":"ReadAction","target":["https:\/\/www.africa-press.net\/madagascar\/politique\/conjoncture-le-nonce-apostolique-appelle-a-lapaisement"]}]},{"@type":"ImageObject","inLanguage":"fr-FR","@id":"https:\/\/www.africa-press.net\/madagascar\/politique\/conjoncture-le-nonce-apostolique-appelle-a-lapaisement#primaryimage","url":"https:\/\/static.africa-press.net\/madagascar\/sites\/56\/2024\/01\/sm_1704961352.689846.jpg","contentUrl":"https:\/\/static.africa-press.net\/madagascar\/sites\/56\/2024\/01\/sm_1704961352.689846.jpg","width":1280,"height":720,"caption":"CONJONCTURE - Le Nonce Apostolique appelle \u00e0 l\u2019apaisement"},{"@type":"BreadcrumbList","@id":"https:\/\/www.africa-press.net\/madagascar\/politique\/conjoncture-le-nonce-apostolique-appelle-a-lapaisement#breadcrumb","itemListElement":[{"@type":"ListItem","position":1,"name":"Accueil","item":"https:\/\/www.africa-press.net\/madagascar\/"},{"@type":"ListItem","position":2,"name":"CONJONCTURE &#8211; Le Nonce Apostolique appelle \u00e0 l\u2019apaisement"}]},{"@type":"WebSite","@id":"https:\/\/www.africa-press.net\/madagascar\/#website","url":"https:\/\/www.africa-press.net\/madagascar\/","name":"Madagascar","description":"Just another Africa News Agency Sites site","potentialAction":[{"@type":"SearchAction","target":{"@type":"EntryPoint","urlTemplate":"https:\/\/www.africa-press.net\/madagascar\/?s={search_term_string}"},"query-input":{"@type":"PropertyValueSpecification","valueRequired":true,"valueName":"search_term_string"}}],"inLanguage":"fr-FR"},{"@type":"Person","@id":"https:\/\/www.africa-press.net\/madagascar\/#\/schema\/person\/2b1cf3cd81a31e3cd26889ca66d677f1","name":"cfeditorfr"}]}},"_links":{"self":[{"href":"https:\/\/www.africa-press.net\/madagascar\/wp-json\/wp\/v2\/posts\/23860","targetHints":{"allow":["GET"]}}],"collection":[{"href":"https:\/\/www.africa-press.net\/madagascar\/wp-json\/wp\/v2\/posts"}],"about":[{"href":"https:\/\/www.africa-press.net\/madagascar\/wp-json\/wp\/v2\/types\/post"}],"author":[{"embeddable":true,"href":"https:\/\/www.africa-press.net\/madagascar\/wp-json\/wp\/v2\/users\/82"}],"replies":[{"embeddable":true,"href":"https:\/\/www.africa-press.net\/madagascar\/wp-json\/wp\/v2\/comments?post=23860"}],"version-history":[{"count":0,"href":"https:\/\/www.africa-press.net\/madagascar\/wp-json\/wp\/v2\/posts\/23860\/revisions"}],"wp:featuredmedia":[{"embeddable":true,"href":"https:\/\/www.africa-press.net\/madagascar\/wp-json\/wp\/v2\/media\/23859"}],"wp:attachment":[{"href":"https:\/\/www.africa-press.net\/madagascar\/wp-json\/wp\/v2\/media?parent=23860"}],"wp:term":[{"taxonomy":"category","embeddable":true,"href":"https:\/\/www.africa-press.net\/madagascar\/wp-json\/wp\/v2\/categories?post=23860"},{"taxonomy":"post_tag","embeddable":true,"href":"https:\/\/www.africa-press.net\/madagascar\/wp-json\/wp\/v2\/tags?post=23860"}],"curies":[{"name":"wp","href":"https:\/\/api.w.org\/{rel}","templated":true}]}}