{"id":23895,"date":"2024-01-12T09:46:31","date_gmt":"2024-01-12T09:46:31","guid":{"rendered":"https:\/\/www.africa-press.net\/madagascar\/politique\/formation-du-gouvernement-le-premier-ministre-met-les-bouchees-doubles"},"modified":"2024-01-12T11:43:58","modified_gmt":"2024-01-12T11:43:58","slug":"formation-du-gouvernement-le-premier-ministre-met-les-bouchees-doubles","status":"publish","type":"post","link":"https:\/\/www.africa-press.net\/madagascar\/politique\/formation-du-gouvernement-le-premier-ministre-met-les-bouchees-doubles","title":{"rendered":"FORMATION DU GOUVERNEMENT &#8211; Le Premier ministre met les bouch\u00e9es doubles"},"content":{"rendered":"<p><span style=\"color: #ff6600\"><strong>Africa-Press &#8211; Madagascar. <\/strong><\/span>La dernie\u0300re ligne droite. Comme indique\u0301 dans un communique\u0301 de la pre\u0301sidence de la Re\u0301publique, publie\u0301 mercredi, la pre\u0301sentation du nouveau gouvernement se fera en cette fin de semaine. Que \u201cle jeudi 11 janvier, le Premier ministre soumettra au chef de l\u2019E\u0301tat, la liste des noms des ministres propose\u0301s, en vue d\u2019annoncer, en fin de semaine, les nominations du nouveau gouvernement\u201d.<\/p>\n<p>S\u2019agissant des informations sur la mise en place et la pre\u0301sentation de la nouvelle e\u0301quipe gouvernementale, c\u2019e\u0301tait quasiment le calme plat, hier. Autant du co\u0302te\u0301 de la pre\u0301sidence de la Re\u0301publique, que de celui de la primature, rien de probant n\u2019a filtre\u0301. Des indiscre\u0301tions confient que Christian Ntsay, Premier ministre, a mis les bouche\u0301es doubles pour boucler la liste des ministrables. Une liste qui, selon le communique\u0301 publie\u0301 mercredi, devait donc e\u0302tre remise a\u0300 Andry Rajoelina, pre\u0301sident de la Re\u0301publique, hier.<\/p>\n<p><b>Signer et officialiser<\/b><\/p>\n<p>Selon des sources a\u0300 Mahazoarivo, toutefois, jusqu\u2019a\u0300 17 heures 30, hier, le chef du gouvernement n\u2019a pas quitte\u0301 son bureau. Jusqu\u2019a\u0300 l\u2019heure ou\u0300 nous mettons sous presse, la question, \u00abest-ce que le Premier ministre a remis la liste des ministrables au pre\u0301sident de la Re\u0301publique ?\u00bb, est reste\u0301e sans re\u0301ponse. En tout cas, l\u2019e\u0301che\u0301ance indique\u0301e officiellement pour la pre\u0301sentation de la nouvelle e\u0301quipe gouvernementale est cette fin de semaine.<\/p>\n<p>\u00abSur proposition du Premier ministre, il [le pre\u0301sident de la Re\u0301publique] nomme les membres du gouvernement et met fin a\u0300 leurs fonctions\u00bb, dispose la Constitution. Le locataire d\u2019Iavoloha a donc jusqu\u2019a\u0300 dimanche pour signer et officialiser la nomination des nouveaux ministres. Pour aujourd\u2019hui, il est pre\u0301vu que le chef de l\u2019E\u0301tat prenne part a\u0300 la ce\u0301le\u0301bration de la journe\u0301e des officiers, avec les grade\u0301s des Forces arme\u0301es en poste a\u0300 la pre\u0301sidence de la Re\u0301publique, a\u0300 Iavoloha. Un e\u0301ve\u0301nement pre\u0301vu ce matin.<\/p>\n<p>Il n\u2019est cependant pas a\u0300 e\u0301carter que l\u2019emploi du temps pre\u0301sidentiel du jour connaisse une modification, comme pour une pre\u0301sentation du nouveau gouvernement. Ne\u0301anmoins, Andry Rajoelina a jusqu\u2019a\u0300 dimanche pour finaliser ses choix. Comme souligne\u0301 dans le communique\u0301 publie\u0301 mercredi, les ministres qui seront nomme\u0301s ou reconduits auront e\u0301te\u0301 \u00abe\u0301value\u0301s par des experts en recrutement a\u0300 travers des e\u0301preuves et des tests rigoureux et objectifs\u00bb. Sens du leadership, savoirs et expe\u0301riences, mais aussi droiture et inte\u0301grite\u0301, ainsi que l\u2019engagement pour l\u2019inte\u0301re\u0302t ge\u0301ne\u0301ral sont les crite\u0300res de se\u0301lection.<\/p>\n<p><strong>Pour plus d&rsquo;informations et d&rsquo;analyses sur la <a href=\"https:\/\/www.africa-press.net\/madagascar\">Madagascar<\/a>, suivez <a href=\"https:\/\/www.africa-press.net\/\">Africa-Press<\/a><\/strong><\/p>\n","protected":false},"excerpt":{"rendered":"<p>Africa-Press &#8211; Madagascar. La dernie\u0300re ligne droite. Comme indique\u0301 dans un communique\u0301 de la pre\u0301sidence de la Re\u0301publique, publie\u0301 mercredi, la pre\u0301sentation du nouveau gouvernement se fera en cette fin de semaine. Que \u201cle jeudi 11 janvier, le Premier ministre soumettra au chef de l\u2019E\u0301tat, la liste des noms des ministres propose\u0301s, en vue d\u2019annoncer, [&hellip;]<\/p>\n","protected":false},"author":82,"featured_media":23894,"comment_status":"open","ping_status":"closed","sticky":false,"template":"","format":"standard","meta":{"footnotes":""},"categories":[2,20,10],"tags":[36,50,49],"class_list":["post-23895","post","type-post","status-publish","format-standard","has-post-thumbnail","hentry","category-politique","category-top-nouvelles","category-toutes-les-actualites","tag-africa-press","tag-africa-press-madagascar","tag-madagascar"],"yoast_head":"<!-- This site is optimized with the Yoast SEO Premium plugin v26.1 (Yoast SEO v27.0) - https:\/\/yoast.com\/product\/yoast-seo-premium-wordpress\/ -->\n<title>FORMATION DU GOUVERNEMENT - Le Premier ministre met les bouch\u00e9es doubles - Madagascar<\/title>\n<meta name=\"description\" content=\"La dernie\u0300re ligne droite. Comme indique\u0301 dans un communique\u0301 de la pre\u0301sidence de la Re\u0301publique, publie\u0301 mercredi, la ...\" \/>\n<meta name=\"robots\" content=\"index, follow, max-snippet:-1, max-image-preview:large, max-video-preview:-1\" \/>\n<link rel=\"canonical\" href=\"https:\/\/www.africa-press.net\/madagascar\/politique\/formation-du-gouvernement-le-premier-ministre-met-les-bouchees-doubles\" \/>\n<meta property=\"og:locale\" content=\"fr_FR\" \/>\n<meta property=\"og:type\" content=\"article\" \/>\n<meta property=\"og:title\" content=\"FORMATION DU GOUVERNEMENT - Le Premier ministre met les bouch\u00e9es doubles\" \/>\n<meta property=\"og:description\" content=\"La dernie\u0300re ligne droite. Comme indique\u0301 dans un communique\u0301 de la pre\u0301sidence de la Re\u0301publique, publie\u0301 mercredi, la ...\" \/>\n<meta property=\"og:url\" content=\"https:\/\/www.africa-press.net\/madagascar\/politique\/formation-du-gouvernement-le-premier-ministre-met-les-bouchees-doubles\" \/>\n<meta property=\"og:site_name\" content=\"Madagascar\" \/>\n<meta property=\"article:published_time\" content=\"2024-01-12T09:46:31+00:00\" \/>\n<meta property=\"article:modified_time\" content=\"2024-01-12T11:43:58+00:00\" \/>\n<meta property=\"og:image\" content=\"https:\/\/static.africa-press.net\/madagascar\/sites\/56\/2024\/01\/sm_1705043095.718877.jpg\" \/>\n\t<meta property=\"og:image:width\" content=\"983\" \/>\n\t<meta property=\"og:image:height\" content=\"638\" \/>\n\t<meta property=\"og:image:type\" content=\"image\/jpeg\" \/>\n<meta name=\"author\" content=\"cfeditorfr\" \/>\n<meta name=\"twitter:card\" content=\"summary_large_image\" \/>\n<meta name=\"twitter:label1\" content=\"\u00c9crit par\" \/>\n\t<meta name=\"twitter:data1\" content=\"cfeditorfr\" \/>\n\t<meta name=\"twitter:label2\" content=\"Dur\u00e9e de lecture estim\u00e9e\" \/>\n\t<meta name=\"twitter:data2\" content=\"3 minutes\" \/>\n<script type=\"application\/ld+json\" class=\"yoast-schema-graph\">{\"@context\":\"https:\/\/schema.org\",\"@graph\":[{\"@type\":\"Article\",\"@id\":\"https:\/\/www.africa-press.net\/madagascar\/politique\/formation-du-gouvernement-le-premier-ministre-met-les-bouchees-doubles#article\",\"isPartOf\":{\"@id\":\"https:\/\/www.africa-press.net\/madagascar\/politique\/formation-du-gouvernement-le-premier-ministre-met-les-bouchees-doubles\"},\"author\":{\"name\":\"cfeditorfr\",\"@id\":\"https:\/\/www.africa-press.net\/madagascar\/#\/schema\/person\/2b1cf3cd81a31e3cd26889ca66d677f1\"},\"headline\":\"FORMATION DU GOUVERNEMENT &#8211; Le Premier ministre met les bouch\u00e9es doubles\",\"datePublished\":\"2024-01-12T09:46:31+00:00\",\"dateModified\":\"2024-01-12T11:43:58+00:00\",\"mainEntityOfPage\":{\"@id\":\"https:\/\/www.africa-press.net\/madagascar\/politique\/formation-du-gouvernement-le-premier-ministre-met-les-bouchees-doubles\"},\"wordCount\":482,\"commentCount\":0,\"image\":{\"@id\":\"https:\/\/www.africa-press.net\/madagascar\/politique\/formation-du-gouvernement-le-premier-ministre-met-les-bouchees-doubles#primaryimage\"},\"thumbnailUrl\":\"https:\/\/static.africa-press.net\/madagascar\/sites\/56\/2024\/01\/sm_1705043095.718877.jpg\",\"keywords\":[\"Africa Press\",\"Africa Press-Madagascar\",\"Madagascar\"],\"articleSection\":[\"Politique\",\"Top Nouvelles\",\"Toutes les actualit\u00e9s\"],\"inLanguage\":\"fr-FR\",\"potentialAction\":[{\"@type\":\"CommentAction\",\"name\":\"Comment\",\"target\":[\"https:\/\/www.africa-press.net\/madagascar\/politique\/formation-du-gouvernement-le-premier-ministre-met-les-bouchees-doubles#respond\"]}]},{\"@type\":\"WebPage\",\"@id\":\"https:\/\/www.africa-press.net\/madagascar\/politique\/formation-du-gouvernement-le-premier-ministre-met-les-bouchees-doubles\",\"url\":\"https:\/\/www.africa-press.net\/madagascar\/politique\/formation-du-gouvernement-le-premier-ministre-met-les-bouchees-doubles\",\"name\":\"FORMATION DU GOUVERNEMENT - Le Premier ministre met les bouch\u00e9es doubles - Madagascar\",\"isPartOf\":{\"@id\":\"https:\/\/www.africa-press.net\/madagascar\/#website\"},\"primaryImageOfPage\":{\"@id\":\"https:\/\/www.africa-press.net\/madagascar\/politique\/formation-du-gouvernement-le-premier-ministre-met-les-bouchees-doubles#primaryimage\"},\"image\":{\"@id\":\"https:\/\/www.africa-press.net\/madagascar\/politique\/formation-du-gouvernement-le-premier-ministre-met-les-bouchees-doubles#primaryimage\"},\"thumbnailUrl\":\"https:\/\/static.africa-press.net\/madagascar\/sites\/56\/2024\/01\/sm_1705043095.718877.jpg\",\"datePublished\":\"2024-01-12T09:46:31+00:00\",\"dateModified\":\"2024-01-12T11:43:58+00:00\",\"author\":{\"@id\":\"https:\/\/www.africa-press.net\/madagascar\/#\/schema\/person\/2b1cf3cd81a31e3cd26889ca66d677f1\"},\"description\":\"La dernie\u0300re ligne droite. Comme indique\u0301 dans un communique\u0301 de la pre\u0301sidence de la Re\u0301publique, publie\u0301 mercredi, la ...\",\"breadcrumb\":{\"@id\":\"https:\/\/www.africa-press.net\/madagascar\/politique\/formation-du-gouvernement-le-premier-ministre-met-les-bouchees-doubles#breadcrumb\"},\"inLanguage\":\"fr-FR\",\"potentialAction\":[{\"@type\":\"ReadAction\",\"target\":[\"https:\/\/www.africa-press.net\/madagascar\/politique\/formation-du-gouvernement-le-premier-ministre-met-les-bouchees-doubles\"]}]},{\"@type\":\"ImageObject\",\"inLanguage\":\"fr-FR\",\"@id\":\"https:\/\/www.africa-press.net\/madagascar\/politique\/formation-du-gouvernement-le-premier-ministre-met-les-bouchees-doubles#primaryimage\",\"url\":\"https:\/\/static.africa-press.net\/madagascar\/sites\/56\/2024\/01\/sm_1705043095.718877.jpg\",\"contentUrl\":\"https:\/\/static.africa-press.net\/madagascar\/sites\/56\/2024\/01\/sm_1705043095.718877.jpg\",\"width\":983,\"height\":638,\"caption\":\"FORMATION DU GOUVERNEMENT - Le Premier ministre met les bouch\u00e9es doubles\"},{\"@type\":\"BreadcrumbList\",\"@id\":\"https:\/\/www.africa-press.net\/madagascar\/politique\/formation-du-gouvernement-le-premier-ministre-met-les-bouchees-doubles#breadcrumb\",\"itemListElement\":[{\"@type\":\"ListItem\",\"position\":1,\"name\":\"Accueil\",\"item\":\"https:\/\/www.africa-press.net\/madagascar\/\"},{\"@type\":\"ListItem\",\"position\":2,\"name\":\"FORMATION DU GOUVERNEMENT &#8211; Le Premier ministre met les bouch\u00e9es doubles\"}]},{\"@type\":\"WebSite\",\"@id\":\"https:\/\/www.africa-press.net\/madagascar\/#website\",\"url\":\"https:\/\/www.africa-press.net\/madagascar\/\",\"name\":\"Madagascar\",\"description\":\"Just another Africa News Agency Sites site\",\"potentialAction\":[{\"@type\":\"SearchAction\",\"target\":{\"@type\":\"EntryPoint\",\"urlTemplate\":\"https:\/\/www.africa-press.net\/madagascar\/?s={search_term_string}\"},\"query-input\":{\"@type\":\"PropertyValueSpecification\",\"valueRequired\":true,\"valueName\":\"search_term_string\"}}],\"inLanguage\":\"fr-FR\"},{\"@type\":\"Person\",\"@id\":\"https:\/\/www.africa-press.net\/madagascar\/#\/schema\/person\/2b1cf3cd81a31e3cd26889ca66d677f1\",\"name\":\"cfeditorfr\"}]}<\/script>\n<!-- \/ Yoast SEO Premium plugin. -->","yoast_head_json":{"title":"FORMATION DU GOUVERNEMENT - Le Premier ministre met les bouch\u00e9es doubles - Madagascar","description":"La dernie\u0300re ligne droite. Comme indique\u0301 dans un communique\u0301 de la pre\u0301sidence de la Re\u0301publique, publie\u0301 mercredi, la ...","robots":{"index":"index","follow":"follow","max-snippet":"max-snippet:-1","max-image-preview":"max-image-preview:large","max-video-preview":"max-video-preview:-1"},"canonical":"https:\/\/www.africa-press.net\/madagascar\/politique\/formation-du-gouvernement-le-premier-ministre-met-les-bouchees-doubles","og_locale":"fr_FR","og_type":"article","og_title":"FORMATION DU GOUVERNEMENT - Le Premier ministre met les bouch\u00e9es doubles","og_description":"La dernie\u0300re ligne droite. Comme indique\u0301 dans un communique\u0301 de la pre\u0301sidence de la Re\u0301publique, publie\u0301 mercredi, la ...","og_url":"https:\/\/www.africa-press.net\/madagascar\/politique\/formation-du-gouvernement-le-premier-ministre-met-les-bouchees-doubles","og_site_name":"Madagascar","article_published_time":"2024-01-12T09:46:31+00:00","article_modified_time":"2024-01-12T11:43:58+00:00","og_image":[{"width":983,"height":638,"url":"https:\/\/static.africa-press.net\/madagascar\/sites\/56\/2024\/01\/sm_1705043095.718877.jpg","type":"image\/jpeg"}],"author":"cfeditorfr","twitter_card":"summary_large_image","twitter_misc":{"\u00c9crit par":"cfeditorfr","Dur\u00e9e de lecture estim\u00e9e":"3 minutes"},"schema":{"@context":"https:\/\/schema.org","@graph":[{"@type":"Article","@id":"https:\/\/www.africa-press.net\/madagascar\/politique\/formation-du-gouvernement-le-premier-ministre-met-les-bouchees-doubles#article","isPartOf":{"@id":"https:\/\/www.africa-press.net\/madagascar\/politique\/formation-du-gouvernement-le-premier-ministre-met-les-bouchees-doubles"},"author":{"name":"cfeditorfr","@id":"https:\/\/www.africa-press.net\/madagascar\/#\/schema\/person\/2b1cf3cd81a31e3cd26889ca66d677f1"},"headline":"FORMATION DU GOUVERNEMENT &#8211; Le Premier ministre met les bouch\u00e9es doubles","datePublished":"2024-01-12T09:46:31+00:00","dateModified":"2024-01-12T11:43:58+00:00","mainEntityOfPage":{"@id":"https:\/\/www.africa-press.net\/madagascar\/politique\/formation-du-gouvernement-le-premier-ministre-met-les-bouchees-doubles"},"wordCount":482,"commentCount":0,"image":{"@id":"https:\/\/www.africa-press.net\/madagascar\/politique\/formation-du-gouvernement-le-premier-ministre-met-les-bouchees-doubles#primaryimage"},"thumbnailUrl":"https:\/\/static.africa-press.net\/madagascar\/sites\/56\/2024\/01\/sm_1705043095.718877.jpg","keywords":["Africa Press","Africa Press-Madagascar","Madagascar"],"articleSection":["Politique","Top Nouvelles","Toutes les actualit\u00e9s"],"inLanguage":"fr-FR","potentialAction":[{"@type":"CommentAction","name":"Comment","target":["https:\/\/www.africa-press.net\/madagascar\/politique\/formation-du-gouvernement-le-premier-ministre-met-les-bouchees-doubles#respond"]}]},{"@type":"WebPage","@id":"https:\/\/www.africa-press.net\/madagascar\/politique\/formation-du-gouvernement-le-premier-ministre-met-les-bouchees-doubles","url":"https:\/\/www.africa-press.net\/madagascar\/politique\/formation-du-gouvernement-le-premier-ministre-met-les-bouchees-doubles","name":"FORMATION DU GOUVERNEMENT - Le Premier ministre met les bouch\u00e9es doubles - Madagascar","isPartOf":{"@id":"https:\/\/www.africa-press.net\/madagascar\/#website"},"primaryImageOfPage":{"@id":"https:\/\/www.africa-press.net\/madagascar\/politique\/formation-du-gouvernement-le-premier-ministre-met-les-bouchees-doubles#primaryimage"},"image":{"@id":"https:\/\/www.africa-press.net\/madagascar\/politique\/formation-du-gouvernement-le-premier-ministre-met-les-bouchees-doubles#primaryimage"},"thumbnailUrl":"https:\/\/static.africa-press.net\/madagascar\/sites\/56\/2024\/01\/sm_1705043095.718877.jpg","datePublished":"2024-01-12T09:46:31+00:00","dateModified":"2024-01-12T11:43:58+00:00","author":{"@id":"https:\/\/www.africa-press.net\/madagascar\/#\/schema\/person\/2b1cf3cd81a31e3cd26889ca66d677f1"},"description":"La dernie\u0300re ligne droite. Comme indique\u0301 dans un communique\u0301 de la pre\u0301sidence de la Re\u0301publique, publie\u0301 mercredi, la ...","breadcrumb":{"@id":"https:\/\/www.africa-press.net\/madagascar\/politique\/formation-du-gouvernement-le-premier-ministre-met-les-bouchees-doubles#breadcrumb"},"inLanguage":"fr-FR","potentialAction":[{"@type":"ReadAction","target":["https:\/\/www.africa-press.net\/madagascar\/politique\/formation-du-gouvernement-le-premier-ministre-met-les-bouchees-doubles"]}]},{"@type":"ImageObject","inLanguage":"fr-FR","@id":"https:\/\/www.africa-press.net\/madagascar\/politique\/formation-du-gouvernement-le-premier-ministre-met-les-bouchees-doubles#primaryimage","url":"https:\/\/static.africa-press.net\/madagascar\/sites\/56\/2024\/01\/sm_1705043095.718877.jpg","contentUrl":"https:\/\/static.africa-press.net\/madagascar\/sites\/56\/2024\/01\/sm_1705043095.718877.jpg","width":983,"height":638,"caption":"FORMATION DU GOUVERNEMENT - Le Premier ministre met les bouch\u00e9es doubles"},{"@type":"BreadcrumbList","@id":"https:\/\/www.africa-press.net\/madagascar\/politique\/formation-du-gouvernement-le-premier-ministre-met-les-bouchees-doubles#breadcrumb","itemListElement":[{"@type":"ListItem","position":1,"name":"Accueil","item":"https:\/\/www.africa-press.net\/madagascar\/"},{"@type":"ListItem","position":2,"name":"FORMATION DU GOUVERNEMENT &#8211; Le Premier ministre met les bouch\u00e9es doubles"}]},{"@type":"WebSite","@id":"https:\/\/www.africa-press.net\/madagascar\/#website","url":"https:\/\/www.africa-press.net\/madagascar\/","name":"Madagascar","description":"Just another Africa News Agency Sites site","potentialAction":[{"@type":"SearchAction","target":{"@type":"EntryPoint","urlTemplate":"https:\/\/www.africa-press.net\/madagascar\/?s={search_term_string}"},"query-input":{"@type":"PropertyValueSpecification","valueRequired":true,"valueName":"search_term_string"}}],"inLanguage":"fr-FR"},{"@type":"Person","@id":"https:\/\/www.africa-press.net\/madagascar\/#\/schema\/person\/2b1cf3cd81a31e3cd26889ca66d677f1","name":"cfeditorfr"}]}},"_links":{"self":[{"href":"https:\/\/www.africa-press.net\/madagascar\/wp-json\/wp\/v2\/posts\/23895","targetHints":{"allow":["GET"]}}],"collection":[{"href":"https:\/\/www.africa-press.net\/madagascar\/wp-json\/wp\/v2\/posts"}],"about":[{"href":"https:\/\/www.africa-press.net\/madagascar\/wp-json\/wp\/v2\/types\/post"}],"author":[{"embeddable":true,"href":"https:\/\/www.africa-press.net\/madagascar\/wp-json\/wp\/v2\/users\/82"}],"replies":[{"embeddable":true,"href":"https:\/\/www.africa-press.net\/madagascar\/wp-json\/wp\/v2\/comments?post=23895"}],"version-history":[{"count":0,"href":"https:\/\/www.africa-press.net\/madagascar\/wp-json\/wp\/v2\/posts\/23895\/revisions"}],"wp:featuredmedia":[{"embeddable":true,"href":"https:\/\/www.africa-press.net\/madagascar\/wp-json\/wp\/v2\/media\/23894"}],"wp:attachment":[{"href":"https:\/\/www.africa-press.net\/madagascar\/wp-json\/wp\/v2\/media?parent=23895"}],"wp:term":[{"taxonomy":"category","embeddable":true,"href":"https:\/\/www.africa-press.net\/madagascar\/wp-json\/wp\/v2\/categories?post=23895"},{"taxonomy":"post_tag","embeddable":true,"href":"https:\/\/www.africa-press.net\/madagascar\/wp-json\/wp\/v2\/tags?post=23895"}],"curies":[{"name":"wp","href":"https:\/\/api.w.org\/{rel}","templated":true}]}}