{"id":23953,"date":"2024-01-13T20:39:46","date_gmt":"2024-01-13T20:39:46","guid":{"rendered":"https:\/\/www.africa-press.net\/madagascar\/politique\/le-president-rajoelina-appelle-les-officiers-a-leurs-responsabilites-et-devoirs-2"},"modified":"2024-01-13T20:39:46","modified_gmt":"2024-01-13T20:39:46","slug":"le-president-rajoelina-appelle-les-officiers-a-leurs-responsabilites-et-devoirs-2","status":"publish","type":"post","link":"https:\/\/www.africa-press.net\/madagascar\/politique\/le-president-rajoelina-appelle-les-officiers-a-leurs-responsabilites-et-devoirs-2","title":{"rendered":"Le pr\u00e9sident Rajoelina appelle les officiers \u00e0 leurs responsabilit\u00e9s et devoirs"},"content":{"rendered":"<p><span style=\"color: #ff6600\"><strong>Africa-Press &#8211; Madagascar. <\/strong><\/span>Le 12 janvier, journe\u0301e des officiers, le pre\u0301sident de la Re\u0301publique s\u2019est adresse\u0301 aux militaires grade\u0301s du pays. \u00ab Vous avez choisi de servir le pays, vous avez une lourde responsabilite\u0301 envers la protection de la souverainete\u0301 nationale, de la population et de ses biens \u00bb, a entre autres de\u0301clare\u0301 le chef de l\u2019E\u0301tat et e\u0301galement chef supre\u0302me des Arme\u0301es dans une vide\u0301o diffuse\u0301e sur les re\u0301seaux sociaux.<\/p>\n<p>Le pre\u0301sident Rajoelina a rappele\u0301 que cette journe\u0301e a e\u0301te\u0301 institue\u0301e en 1967 pour renforcer la solidarite\u0301 au sein de la grande famille des Arme\u0301es. Il a notamment parle\u0301 d\u2019une solidarite\u0301 d\u2019\u00ab esprit \u00bb et du \u00ab c\u0153ur \u00bb dans l\u2019exercice des fonctions, de\u0301clarant que c\u2019est seulement a\u0300 travers cette notion d\u2019unite\u0301 que les forces de l\u2019ordre arrivent a\u0300 assurer leurs missions et devoirs envers la nation et ses habitats.<\/p>\n<p>Les missions et devoirs des hommes en treillis se re\u0301sument en effet sur \u00ab la mise en place d\u2019une se\u0301curite\u0301 effective, respect de la loi en vigueur et protection des institutions de la Re\u0301publique \u00bb. Point cle\u0301 dans le cadre de l\u2019e\u0301lection pre\u0301sidentielle, en novembre, pour avoir su empe\u0302cher les tentatives de changements anticonstitutionnels que le pays a fro\u0302le\u0301s. Ils sont intervenus a\u0300 plusieurs reprises pour e\u0301tablir l\u2019ordre public dans des manifestations non-autorise\u0301es dans la capitale.<\/p>\n<p>\u00ab Vous e\u0302tes le socle de la se\u0301curite\u0301 du pays \u00bb, a insiste\u0301 le pre\u0301sident de la Re\u0301publique dans son discours, comme pour les remercier et pour les exhorter une fois de plus par rapport a\u0300 ce qui les attend. \u00ab Vous devez prendre les mesures face aux diffe\u0301rentes menaces auxquelles le peuple est expose\u0301 \u00bb. En effet, l\u2019inse\u0301curite\u0301 grandissante dans le pays figure parmi les maux actuels de la population. Mais elle peut e\u0301galement pre\u0301senter des risques pour la stabilite\u0301. Les forces de l\u2019ordre sont alors exhorte\u0301es a\u0300 travailler dur pour faire re\u0301gner la se\u0301curite\u0301 dans le pays.<\/p>\n<p>Andry Rajoelina leur a rappele\u0301 que \u00ab cela demande de l\u2019abne\u0301gation et des efforts continus \u00bb. Il les appelle d\u2019ailleurs a\u0300 assurer leurs ta\u0302ches, missions et devoirs avec le c\u0153ur \u00ab Pour la Nation (&#8230;) Le peuple a besoin de vous et Madagascar mise son estime en vous \u00bb.<\/p>\n<p><strong>Pour plus d&rsquo;informations et d&rsquo;analyses sur la <a href=\"https:\/\/www.africa-press.net\/madagascar\">Madagascar<\/a>, suivez <a href=\"https:\/\/www.africa-press.net\/\">Africa-Press<\/a><\/strong><\/p>\n","protected":false},"excerpt":{"rendered":"<p>Africa-Press &#8211; Madagascar. Le 12 janvier, journe\u0301e des officiers, le pre\u0301sident de la Re\u0301publique s\u2019est adresse\u0301 aux militaires grade\u0301s du pays. \u00ab Vous avez choisi de servir le pays, vous avez une lourde responsabilite\u0301 envers la protection de la souverainete\u0301 nationale, de la population et de ses biens \u00bb, a entre autres de\u0301clare\u0301 le chef [&hellip;]<\/p>\n","protected":false},"author":82,"featured_media":23952,"comment_status":"open","ping_status":"closed","sticky":false,"template":"","format":"standard","meta":{"footnotes":""},"categories":[2,20,10],"tags":[36,50,49],"class_list":["post-23953","post","type-post","status-publish","format-standard","has-post-thumbnail","hentry","category-politique","category-top-nouvelles","category-toutes-les-actualites","tag-africa-press","tag-africa-press-madagascar","tag-madagascar"],"yoast_head":"<!-- This site is optimized with the Yoast SEO Premium plugin v26.1 (Yoast SEO v27.0) - https:\/\/yoast.com\/product\/yoast-seo-premium-wordpress\/ -->\n<title>Le pr\u00e9sident Rajoelina appelle les officiers \u00e0 leurs responsabilit\u00e9s et devoirs - Madagascar<\/title>\n<meta name=\"robots\" content=\"index, follow, max-snippet:-1, max-image-preview:large, max-video-preview:-1\" \/>\n<link rel=\"canonical\" href=\"https:\/\/www.africa-press.net\/madagascar\/politique\/le-president-rajoelina-appelle-les-officiers-a-leurs-responsabilites-et-devoirs-2\" \/>\n<meta property=\"og:locale\" content=\"fr_FR\" \/>\n<meta property=\"og:type\" content=\"article\" \/>\n<meta property=\"og:title\" content=\"Le pr\u00e9sident Rajoelina appelle les officiers \u00e0 leurs responsabilit\u00e9s et devoirs\" \/>\n<meta property=\"og:description\" content=\"Africa-Press &#8211; Madagascar. Le 12 janvier, journe\u0301e des officiers, le pre\u0301sident de la Re\u0301publique s\u2019est adresse\u0301 aux militaires grade\u0301s du pays. \u00ab Vous avez choisi de servir le pays, vous avez une lourde responsabilite\u0301 envers la protection de la souverainete\u0301 nationale, de la population et de ses biens \u00bb, a entre autres de\u0301clare\u0301 le chef [&hellip;]\" \/>\n<meta property=\"og:url\" content=\"https:\/\/www.africa-press.net\/madagascar\/politique\/le-president-rajoelina-appelle-les-officiers-a-leurs-responsabilites-et-devoirs-2\" \/>\n<meta property=\"og:site_name\" content=\"Madagascar\" \/>\n<meta property=\"article:published_time\" content=\"2024-01-13T20:39:46+00:00\" \/>\n<meta name=\"author\" content=\"cfeditorfr\" \/>\n<meta name=\"twitter:card\" content=\"summary_large_image\" \/>\n<meta name=\"twitter:label1\" content=\"\u00c9crit par\" \/>\n\t<meta name=\"twitter:data1\" content=\"cfeditorfr\" \/>\n\t<meta name=\"twitter:label2\" content=\"Dur\u00e9e de lecture estim\u00e9e\" \/>\n\t<meta name=\"twitter:data2\" content=\"2 minutes\" \/>\n<script type=\"application\/ld+json\" class=\"yoast-schema-graph\">{\"@context\":\"https:\/\/schema.org\",\"@graph\":[{\"@type\":\"Article\",\"@id\":\"https:\/\/www.africa-press.net\/madagascar\/politique\/le-president-rajoelina-appelle-les-officiers-a-leurs-responsabilites-et-devoirs-2#article\",\"isPartOf\":{\"@id\":\"https:\/\/www.africa-press.net\/madagascar\/politique\/le-president-rajoelina-appelle-les-officiers-a-leurs-responsabilites-et-devoirs-2\"},\"author\":{\"name\":\"cfeditorfr\",\"@id\":\"https:\/\/www.africa-press.net\/madagascar\/#\/schema\/person\/2b1cf3cd81a31e3cd26889ca66d677f1\"},\"headline\":\"Le pr\u00e9sident Rajoelina appelle les officiers \u00e0 leurs responsabilit\u00e9s et devoirs\",\"datePublished\":\"2024-01-13T20:39:46+00:00\",\"mainEntityOfPage\":{\"@id\":\"https:\/\/www.africa-press.net\/madagascar\/politique\/le-president-rajoelina-appelle-les-officiers-a-leurs-responsabilites-et-devoirs-2\"},\"wordCount\":428,\"commentCount\":0,\"image\":{\"@id\":\"https:\/\/www.africa-press.net\/madagascar\/politique\/le-president-rajoelina-appelle-les-officiers-a-leurs-responsabilites-et-devoirs-2#primaryimage\"},\"thumbnailUrl\":\"https:\/\/static.africa-press.net\/madagascar\/sites\/56\/2024\/01\/sm_1705166268.706535.jpg\",\"keywords\":[\"Africa Press\",\"Africa Press-Madagascar\",\"Madagascar\"],\"articleSection\":[\"Politique\",\"Top Nouvelles\",\"Toutes les actualit\u00e9s\"],\"inLanguage\":\"fr-FR\",\"potentialAction\":[{\"@type\":\"CommentAction\",\"name\":\"Comment\",\"target\":[\"https:\/\/www.africa-press.net\/madagascar\/politique\/le-president-rajoelina-appelle-les-officiers-a-leurs-responsabilites-et-devoirs-2#respond\"]}]},{\"@type\":\"WebPage\",\"@id\":\"https:\/\/www.africa-press.net\/madagascar\/politique\/le-president-rajoelina-appelle-les-officiers-a-leurs-responsabilites-et-devoirs-2\",\"url\":\"https:\/\/www.africa-press.net\/madagascar\/politique\/le-president-rajoelina-appelle-les-officiers-a-leurs-responsabilites-et-devoirs-2\",\"name\":\"Le pr\u00e9sident Rajoelina appelle les officiers \u00e0 leurs responsabilit\u00e9s et devoirs - Madagascar\",\"isPartOf\":{\"@id\":\"https:\/\/www.africa-press.net\/madagascar\/#website\"},\"primaryImageOfPage\":{\"@id\":\"https:\/\/www.africa-press.net\/madagascar\/politique\/le-president-rajoelina-appelle-les-officiers-a-leurs-responsabilites-et-devoirs-2#primaryimage\"},\"image\":{\"@id\":\"https:\/\/www.africa-press.net\/madagascar\/politique\/le-president-rajoelina-appelle-les-officiers-a-leurs-responsabilites-et-devoirs-2#primaryimage\"},\"thumbnailUrl\":\"https:\/\/static.africa-press.net\/madagascar\/sites\/56\/2024\/01\/sm_1705166268.706535.jpg\",\"datePublished\":\"2024-01-13T20:39:46+00:00\",\"author\":{\"@id\":\"https:\/\/www.africa-press.net\/madagascar\/#\/schema\/person\/2b1cf3cd81a31e3cd26889ca66d677f1\"},\"breadcrumb\":{\"@id\":\"https:\/\/www.africa-press.net\/madagascar\/politique\/le-president-rajoelina-appelle-les-officiers-a-leurs-responsabilites-et-devoirs-2#breadcrumb\"},\"inLanguage\":\"fr-FR\",\"potentialAction\":[{\"@type\":\"ReadAction\",\"target\":[\"https:\/\/www.africa-press.net\/madagascar\/politique\/le-president-rajoelina-appelle-les-officiers-a-leurs-responsabilites-et-devoirs-2\"]}]},{\"@type\":\"ImageObject\",\"inLanguage\":\"fr-FR\",\"@id\":\"https:\/\/www.africa-press.net\/madagascar\/politique\/le-president-rajoelina-appelle-les-officiers-a-leurs-responsabilites-et-devoirs-2#primaryimage\",\"url\":\"https:\/\/static.africa-press.net\/madagascar\/sites\/56\/2024\/01\/sm_1705166268.706535.jpg\",\"contentUrl\":\"https:\/\/static.africa-press.net\/madagascar\/sites\/56\/2024\/01\/sm_1705166268.706535.jpg\",\"width\":1214,\"height\":634,\"caption\":\"Le pr\u00e9sident Rajoelina appelle les officiers \u00e0 leurs responsabilit\u00e9s et devoirs\"},{\"@type\":\"BreadcrumbList\",\"@id\":\"https:\/\/www.africa-press.net\/madagascar\/politique\/le-president-rajoelina-appelle-les-officiers-a-leurs-responsabilites-et-devoirs-2#breadcrumb\",\"itemListElement\":[{\"@type\":\"ListItem\",\"position\":1,\"name\":\"Accueil\",\"item\":\"https:\/\/www.africa-press.net\/madagascar\/\"},{\"@type\":\"ListItem\",\"position\":2,\"name\":\"Le pr\u00e9sident Rajoelina appelle les officiers \u00e0 leurs responsabilit\u00e9s et devoirs\"}]},{\"@type\":\"WebSite\",\"@id\":\"https:\/\/www.africa-press.net\/madagascar\/#website\",\"url\":\"https:\/\/www.africa-press.net\/madagascar\/\",\"name\":\"Madagascar\",\"description\":\"Just another Africa News Agency Sites site\",\"potentialAction\":[{\"@type\":\"SearchAction\",\"target\":{\"@type\":\"EntryPoint\",\"urlTemplate\":\"https:\/\/www.africa-press.net\/madagascar\/?s={search_term_string}\"},\"query-input\":{\"@type\":\"PropertyValueSpecification\",\"valueRequired\":true,\"valueName\":\"search_term_string\"}}],\"inLanguage\":\"fr-FR\"},{\"@type\":\"Person\",\"@id\":\"https:\/\/www.africa-press.net\/madagascar\/#\/schema\/person\/2b1cf3cd81a31e3cd26889ca66d677f1\",\"name\":\"cfeditorfr\"}]}<\/script>\n<!-- \/ Yoast SEO Premium plugin. -->","yoast_head_json":{"title":"Le pr\u00e9sident Rajoelina appelle les officiers \u00e0 leurs responsabilit\u00e9s et devoirs - Madagascar","robots":{"index":"index","follow":"follow","max-snippet":"max-snippet:-1","max-image-preview":"max-image-preview:large","max-video-preview":"max-video-preview:-1"},"canonical":"https:\/\/www.africa-press.net\/madagascar\/politique\/le-president-rajoelina-appelle-les-officiers-a-leurs-responsabilites-et-devoirs-2","og_locale":"fr_FR","og_type":"article","og_title":"Le pr\u00e9sident Rajoelina appelle les officiers \u00e0 leurs responsabilit\u00e9s et devoirs","og_description":"Africa-Press &#8211; Madagascar. Le 12 janvier, journe\u0301e des officiers, le pre\u0301sident de la Re\u0301publique s\u2019est adresse\u0301 aux militaires grade\u0301s du pays. \u00ab Vous avez choisi de servir le pays, vous avez une lourde responsabilite\u0301 envers la protection de la souverainete\u0301 nationale, de la population et de ses biens \u00bb, a entre autres de\u0301clare\u0301 le chef [&hellip;]","og_url":"https:\/\/www.africa-press.net\/madagascar\/politique\/le-president-rajoelina-appelle-les-officiers-a-leurs-responsabilites-et-devoirs-2","og_site_name":"Madagascar","article_published_time":"2024-01-13T20:39:46+00:00","author":"cfeditorfr","twitter_card":"summary_large_image","twitter_misc":{"\u00c9crit par":"cfeditorfr","Dur\u00e9e de lecture estim\u00e9e":"2 minutes"},"schema":{"@context":"https:\/\/schema.org","@graph":[{"@type":"Article","@id":"https:\/\/www.africa-press.net\/madagascar\/politique\/le-president-rajoelina-appelle-les-officiers-a-leurs-responsabilites-et-devoirs-2#article","isPartOf":{"@id":"https:\/\/www.africa-press.net\/madagascar\/politique\/le-president-rajoelina-appelle-les-officiers-a-leurs-responsabilites-et-devoirs-2"},"author":{"name":"cfeditorfr","@id":"https:\/\/www.africa-press.net\/madagascar\/#\/schema\/person\/2b1cf3cd81a31e3cd26889ca66d677f1"},"headline":"Le pr\u00e9sident Rajoelina appelle les officiers \u00e0 leurs responsabilit\u00e9s et devoirs","datePublished":"2024-01-13T20:39:46+00:00","mainEntityOfPage":{"@id":"https:\/\/www.africa-press.net\/madagascar\/politique\/le-president-rajoelina-appelle-les-officiers-a-leurs-responsabilites-et-devoirs-2"},"wordCount":428,"commentCount":0,"image":{"@id":"https:\/\/www.africa-press.net\/madagascar\/politique\/le-president-rajoelina-appelle-les-officiers-a-leurs-responsabilites-et-devoirs-2#primaryimage"},"thumbnailUrl":"https:\/\/static.africa-press.net\/madagascar\/sites\/56\/2024\/01\/sm_1705166268.706535.jpg","keywords":["Africa Press","Africa Press-Madagascar","Madagascar"],"articleSection":["Politique","Top Nouvelles","Toutes les actualit\u00e9s"],"inLanguage":"fr-FR","potentialAction":[{"@type":"CommentAction","name":"Comment","target":["https:\/\/www.africa-press.net\/madagascar\/politique\/le-president-rajoelina-appelle-les-officiers-a-leurs-responsabilites-et-devoirs-2#respond"]}]},{"@type":"WebPage","@id":"https:\/\/www.africa-press.net\/madagascar\/politique\/le-president-rajoelina-appelle-les-officiers-a-leurs-responsabilites-et-devoirs-2","url":"https:\/\/www.africa-press.net\/madagascar\/politique\/le-president-rajoelina-appelle-les-officiers-a-leurs-responsabilites-et-devoirs-2","name":"Le pr\u00e9sident Rajoelina appelle les officiers \u00e0 leurs responsabilit\u00e9s et devoirs - Madagascar","isPartOf":{"@id":"https:\/\/www.africa-press.net\/madagascar\/#website"},"primaryImageOfPage":{"@id":"https:\/\/www.africa-press.net\/madagascar\/politique\/le-president-rajoelina-appelle-les-officiers-a-leurs-responsabilites-et-devoirs-2#primaryimage"},"image":{"@id":"https:\/\/www.africa-press.net\/madagascar\/politique\/le-president-rajoelina-appelle-les-officiers-a-leurs-responsabilites-et-devoirs-2#primaryimage"},"thumbnailUrl":"https:\/\/static.africa-press.net\/madagascar\/sites\/56\/2024\/01\/sm_1705166268.706535.jpg","datePublished":"2024-01-13T20:39:46+00:00","author":{"@id":"https:\/\/www.africa-press.net\/madagascar\/#\/schema\/person\/2b1cf3cd81a31e3cd26889ca66d677f1"},"breadcrumb":{"@id":"https:\/\/www.africa-press.net\/madagascar\/politique\/le-president-rajoelina-appelle-les-officiers-a-leurs-responsabilites-et-devoirs-2#breadcrumb"},"inLanguage":"fr-FR","potentialAction":[{"@type":"ReadAction","target":["https:\/\/www.africa-press.net\/madagascar\/politique\/le-president-rajoelina-appelle-les-officiers-a-leurs-responsabilites-et-devoirs-2"]}]},{"@type":"ImageObject","inLanguage":"fr-FR","@id":"https:\/\/www.africa-press.net\/madagascar\/politique\/le-president-rajoelina-appelle-les-officiers-a-leurs-responsabilites-et-devoirs-2#primaryimage","url":"https:\/\/static.africa-press.net\/madagascar\/sites\/56\/2024\/01\/sm_1705166268.706535.jpg","contentUrl":"https:\/\/static.africa-press.net\/madagascar\/sites\/56\/2024\/01\/sm_1705166268.706535.jpg","width":1214,"height":634,"caption":"Le pr\u00e9sident Rajoelina appelle les officiers \u00e0 leurs responsabilit\u00e9s et devoirs"},{"@type":"BreadcrumbList","@id":"https:\/\/www.africa-press.net\/madagascar\/politique\/le-president-rajoelina-appelle-les-officiers-a-leurs-responsabilites-et-devoirs-2#breadcrumb","itemListElement":[{"@type":"ListItem","position":1,"name":"Accueil","item":"https:\/\/www.africa-press.net\/madagascar\/"},{"@type":"ListItem","position":2,"name":"Le pr\u00e9sident Rajoelina appelle les officiers \u00e0 leurs responsabilit\u00e9s et devoirs"}]},{"@type":"WebSite","@id":"https:\/\/www.africa-press.net\/madagascar\/#website","url":"https:\/\/www.africa-press.net\/madagascar\/","name":"Madagascar","description":"Just another Africa News Agency Sites site","potentialAction":[{"@type":"SearchAction","target":{"@type":"EntryPoint","urlTemplate":"https:\/\/www.africa-press.net\/madagascar\/?s={search_term_string}"},"query-input":{"@type":"PropertyValueSpecification","valueRequired":true,"valueName":"search_term_string"}}],"inLanguage":"fr-FR"},{"@type":"Person","@id":"https:\/\/www.africa-press.net\/madagascar\/#\/schema\/person\/2b1cf3cd81a31e3cd26889ca66d677f1","name":"cfeditorfr"}]}},"_links":{"self":[{"href":"https:\/\/www.africa-press.net\/madagascar\/wp-json\/wp\/v2\/posts\/23953","targetHints":{"allow":["GET"]}}],"collection":[{"href":"https:\/\/www.africa-press.net\/madagascar\/wp-json\/wp\/v2\/posts"}],"about":[{"href":"https:\/\/www.africa-press.net\/madagascar\/wp-json\/wp\/v2\/types\/post"}],"author":[{"embeddable":true,"href":"https:\/\/www.africa-press.net\/madagascar\/wp-json\/wp\/v2\/users\/82"}],"replies":[{"embeddable":true,"href":"https:\/\/www.africa-press.net\/madagascar\/wp-json\/wp\/v2\/comments?post=23953"}],"version-history":[{"count":0,"href":"https:\/\/www.africa-press.net\/madagascar\/wp-json\/wp\/v2\/posts\/23953\/revisions"}],"wp:featuredmedia":[{"embeddable":true,"href":"https:\/\/www.africa-press.net\/madagascar\/wp-json\/wp\/v2\/media\/23952"}],"wp:attachment":[{"href":"https:\/\/www.africa-press.net\/madagascar\/wp-json\/wp\/v2\/media?parent=23953"}],"wp:term":[{"taxonomy":"category","embeddable":true,"href":"https:\/\/www.africa-press.net\/madagascar\/wp-json\/wp\/v2\/categories?post=23953"},{"taxonomy":"post_tag","embeddable":true,"href":"https:\/\/www.africa-press.net\/madagascar\/wp-json\/wp\/v2\/tags?post=23953"}],"curies":[{"name":"wp","href":"https:\/\/api.w.org\/{rel}","templated":true}]}}