{"id":23988,"date":"2024-01-15T16:58:45","date_gmt":"2024-01-15T16:58:45","guid":{"rendered":"https:\/\/www.africa-press.net\/madagascar\/politique\/conseil-oecumenique-le-flm-succede-a-la-fjkm-a-la-tete-du-ffkm"},"modified":"2024-01-16T19:40:37","modified_gmt":"2024-01-16T19:40:37","slug":"conseil-oecumenique-le-flm-succede-a-la-fjkm-a-la-tete-du-ffkm","status":"publish","type":"post","link":"https:\/\/www.africa-press.net\/madagascar\/politique\/conseil-oecumenique-le-flm-succede-a-la-fjkm-a-la-tete-du-ffkm","title":{"rendered":"CONSEIL \u0152CUM\u00c9NIQUE &#8211; Le FLM succ\u00e8de \u00e0 la FJKM \u00e0 la t\u00eate du FFKM"},"content":{"rendered":"<p><span style=\"color: #ff6600\"><strong>Africa-Press &#8211; Madagascar. <\/strong><\/span>C\u2019est officiel. Annonce\u0301e il y a de cela quelques mois, la prise de pouvoir du pasteur Denis Rakotozafy, pre\u0301sident de l\u2019e\u0301glise luthe\u0301rienne de Madagascar (FLM) a\u0300 la te\u0302te du conseil \u0153cume\u0301nique des e\u0301glises chre\u0301tiennes de Madagascar (FFKM) est de\u0301sormais effective.<\/p>\n<p>La ce\u0301re\u0301monie s\u2019est de\u0301roule\u0301e lors d\u2019un culte \u0153cume\u0301nique dirige\u0301 par les quatre chefs de files du FFKM hier dans l\u2019apre\u0300s-midi a\u0300 la cathe\u0301drale Analakely.<\/p>\n<p>Il succe\u0300de ainsi au pasteur Irako Ammi Andriamahazosoa, pre\u0301sident de l\u2019e\u0301glise de Je\u0301sus Christ a\u0300 Madagascar (FFKM) qui e\u0301tait a\u0300 la te\u0302te du conseil l\u2019anne\u0301e dernie\u0300re. Le nouveau pre\u0301sident du conseil pre\u0302che pour son premier sermon l\u2019amour de Dieu ainsi que l\u2019amour du prochains.<\/p>\n<p>Lors de son discours, le pasteur Denis Rakotozafy a sensibilise\u0301 les citoyens a\u0300 s\u2019inscrire a\u0300 la liste e\u0301lectorale pour les prochaines e\u0301che\u0301ances e\u0301lectorales a\u0300 venir dont les communales et les le\u0301gislatives qui sont pre\u0301vues au premier semestre de cette anne\u0301e.<\/p>\n<p>Nombre de personnalite\u0301s ont e\u0301te\u0301 pre\u0301sentes lors de l\u2019e\u0301ve\u0301nement dont, la plupart, des membres du collectif des candidats, des chefs d\u2019institutions comme Dama Andrianarisedo de la Ceni et Christine Razanamahasoa, de l\u2019Assemble\u0301e nationale.<\/p>\n<p>D\u2019anciens hauts responsables, dont l\u2019ancien pre\u0301sident du Se\u0301nat, Herimanana Razafimahefa, ont e\u0301galement honore\u0301 de leur pre\u0301sence cette passation de pouvoir.<\/p>\n<p><strong>Pour plus d&rsquo;informations et d&rsquo;analyses sur la <a href=\"https:\/\/www.africa-press.net\/madagascar\">Madagascar<\/a>, suivez <a href=\"https:\/\/www.africa-press.net\/\">Africa-Press<\/a><\/strong><\/p>\n","protected":false},"excerpt":{"rendered":"<p>Africa-Press &#8211; Madagascar. C\u2019est officiel. Annonce\u0301e il y a de cela quelques mois, la prise de pouvoir du pasteur Denis Rakotozafy, pre\u0301sident de l\u2019e\u0301glise luthe\u0301rienne de Madagascar (FLM) a\u0300 la te\u0302te du conseil \u0153cume\u0301nique des e\u0301glises chre\u0301tiennes de Madagascar (FFKM) est de\u0301sormais effective. La ce\u0301re\u0301monie s\u2019est de\u0301roule\u0301e lors d\u2019un culte \u0153cume\u0301nique dirige\u0301 par les quatre [&hellip;]<\/p>\n","protected":false},"author":82,"featured_media":23987,"comment_status":"open","ping_status":"closed","sticky":false,"template":"","format":"standard","meta":{"footnotes":""},"categories":[2,10],"tags":[36,50,49],"class_list":["post-23988","post","type-post","status-publish","format-standard","has-post-thumbnail","hentry","category-politique","category-toutes-les-actualites","tag-africa-press","tag-africa-press-madagascar","tag-madagascar"],"yoast_head":"<!-- This site is optimized with the Yoast SEO Premium plugin v26.1 (Yoast SEO v27.0) - https:\/\/yoast.com\/product\/yoast-seo-premium-wordpress\/ -->\n<title>CONSEIL \u0152CUM\u00c9NIQUE - Le FLM succ\u00e8de \u00e0 la FJKM \u00e0 la t\u00eate du FFKM - Madagascar<\/title>\n<meta name=\"description\" content=\"C\u2019est officiel. Annonce\u0301e il y a de cela quelques mois, la prise de pouvoir du pasteur Denis Rakotozafy, pre\u0301sident de l ...\" \/>\n<meta name=\"robots\" content=\"index, follow, max-snippet:-1, max-image-preview:large, max-video-preview:-1\" \/>\n<link rel=\"canonical\" href=\"https:\/\/www.africa-press.net\/madagascar\/politique\/conseil-oecumenique-le-flm-succede-a-la-fjkm-a-la-tete-du-ffkm\" \/>\n<meta property=\"og:locale\" content=\"fr_FR\" \/>\n<meta property=\"og:type\" content=\"article\" \/>\n<meta property=\"og:title\" content=\"CONSEIL \u0152CUM\u00c9NIQUE - Le FLM succ\u00e8de \u00e0 la FJKM \u00e0 la t\u00eate du FFKM\" \/>\n<meta property=\"og:description\" content=\"C\u2019est officiel. Annonce\u0301e il y a de cela quelques mois, la prise de pouvoir du pasteur Denis Rakotozafy, pre\u0301sident de l ...\" \/>\n<meta property=\"og:url\" content=\"https:\/\/www.africa-press.net\/madagascar\/politique\/conseil-oecumenique-le-flm-succede-a-la-fjkm-a-la-tete-du-ffkm\" \/>\n<meta property=\"og:site_name\" content=\"Madagascar\" \/>\n<meta property=\"article:published_time\" content=\"2024-01-15T16:58:45+00:00\" \/>\n<meta property=\"article:modified_time\" content=\"2024-01-16T19:40:37+00:00\" \/>\n<meta property=\"og:image\" content=\"https:\/\/static.africa-press.net\/madagascar\/sites\/56\/2024\/01\/sm_1705325661.194732.jpg\" \/>\n\t<meta property=\"og:image:width\" content=\"1074\" \/>\n\t<meta property=\"og:image:height\" content=\"603\" \/>\n\t<meta property=\"og:image:type\" content=\"image\/jpeg\" \/>\n<meta name=\"author\" content=\"cfeditorfr\" \/>\n<meta name=\"twitter:card\" content=\"summary_large_image\" \/>\n<meta name=\"twitter:label1\" content=\"\u00c9crit par\" \/>\n\t<meta name=\"twitter:data1\" content=\"cfeditorfr\" \/>\n\t<meta name=\"twitter:label2\" content=\"Dur\u00e9e de lecture estim\u00e9e\" \/>\n\t<meta name=\"twitter:data2\" content=\"1 minute\" \/>\n<script type=\"application\/ld+json\" class=\"yoast-schema-graph\">{\"@context\":\"https:\/\/schema.org\",\"@graph\":[{\"@type\":\"Article\",\"@id\":\"https:\/\/www.africa-press.net\/madagascar\/politique\/conseil-oecumenique-le-flm-succede-a-la-fjkm-a-la-tete-du-ffkm#article\",\"isPartOf\":{\"@id\":\"https:\/\/www.africa-press.net\/madagascar\/politique\/conseil-oecumenique-le-flm-succede-a-la-fjkm-a-la-tete-du-ffkm\"},\"author\":{\"name\":\"cfeditorfr\",\"@id\":\"https:\/\/www.africa-press.net\/madagascar\/#\/schema\/person\/2b1cf3cd81a31e3cd26889ca66d677f1\"},\"headline\":\"CONSEIL \u0152CUM\u00c9NIQUE &#8211; Le FLM succ\u00e8de \u00e0 la FJKM \u00e0 la t\u00eate du FFKM\",\"datePublished\":\"2024-01-15T16:58:45+00:00\",\"dateModified\":\"2024-01-16T19:40:37+00:00\",\"mainEntityOfPage\":{\"@id\":\"https:\/\/www.africa-press.net\/madagascar\/politique\/conseil-oecumenique-le-flm-succede-a-la-fjkm-a-la-tete-du-ffkm\"},\"wordCount\":289,\"commentCount\":0,\"image\":{\"@id\":\"https:\/\/www.africa-press.net\/madagascar\/politique\/conseil-oecumenique-le-flm-succede-a-la-fjkm-a-la-tete-du-ffkm#primaryimage\"},\"thumbnailUrl\":\"https:\/\/static.africa-press.net\/madagascar\/sites\/56\/2024\/01\/sm_1705325661.194732.jpg\",\"keywords\":[\"Africa Press\",\"Africa Press-Madagascar\",\"Madagascar\"],\"articleSection\":[\"Politique\",\"Toutes les actualit\u00e9s\"],\"inLanguage\":\"fr-FR\",\"potentialAction\":[{\"@type\":\"CommentAction\",\"name\":\"Comment\",\"target\":[\"https:\/\/www.africa-press.net\/madagascar\/politique\/conseil-oecumenique-le-flm-succede-a-la-fjkm-a-la-tete-du-ffkm#respond\"]}]},{\"@type\":\"WebPage\",\"@id\":\"https:\/\/www.africa-press.net\/madagascar\/politique\/conseil-oecumenique-le-flm-succede-a-la-fjkm-a-la-tete-du-ffkm\",\"url\":\"https:\/\/www.africa-press.net\/madagascar\/politique\/conseil-oecumenique-le-flm-succede-a-la-fjkm-a-la-tete-du-ffkm\",\"name\":\"CONSEIL \u0152CUM\u00c9NIQUE - Le FLM succ\u00e8de \u00e0 la FJKM \u00e0 la t\u00eate du FFKM - Madagascar\",\"isPartOf\":{\"@id\":\"https:\/\/www.africa-press.net\/madagascar\/#website\"},\"primaryImageOfPage\":{\"@id\":\"https:\/\/www.africa-press.net\/madagascar\/politique\/conseil-oecumenique-le-flm-succede-a-la-fjkm-a-la-tete-du-ffkm#primaryimage\"},\"image\":{\"@id\":\"https:\/\/www.africa-press.net\/madagascar\/politique\/conseil-oecumenique-le-flm-succede-a-la-fjkm-a-la-tete-du-ffkm#primaryimage\"},\"thumbnailUrl\":\"https:\/\/static.africa-press.net\/madagascar\/sites\/56\/2024\/01\/sm_1705325661.194732.jpg\",\"datePublished\":\"2024-01-15T16:58:45+00:00\",\"dateModified\":\"2024-01-16T19:40:37+00:00\",\"author\":{\"@id\":\"https:\/\/www.africa-press.net\/madagascar\/#\/schema\/person\/2b1cf3cd81a31e3cd26889ca66d677f1\"},\"description\":\"C\u2019est officiel. Annonce\u0301e il y a de cela quelques mois, la prise de pouvoir du pasteur Denis Rakotozafy, pre\u0301sident de l ...\",\"breadcrumb\":{\"@id\":\"https:\/\/www.africa-press.net\/madagascar\/politique\/conseil-oecumenique-le-flm-succede-a-la-fjkm-a-la-tete-du-ffkm#breadcrumb\"},\"inLanguage\":\"fr-FR\",\"potentialAction\":[{\"@type\":\"ReadAction\",\"target\":[\"https:\/\/www.africa-press.net\/madagascar\/politique\/conseil-oecumenique-le-flm-succede-a-la-fjkm-a-la-tete-du-ffkm\"]}]},{\"@type\":\"ImageObject\",\"inLanguage\":\"fr-FR\",\"@id\":\"https:\/\/www.africa-press.net\/madagascar\/politique\/conseil-oecumenique-le-flm-succede-a-la-fjkm-a-la-tete-du-ffkm#primaryimage\",\"url\":\"https:\/\/static.africa-press.net\/madagascar\/sites\/56\/2024\/01\/sm_1705325661.194732.jpg\",\"contentUrl\":\"https:\/\/static.africa-press.net\/madagascar\/sites\/56\/2024\/01\/sm_1705325661.194732.jpg\",\"width\":1074,\"height\":603,\"caption\":\"CONSEIL \u0152CUM\u00c9NIQUE - Le FLM succ\u00e8de \u00e0 la FJKM \u00e0 la t\u00eate du FFKM\"},{\"@type\":\"BreadcrumbList\",\"@id\":\"https:\/\/www.africa-press.net\/madagascar\/politique\/conseil-oecumenique-le-flm-succede-a-la-fjkm-a-la-tete-du-ffkm#breadcrumb\",\"itemListElement\":[{\"@type\":\"ListItem\",\"position\":1,\"name\":\"Accueil\",\"item\":\"https:\/\/www.africa-press.net\/madagascar\/\"},{\"@type\":\"ListItem\",\"position\":2,\"name\":\"CONSEIL \u0152CUM\u00c9NIQUE &#8211; Le FLM succ\u00e8de \u00e0 la FJKM \u00e0 la t\u00eate du FFKM\"}]},{\"@type\":\"WebSite\",\"@id\":\"https:\/\/www.africa-press.net\/madagascar\/#website\",\"url\":\"https:\/\/www.africa-press.net\/madagascar\/\",\"name\":\"Madagascar\",\"description\":\"Just another Africa News Agency Sites site\",\"potentialAction\":[{\"@type\":\"SearchAction\",\"target\":{\"@type\":\"EntryPoint\",\"urlTemplate\":\"https:\/\/www.africa-press.net\/madagascar\/?s={search_term_string}\"},\"query-input\":{\"@type\":\"PropertyValueSpecification\",\"valueRequired\":true,\"valueName\":\"search_term_string\"}}],\"inLanguage\":\"fr-FR\"},{\"@type\":\"Person\",\"@id\":\"https:\/\/www.africa-press.net\/madagascar\/#\/schema\/person\/2b1cf3cd81a31e3cd26889ca66d677f1\",\"name\":\"cfeditorfr\"}]}<\/script>\n<!-- \/ Yoast SEO Premium plugin. -->","yoast_head_json":{"title":"CONSEIL \u0152CUM\u00c9NIQUE - Le FLM succ\u00e8de \u00e0 la FJKM \u00e0 la t\u00eate du FFKM - Madagascar","description":"C\u2019est officiel. Annonce\u0301e il y a de cela quelques mois, la prise de pouvoir du pasteur Denis Rakotozafy, pre\u0301sident de l ...","robots":{"index":"index","follow":"follow","max-snippet":"max-snippet:-1","max-image-preview":"max-image-preview:large","max-video-preview":"max-video-preview:-1"},"canonical":"https:\/\/www.africa-press.net\/madagascar\/politique\/conseil-oecumenique-le-flm-succede-a-la-fjkm-a-la-tete-du-ffkm","og_locale":"fr_FR","og_type":"article","og_title":"CONSEIL \u0152CUM\u00c9NIQUE - Le FLM succ\u00e8de \u00e0 la FJKM \u00e0 la t\u00eate du FFKM","og_description":"C\u2019est officiel. Annonce\u0301e il y a de cela quelques mois, la prise de pouvoir du pasteur Denis Rakotozafy, pre\u0301sident de l ...","og_url":"https:\/\/www.africa-press.net\/madagascar\/politique\/conseil-oecumenique-le-flm-succede-a-la-fjkm-a-la-tete-du-ffkm","og_site_name":"Madagascar","article_published_time":"2024-01-15T16:58:45+00:00","article_modified_time":"2024-01-16T19:40:37+00:00","og_image":[{"width":1074,"height":603,"url":"https:\/\/static.africa-press.net\/madagascar\/sites\/56\/2024\/01\/sm_1705325661.194732.jpg","type":"image\/jpeg"}],"author":"cfeditorfr","twitter_card":"summary_large_image","twitter_misc":{"\u00c9crit par":"cfeditorfr","Dur\u00e9e de lecture estim\u00e9e":"1 minute"},"schema":{"@context":"https:\/\/schema.org","@graph":[{"@type":"Article","@id":"https:\/\/www.africa-press.net\/madagascar\/politique\/conseil-oecumenique-le-flm-succede-a-la-fjkm-a-la-tete-du-ffkm#article","isPartOf":{"@id":"https:\/\/www.africa-press.net\/madagascar\/politique\/conseil-oecumenique-le-flm-succede-a-la-fjkm-a-la-tete-du-ffkm"},"author":{"name":"cfeditorfr","@id":"https:\/\/www.africa-press.net\/madagascar\/#\/schema\/person\/2b1cf3cd81a31e3cd26889ca66d677f1"},"headline":"CONSEIL \u0152CUM\u00c9NIQUE &#8211; Le FLM succ\u00e8de \u00e0 la FJKM \u00e0 la t\u00eate du FFKM","datePublished":"2024-01-15T16:58:45+00:00","dateModified":"2024-01-16T19:40:37+00:00","mainEntityOfPage":{"@id":"https:\/\/www.africa-press.net\/madagascar\/politique\/conseil-oecumenique-le-flm-succede-a-la-fjkm-a-la-tete-du-ffkm"},"wordCount":289,"commentCount":0,"image":{"@id":"https:\/\/www.africa-press.net\/madagascar\/politique\/conseil-oecumenique-le-flm-succede-a-la-fjkm-a-la-tete-du-ffkm#primaryimage"},"thumbnailUrl":"https:\/\/static.africa-press.net\/madagascar\/sites\/56\/2024\/01\/sm_1705325661.194732.jpg","keywords":["Africa Press","Africa Press-Madagascar","Madagascar"],"articleSection":["Politique","Toutes les actualit\u00e9s"],"inLanguage":"fr-FR","potentialAction":[{"@type":"CommentAction","name":"Comment","target":["https:\/\/www.africa-press.net\/madagascar\/politique\/conseil-oecumenique-le-flm-succede-a-la-fjkm-a-la-tete-du-ffkm#respond"]}]},{"@type":"WebPage","@id":"https:\/\/www.africa-press.net\/madagascar\/politique\/conseil-oecumenique-le-flm-succede-a-la-fjkm-a-la-tete-du-ffkm","url":"https:\/\/www.africa-press.net\/madagascar\/politique\/conseil-oecumenique-le-flm-succede-a-la-fjkm-a-la-tete-du-ffkm","name":"CONSEIL \u0152CUM\u00c9NIQUE - Le FLM succ\u00e8de \u00e0 la FJKM \u00e0 la t\u00eate du FFKM - Madagascar","isPartOf":{"@id":"https:\/\/www.africa-press.net\/madagascar\/#website"},"primaryImageOfPage":{"@id":"https:\/\/www.africa-press.net\/madagascar\/politique\/conseil-oecumenique-le-flm-succede-a-la-fjkm-a-la-tete-du-ffkm#primaryimage"},"image":{"@id":"https:\/\/www.africa-press.net\/madagascar\/politique\/conseil-oecumenique-le-flm-succede-a-la-fjkm-a-la-tete-du-ffkm#primaryimage"},"thumbnailUrl":"https:\/\/static.africa-press.net\/madagascar\/sites\/56\/2024\/01\/sm_1705325661.194732.jpg","datePublished":"2024-01-15T16:58:45+00:00","dateModified":"2024-01-16T19:40:37+00:00","author":{"@id":"https:\/\/www.africa-press.net\/madagascar\/#\/schema\/person\/2b1cf3cd81a31e3cd26889ca66d677f1"},"description":"C\u2019est officiel. Annonce\u0301e il y a de cela quelques mois, la prise de pouvoir du pasteur Denis Rakotozafy, pre\u0301sident de l ...","breadcrumb":{"@id":"https:\/\/www.africa-press.net\/madagascar\/politique\/conseil-oecumenique-le-flm-succede-a-la-fjkm-a-la-tete-du-ffkm#breadcrumb"},"inLanguage":"fr-FR","potentialAction":[{"@type":"ReadAction","target":["https:\/\/www.africa-press.net\/madagascar\/politique\/conseil-oecumenique-le-flm-succede-a-la-fjkm-a-la-tete-du-ffkm"]}]},{"@type":"ImageObject","inLanguage":"fr-FR","@id":"https:\/\/www.africa-press.net\/madagascar\/politique\/conseil-oecumenique-le-flm-succede-a-la-fjkm-a-la-tete-du-ffkm#primaryimage","url":"https:\/\/static.africa-press.net\/madagascar\/sites\/56\/2024\/01\/sm_1705325661.194732.jpg","contentUrl":"https:\/\/static.africa-press.net\/madagascar\/sites\/56\/2024\/01\/sm_1705325661.194732.jpg","width":1074,"height":603,"caption":"CONSEIL \u0152CUM\u00c9NIQUE - Le FLM succ\u00e8de \u00e0 la FJKM \u00e0 la t\u00eate du FFKM"},{"@type":"BreadcrumbList","@id":"https:\/\/www.africa-press.net\/madagascar\/politique\/conseil-oecumenique-le-flm-succede-a-la-fjkm-a-la-tete-du-ffkm#breadcrumb","itemListElement":[{"@type":"ListItem","position":1,"name":"Accueil","item":"https:\/\/www.africa-press.net\/madagascar\/"},{"@type":"ListItem","position":2,"name":"CONSEIL \u0152CUM\u00c9NIQUE &#8211; Le FLM succ\u00e8de \u00e0 la FJKM \u00e0 la t\u00eate du FFKM"}]},{"@type":"WebSite","@id":"https:\/\/www.africa-press.net\/madagascar\/#website","url":"https:\/\/www.africa-press.net\/madagascar\/","name":"Madagascar","description":"Just another Africa News Agency Sites site","potentialAction":[{"@type":"SearchAction","target":{"@type":"EntryPoint","urlTemplate":"https:\/\/www.africa-press.net\/madagascar\/?s={search_term_string}"},"query-input":{"@type":"PropertyValueSpecification","valueRequired":true,"valueName":"search_term_string"}}],"inLanguage":"fr-FR"},{"@type":"Person","@id":"https:\/\/www.africa-press.net\/madagascar\/#\/schema\/person\/2b1cf3cd81a31e3cd26889ca66d677f1","name":"cfeditorfr"}]}},"_links":{"self":[{"href":"https:\/\/www.africa-press.net\/madagascar\/wp-json\/wp\/v2\/posts\/23988","targetHints":{"allow":["GET"]}}],"collection":[{"href":"https:\/\/www.africa-press.net\/madagascar\/wp-json\/wp\/v2\/posts"}],"about":[{"href":"https:\/\/www.africa-press.net\/madagascar\/wp-json\/wp\/v2\/types\/post"}],"author":[{"embeddable":true,"href":"https:\/\/www.africa-press.net\/madagascar\/wp-json\/wp\/v2\/users\/82"}],"replies":[{"embeddable":true,"href":"https:\/\/www.africa-press.net\/madagascar\/wp-json\/wp\/v2\/comments?post=23988"}],"version-history":[{"count":0,"href":"https:\/\/www.africa-press.net\/madagascar\/wp-json\/wp\/v2\/posts\/23988\/revisions"}],"wp:featuredmedia":[{"embeddable":true,"href":"https:\/\/www.africa-press.net\/madagascar\/wp-json\/wp\/v2\/media\/23987"}],"wp:attachment":[{"href":"https:\/\/www.africa-press.net\/madagascar\/wp-json\/wp\/v2\/media?parent=23988"}],"wp:term":[{"taxonomy":"category","embeddable":true,"href":"https:\/\/www.africa-press.net\/madagascar\/wp-json\/wp\/v2\/categories?post=23988"},{"taxonomy":"post_tag","embeddable":true,"href":"https:\/\/www.africa-press.net\/madagascar\/wp-json\/wp\/v2\/tags?post=23988"}],"curies":[{"name":"wp","href":"https:\/\/api.w.org\/{rel}","templated":true}]}}